{"id":6787,"date":"2021-05-20T07:40:51","date_gmt":"2021-05-20T12:40:51","guid":{"rendered":"http:\/\/empowermissouri.org\/?p=6787"},"modified":"2021-05-21T07:34:40","modified_gmt":"2021-05-21T12:34:40","slug":"missouri-legislature-wraps-the-good-the-bad-the-ugly","status":"publish","type":"post","link":"https:\/\/empowermissouri.org\/es\/missouri-legislature-wraps-the-good-the-bad-the-ugly\/","title":{"rendered":"Envolturas de la legislatura de Missouri: lo bueno, lo malo y lo feo"},"content":{"rendered":"<p><span style=\"font-weight: 400; color: #000000;\">Es la tercera semana de mayo, lo que significa que est\u00e1 escuchando gritos de cientos de cabilderos y defensores en todo el estado que se est\u00e1n tomando un merecido descanso despu\u00e9s de trabajar muchas noches durante las \u00faltimas tres semanas mientras la legislatura de Missouri se precipitaba hacia su inevitable cierre. a las 6 pm el pasado viernes por la noche. Debido a las crecientes fisuras entre la C\u00e1mara y el Senado, los Republicanos y los Dem\u00f3cratas, y los Republicanos y el Caucus Conservador, gran parte de la acci\u00f3n de este a\u00f1o se agot\u00f3 en los \u00faltimos cinco d\u00edas de sesi\u00f3n. Aqu\u00ed hay un vistazo a lo que celebramos y lamentamos esta semana:\u00a0<\/span><\/p>\n<p><span style=\"color: #000000;\"><b>Las victorias<\/b><\/span><\/p>\n<ul>\n<li style=\"font-weight: 400;\" aria-level=\"1\"><span style=\"color: #000000;\"><span style=\"font-weight: 400;\">Podr\u00eda decirse que las mayores victorias de Empower se produjeron con el paso de<\/span><b> SB 53.<\/b><span style=\"font-weight: 400;\"> Durante las \u00faltimas semanas,<\/span><b> SB 53 <\/b><span style=\"font-weight: 400;\">se convirti\u00f3 en un proyecto de ley general de justicia penal, el veh\u00edculo a trav\u00e9s del cual se aprobaron muchas de nuestras prioridades de justicia penal. Estas victorias incluyen:\u00a0<\/span><\/span>\n<ul>\n<li style=\"font-weight: 400;\" aria-level=\"2\"><span style=\"color: #000000;\"><span style=\"font-weight: 400;\">Aclarar la implementaci\u00f3n de la legislaci\u00f3n Raise the Age aprobada en 2018 y garantizar la financiaci\u00f3n de la disposici\u00f3n a trav\u00e9s de actualizaciones del &quot;Fondo para la preservaci\u00f3n de la justicia de menores&quot;. <\/span><i><span style=\"font-weight: 400;\">(Los fondos necesarios para la implementaci\u00f3n tambi\u00e9n se obtuvieron a trav\u00e9s del proceso presupuestario).<\/span><\/i><\/span><\/li>\n<li style=\"font-weight: 400;\" aria-level=\"2\"><span style=\"font-weight: 400; color: #000000;\">Crea disposiciones adicionales para garantizar que un menor tenga protecciones adicionales establecidas con respecto a su derecho a un abogado.<\/span><\/li>\n<li style=\"font-weight: 400;\" aria-level=\"2\"><span style=\"font-weight: 400; color: #000000;\">Establece que un oficial de la ley que participe en una conducta sexual con un detenido o prisionero que est\u00e9 bajo la custodia de dicho oficial ser\u00e1 culpable de un delito grave de clase E.<\/span><\/li>\n<li style=\"font-weight: 400;\" aria-level=\"2\"><span style=\"font-weight: 400; color: #000000;\">Proh\u00edbe que un LEO use a sabiendas un estrangulamiento respiratorio a menos que dicho uso sea en defensa del oficial u otra persona de lesiones f\u00edsicas graves o la muerte.<\/span><\/li>\n<li style=\"font-weight: 400;\" aria-level=\"2\"><span style=\"font-weight: 400; color: #000000;\">Establece la Ley de Transparencia sobre el &quot;Uso de la Fuerza por la Polic\u00eda&quot;, que requiere que las agencias de aplicaci\u00f3n de la ley recopilen e informen datos locales sobre incidentes de uso de la fuerza que involucren a agentes del orden p\u00fablico al Portal Nacional de Recolecci\u00f3n de Datos sobre el Uso de la Fuerza (administrado por el FBI) y al Ministerio del Interior Departamento de Seguridad P\u00fablica.<\/span><\/li>\n<li style=\"font-weight: 400;\" aria-level=\"2\"><span style=\"font-weight: 400; color: #000000;\">Deroga la disposici\u00f3n de que una persona que fue arrestada no debe tener condenas previas para ser elegible para la eliminaci\u00f3n de antecedentes penales de un arresto<\/span><\/li>\n<li style=\"font-weight: 400;\" aria-level=\"2\"><span style=\"font-weight: 400; color: #000000;\">Reduce el tiempo que se puede presentar una petici\u00f3n de eliminaci\u00f3n de antecedentes penales de siete a\u00f1os a tres a\u00f1os, si el delito es un delito grave, y de tres a\u00f1os a un a\u00f1o, si el delito es un delito menor, a partir de la fecha en que el peticionario complet\u00f3 cualquier disposici\u00f3n de la sentencia impuesta. .<\/span><\/li>\n<li style=\"font-weight: 400;\" aria-level=\"2\"><span style=\"font-weight: 400; color: #000000;\">Muchas m\u00e1s disposiciones positivas, sobre las que lee en nuestro<\/span><span style=\"color: #0000ff;\"><a style=\"color: #0000ff;\" href=\"https:\/\/drive.google.com\/file\/d\/1Zv3qxWxnhjjomZ0Pf0X7V5USXgPXYcvW\/view?usp=sharing\"> <b>Resumen SB 53.<\/b><\/a><\/span><\/li>\n<\/ul>\n<\/li>\n<li style=\"font-weight: 400;\" aria-level=\"1\"><span style=\"font-weight: 400;\"><span style=\"color: #000000;\">SB 53 tambi\u00e9n fue el veh\u00edculo a trav\u00e9s del cual la Coalici\u00f3n de Justicia contra el VIH de Empower finalmente aprob\u00f3 una reforma significativa de los estatutos penales del VIH obsoletos y m\u00e9dicamente inexactos de Missouri. Este fue un esfuerzo masivo de Empower y HIV Justice Coalition durante los \u00faltimos cinco a\u00f1os.<\/span> <\/span><strong><span style=\"color: #0000ff;\"><a style=\"color: #0000ff;\" href=\"https:\/\/drive.google.com\/file\/d\/15c8sBtcswV7-8ZqLUtovQdue826lFUK6\/view?usp=sharing\">Lea el resumen de las reformas.<\/a>\u00a0<\/span><\/strong><\/li>\n<li style=\"font-weight: 400;\" aria-level=\"1\"><span style=\"font-weight: 400; color: #000000;\">En otra victoria para la salud p\u00fablica, se aprob\u00f3 la legislaci\u00f3n defendida por el representante Phil Christofanelli y el senador Greg Razer (y apoyada por la Coalici\u00f3n por la Justicia contra el VIH), lo que convierte a Missouri en el tercer estado del pa\u00eds que permite a los farmac\u00e9uticos dispensar PEP (profilaxis posexposici\u00f3n) durante -el contador. Tomada dentro de las 72 horas posteriores a una posible exposici\u00f3n al VIH, la PEP reduce la probabilidad de contraer el VIH en m\u00e1s de 80%.\u00a0<\/span><\/li>\n<li style=\"font-weight: 400;\" aria-level=\"1\"><span style=\"font-weight: 400;\"><span style=\"color: #000000;\">Representante<\/span> <\/span><a href=\"mailto:Cheri.Toalson-Reisch@house.mo.gov\"><span style=\"font-weight: 400;\"><strong><span style=\"color: #0000ff;\">Cheri Toalson-Reisch<\/span><\/strong><\/span><\/a><span style=\"font-weight: 400; color: #000000;\">El proyecto de ley que elimina las restricciones para que las personas con antecedentes penales por delitos graves trabajen en establecimientos que venden billetes de loter\u00eda y \/ o alcohol se aprob\u00f3, lo que abre miles de nuevas oportunidades laborales para esta poblaci\u00f3n vulnerable.<\/span><\/li>\n<li style=\"font-weight: 400;\" aria-level=\"1\"><span style=\"color: #000000;\"><span style=\"font-weight: 400;\">Promovido por nuestros socios en el Proyecto Presupuestario de Missouri, la legislatura aprob\u00f3<\/span><b> SB 153<\/b><span style=\"font-weight: 400;\">, que incluye el nuevo Cr\u00e9dito Tributario para Familias Trabajadoras. Los defensores de todo el estado han estado trabajando durante m\u00e1s de dos d\u00e9cadas para aprobar un Cr\u00e9dito Tributario por Ingreso del Trabajo (EITC, por sus siglas en ingl\u00e9s), que brindar\u00e1 un alivio fiscal espec\u00edfico a las familias de ingresos bajos y medios. \u00a1Esta es verdaderamente una victoria en la lucha contra la pobreza en Missouri!<\/span><\/span><\/li>\n<li style=\"font-weight: 400;\" aria-level=\"1\"><span style=\"color: #000000;\"><span style=\"font-weight: 400;\">La legislatura pas\u00f3 <\/span><b>HB 432<\/b><span style=\"font-weight: 400;\">, un proyecto de ley que inclu\u00eda varias de las prioridades de nuestra Coalici\u00f3n de Seguridad Alimentaria. Esto incluye la creaci\u00f3n del <\/span><span style=\"font-weight: 400;\">Programa WIC Farmers &#039;Market, el<\/span> <\/span><span style=\"font-weight: 400;\"><span style=\"color: #000000;\">extensi\u00f3n del Programa de Nutrici\u00f3n del Mercado de Agricultores Mayores de Missouri y la creaci\u00f3n de un Grupo de Trabajo de Seguridad Alimentaria de Missouri.<\/span> <\/span><span style=\"color: #0000ff;\"><a style=\"color: #0000ff;\" href=\"https:\/\/drive.google.com\/file\/d\/1LPlmo7ADwLzVa9czQmt_cebFtdtt0U22\/view?usp=sharing\"><b>Leer m\u00e1s aqu\u00ed.<\/b><\/a><\/span><\/li>\n<li style=\"font-weight: 400;\" aria-level=\"1\"><span style=\"font-weight: 400; color: #000000;\">Finalmente, nos gustar\u00eda ofrecer una enorme felicitaci\u00f3n a la senadora Holly Rehder por presionar a Missouri para que se convierta en el estado n\u00famero 50 en implementar un Programa de Monitoreo de Medicamentos Recetados. Rehder ha defendido esta legislaci\u00f3n durante muchos a\u00f1os y sabemos que ser\u00e1 una herramienta fundamental para combatir la epidemia de opioides en nuestro estado, lo que a su vez deber\u00eda reducir la cantidad de arrestos y encarcelamientos relacionados con los opioides.\u00a0\u00a0<\/span><\/li>\n<\/ul>\n<p><span style=\"color: #000000;\"><b>Las victorias por omisi\u00f3n<\/b><\/span><\/p>\n<ul>\n<li style=\"font-weight: 400;\" aria-level=\"1\"><span style=\"font-weight: 400; color: #000000;\">Como lo hacemos todos los a\u00f1os, Empower Missouri lider\u00f3 la lucha contra la imposici\u00f3n de estrictos requisitos de seguimiento de las horas de trabajo a los beneficiarios de SNAP tanto en la C\u00e1mara como en el Senado. Gracias al arduo trabajo de los miembros de la Coalici\u00f3n de Seguridad Alimentaria, ni el proyecto de ley de la C\u00e1mara ni el del Senado recibieron una audiencia en el piso.\u00a0<\/span><\/li>\n<li style=\"font-weight: 400;\" aria-level=\"1\"><span style=\"color: #000000;\"><span style=\"font-weight: 400;\">La Smart Sentencing Coalition de Empower se uni\u00f3 a defensores de la justicia racial de todo el estado para oponerse <\/span><b>SB 26<\/b><span style=\"font-weight: 400;\">. Si bien el proyecto de ley finalmente se aprob\u00f3, se eliminaron las disposiciones m\u00e1s da\u00f1inas. Gracias a su arduo trabajo y defensa, los manifestantes que bloquean el tr\u00e1fico no estar\u00e1n sujetos a nuevas sanciones por delitos graves.\u00a0<\/span><\/span><\/li>\n<li style=\"font-weight: 400;\" aria-level=\"1\"><span style=\"font-weight: 400; color: #000000;\">Empower se asoci\u00f3 con MO Jobs with Justice, Show Me Integrity y otras organizaciones de defensa para proteger el proceso de iniciativa de votaci\u00f3n de Missouri. Gracias al trabajo de una coalici\u00f3n fuerte, pudimos dejar de lado estos peligrosos intentos de debilitar nuestro derecho constitucional de proponer legislaci\u00f3n directamente a los votantes.\u00a0<\/span><\/li>\n<\/ul>\n<p><span style=\"color: #000000;\"><b>Los desafios<\/b><\/span><\/p>\n<ul>\n<li style=\"font-weight: 400;\" aria-level=\"1\"><span style=\"font-weight: 400; color: #000000;\">Como probablemente vio en los titulares de todo el estado, la legislatura de Missouri descuid\u00f3 su deber de financiar la expansi\u00f3n de Medicaid, que fue aprobada por los votantes de Missouri en agosto pasado. Se supone que la provisi\u00f3n de expansi\u00f3n brindar\u00e1 cobertura a 275,000 habitantes de Misuri adicionales que ganan menos de 138% de la l\u00ednea de pobreza federal (~ $18K para una sola persona o ~ $36,500 para una familia de cuatro). El gobierno federal est\u00e1 cubriendo el 90% de todos los costos para la poblaci\u00f3n en expansi\u00f3n a perpetuidad; a Missouri solo se le pide que cubra el 10% del costo. La legislatura se neg\u00f3 a incluir fondos para la poblaci\u00f3n en expansi\u00f3n en su presupuesto, lo que significa que ahora habr\u00e1 un caso judicial largo y costoso para litigar el tema a expensas de los contribuyentes.\u00a0\u00a0\u00a0<\/span><\/li>\n<li style=\"font-weight: 400;\" aria-level=\"1\"><span style=\"color: #000000;\"><span style=\"font-weight: 400;\">La legislatura de Missouri tambi\u00e9n se neg\u00f3 a aprobar una versi\u00f3n limpia de la FRA, o Asignaci\u00f3n de reembolso federal. La FRA es un impuesto sobre hospitales, hogares de ancianos y farmacias que luego es reembolsado por el gobierno federal, lo que representa $2.3 mil millones (o aproximadamente 20%) del programa Medicaid de Missouri. El estado debe aprobar una FRA limpia por <\/span><b>30 de septiembre<\/b><span style=\"font-weight: 400;\"> o perder esa financiaci\u00f3n federal, arruinando todo el presupuesto de Missouri. Esto significa que el gobernador se ver\u00e1 obligado a convocar una costosa sesi\u00f3n especial para que la legislatura pueda cumplir con su obligaci\u00f3n.\u00a0<\/span><\/span><\/li>\n<li style=\"font-weight: 400;\" aria-level=\"1\"><span style=\"font-weight: 400; color: #000000;\">Finalmente, si bien obtuvimos muchas victorias en el campo de la justicia penal en esta sesi\u00f3n, hubo algunas fallas cr\u00edticas:<\/span>\n<ul>\n<li style=\"font-weight: 400;\" aria-level=\"2\"><span style=\"font-weight: 400; color: #000000;\">La SB 26 contiene una disposici\u00f3n destinada a prohibir a las ciudades, condados o municipios de Missouri &quot;desfinanciar a la polic\u00eda&quot;. La nueva ley dice que \u201cCualquier contribuyente de una subdivisi\u00f3n pol\u00edtica puede iniciar una acci\u00f3n de desagravio por mandato judicial, que el tribunal otorgar\u00e1, si el organismo rector de dicha subdivisi\u00f3n pol\u00edtica reduce el presupuesto de su agencia de aplicaci\u00f3n de la ley ... en una cantidad superior a doce por ciento en relaci\u00f3n con los presupuestos propuestos de otros departamentos de la subdivisi\u00f3n pol\u00edtica sobre un monto total de cinco a\u00f1os &quot;.<\/span><\/li>\n<li style=\"font-weight: 400;\" aria-level=\"2\"><span style=\"font-weight: 400; color: #000000;\">SB 53 contiene disposiciones que eliminan los requisitos de residencia para los agentes de polic\u00eda en Kansas City. Empower Missouri cree firmemente que es fundamental para las relaciones entre la polic\u00eda y la comunidad que la polic\u00eda resida en las comunidades a las que sirve.\u00a0<\/span><\/li>\n<li style=\"font-weight: 400;\" aria-level=\"2\"><span style=\"font-weight: 400; color: #000000;\">En las \u00faltimas horas de la sesi\u00f3n legislativa, los legisladores aprobaron la &quot;Ley de Protecci\u00f3n de la Segunda Enmienda&quot;, tambi\u00e9n conocida como SAPA. Este proyecto de ley impide que los agentes del orden p\u00fablico (LEO) en Missouri hagan cumplir las leyes federales sobre armas en Missouri. Si bien Empower no suele involucrarse en cuestiones relacionadas con las armas, ya que en gran medida est\u00e1 fuera del alcance de nuestro trabajo, esta nueva ley nos alarma por dos razones. Primero, la pena para un LEO que hace cumplir las leyes federales de armas en Missouri es dejar de ser elegible permanentemente para servir como LEO en cualquier lugar de MO. Cuando se compara esto con el nuevo cargo de un delito grave de clase E para los LEO que participan en conducta sexual con un detenido, se siente que las prioridades de aplicaci\u00f3n de la ley en Missouri est\u00e1n gravemente fuera de lugar. En segundo lugar, los legisladores rechazaron una enmienda de sentido com\u00fan ofrecida por la senadora Lauren Arthur para permitir que los LEO contin\u00faen haciendo cumplir la ley federal que proh\u00edbe que las personas condenadas por delitos de violencia dom\u00e9stica posean armas. Tememos que el levantamiento de esta disposici\u00f3n en Missouri dar\u00e1 lugar a m\u00e1s delitos, m\u00e1s violencia, m\u00e1s muertes y m\u00e1s encarcelamientos. Nos oponemos firmemente a esta legislaci\u00f3n y buscaremos v\u00edas para mitigar el da\u00f1o que este proyecto de ley causar\u00eda si fuera firmado por el gobernador.\u00a0<\/span><\/li>\n<\/ul>\n<\/li>\n<\/ul>\n<p><span style=\"font-weight: 400; color: #000000;\">Uf. Han sido cinco meses locos, todos ustedes. Aseg\u00farate de seguirnos en <\/span><span style=\"color: #0000ff;\"><a style=\"color: #0000ff;\" href=\"https:\/\/www.facebook.com\/empowermissouri\"><b>Facebook<\/b> <\/a><\/span><span style=\"font-weight: 400; color: #000000;\">, <\/span><span style=\"color: #0000ff;\"><a style=\"color: #0000ff;\" href=\"https:\/\/twitter.com\/EmpowerMissouri\"><b>Gorjeo<\/b><\/a><\/span> <span style=\"font-weight: 400; color: #000000;\">y <\/span><span style=\"color: #0000ff;\"><a style=\"color: #0000ff;\" href=\"https:\/\/www.instagram.com\/empower.missouri\/\"><b>Instagram<\/b><\/a><\/span><span style=\"font-weight: 400; color: #000000;\"> para obtener actualizaciones sobre las firmas de proyectos de ley y cualquier veto por parte del gobernador, y tambi\u00e9n aseg\u00farese de<\/span><a href=\"http:\/\/empowermissouri.org\/es\/events\/2021-legislative-review\/\"><b><span style=\"color: #0000ff;\"> \u00danase a nosotros el viernes 4 de junio a las 12 p.m. para nuestro resumen legislativo<\/span><\/b><\/a><span style=\"font-weight: 400; color: #000000;\">, que incluir\u00e1 los pr\u00f3ximos pasos y oportunidades para involucrarse con nuestras coaliciones antes de la pr\u00f3xima sesi\u00f3n.\u00a0<\/span><\/p>\n<p><span style=\"font-weight: 400; color: #000000;\">Hasta entonces,<\/span><\/p>\n<p><span style=\"color: #000000;\"><span style=\"font-weight: 400;\">Mallory Rusch<br \/>\n<\/span><span style=\"font-weight: 400;\">Director ejecutivo<\/span><\/span><\/p>","protected":false},"excerpt":{"rendered":"<p>It\u2019s the third week of May, which means that you\u2019re hearing crickets from hundreds of lobbyists and advocates across the state who are taking a much deserved break after working many late nights over the last three weeks as the Missouri legislature hurtled towards its inevitable close at 6PM last Friday night. Due to widening [&hellip;]<\/p>\n","protected":false},"author":17,"featured_media":6545,"comment_status":"closed","ping_status":"open","sticky":false,"template":"","format":"standard","meta":{"_exactmetrics_skip_tracking":false,"_exactmetrics_sitenote_active":false,"_exactmetrics_sitenote_note":"","_exactmetrics_sitenote_category":0,"footnotes":""},"categories":[43],"tags":[27,34,208,400,249,62,310,63],"issues":[213,11,49,217,7],"coauthors":[392],"class_list":["post-6787","post","type-post","status-publish","format-standard","has-post-thumbnail","hentry","category-weekly-perspective","tag-affordable-housing-and-homelessness","tag-criminal-justice","tag-food-insecurity","tag-hiv-criminalization","tag-hiv-justice","tag-missouri","tag-missouri-general-assembly","tag-plhiv","issues-food-insecurity","issues-affordable-housing-and-homelessness","issues-hiv","issues-missouri","issues-criminal-justice"],"yoast_head":"<!-- This site is optimized with the Yoast SEO plugin v27.4 - https:\/\/yoast.com\/product\/yoast-seo-wordpress\/ -->\n<title>Missouri Legislature Wraps: The Good, the Bad, &amp; the Ugly - Empower Missouri<\/title>\n<meta name=\"robots\" content=\"index, follow, max-snippet:-1, max-image-preview:large, max-video-preview:-1\" \/>\n<link rel=\"canonical\" href=\"https:\/\/empowermissouri.org\/es\/missouri-legislature-wraps-the-good-the-bad-the-ugly\/\" \/>\n<meta property=\"og:locale\" content=\"es_MX\" \/>\n<meta property=\"og:type\" content=\"article\" \/>\n<meta property=\"og:title\" content=\"Missouri Legislature Wraps: The Good, the Bad, &amp; the Ugly - Empower Missouri\" \/>\n<meta property=\"og:description\" content=\"It\u2019s the third week of May, which means that you\u2019re hearing crickets from hundreds of lobbyists and advocates across the state who are taking a much deserved break after working many late nights over the last three weeks as the Missouri legislature hurtled towards its inevitable close at 6PM last Friday night. Due to widening [&hellip;]\" \/>\n<meta property=\"og:url\" content=\"https:\/\/empowermissouri.org\/es\/missouri-legislature-wraps-the-good-the-bad-the-ugly\/\" \/>\n<meta property=\"og:site_name\" content=\"Empower Missouri\" \/>\n<meta property=\"article:publisher\" content=\"https:\/\/www.facebook.com\/empowermissouri\" \/>\n<meta property=\"article:published_time\" content=\"2021-05-20T12:40:51+00:00\" \/>\n<meta property=\"article:modified_time\" content=\"2021-05-21T12:34:40+00:00\" \/>\n<meta property=\"og:image\" content=\"https:\/\/empowermissouri.org\/app\/uploads\/2021\/03\/Missouri-Capitol-1-2.jpg\" \/>\n\t<meta property=\"og:image:width\" content=\"763\" \/>\n\t<meta property=\"og:image:height\" content=\"514\" \/>\n\t<meta property=\"og:image:type\" content=\"image\/jpeg\" \/>\n<meta name=\"author\" content=\"Mallory Rusch\" \/>\n<meta name=\"twitter:card\" content=\"summary_large_image\" \/>\n<meta name=\"twitter:creator\" content=\"@empowermissouri\" \/>\n<meta name=\"twitter:site\" content=\"@empowermissouri\" \/>\n<meta name=\"twitter:label1\" content=\"Written by\" \/>\n\t<meta name=\"twitter:data1\" content=\"Mallory Rusch\" \/>\n\t<meta name=\"twitter:label2\" content=\"Est. reading time\" \/>\n\t<meta name=\"twitter:data2\" content=\"7 minutes\" \/>\n<script type=\"application\/ld+json\" class=\"yoast-schema-graph\">{\"@context\":\"https:\\\/\\\/schema.org\",\"@graph\":[{\"@type\":\"Article\",\"@id\":\"https:\\\/\\\/empowermissouri.org\\\/missouri-legislature-wraps-the-good-the-bad-the-ugly\\\/#article\",\"isPartOf\":{\"@id\":\"https:\\\/\\\/empowermissouri.org\\\/missouri-legislature-wraps-the-good-the-bad-the-ugly\\\/\"},\"author\":{\"name\":\"Mallory Rusch\",\"@id\":\"https:\\\/\\\/empowermissouri.org\\\/#\\\/schema\\\/person\\\/5ebc5f1c973ec1e30f740fd393c859a8\"},\"headline\":\"Missouri Legislature Wraps: The Good, the Bad, &#038; the Ugly\",\"datePublished\":\"2021-05-20T12:40:51+00:00\",\"dateModified\":\"2021-05-21T12:34:40+00:00\",\"mainEntityOfPage\":{\"@id\":\"https:\\\/\\\/empowermissouri.org\\\/missouri-legislature-wraps-the-good-the-bad-the-ugly\\\/\"},\"wordCount\":1483,\"publisher\":{\"@id\":\"https:\\\/\\\/empowermissouri.org\\\/#organization\"},\"image\":{\"@id\":\"https:\\\/\\\/empowermissouri.org\\\/missouri-legislature-wraps-the-good-the-bad-the-ugly\\\/#primaryimage\"},\"thumbnailUrl\":\"https:\\\/\\\/empowermissouri.org\\\/app\\\/uploads\\\/2021\\\/03\\\/Missouri-Capitol-1-2.jpg\",\"keywords\":[\"Affordable Housing and Homelessness\",\"Criminal Justice\",\"food insecurity\",\"HIV Criminalization\",\"HIV justice\",\"Missouri\",\"missouri general assembly\",\"PLHIV\"],\"articleSection\":[\"Weekly Perspective\"],\"inLanguage\":\"es-MX\"},{\"@type\":\"WebPage\",\"@id\":\"https:\\\/\\\/empowermissouri.org\\\/missouri-legislature-wraps-the-good-the-bad-the-ugly\\\/\",\"url\":\"https:\\\/\\\/empowermissouri.org\\\/missouri-legislature-wraps-the-good-the-bad-the-ugly\\\/\",\"name\":\"Missouri Legislature Wraps: The Good, the Bad, & the Ugly - Empower Missouri\",\"isPartOf\":{\"@id\":\"https:\\\/\\\/empowermissouri.org\\\/#website\"},\"primaryImageOfPage\":{\"@id\":\"https:\\\/\\\/empowermissouri.org\\\/missouri-legislature-wraps-the-good-the-bad-the-ugly\\\/#primaryimage\"},\"image\":{\"@id\":\"https:\\\/\\\/empowermissouri.org\\\/missouri-legislature-wraps-the-good-the-bad-the-ugly\\\/#primaryimage\"},\"thumbnailUrl\":\"https:\\\/\\\/empowermissouri.org\\\/app\\\/uploads\\\/2021\\\/03\\\/Missouri-Capitol-1-2.jpg\",\"datePublished\":\"2021-05-20T12:40:51+00:00\",\"dateModified\":\"2021-05-21T12:34:40+00:00\",\"breadcrumb\":{\"@id\":\"https:\\\/\\\/empowermissouri.org\\\/missouri-legislature-wraps-the-good-the-bad-the-ugly\\\/#breadcrumb\"},\"inLanguage\":\"es-MX\",\"potentialAction\":[{\"@type\":\"ReadAction\",\"target\":[\"https:\\\/\\\/empowermissouri.org\\\/missouri-legislature-wraps-the-good-the-bad-the-ugly\\\/\"]}]},{\"@type\":\"ImageObject\",\"inLanguage\":\"es-MX\",\"@id\":\"https:\\\/\\\/empowermissouri.org\\\/missouri-legislature-wraps-the-good-the-bad-the-ugly\\\/#primaryimage\",\"url\":\"https:\\\/\\\/empowermissouri.org\\\/app\\\/uploads\\\/2021\\\/03\\\/Missouri-Capitol-1-2.jpg\",\"contentUrl\":\"https:\\\/\\\/empowermissouri.org\\\/app\\\/uploads\\\/2021\\\/03\\\/Missouri-Capitol-1-2.jpg\",\"width\":763,\"height\":514},{\"@type\":\"BreadcrumbList\",\"@id\":\"https:\\\/\\\/empowermissouri.org\\\/missouri-legislature-wraps-the-good-the-bad-the-ugly\\\/#breadcrumb\",\"itemListElement\":[{\"@type\":\"ListItem\",\"position\":1,\"name\":\"Home\",\"item\":\"https:\\\/\\\/empowermissouri.org\\\/\"},{\"@type\":\"ListItem\",\"position\":2,\"name\":\"Missouri Legislature Wraps: The Good, the Bad, &#038; the Ugly\"}]},{\"@type\":\"WebSite\",\"@id\":\"https:\\\/\\\/empowermissouri.org\\\/#website\",\"url\":\"https:\\\/\\\/empowermissouri.org\\\/\",\"name\":\"Empower Missouri\",\"description\":\"Advocating for Justice | Empowering Change\",\"publisher\":{\"@id\":\"https:\\\/\\\/empowermissouri.org\\\/#organization\"},\"potentialAction\":[{\"@type\":\"SearchAction\",\"target\":{\"@type\":\"EntryPoint\",\"urlTemplate\":\"https:\\\/\\\/empowermissouri.org\\\/?s={search_term_string}\"},\"query-input\":{\"@type\":\"PropertyValueSpecification\",\"valueRequired\":true,\"valueName\":\"search_term_string\"}}],\"inLanguage\":\"es-MX\"},{\"@type\":\"Organization\",\"@id\":\"https:\\\/\\\/empowermissouri.org\\\/#organization\",\"name\":\"Empower Missouri\",\"url\":\"https:\\\/\\\/empowermissouri.org\\\/\",\"logo\":{\"@type\":\"ImageObject\",\"inLanguage\":\"es-MX\",\"@id\":\"https:\\\/\\\/empowermissouri.org\\\/#\\\/schema\\\/logo\\\/image\\\/\",\"url\":\"http:\\\/\\\/empowermissouri.org\\\/app\\\/uploads\\\/2018\\\/08\\\/logo_button.png\",\"contentUrl\":\"http:\\\/\\\/empowermissouri.org\\\/app\\\/uploads\\\/2018\\\/08\\\/logo_button.png\",\"width\":579,\"height\":579,\"caption\":\"Empower Missouri\"},\"image\":{\"@id\":\"https:\\\/\\\/empowermissouri.org\\\/#\\\/schema\\\/logo\\\/image\\\/\"},\"sameAs\":[\"https:\\\/\\\/www.facebook.com\\\/empowermissouri\",\"https:\\\/\\\/x.com\\\/empowermissouri\",\"https:\\\/\\\/www.instagram.com\\\/empowermissouri\\\/\",\"https:\\\/\\\/www.linkedin.com\\\/company\\\/empower-missouri\\\/\"]},{\"@type\":\"Person\",\"@id\":\"https:\\\/\\\/empowermissouri.org\\\/#\\\/schema\\\/person\\\/5ebc5f1c973ec1e30f740fd393c859a8\",\"name\":\"Mallory Rusch\",\"image\":{\"@type\":\"ImageObject\",\"inLanguage\":\"es-MX\",\"@id\":\"https:\\\/\\\/secure.gravatar.com\\\/avatar\\\/3768ca68ab070f009ce552a9094284dac74bdb35602ac589a0b2524807596fb8?s=96&d=mm&r=g2c8fb0e50e51756410fffd90792a2d7c\",\"url\":\"https:\\\/\\\/secure.gravatar.com\\\/avatar\\\/3768ca68ab070f009ce552a9094284dac74bdb35602ac589a0b2524807596fb8?s=96&d=mm&r=g\",\"contentUrl\":\"https:\\\/\\\/secure.gravatar.com\\\/avatar\\\/3768ca68ab070f009ce552a9094284dac74bdb35602ac589a0b2524807596fb8?s=96&d=mm&r=g\",\"caption\":\"Mallory Rusch\"},\"sameAs\":[\"jeremy@buzzbold.com\"],\"url\":\"https:\\\/\\\/empowermissouri.org\\\/es\\\/author\\\/malloryrusch\\\/\"}]}<\/script>\n<!-- \/ Yoast SEO plugin. -->","yoast_head_json":{"title":"Missouri Legislature Wraps: The Good, the Bad, & the Ugly - Empower Missouri","robots":{"index":"index","follow":"follow","max-snippet":"max-snippet:-1","max-image-preview":"max-image-preview:large","max-video-preview":"max-video-preview:-1"},"canonical":"https:\/\/empowermissouri.org\/es\/missouri-legislature-wraps-the-good-the-bad-the-ugly\/","og_locale":"es_MX","og_type":"article","og_title":"Missouri Legislature Wraps: The Good, the Bad, & the Ugly - Empower Missouri","og_description":"It\u2019s the third week of May, which means that you\u2019re hearing crickets from hundreds of lobbyists and advocates across the state who are taking a much deserved break after working many late nights over the last three weeks as the Missouri legislature hurtled towards its inevitable close at 6PM last Friday night. Due to widening [&hellip;]","og_url":"https:\/\/empowermissouri.org\/es\/missouri-legislature-wraps-the-good-the-bad-the-ugly\/","og_site_name":"Empower Missouri","article_publisher":"https:\/\/www.facebook.com\/empowermissouri","article_published_time":"2021-05-20T12:40:51+00:00","article_modified_time":"2021-05-21T12:34:40+00:00","og_image":[{"width":763,"height":514,"url":"https:\/\/empowermissouri.org\/app\/uploads\/2021\/03\/Missouri-Capitol-1-2.jpg","type":"image\/jpeg"}],"author":"Mallory Rusch","twitter_card":"summary_large_image","twitter_creator":"@empowermissouri","twitter_site":"@empowermissouri","twitter_misc":{"Written by":"Mallory Rusch","Est. reading time":"7 minutes"},"schema":{"@context":"https:\/\/schema.org","@graph":[{"@type":"Article","@id":"https:\/\/empowermissouri.org\/missouri-legislature-wraps-the-good-the-bad-the-ugly\/#article","isPartOf":{"@id":"https:\/\/empowermissouri.org\/missouri-legislature-wraps-the-good-the-bad-the-ugly\/"},"author":{"name":"Mallory Rusch","@id":"https:\/\/empowermissouri.org\/#\/schema\/person\/5ebc5f1c973ec1e30f740fd393c859a8"},"headline":"Missouri Legislature Wraps: The Good, the Bad, &#038; the Ugly","datePublished":"2021-05-20T12:40:51+00:00","dateModified":"2021-05-21T12:34:40+00:00","mainEntityOfPage":{"@id":"https:\/\/empowermissouri.org\/missouri-legislature-wraps-the-good-the-bad-the-ugly\/"},"wordCount":1483,"publisher":{"@id":"https:\/\/empowermissouri.org\/#organization"},"image":{"@id":"https:\/\/empowermissouri.org\/missouri-legislature-wraps-the-good-the-bad-the-ugly\/#primaryimage"},"thumbnailUrl":"https:\/\/empowermissouri.org\/app\/uploads\/2021\/03\/Missouri-Capitol-1-2.jpg","keywords":["Affordable Housing and Homelessness","Criminal Justice","food insecurity","HIV Criminalization","HIV justice","Missouri","missouri general assembly","PLHIV"],"articleSection":["Weekly Perspective"],"inLanguage":"es-MX"},{"@type":"WebPage","@id":"https:\/\/empowermissouri.org\/missouri-legislature-wraps-the-good-the-bad-the-ugly\/","url":"https:\/\/empowermissouri.org\/missouri-legislature-wraps-the-good-the-bad-the-ugly\/","name":"Missouri Legislature Wraps: The Good, the Bad, & the Ugly - Empower Missouri","isPartOf":{"@id":"https:\/\/empowermissouri.org\/#website"},"primaryImageOfPage":{"@id":"https:\/\/empowermissouri.org\/missouri-legislature-wraps-the-good-the-bad-the-ugly\/#primaryimage"},"image":{"@id":"https:\/\/empowermissouri.org\/missouri-legislature-wraps-the-good-the-bad-the-ugly\/#primaryimage"},"thumbnailUrl":"https:\/\/empowermissouri.org\/app\/uploads\/2021\/03\/Missouri-Capitol-1-2.jpg","datePublished":"2021-05-20T12:40:51+00:00","dateModified":"2021-05-21T12:34:40+00:00","breadcrumb":{"@id":"https:\/\/empowermissouri.org\/missouri-legislature-wraps-the-good-the-bad-the-ugly\/#breadcrumb"},"inLanguage":"es-MX","potentialAction":[{"@type":"ReadAction","target":["https:\/\/empowermissouri.org\/missouri-legislature-wraps-the-good-the-bad-the-ugly\/"]}]},{"@type":"ImageObject","inLanguage":"es-MX","@id":"https:\/\/empowermissouri.org\/missouri-legislature-wraps-the-good-the-bad-the-ugly\/#primaryimage","url":"https:\/\/empowermissouri.org\/app\/uploads\/2021\/03\/Missouri-Capitol-1-2.jpg","contentUrl":"https:\/\/empowermissouri.org\/app\/uploads\/2021\/03\/Missouri-Capitol-1-2.jpg","width":763,"height":514},{"@type":"BreadcrumbList","@id":"https:\/\/empowermissouri.org\/missouri-legislature-wraps-the-good-the-bad-the-ugly\/#breadcrumb","itemListElement":[{"@type":"ListItem","position":1,"name":"Home","item":"https:\/\/empowermissouri.org\/"},{"@type":"ListItem","position":2,"name":"Missouri Legislature Wraps: The Good, the Bad, &#038; the Ugly"}]},{"@type":"WebSite","@id":"https:\/\/empowermissouri.org\/#website","url":"https:\/\/empowermissouri.org\/","name":"Empoderar a Missouri","description":"Advocating for Justice | Empowering Change","publisher":{"@id":"https:\/\/empowermissouri.org\/#organization"},"potentialAction":[{"@type":"SearchAction","target":{"@type":"EntryPoint","urlTemplate":"https:\/\/empowermissouri.org\/?s={search_term_string}"},"query-input":{"@type":"PropertyValueSpecification","valueRequired":true,"valueName":"search_term_string"}}],"inLanguage":"es-MX"},{"@type":"Organization","@id":"https:\/\/empowermissouri.org\/#organization","name":"Empoderar a Missouri","url":"https:\/\/empowermissouri.org\/","logo":{"@type":"ImageObject","inLanguage":"es-MX","@id":"https:\/\/empowermissouri.org\/#\/schema\/logo\/image\/","url":"http:\/\/empowermissouri.org\/app\/uploads\/2018\/08\/logo_button.png","contentUrl":"http:\/\/empowermissouri.org\/app\/uploads\/2018\/08\/logo_button.png","width":579,"height":579,"caption":"Empower Missouri"},"image":{"@id":"https:\/\/empowermissouri.org\/#\/schema\/logo\/image\/"},"sameAs":["https:\/\/www.facebook.com\/empowermissouri","https:\/\/x.com\/empowermissouri","https:\/\/www.instagram.com\/empowermissouri\/","https:\/\/www.linkedin.com\/company\/empower-missouri\/"]},{"@type":"Person","@id":"https:\/\/empowermissouri.org\/#\/schema\/person\/5ebc5f1c973ec1e30f740fd393c859a8","name":"Mallory Rusch","image":{"@type":"ImageObject","inLanguage":"es-MX","@id":"https:\/\/secure.gravatar.com\/avatar\/3768ca68ab070f009ce552a9094284dac74bdb35602ac589a0b2524807596fb8?s=96&d=mm&r=g2c8fb0e50e51756410fffd90792a2d7c","url":"https:\/\/secure.gravatar.com\/avatar\/3768ca68ab070f009ce552a9094284dac74bdb35602ac589a0b2524807596fb8?s=96&d=mm&r=g","contentUrl":"https:\/\/secure.gravatar.com\/avatar\/3768ca68ab070f009ce552a9094284dac74bdb35602ac589a0b2524807596fb8?s=96&d=mm&r=g","caption":"Mallory Rusch"},"sameAs":["jeremy@buzzbold.com"],"url":"https:\/\/empowermissouri.org\/es\/author\/malloryrusch\/"}]}},"_links":{"self":[{"href":"https:\/\/empowermissouri.org\/es\/wp-json\/wp\/v2\/posts\/6787","targetHints":{"allow":["GET"]}}],"collection":[{"href":"https:\/\/empowermissouri.org\/es\/wp-json\/wp\/v2\/posts"}],"about":[{"href":"https:\/\/empowermissouri.org\/es\/wp-json\/wp\/v2\/types\/post"}],"author":[{"embeddable":true,"href":"https:\/\/empowermissouri.org\/es\/wp-json\/wp\/v2\/users\/17"}],"replies":[{"embeddable":true,"href":"https:\/\/empowermissouri.org\/es\/wp-json\/wp\/v2\/comments?post=6787"}],"version-history":[{"count":0,"href":"https:\/\/empowermissouri.org\/es\/wp-json\/wp\/v2\/posts\/6787\/revisions"}],"wp:featuredmedia":[{"embeddable":true,"href":"https:\/\/empowermissouri.org\/es\/wp-json\/wp\/v2\/media\/6545"}],"wp:attachment":[{"href":"https:\/\/empowermissouri.org\/es\/wp-json\/wp\/v2\/media?parent=6787"}],"wp:term":[{"taxonomy":"category","embeddable":true,"href":"https:\/\/empowermissouri.org\/es\/wp-json\/wp\/v2\/categories?post=6787"},{"taxonomy":"post_tag","embeddable":true,"href":"https:\/\/empowermissouri.org\/es\/wp-json\/wp\/v2\/tags?post=6787"},{"taxonomy":"issues","embeddable":true,"href":"https:\/\/empowermissouri.org\/es\/wp-json\/wp\/v2\/issues?post=6787"},{"taxonomy":"author","embeddable":true,"href":"https:\/\/empowermissouri.org\/es\/wp-json\/wp\/v2\/coauthors?post=6787"}],"curies":[{"name":"wp","href":"https:\/\/api.w.org\/{rel}","templated":true}]}}