{"id":6775,"date":"2021-05-11T22:00:00","date_gmt":"2021-05-12T03:00:00","guid":{"rendered":"http:\/\/empowermissouri.org\/?p=6775"},"modified":"2021-05-11T13:44:08","modified_gmt":"2021-05-11T18:44:08","slug":"as-session-comes-to-a-close-empower-missouri-team-plans-for-the-years-ahead","status":"publish","type":"post","link":"https:\/\/empowermissouri.org\/es\/as-session-comes-to-a-close-empower-missouri-team-plans-for-the-years-ahead\/","title":{"rendered":"A medida que la sesi\u00f3n llega a su fin, el equipo de Empower Missouri planea para los a\u00f1os venideros"},"content":{"rendered":"<p><span style=\"color: #000000;\"><span style=\"font-weight: 400;\">Es la \u00faltima semana de la sesi\u00f3n legislativa de Missouri, que trae un frenes\u00ed de actividad a Jefferson City, por lo que todo nuestro equipo se dirige al capitolio para estar cerca para las discusiones finales y los debates sobre piezas clave de la legislaci\u00f3n. Estamos vigilando muy de cerca las discusiones del comit\u00e9 de la conferencia sobre dos piezas clave de la legislaci\u00f3n de justicia penal: <\/span><b>SB 26<\/b><span style=\"font-weight: 400;\"> y<\/span><b> SB 53\/60<\/b><span style=\"font-weight: 400;\">. Cada uno de estos proyectos de ley tiene algunas reformas maravillosas, as\u00ed como una pol\u00edtica regresiva, y estamos trabajando arduamente para asegurarnos de que podamos eliminar la mayor parte de lo malo y conservar la mayor cantidad posible de lo bueno. Esperamos compartir una actualizaci\u00f3n final la pr\u00f3xima semana despu\u00e9s de que la sesi\u00f3n llegue a su fin el viernes.\u00a0<\/span><\/span><\/p>\n<p><span style=\"font-weight: 400; color: #000000;\">Esta semana tambi\u00e9n marca la primera vez que nuestro equipo se reunir\u00e1 en persona en m\u00e1s de un a\u00f1o, desde el inicio de la pandemia. La mayor parte de nuestro equipo nunca se ha conocido cara a cara, por lo que estamos encantados de sentarnos juntos en una sala para concluir la sesi\u00f3n. Aprovechamos el tiempo que pasaremos juntos para terminar un borrador de nuestro plan estrat\u00e9gico redise\u00f1ado para la organizaci\u00f3n.\u00a0\u00a0<\/span><\/p>\n<p><span style=\"font-weight: 400; color: #000000;\">La junta y el personal de Empower redactaron un plan estrat\u00e9gico en el oto\u00f1o de 2019, pero factores internos y externos llevaron al equipo a dejar de lado el plan y concentrarse en tomar un nuevo conjunto de decisiones estrat\u00e9gicas para funcionar de manera efectiva en una pandemia global. Ahora que estamos (con suerte) a trav\u00e9s de lo peor de COVID-19, nuestro equipo ha ignorado ese documento y ha pasado los \u00faltimos meses mir\u00e1ndolo con ojos nuevos. Hemos solicitado comentarios de la comunidad a trav\u00e9s de encuestas, grupos focales y entrevistas. Hemos creado claridad en torno a nuestra teor\u00eda del cambio. Y esta semana, finalizaremos un nuevo borrador del plan para los pr\u00f3ximos tres a\u00f1os.\u00a0\u00a0<\/span><\/p>\n<p><span style=\"font-weight: 400; color: #000000;\">Estaremos encantados de compartir nuestro borrador con usted en un par de semanas. No finalizaremos el plan hasta que abramos otra ronda de comentarios y participaci\u00f3n de la comunidad. Est\u00e9 atento a oportunidades para conversar con nosotros sobre nuestros planes a finales de este mes. Si hay algo de lo que estamos seguros, es que Empower Missouri siempre se centrar\u00e1 en elevar las voces de los ciudadanos m\u00e1s vulnerables de Missouri y de quienes los apoyan. No podemos trazar un rumbo para la organizaci\u00f3n sin su participaci\u00f3n, la comunidad a la que servimos. Por lo tanto, planee unirse a nosotros este mes para so\u00f1ar en grande sobre el futuro de Empower; no ser\u00e1 posible sin usted.\u00a0<\/span><\/p>\n<p><span style=\"font-weight: 400; color: #000000;\">\u00a1M\u00e1s pronto!<\/span><\/p>\n<p><span style=\"color: #000000;\"><span style=\"font-weight: 400;\">Mallory<br \/>\n<\/span><span style=\"font-weight: 400;\">Director ejecutivo<\/span><\/span><\/p>","protected":false},"excerpt":{"rendered":"<p>It is the last week of Missouri\u2019s legislative session, which brings a flurry of activity to Jefferson City, so our entire team is heading to the capitol to be nearby for final discussions and debates on key pieces of legislation. We\u2019re keeping a very close eye on conference committee discussions on two key pieces of [&hellip;]<\/p>\n","protected":false},"author":1,"featured_media":3392,"comment_status":"closed","ping_status":"open","sticky":false,"template":"","format":"standard","meta":{"_exactmetrics_skip_tracking":false,"_exactmetrics_sitenote_active":false,"_exactmetrics_sitenote_note":"","_exactmetrics_sitenote_category":0,"footnotes":""},"categories":[43],"tags":[62,310],"issues":[217],"coauthors":[359],"class_list":["post-6775","post","type-post","status-publish","format-standard","has-post-thumbnail","hentry","category-weekly-perspective","tag-missouri","tag-missouri-general-assembly","issues-missouri"],"yoast_head":"<!-- This site is optimized with the Yoast SEO plugin v27.5 - https:\/\/yoast.com\/product\/yoast-seo-wordpress\/ -->\n<title>As session comes to a close, Empower Missouri team plans for the years ahead - Empower Missouri<\/title>\n<meta name=\"robots\" content=\"index, follow, max-snippet:-1, max-image-preview:large, max-video-preview:-1\" \/>\n<link rel=\"canonical\" href=\"https:\/\/empowermissouri.org\/es\/as-session-comes-to-a-close-empower-missouri-team-plans-for-the-years-ahead\/\" \/>\n<meta property=\"og:locale\" content=\"es_MX\" \/>\n<meta property=\"og:type\" content=\"article\" \/>\n<meta property=\"og:title\" content=\"As session comes to a close, Empower Missouri team plans for the years ahead - Empower Missouri\" \/>\n<meta property=\"og:description\" content=\"It is the last week of Missouri\u2019s legislative session, which brings a flurry of activity to Jefferson City, so our entire team is heading to the capitol to be nearby for final discussions and debates on key pieces of legislation. We\u2019re keeping a very close eye on conference committee discussions on two key pieces of [&hellip;]\" \/>\n<meta property=\"og:url\" content=\"https:\/\/empowermissouri.org\/es\/as-session-comes-to-a-close-empower-missouri-team-plans-for-the-years-ahead\/\" \/>\n<meta property=\"og:site_name\" content=\"Empower Missouri\" \/>\n<meta property=\"article:publisher\" content=\"https:\/\/www.facebook.com\/empowermissouri\" \/>\n<meta property=\"article:published_time\" content=\"2021-05-12T03:00:00+00:00\" \/>\n<meta property=\"og:image\" content=\"https:\/\/empowermissouri.org\/app\/uploads\/2019\/12\/Missouri-State-Capitol.jpg\" \/>\n\t<meta property=\"og:image:width\" content=\"1024\" \/>\n\t<meta property=\"og:image:height\" content=\"569\" \/>\n\t<meta property=\"og:image:type\" content=\"image\/jpeg\" \/>\n<meta name=\"author\" content=\"Empower Missouri\" \/>\n<meta name=\"twitter:card\" content=\"summary_large_image\" \/>\n<meta name=\"twitter:creator\" content=\"@empowermissouri\" \/>\n<meta name=\"twitter:site\" content=\"@empowermissouri\" \/>\n<meta name=\"twitter:label1\" content=\"Written by\" \/>\n\t<meta name=\"twitter:data1\" content=\"Empower Missouri\" \/>\n\t<meta name=\"twitter:label2\" content=\"Est. reading time\" \/>\n\t<meta name=\"twitter:data2\" content=\"2 minutes\" \/>\n<script type=\"application\/ld+json\" class=\"yoast-schema-graph\">{\"@context\":\"https:\\\/\\\/schema.org\",\"@graph\":[{\"@type\":\"Article\",\"@id\":\"https:\\\/\\\/empowermissouri.org\\\/es\\\/as-session-comes-to-a-close-empower-missouri-team-plans-for-the-years-ahead\\\/#article\",\"isPartOf\":{\"@id\":\"https:\\\/\\\/empowermissouri.org\\\/es\\\/as-session-comes-to-a-close-empower-missouri-team-plans-for-the-years-ahead\\\/\"},\"author\":{\"name\":\"Empower Missouri\",\"@id\":\"https:\\\/\\\/empowermissouri.org\\\/#\\\/schema\\\/person\\\/e951a654cbc724fec5829ff7f4d36370\"},\"headline\":\"As session comes to a close, Empower Missouri team plans for the years ahead\",\"datePublished\":\"2021-05-12T03:00:00+00:00\",\"mainEntityOfPage\":{\"@id\":\"https:\\\/\\\/empowermissouri.org\\\/es\\\/as-session-comes-to-a-close-empower-missouri-team-plans-for-the-years-ahead\\\/\"},\"wordCount\":446,\"publisher\":{\"@id\":\"https:\\\/\\\/empowermissouri.org\\\/#organization\"},\"image\":{\"@id\":\"https:\\\/\\\/empowermissouri.org\\\/es\\\/as-session-comes-to-a-close-empower-missouri-team-plans-for-the-years-ahead\\\/#primaryimage\"},\"thumbnailUrl\":\"https:\\\/\\\/empowermissouri.org\\\/app\\\/uploads\\\/2019\\\/12\\\/Missouri-State-Capitol.jpg\",\"keywords\":[\"Missouri\",\"missouri general assembly\"],\"articleSection\":[\"Weekly Perspective\"],\"inLanguage\":\"es-MX\"},{\"@type\":\"WebPage\",\"@id\":\"https:\\\/\\\/empowermissouri.org\\\/es\\\/as-session-comes-to-a-close-empower-missouri-team-plans-for-the-years-ahead\\\/\",\"url\":\"https:\\\/\\\/empowermissouri.org\\\/es\\\/as-session-comes-to-a-close-empower-missouri-team-plans-for-the-years-ahead\\\/\",\"name\":\"As session comes to a close, Empower Missouri team plans for the years ahead - Empower Missouri\",\"isPartOf\":{\"@id\":\"https:\\\/\\\/empowermissouri.org\\\/#website\"},\"primaryImageOfPage\":{\"@id\":\"https:\\\/\\\/empowermissouri.org\\\/es\\\/as-session-comes-to-a-close-empower-missouri-team-plans-for-the-years-ahead\\\/#primaryimage\"},\"image\":{\"@id\":\"https:\\\/\\\/empowermissouri.org\\\/es\\\/as-session-comes-to-a-close-empower-missouri-team-plans-for-the-years-ahead\\\/#primaryimage\"},\"thumbnailUrl\":\"https:\\\/\\\/empowermissouri.org\\\/app\\\/uploads\\\/2019\\\/12\\\/Missouri-State-Capitol.jpg\",\"datePublished\":\"2021-05-12T03:00:00+00:00\",\"breadcrumb\":{\"@id\":\"https:\\\/\\\/empowermissouri.org\\\/es\\\/as-session-comes-to-a-close-empower-missouri-team-plans-for-the-years-ahead\\\/#breadcrumb\"},\"inLanguage\":\"es-MX\",\"potentialAction\":[{\"@type\":\"ReadAction\",\"target\":[\"https:\\\/\\\/empowermissouri.org\\\/es\\\/as-session-comes-to-a-close-empower-missouri-team-plans-for-the-years-ahead\\\/\"]}]},{\"@type\":\"ImageObject\",\"inLanguage\":\"es-MX\",\"@id\":\"https:\\\/\\\/empowermissouri.org\\\/es\\\/as-session-comes-to-a-close-empower-missouri-team-plans-for-the-years-ahead\\\/#primaryimage\",\"url\":\"https:\\\/\\\/empowermissouri.org\\\/app\\\/uploads\\\/2019\\\/12\\\/Missouri-State-Capitol.jpg\",\"contentUrl\":\"https:\\\/\\\/empowermissouri.org\\\/app\\\/uploads\\\/2019\\\/12\\\/Missouri-State-Capitol.jpg\",\"width\":1024,\"height\":569},{\"@type\":\"BreadcrumbList\",\"@id\":\"https:\\\/\\\/empowermissouri.org\\\/es\\\/as-session-comes-to-a-close-empower-missouri-team-plans-for-the-years-ahead\\\/#breadcrumb\",\"itemListElement\":[{\"@type\":\"ListItem\",\"position\":1,\"name\":\"Home\",\"item\":\"https:\\\/\\\/empowermissouri.org\\\/\"},{\"@type\":\"ListItem\",\"position\":2,\"name\":\"As session comes to a close, Empower Missouri team plans for the years ahead\"}]},{\"@type\":\"WebSite\",\"@id\":\"https:\\\/\\\/empowermissouri.org\\\/#website\",\"url\":\"https:\\\/\\\/empowermissouri.org\\\/\",\"name\":\"Empower Missouri\",\"description\":\"Advocating for Justice | Empowering Change\",\"publisher\":{\"@id\":\"https:\\\/\\\/empowermissouri.org\\\/#organization\"},\"potentialAction\":[{\"@type\":\"SearchAction\",\"target\":{\"@type\":\"EntryPoint\",\"urlTemplate\":\"https:\\\/\\\/empowermissouri.org\\\/?s={search_term_string}\"},\"query-input\":{\"@type\":\"PropertyValueSpecification\",\"valueRequired\":true,\"valueName\":\"search_term_string\"}}],\"inLanguage\":\"es-MX\"},{\"@type\":\"Organization\",\"@id\":\"https:\\\/\\\/empowermissouri.org\\\/#organization\",\"name\":\"Empower Missouri\",\"url\":\"https:\\\/\\\/empowermissouri.org\\\/\",\"logo\":{\"@type\":\"ImageObject\",\"inLanguage\":\"es-MX\",\"@id\":\"https:\\\/\\\/empowermissouri.org\\\/#\\\/schema\\\/logo\\\/image\\\/\",\"url\":\"http:\\\/\\\/empowermissouri.org\\\/app\\\/uploads\\\/2018\\\/08\\\/logo_button.png\",\"contentUrl\":\"http:\\\/\\\/empowermissouri.org\\\/app\\\/uploads\\\/2018\\\/08\\\/logo_button.png\",\"width\":579,\"height\":579,\"caption\":\"Empower Missouri\"},\"image\":{\"@id\":\"https:\\\/\\\/empowermissouri.org\\\/#\\\/schema\\\/logo\\\/image\\\/\"},\"sameAs\":[\"https:\\\/\\\/www.facebook.com\\\/empowermissouri\",\"https:\\\/\\\/x.com\\\/empowermissouri\",\"https:\\\/\\\/www.instagram.com\\\/empowermissouri\\\/\",\"https:\\\/\\\/www.linkedin.com\\\/company\\\/empower-missouri\\\/\"]},{\"@type\":\"Person\",\"@id\":\"https:\\\/\\\/empowermissouri.org\\\/#\\\/schema\\\/person\\\/e951a654cbc724fec5829ff7f4d36370\",\"name\":\"Empower Missouri\",\"image\":{\"@type\":\"ImageObject\",\"inLanguage\":\"es-MX\",\"@id\":\"https:\\\/\\\/secure.gravatar.com\\\/avatar\\\/707cc62910910b381e613ab53a9c71ad8f903d58979eb1f78be3a4947f578900?s=96&d=mm&r=gb92e1d0ab19e89757b0c5f03bd735f45\",\"url\":\"https:\\\/\\\/secure.gravatar.com\\\/avatar\\\/707cc62910910b381e613ab53a9c71ad8f903d58979eb1f78be3a4947f578900?s=96&d=mm&r=g\",\"contentUrl\":\"https:\\\/\\\/secure.gravatar.com\\\/avatar\\\/707cc62910910b381e613ab53a9c71ad8f903d58979eb1f78be3a4947f578900?s=96&d=mm&r=g\",\"caption\":\"Empower Missouri\"},\"url\":\"https:\\\/\\\/empowermissouri.org\\\/es\\\/author\\\/developer\\\/\"}]}<\/script>\n<!-- \/ Yoast SEO plugin. -->","yoast_head_json":{"title":"As session comes to a close, Empower Missouri team plans for the years ahead - Empower Missouri","robots":{"index":"index","follow":"follow","max-snippet":"max-snippet:-1","max-image-preview":"max-image-preview:large","max-video-preview":"max-video-preview:-1"},"canonical":"https:\/\/empowermissouri.org\/es\/as-session-comes-to-a-close-empower-missouri-team-plans-for-the-years-ahead\/","og_locale":"es_MX","og_type":"article","og_title":"As session comes to a close, Empower Missouri team plans for the years ahead - Empower Missouri","og_description":"It is the last week of Missouri\u2019s legislative session, which brings a flurry of activity to Jefferson City, so our entire team is heading to the capitol to be nearby for final discussions and debates on key pieces of legislation. We\u2019re keeping a very close eye on conference committee discussions on two key pieces of [&hellip;]","og_url":"https:\/\/empowermissouri.org\/es\/as-session-comes-to-a-close-empower-missouri-team-plans-for-the-years-ahead\/","og_site_name":"Empower Missouri","article_publisher":"https:\/\/www.facebook.com\/empowermissouri","article_published_time":"2021-05-12T03:00:00+00:00","og_image":[{"width":1024,"height":569,"url":"https:\/\/empowermissouri.org\/app\/uploads\/2019\/12\/Missouri-State-Capitol.jpg","type":"image\/jpeg"}],"author":"Empower Missouri","twitter_card":"summary_large_image","twitter_creator":"@empowermissouri","twitter_site":"@empowermissouri","twitter_misc":{"Written by":"Empower Missouri","Est. reading time":"2 minutes"},"schema":{"@context":"https:\/\/schema.org","@graph":[{"@type":"Article","@id":"https:\/\/empowermissouri.org\/es\/as-session-comes-to-a-close-empower-missouri-team-plans-for-the-years-ahead\/#article","isPartOf":{"@id":"https:\/\/empowermissouri.org\/es\/as-session-comes-to-a-close-empower-missouri-team-plans-for-the-years-ahead\/"},"author":{"name":"Empower Missouri","@id":"https:\/\/empowermissouri.org\/#\/schema\/person\/e951a654cbc724fec5829ff7f4d36370"},"headline":"As session comes to a close, Empower Missouri team plans for the years ahead","datePublished":"2021-05-12T03:00:00+00:00","mainEntityOfPage":{"@id":"https:\/\/empowermissouri.org\/es\/as-session-comes-to-a-close-empower-missouri-team-plans-for-the-years-ahead\/"},"wordCount":446,"publisher":{"@id":"https:\/\/empowermissouri.org\/#organization"},"image":{"@id":"https:\/\/empowermissouri.org\/es\/as-session-comes-to-a-close-empower-missouri-team-plans-for-the-years-ahead\/#primaryimage"},"thumbnailUrl":"https:\/\/empowermissouri.org\/app\/uploads\/2019\/12\/Missouri-State-Capitol.jpg","keywords":["Missouri","missouri general assembly"],"articleSection":["Weekly Perspective"],"inLanguage":"es-MX"},{"@type":"WebPage","@id":"https:\/\/empowermissouri.org\/es\/as-session-comes-to-a-close-empower-missouri-team-plans-for-the-years-ahead\/","url":"https:\/\/empowermissouri.org\/es\/as-session-comes-to-a-close-empower-missouri-team-plans-for-the-years-ahead\/","name":"As session comes to a close, Empower Missouri team plans for the years ahead - Empower Missouri","isPartOf":{"@id":"https:\/\/empowermissouri.org\/#website"},"primaryImageOfPage":{"@id":"https:\/\/empowermissouri.org\/es\/as-session-comes-to-a-close-empower-missouri-team-plans-for-the-years-ahead\/#primaryimage"},"image":{"@id":"https:\/\/empowermissouri.org\/es\/as-session-comes-to-a-close-empower-missouri-team-plans-for-the-years-ahead\/#primaryimage"},"thumbnailUrl":"https:\/\/empowermissouri.org\/app\/uploads\/2019\/12\/Missouri-State-Capitol.jpg","datePublished":"2021-05-12T03:00:00+00:00","breadcrumb":{"@id":"https:\/\/empowermissouri.org\/es\/as-session-comes-to-a-close-empower-missouri-team-plans-for-the-years-ahead\/#breadcrumb"},"inLanguage":"es-MX","potentialAction":[{"@type":"ReadAction","target":["https:\/\/empowermissouri.org\/es\/as-session-comes-to-a-close-empower-missouri-team-plans-for-the-years-ahead\/"]}]},{"@type":"ImageObject","inLanguage":"es-MX","@id":"https:\/\/empowermissouri.org\/es\/as-session-comes-to-a-close-empower-missouri-team-plans-for-the-years-ahead\/#primaryimage","url":"https:\/\/empowermissouri.org\/app\/uploads\/2019\/12\/Missouri-State-Capitol.jpg","contentUrl":"https:\/\/empowermissouri.org\/app\/uploads\/2019\/12\/Missouri-State-Capitol.jpg","width":1024,"height":569},{"@type":"BreadcrumbList","@id":"https:\/\/empowermissouri.org\/es\/as-session-comes-to-a-close-empower-missouri-team-plans-for-the-years-ahead\/#breadcrumb","itemListElement":[{"@type":"ListItem","position":1,"name":"Home","item":"https:\/\/empowermissouri.org\/"},{"@type":"ListItem","position":2,"name":"As session comes to a close, Empower Missouri team plans for the years ahead"}]},{"@type":"WebSite","@id":"https:\/\/empowermissouri.org\/#website","url":"https:\/\/empowermissouri.org\/","name":"Empoderar a Missouri","description":"Advocating for Justice | Empowering Change","publisher":{"@id":"https:\/\/empowermissouri.org\/#organization"},"potentialAction":[{"@type":"SearchAction","target":{"@type":"EntryPoint","urlTemplate":"https:\/\/empowermissouri.org\/?s={search_term_string}"},"query-input":{"@type":"PropertyValueSpecification","valueRequired":true,"valueName":"search_term_string"}}],"inLanguage":"es-MX"},{"@type":"Organization","@id":"https:\/\/empowermissouri.org\/#organization","name":"Empoderar a Missouri","url":"https:\/\/empowermissouri.org\/","logo":{"@type":"ImageObject","inLanguage":"es-MX","@id":"https:\/\/empowermissouri.org\/#\/schema\/logo\/image\/","url":"http:\/\/empowermissouri.org\/app\/uploads\/2018\/08\/logo_button.png","contentUrl":"http:\/\/empowermissouri.org\/app\/uploads\/2018\/08\/logo_button.png","width":579,"height":579,"caption":"Empower Missouri"},"image":{"@id":"https:\/\/empowermissouri.org\/#\/schema\/logo\/image\/"},"sameAs":["https:\/\/www.facebook.com\/empowermissouri","https:\/\/x.com\/empowermissouri","https:\/\/www.instagram.com\/empowermissouri\/","https:\/\/www.linkedin.com\/company\/empower-missouri\/"]},{"@type":"Person","@id":"https:\/\/empowermissouri.org\/#\/schema\/person\/e951a654cbc724fec5829ff7f4d36370","name":"Empoderar a Missouri","image":{"@type":"ImageObject","inLanguage":"es-MX","@id":"https:\/\/secure.gravatar.com\/avatar\/707cc62910910b381e613ab53a9c71ad8f903d58979eb1f78be3a4947f578900?s=96&d=mm&r=gb92e1d0ab19e89757b0c5f03bd735f45","url":"https:\/\/secure.gravatar.com\/avatar\/707cc62910910b381e613ab53a9c71ad8f903d58979eb1f78be3a4947f578900?s=96&d=mm&r=g","contentUrl":"https:\/\/secure.gravatar.com\/avatar\/707cc62910910b381e613ab53a9c71ad8f903d58979eb1f78be3a4947f578900?s=96&d=mm&r=g","caption":"Empower Missouri"},"url":"https:\/\/empowermissouri.org\/es\/author\/developer\/"}]}},"_links":{"self":[{"href":"https:\/\/empowermissouri.org\/es\/wp-json\/wp\/v2\/posts\/6775","targetHints":{"allow":["GET"]}}],"collection":[{"href":"https:\/\/empowermissouri.org\/es\/wp-json\/wp\/v2\/posts"}],"about":[{"href":"https:\/\/empowermissouri.org\/es\/wp-json\/wp\/v2\/types\/post"}],"author":[{"embeddable":true,"href":"https:\/\/empowermissouri.org\/es\/wp-json\/wp\/v2\/users\/1"}],"replies":[{"embeddable":true,"href":"https:\/\/empowermissouri.org\/es\/wp-json\/wp\/v2\/comments?post=6775"}],"version-history":[{"count":0,"href":"https:\/\/empowermissouri.org\/es\/wp-json\/wp\/v2\/posts\/6775\/revisions"}],"wp:featuredmedia":[{"embeddable":true,"href":"https:\/\/empowermissouri.org\/es\/wp-json\/wp\/v2\/media\/3392"}],"wp:attachment":[{"href":"https:\/\/empowermissouri.org\/es\/wp-json\/wp\/v2\/media?parent=6775"}],"wp:term":[{"taxonomy":"category","embeddable":true,"href":"https:\/\/empowermissouri.org\/es\/wp-json\/wp\/v2\/categories?post=6775"},{"taxonomy":"post_tag","embeddable":true,"href":"https:\/\/empowermissouri.org\/es\/wp-json\/wp\/v2\/tags?post=6775"},{"taxonomy":"issues","embeddable":true,"href":"https:\/\/empowermissouri.org\/es\/wp-json\/wp\/v2\/issues?post=6775"},{"taxonomy":"author","embeddable":true,"href":"https:\/\/empowermissouri.org\/es\/wp-json\/wp\/v2\/coauthors?post=6775"}],"curies":[{"name":"wp","href":"https:\/\/api.w.org\/{rel}","templated":true}]}}