{"id":6599,"date":"2021-03-30T22:00:00","date_gmt":"2021-03-31T03:00:00","guid":{"rendered":"http:\/\/empowermissouri.org\/?p=6599"},"modified":"2021-03-30T18:41:06","modified_gmt":"2021-03-30T23:41:06","slug":"the-push-for-food-security-will-be-more-urgent-than-ever-in-2021","status":"publish","type":"post","link":"https:\/\/empowermissouri.org\/es\/the-push-for-food-security-will-be-more-urgent-than-ever-in-2021\/","title":{"rendered":"El impulso por la seguridad alimentaria ser\u00e1 m\u00e1s urgente que nunca en 2021"},"content":{"rendered":"<p><span style=\"font-weight: 400; color: #000000;\">No hace mucho que dejamos atr\u00e1s el a\u00f1o 2020. Fue un a\u00f1o lleno de importantes eventos que cambiaron el mundo, ya que nuestro pa\u00eds y los habitantes de Misuri se enfrentaron a una de las pandemias mundiales m\u00e1s inesperadas y devastadoras en m\u00e1s de 100 a\u00f1os. Hasta la fecha, el virus transmitido por el aire, tambi\u00e9n conocido como \u201cCovid-19\u201d, ha matado a millones en todo el mundo y ha dejado a muchas familias luchando por sobrevivir.\u00a0<\/span><\/p>\n<p><span style=\"font-weight: 400; color: #000000;\">Todos podemos decir que 2020 no fue nada normal, pero una de las \u00faltimas cosas &quot;normales&quot; que hice a principios de 2020 fue hacer mi viaje anual a Washington DC. Para el <\/span><strong><a href=\"https:\/\/www.antihungerpolicyconference.org\/\">Conferencia Nacional de Pol\u00edtica contra el Hambre<\/a><\/strong><span style=\"font-weight: 400; color: #000000;\"> patrocinado por el <\/span><a href=\"https:\/\/frac.org\/\"><span style=\"font-weight: 400;\"><strong>Centro de Investigaci\u00f3n y Acci\u00f3n Alimentaria (FRAC)<\/strong><\/span><\/a><span style=\"font-weight: 400; color: #000000;\">. Es surrealista pensar en lo diferente que es hoy todo en mi vida en comparaci\u00f3n con lo que era hace apenas un a\u00f1o. Esto tambi\u00e9n es v\u00e1lido para esta conferencia. FRAC celebr\u00f3 su Conferencia de Pol\u00edtica Anual 2021 la semana pasada, y honestamente puedo decir que casi todo fue diferente.\u00a0<\/span><\/p>\n<p><span style=\"font-weight: 400; color: #000000;\">Evidentemente la primera diferencia, como con todo el a\u00f1o pasado, fue que se realiz\u00f3 en formato virtual. No pude volar en un avi\u00f3n, tomar un Uber o reunirme con mis amigos que viven en DC. Adem\u00e1s, en a\u00f1os anteriores, la conferencia registr\u00f3 alrededor de 1000 personas, que es una de las conferencias m\u00e1s grandes a las que he asistido. Debido al formato virtual de este a\u00f1o, m\u00e1s de 4000 personas pudieron asistir, incluida mi pasante (su reflexi\u00f3n de la conferencia se encuentra a continuaci\u00f3n). El costo de viajar y permanecer en DC siempre hizo imposible llevar a mis pasantes. Sin embargo, este a\u00f1o, pudo asistir, escuchar y aprender de algunos de los expertos m\u00e1s reconocidos en pol\u00edticas federales de nutrici\u00f3n.\u00a0 \u00a0<\/span><\/p>\n<p><span style=\"font-weight: 400; color: #000000;\">Para m\u00ed, la mayor diferencia que sent\u00ed no fue algo tangible o cuantificable, sino la diferencia en el tono y la sensaci\u00f3n de esta conferencia en comparaci\u00f3n con muchas de las otras conferencias anteriores.<\/span><\/p>\n<p><span style=\"font-weight: 400; color: #000000;\">Los panelistas destacaron los problemas de seguridad alimentaria y nutrici\u00f3n en los Estados Unidos, que sabemos que se agravaron con la pandemia mortal. Sin embargo, los oradores cre\u00edan que 2021 ser\u00eda un a\u00f1o en el que avanzamos en temas relacionados con SNAP, nutrici\u00f3n infantil y accesibilidad a los alimentos. Cada panelista, cada moderador y cada orador principal habl\u00f3 con un sentido de esperanza. Incluso en medio de esta pandemia, hab\u00eda una sensaci\u00f3n de esperanza por la posibilidad de un cambio. Todos estaban optimistas sobre hacia d\u00f3nde nos dirig\u00edamos y entusiasmados con las nuevas posibilidades. Hab\u00eda una sensaci\u00f3n de que se avecinaba un cambio:<\/span><\/p>\n<ul>\n<li><span style=\"font-weight: 400; color: #000000;\">Cambios realizados en importantes programas de redes de seguridad.<\/span><\/li>\n<li><span style=\"font-weight: 400; color: #000000;\">Cambios en la apertura y franqueza con las que se discuti\u00f3 el racismo y la equidad.<\/span><\/li>\n<li><span style=\"font-weight: 400; color: #000000;\">Cambios en nuestra capacidad para ayudar a familias de bajos ingresos en todo nuestro pa\u00eds.\u00a0<\/span><\/li>\n<\/ul>\n<p><span style=\"font-weight: 400; color: #000000;\">Es posible que todos estuvi\u00e9ramos muy separados f\u00edsicamente, pero hab\u00eda un sentido de conexi\u00f3n, prop\u00f3sito e impulso para hacer avanzar a nuestra naci\u00f3n. \u00a1Espero trabajar junto a esos m\u00e1s de 4000 defensores este a\u00f1o para ver qu\u00e9 podemos lograr! Si quieres unirte a m\u00ed, puedes comenzar involucr\u00e1ndote con Empower Missouri <\/span><a href=\"http:\/\/empowermissouri.org\/es\/events\/missouri-food-security-coalition-meeting-11\/\"><span style=\"font-weight: 400;\"><strong>Coalici\u00f3n de seguridad alimentaria<\/strong><\/span><\/a><span style=\"font-weight: 400; color: #000000;\">.<\/span><\/p>\n<p><span style=\"font-weight: 400; color: #000000;\">Atentamente,\u00a0<\/span><\/p>\n<p><span style=\"color: #000000;\"><span style=\"font-weight: 400;\">Christine Woody, MSW<br \/>\n<\/span><span style=\"font-weight: 400;\">Coordinadora senior de pol\u00edticas y organizaci\u00f3n<\/span><\/span><\/p>\n<p><strong><em><span style=\"color: #000000;\">Una nota de la pasante de Empower Missouri, Scarlett O&#039;Shaughnessy<\/span><\/em><\/strong><\/p>\n<p><span style=\"font-weight: 400; color: #000000;\">Como estudiante en pr\u00e1cticas de trabajo social en Empower Missouri, tuve la suerte de poder asistir a la Conferencia del Centro de Acci\u00f3n e Investigaci\u00f3n de Alimentos este a\u00f1o. Este a\u00f1o, se realiz\u00f3 en un formato virtual que me permiti\u00f3 acceder f\u00e1cilmente a estos talleres en l\u00ednea. Esta experiencia me permiti\u00f3 obtener informaci\u00f3n de expertos de todo Estados Unidos sobre temas de seguridad alimentaria. Asistir a las sesiones de nivel de entrada de FRAC (Advocacy 101) brind\u00f3 informaci\u00f3n simplificada sobre los programas de alimentaci\u00f3n y nutrici\u00f3n financiados por el gobierno federal, como el Programa de Asistencia de Nutrici\u00f3n Suplementaria (SNAP), Mujeres, Beb\u00e9s y Ni\u00f1os (WIC), EBT Pandemia, Programa de Alimentos para el Cuidado de Ni\u00f1os y Adultos (CACFP) y otros programas que ayudan a brindar asistencia esencial a quienes luchan por poner comida en la mesa. Estos talleres fundamentales tambi\u00e9n explicaron procesos como la planificaci\u00f3n presupuestaria que aclararon c\u00f3mo se asignan los recursos financieros cada a\u00f1o a estos programas. Esta informaci\u00f3n se desglos\u00f3 de maneras que fueron muy \u00fatiles para m\u00ed, como estudiante universitario, al ingresar al campo de la promoci\u00f3n de pol\u00edticas.\u00a0<\/span><\/p>\n<p><span style=\"color: #000000;\"><span style=\"font-weight: 400;\">Durante el resto de mi tiempo asistiendo a la Conferencia FRAC, tambi\u00e9n pude asistir a sesiones que discut\u00edan la falta de diversidad y la inequidad que existe en el acceso a los alimentos y la investigaci\u00f3n de pol\u00edticas. Uno de los talleres que me llam\u00f3 la atenci\u00f3n fue <\/span><i><span style=\"font-weight: 400;\">No somos \u201calgo m\u00e1s\u201d: acceso a los alimentos y seguridad en las comunidades nativas americanas. <\/span><\/i><span style=\"font-weight: 400;\">Las oradoras Valerie Segrest y Janie Simms Hipp compartieron su experiencia personal y profesional sobre la lucha contra el hambre en las comunidades de pueblos ind\u00edgenas. Estas mujeres hablaron sobre los impactos da\u00f1inos que enfrentan estas comunidades al ser referidas como &quot;algo m\u00e1s&quot; en los medios nacionales. Esto puso de relieve c\u00f3mo la falta de inclusi\u00f3n en la recopilaci\u00f3n de datos sobre la investigaci\u00f3n alimentaria puede provocar que no se aborden las necesidades b\u00e1sicas de comunidades enteras. Este concepto se relaciona con una variedad de poblaciones desfavorecidas que enfrentan el hambre en los Estados Unidos todos los d\u00edas a un ritmo desproporcionado. FRAC enfatiz\u00f3 la necesidad de abordar estas inequidades y las formas de actuar frente a las injusticias que ocurren en relaci\u00f3n con el acceso a los alimentos.\u00a0<\/span><\/span><\/p>\n<p><span style=\"font-weight: 400; color: #000000;\">Asistir a la Conferencia de FRAC este a\u00f1o fue una gran oportunidad para aprender m\u00e1s sobre la seguridad alimentaria y la investigaci\u00f3n de pol\u00edticas. \u00a1Apreci\u00e9 esta experiencia como una forma de ampliar mis conocimientos para mi futuro en el trabajo social y la defensa!<\/span><\/p>\n<p><span style=\"color: #000000;\">En solidaridad,<\/span><\/p>\n<p><span style=\"color: #000000;\"><span style=\"font-weight: 400;\">Scarlett O&#039;Shaughnessy<\/span><span style=\"font-weight: 400;\"><br \/>\n<\/span><span style=\"font-weight: 400;\">Empoderar a pasante de Missouri<\/span><\/span><\/p>","protected":false},"excerpt":{"rendered":"<p>It\u2019s not too long ago that we put the year 2020 behind us. It was a year full of major world-shifting events as our country and Missourians faced one of the most unexpected and devastating global pandemics in more than 100 years. To date, the airborne virus also known as \u201cCovid-19,\u201d has killed millions across [&hellip;]<\/p>\n","protected":false},"author":9,"featured_media":6600,"comment_status":"closed","ping_status":"open","sticky":false,"template":"","format":"standard","meta":{"_exactmetrics_skip_tracking":false,"_exactmetrics_sitenote_active":false,"_exactmetrics_sitenote_note":"","_exactmetrics_sitenote_category":0,"footnotes":""},"categories":[43],"tags":[208,28,241,95,122],"issues":[213,32],"coauthors":[358],"class_list":["post-6599","post","type-post","status-publish","format-standard","has-post-thumbnail","hentry","category-weekly-perspective","tag-food-insecurity","tag-food-security","tag-frac","tag-hunger","tag-snap","issues-food-insecurity","issues-hunger"],"yoast_head":"<!-- This site is optimized with the Yoast SEO plugin v27.4 - https:\/\/yoast.com\/product\/yoast-seo-wordpress\/ -->\n<title>The Push For Food Security Will Be More Urgent Than Ever In 2021 - Empower Missouri<\/title>\n<meta name=\"robots\" content=\"index, follow, max-snippet:-1, max-image-preview:large, max-video-preview:-1\" \/>\n<link rel=\"canonical\" href=\"https:\/\/empowermissouri.org\/es\/the-push-for-food-security-will-be-more-urgent-than-ever-in-2021\/\" \/>\n<meta property=\"og:locale\" content=\"es_MX\" \/>\n<meta property=\"og:type\" content=\"article\" \/>\n<meta property=\"og:title\" content=\"The Push For Food Security Will Be More Urgent Than Ever In 2021 - Empower Missouri\" \/>\n<meta property=\"og:description\" content=\"It\u2019s not too long ago that we put the year 2020 behind us. It was a year full of major world-shifting events as our country and Missourians faced one of the most unexpected and devastating global pandemics in more than 100 years. To date, the airborne virus also known as \u201cCovid-19,\u201d has killed millions across [&hellip;]\" \/>\n<meta property=\"og:url\" content=\"https:\/\/empowermissouri.org\/es\/the-push-for-food-security-will-be-more-urgent-than-ever-in-2021\/\" \/>\n<meta property=\"og:site_name\" content=\"Empower Missouri\" \/>\n<meta property=\"article:publisher\" content=\"https:\/\/www.facebook.com\/empowermissouri\" \/>\n<meta property=\"article:published_time\" content=\"2021-03-31T03:00:00+00:00\" \/>\n<meta property=\"og:image\" content=\"https:\/\/empowermissouri.org\/app\/uploads\/2021\/03\/anna-pelzer-IGfIGP5ONV0-unsplash-scaled.jpg\" \/>\n\t<meta property=\"og:image:width\" content=\"2560\" \/>\n\t<meta property=\"og:image:height\" content=\"1707\" \/>\n\t<meta property=\"og:image:type\" content=\"image\/jpeg\" \/>\n<meta name=\"author\" content=\"Christine Woody\" \/>\n<meta name=\"twitter:card\" content=\"summary_large_image\" \/>\n<meta name=\"twitter:creator\" content=\"@empowermissouri\" \/>\n<meta name=\"twitter:site\" content=\"@empowermissouri\" \/>\n<meta name=\"twitter:label1\" content=\"Written by\" \/>\n\t<meta name=\"twitter:data1\" content=\"Christine Woody\" \/>\n\t<meta name=\"twitter:label2\" content=\"Est. reading time\" \/>\n\t<meta name=\"twitter:data2\" content=\"4 minutes\" \/>\n<script type=\"application\/ld+json\" class=\"yoast-schema-graph\">{\"@context\":\"https:\\\/\\\/schema.org\",\"@graph\":[{\"@type\":\"Article\",\"@id\":\"https:\\\/\\\/empowermissouri.org\\\/the-push-for-food-security-will-be-more-urgent-than-ever-in-2021\\\/#article\",\"isPartOf\":{\"@id\":\"https:\\\/\\\/empowermissouri.org\\\/the-push-for-food-security-will-be-more-urgent-than-ever-in-2021\\\/\"},\"author\":{\"name\":\"Christine Woody\",\"@id\":\"https:\\\/\\\/empowermissouri.org\\\/#\\\/schema\\\/person\\\/d033f7905ba9d64da54c26c249c5c3d7\"},\"headline\":\"The Push For Food Security Will Be More Urgent Than Ever In 2021\",\"datePublished\":\"2021-03-31T03:00:00+00:00\",\"mainEntityOfPage\":{\"@id\":\"https:\\\/\\\/empowermissouri.org\\\/the-push-for-food-security-will-be-more-urgent-than-ever-in-2021\\\/\"},\"wordCount\":913,\"publisher\":{\"@id\":\"https:\\\/\\\/empowermissouri.org\\\/#organization\"},\"image\":{\"@id\":\"https:\\\/\\\/empowermissouri.org\\\/the-push-for-food-security-will-be-more-urgent-than-ever-in-2021\\\/#primaryimage\"},\"thumbnailUrl\":\"https:\\\/\\\/empowermissouri.org\\\/app\\\/uploads\\\/2021\\\/03\\\/anna-pelzer-IGfIGP5ONV0-unsplash-scaled.jpg\",\"keywords\":[\"food insecurity\",\"Food Security\",\"FRAC\",\"hunger\",\"SNAP\"],\"articleSection\":[\"Weekly Perspective\"],\"inLanguage\":\"es-MX\"},{\"@type\":\"WebPage\",\"@id\":\"https:\\\/\\\/empowermissouri.org\\\/the-push-for-food-security-will-be-more-urgent-than-ever-in-2021\\\/\",\"url\":\"https:\\\/\\\/empowermissouri.org\\\/the-push-for-food-security-will-be-more-urgent-than-ever-in-2021\\\/\",\"name\":\"The Push For Food Security Will Be More Urgent Than Ever In 2021 - Empower Missouri\",\"isPartOf\":{\"@id\":\"https:\\\/\\\/empowermissouri.org\\\/#website\"},\"primaryImageOfPage\":{\"@id\":\"https:\\\/\\\/empowermissouri.org\\\/the-push-for-food-security-will-be-more-urgent-than-ever-in-2021\\\/#primaryimage\"},\"image\":{\"@id\":\"https:\\\/\\\/empowermissouri.org\\\/the-push-for-food-security-will-be-more-urgent-than-ever-in-2021\\\/#primaryimage\"},\"thumbnailUrl\":\"https:\\\/\\\/empowermissouri.org\\\/app\\\/uploads\\\/2021\\\/03\\\/anna-pelzer-IGfIGP5ONV0-unsplash-scaled.jpg\",\"datePublished\":\"2021-03-31T03:00:00+00:00\",\"breadcrumb\":{\"@id\":\"https:\\\/\\\/empowermissouri.org\\\/the-push-for-food-security-will-be-more-urgent-than-ever-in-2021\\\/#breadcrumb\"},\"inLanguage\":\"es-MX\",\"potentialAction\":[{\"@type\":\"ReadAction\",\"target\":[\"https:\\\/\\\/empowermissouri.org\\\/the-push-for-food-security-will-be-more-urgent-than-ever-in-2021\\\/\"]}]},{\"@type\":\"ImageObject\",\"inLanguage\":\"es-MX\",\"@id\":\"https:\\\/\\\/empowermissouri.org\\\/the-push-for-food-security-will-be-more-urgent-than-ever-in-2021\\\/#primaryimage\",\"url\":\"https:\\\/\\\/empowermissouri.org\\\/app\\\/uploads\\\/2021\\\/03\\\/anna-pelzer-IGfIGP5ONV0-unsplash-scaled.jpg\",\"contentUrl\":\"https:\\\/\\\/empowermissouri.org\\\/app\\\/uploads\\\/2021\\\/03\\\/anna-pelzer-IGfIGP5ONV0-unsplash-scaled.jpg\",\"width\":2560,\"height\":1707},{\"@type\":\"BreadcrumbList\",\"@id\":\"https:\\\/\\\/empowermissouri.org\\\/the-push-for-food-security-will-be-more-urgent-than-ever-in-2021\\\/#breadcrumb\",\"itemListElement\":[{\"@type\":\"ListItem\",\"position\":1,\"name\":\"Home\",\"item\":\"https:\\\/\\\/empowermissouri.org\\\/\"},{\"@type\":\"ListItem\",\"position\":2,\"name\":\"The Push For Food Security Will Be More Urgent Than Ever In 2021\"}]},{\"@type\":\"WebSite\",\"@id\":\"https:\\\/\\\/empowermissouri.org\\\/#website\",\"url\":\"https:\\\/\\\/empowermissouri.org\\\/\",\"name\":\"Empower Missouri\",\"description\":\"Advocating for Justice | Empowering Change\",\"publisher\":{\"@id\":\"https:\\\/\\\/empowermissouri.org\\\/#organization\"},\"potentialAction\":[{\"@type\":\"SearchAction\",\"target\":{\"@type\":\"EntryPoint\",\"urlTemplate\":\"https:\\\/\\\/empowermissouri.org\\\/?s={search_term_string}\"},\"query-input\":{\"@type\":\"PropertyValueSpecification\",\"valueRequired\":true,\"valueName\":\"search_term_string\"}}],\"inLanguage\":\"es-MX\"},{\"@type\":\"Organization\",\"@id\":\"https:\\\/\\\/empowermissouri.org\\\/#organization\",\"name\":\"Empower Missouri\",\"url\":\"https:\\\/\\\/empowermissouri.org\\\/\",\"logo\":{\"@type\":\"ImageObject\",\"inLanguage\":\"es-MX\",\"@id\":\"https:\\\/\\\/empowermissouri.org\\\/#\\\/schema\\\/logo\\\/image\\\/\",\"url\":\"http:\\\/\\\/empowermissouri.org\\\/app\\\/uploads\\\/2018\\\/08\\\/logo_button.png\",\"contentUrl\":\"http:\\\/\\\/empowermissouri.org\\\/app\\\/uploads\\\/2018\\\/08\\\/logo_button.png\",\"width\":579,\"height\":579,\"caption\":\"Empower Missouri\"},\"image\":{\"@id\":\"https:\\\/\\\/empowermissouri.org\\\/#\\\/schema\\\/logo\\\/image\\\/\"},\"sameAs\":[\"https:\\\/\\\/www.facebook.com\\\/empowermissouri\",\"https:\\\/\\\/x.com\\\/empowermissouri\",\"https:\\\/\\\/www.instagram.com\\\/empowermissouri\\\/\",\"https:\\\/\\\/www.linkedin.com\\\/company\\\/empower-missouri\\\/\"]},{\"@type\":\"Person\",\"@id\":\"https:\\\/\\\/empowermissouri.org\\\/#\\\/schema\\\/person\\\/d033f7905ba9d64da54c26c249c5c3d7\",\"name\":\"Christine Woody\",\"image\":{\"@type\":\"ImageObject\",\"inLanguage\":\"es-MX\",\"@id\":\"https:\\\/\\\/secure.gravatar.com\\\/avatar\\\/ec9c139b0f2e3db08946b6cc75bf1f1a2d8675c78cdd48c6a740566e7956d0ef?s=96&d=mm&r=gc816e675c87c7d1114fad2eff0298dcc\",\"url\":\"https:\\\/\\\/secure.gravatar.com\\\/avatar\\\/ec9c139b0f2e3db08946b6cc75bf1f1a2d8675c78cdd48c6a740566e7956d0ef?s=96&d=mm&r=g\",\"contentUrl\":\"https:\\\/\\\/secure.gravatar.com\\\/avatar\\\/ec9c139b0f2e3db08946b6cc75bf1f1a2d8675c78cdd48c6a740566e7956d0ef?s=96&d=mm&r=g\",\"caption\":\"Christine Woody\"},\"url\":\"https:\\\/\\\/empowermissouri.org\\\/es\\\/author\\\/christine\\\/\"}]}<\/script>\n<!-- \/ Yoast SEO plugin. -->","yoast_head_json":{"title":"The Push For Food Security Will Be More Urgent Than Ever In 2021 - Empower Missouri","robots":{"index":"index","follow":"follow","max-snippet":"max-snippet:-1","max-image-preview":"max-image-preview:large","max-video-preview":"max-video-preview:-1"},"canonical":"https:\/\/empowermissouri.org\/es\/the-push-for-food-security-will-be-more-urgent-than-ever-in-2021\/","og_locale":"es_MX","og_type":"article","og_title":"The Push For Food Security Will Be More Urgent Than Ever In 2021 - Empower Missouri","og_description":"It\u2019s not too long ago that we put the year 2020 behind us. It was a year full of major world-shifting events as our country and Missourians faced one of the most unexpected and devastating global pandemics in more than 100 years. To date, the airborne virus also known as \u201cCovid-19,\u201d has killed millions across [&hellip;]","og_url":"https:\/\/empowermissouri.org\/es\/the-push-for-food-security-will-be-more-urgent-than-ever-in-2021\/","og_site_name":"Empower Missouri","article_publisher":"https:\/\/www.facebook.com\/empowermissouri","article_published_time":"2021-03-31T03:00:00+00:00","og_image":[{"width":2560,"height":1707,"url":"https:\/\/empowermissouri.org\/app\/uploads\/2021\/03\/anna-pelzer-IGfIGP5ONV0-unsplash-scaled.jpg","type":"image\/jpeg"}],"author":"Christine Woody","twitter_card":"summary_large_image","twitter_creator":"@empowermissouri","twitter_site":"@empowermissouri","twitter_misc":{"Written by":"Christine Woody","Est. reading time":"4 minutes"},"schema":{"@context":"https:\/\/schema.org","@graph":[{"@type":"Article","@id":"https:\/\/empowermissouri.org\/the-push-for-food-security-will-be-more-urgent-than-ever-in-2021\/#article","isPartOf":{"@id":"https:\/\/empowermissouri.org\/the-push-for-food-security-will-be-more-urgent-than-ever-in-2021\/"},"author":{"name":"Christine Woody","@id":"https:\/\/empowermissouri.org\/#\/schema\/person\/d033f7905ba9d64da54c26c249c5c3d7"},"headline":"The Push For Food Security Will Be More Urgent Than Ever In 2021","datePublished":"2021-03-31T03:00:00+00:00","mainEntityOfPage":{"@id":"https:\/\/empowermissouri.org\/the-push-for-food-security-will-be-more-urgent-than-ever-in-2021\/"},"wordCount":913,"publisher":{"@id":"https:\/\/empowermissouri.org\/#organization"},"image":{"@id":"https:\/\/empowermissouri.org\/the-push-for-food-security-will-be-more-urgent-than-ever-in-2021\/#primaryimage"},"thumbnailUrl":"https:\/\/empowermissouri.org\/app\/uploads\/2021\/03\/anna-pelzer-IGfIGP5ONV0-unsplash-scaled.jpg","keywords":["food insecurity","Food Security","FRAC","hunger","SNAP"],"articleSection":["Weekly Perspective"],"inLanguage":"es-MX"},{"@type":"WebPage","@id":"https:\/\/empowermissouri.org\/the-push-for-food-security-will-be-more-urgent-than-ever-in-2021\/","url":"https:\/\/empowermissouri.org\/the-push-for-food-security-will-be-more-urgent-than-ever-in-2021\/","name":"The Push For Food Security Will Be More Urgent Than Ever In 2021 - Empower Missouri","isPartOf":{"@id":"https:\/\/empowermissouri.org\/#website"},"primaryImageOfPage":{"@id":"https:\/\/empowermissouri.org\/the-push-for-food-security-will-be-more-urgent-than-ever-in-2021\/#primaryimage"},"image":{"@id":"https:\/\/empowermissouri.org\/the-push-for-food-security-will-be-more-urgent-than-ever-in-2021\/#primaryimage"},"thumbnailUrl":"https:\/\/empowermissouri.org\/app\/uploads\/2021\/03\/anna-pelzer-IGfIGP5ONV0-unsplash-scaled.jpg","datePublished":"2021-03-31T03:00:00+00:00","breadcrumb":{"@id":"https:\/\/empowermissouri.org\/the-push-for-food-security-will-be-more-urgent-than-ever-in-2021\/#breadcrumb"},"inLanguage":"es-MX","potentialAction":[{"@type":"ReadAction","target":["https:\/\/empowermissouri.org\/the-push-for-food-security-will-be-more-urgent-than-ever-in-2021\/"]}]},{"@type":"ImageObject","inLanguage":"es-MX","@id":"https:\/\/empowermissouri.org\/the-push-for-food-security-will-be-more-urgent-than-ever-in-2021\/#primaryimage","url":"https:\/\/empowermissouri.org\/app\/uploads\/2021\/03\/anna-pelzer-IGfIGP5ONV0-unsplash-scaled.jpg","contentUrl":"https:\/\/empowermissouri.org\/app\/uploads\/2021\/03\/anna-pelzer-IGfIGP5ONV0-unsplash-scaled.jpg","width":2560,"height":1707},{"@type":"BreadcrumbList","@id":"https:\/\/empowermissouri.org\/the-push-for-food-security-will-be-more-urgent-than-ever-in-2021\/#breadcrumb","itemListElement":[{"@type":"ListItem","position":1,"name":"Home","item":"https:\/\/empowermissouri.org\/"},{"@type":"ListItem","position":2,"name":"The Push For Food Security Will Be More Urgent Than Ever In 2021"}]},{"@type":"WebSite","@id":"https:\/\/empowermissouri.org\/#website","url":"https:\/\/empowermissouri.org\/","name":"Empoderar a Missouri","description":"Advocating for Justice | Empowering Change","publisher":{"@id":"https:\/\/empowermissouri.org\/#organization"},"potentialAction":[{"@type":"SearchAction","target":{"@type":"EntryPoint","urlTemplate":"https:\/\/empowermissouri.org\/?s={search_term_string}"},"query-input":{"@type":"PropertyValueSpecification","valueRequired":true,"valueName":"search_term_string"}}],"inLanguage":"es-MX"},{"@type":"Organization","@id":"https:\/\/empowermissouri.org\/#organization","name":"Empoderar a Missouri","url":"https:\/\/empowermissouri.org\/","logo":{"@type":"ImageObject","inLanguage":"es-MX","@id":"https:\/\/empowermissouri.org\/#\/schema\/logo\/image\/","url":"http:\/\/empowermissouri.org\/app\/uploads\/2018\/08\/logo_button.png","contentUrl":"http:\/\/empowermissouri.org\/app\/uploads\/2018\/08\/logo_button.png","width":579,"height":579,"caption":"Empower Missouri"},"image":{"@id":"https:\/\/empowermissouri.org\/#\/schema\/logo\/image\/"},"sameAs":["https:\/\/www.facebook.com\/empowermissouri","https:\/\/x.com\/empowermissouri","https:\/\/www.instagram.com\/empowermissouri\/","https:\/\/www.linkedin.com\/company\/empower-missouri\/"]},{"@type":"Person","@id":"https:\/\/empowermissouri.org\/#\/schema\/person\/d033f7905ba9d64da54c26c249c5c3d7","name":"Christine Woody","image":{"@type":"ImageObject","inLanguage":"es-MX","@id":"https:\/\/secure.gravatar.com\/avatar\/ec9c139b0f2e3db08946b6cc75bf1f1a2d8675c78cdd48c6a740566e7956d0ef?s=96&d=mm&r=gc816e675c87c7d1114fad2eff0298dcc","url":"https:\/\/secure.gravatar.com\/avatar\/ec9c139b0f2e3db08946b6cc75bf1f1a2d8675c78cdd48c6a740566e7956d0ef?s=96&d=mm&r=g","contentUrl":"https:\/\/secure.gravatar.com\/avatar\/ec9c139b0f2e3db08946b6cc75bf1f1a2d8675c78cdd48c6a740566e7956d0ef?s=96&d=mm&r=g","caption":"Christine Woody"},"url":"https:\/\/empowermissouri.org\/es\/author\/christine\/"}]}},"_links":{"self":[{"href":"https:\/\/empowermissouri.org\/es\/wp-json\/wp\/v2\/posts\/6599","targetHints":{"allow":["GET"]}}],"collection":[{"href":"https:\/\/empowermissouri.org\/es\/wp-json\/wp\/v2\/posts"}],"about":[{"href":"https:\/\/empowermissouri.org\/es\/wp-json\/wp\/v2\/types\/post"}],"author":[{"embeddable":true,"href":"https:\/\/empowermissouri.org\/es\/wp-json\/wp\/v2\/users\/9"}],"replies":[{"embeddable":true,"href":"https:\/\/empowermissouri.org\/es\/wp-json\/wp\/v2\/comments?post=6599"}],"version-history":[{"count":0,"href":"https:\/\/empowermissouri.org\/es\/wp-json\/wp\/v2\/posts\/6599\/revisions"}],"wp:featuredmedia":[{"embeddable":true,"href":"https:\/\/empowermissouri.org\/es\/wp-json\/wp\/v2\/media\/6600"}],"wp:attachment":[{"href":"https:\/\/empowermissouri.org\/es\/wp-json\/wp\/v2\/media?parent=6599"}],"wp:term":[{"taxonomy":"category","embeddable":true,"href":"https:\/\/empowermissouri.org\/es\/wp-json\/wp\/v2\/categories?post=6599"},{"taxonomy":"post_tag","embeddable":true,"href":"https:\/\/empowermissouri.org\/es\/wp-json\/wp\/v2\/tags?post=6599"},{"taxonomy":"issues","embeddable":true,"href":"https:\/\/empowermissouri.org\/es\/wp-json\/wp\/v2\/issues?post=6599"},{"taxonomy":"author","embeddable":true,"href":"https:\/\/empowermissouri.org\/es\/wp-json\/wp\/v2\/coauthors?post=6599"}],"curies":[{"name":"wp","href":"https:\/\/api.w.org\/{rel}","templated":true}]}}