{"id":6544,"date":"2021-03-17T09:19:48","date_gmt":"2021-03-17T14:19:48","guid":{"rendered":"http:\/\/empowermissouri.org\/?p=6544"},"modified":"2021-03-17T09:19:49","modified_gmt":"2021-03-17T14:19:49","slug":"capitol-recap-we-still-have-a-chance-to-pass-priority-legislation-in-2021","status":"publish","type":"post","link":"https:\/\/empowermissouri.org\/es\/capitol-recap-we-still-have-a-chance-to-pass-priority-legislation-in-2021\/","title":{"rendered":"Resumen del Capitolio: todav\u00eda tenemos la oportunidad de aprobar una legislaci\u00f3n prioritaria en 2021"},"content":{"rendered":"<p><span style=\"font-weight: 400; color: #000000;\">La legislatura est\u00e1 tomando sus vacaciones anuales de primavera esta semana, lo que es ampliamente considerado como el &quot;medio tiempo&quot; de la sesi\u00f3n legislativa. Hemos pasado los \u00faltimos d\u00edas revisando nuestro progreso en toda nuestra legislaci\u00f3n prioritaria este a\u00f1o y prepar\u00e1ndonos para el sprint hacia la l\u00ednea de meta cuando la sesi\u00f3n comience la pr\u00f3xima semana. Aqu\u00ed hay una actualizaci\u00f3n r\u00e1pida sobre cada una de nuestras \u00e1reas prioritarias:\u00a0<\/span><\/p>\n<p><span style=\"color: #000000;\"><b>Vivienda asequible:<\/b><\/span><\/p>\n<p><span style=\"font-weight: 400; color: #000000;\">Estaremos prestando nuestro apoyo a <\/span><a href=\"https:\/\/www.senate.mo.gov\/21info\/BTS_Web\/Bill.aspx?SessionType=R&amp;BillID=54245054\"><b>SB 22,<\/b><\/a> <span style=\"color: #000000;\"><span style=\"font-weight: 400;\">nuestra \u00fanica pieza legislativa prioritaria en este \u00e1mbito ha sido hasta ahora votada en pleno en la c\u00e1mara. <\/span><b>SB 22<\/b><span style=\"font-weight: 400;\"> es una parte s\u00f3lida de la reforma TIF (financiamiento de incremento de impuestos) que realiza una serie de modificaciones positivas a la ley actual, incluida la actualizaci\u00f3n de la definici\u00f3n de un \u00e1rea arruinada y la implementaci\u00f3n de requisitos m\u00e1s estrictos para el uso de los fondos TIF, incluida la limitaci\u00f3n severa de su uso en llanuras aluviales. El proyecto de ley fue aprobado por el Senado el 4 de marzo y ha sido remitido al Comit\u00e9 de Desarrollo Econ\u00f3mico de la C\u00e1mara de Representantes despu\u00e9s del receso. Notificaremos a los miembros de AHC cuando est\u00e9 programada la audiencia para que se puedan presentar testimonios en apoyo de la legislaci\u00f3n.\u00a0\u00a0<\/span><\/span><\/p>\n<p><span style=\"color: #000000;\"><b><i>Tambi\u00e9n vigile:<\/i><\/b> <\/span><a href=\"https:\/\/www.senate.mo.gov\/21info\/BTS_Web\/Bill.aspx?SessionType=R&amp;BillID=54105459\"><b>SB 131,<\/b><\/a><span style=\"font-weight: 400; color: #000000;\"> lo que ayudar\u00eda a moderar la gentrificaci\u00f3n al poner un l\u00edmite al crecimiento en la evaluaci\u00f3n de la valoraci\u00f3n de la propiedad. El proyecto de ley es #46 en el Calendario de Perfecci\u00f3n Formal del Senado.\u00a0<\/span><\/p>\n<p><span style=\"color: #000000;\"><b>Reforma de la justicia penal:<\/b><\/span><\/p>\n<p><span style=\"font-weight: 400; color: #000000;\">Comencemos con las buenas noticias: estamos entusiasmados con el potencial de pasar <\/span><a href=\"https:\/\/house.mo.gov\/bill.aspx?bill=HB316&amp;year=2021&amp;code=R\"><b>HB 316<\/b><\/a><span style=\"color: #000000;\"><span style=\"font-weight: 400;\"> este a\u00f1o, lo que eliminar\u00eda las restricciones de trabajo en establecimientos que venden alcohol o billetes de loter\u00eda para quienes hayan tenido condenas por delitos graves. Esto abrir\u00eda nuevas oportunidades de empleo para miles de personas en todo el estado que actualmente no tienen permitido trabajar en muchas estaciones de servicio, tiendas de conveniencia, supermercados y restaurantes. Y, poco antes del receso, se present\u00f3 una enmienda a <\/span><b>HB 316<\/b><\/span><span style=\"font-weight: 400;\"><span style=\"color: #000000;\"> (que se encuentra actualmente en el Calendario de Perfecci\u00f3n de la Casa) que agrega el idioma que se archiv\u00f3 previamente como<\/span> <\/span><a href=\"https:\/\/house.mo.gov\/bill.aspx?bill=HB636&amp;year=2021&amp;code=R\"><b>HB 636<\/b><span style=\"font-weight: 400;\">.<\/span><\/a> <span style=\"color: #000000;\"><b>HB 636 <\/b><span style=\"font-weight: 400;\">autoriza una revisi\u00f3n de la sentencia para cualquier persona que tuviera menos de 18 a\u00f1os en el momento de cometer el delito y <\/span><span style=\"font-weight: 400;\">ha sido condenado a una pena de prisi\u00f3n de por vida con o sin elegibilidad para libertad condicional, una pena de 15 o m\u00e1s a\u00f1os, o m\u00faltiples t\u00e9rminos cuando se toman en conjunto equivalen a 15 o m\u00e1s a\u00f1os.\u00a0\u00a0<\/span><\/span><\/p>\n<p><span style=\"color: #000000;\"><span style=\"font-weight: 400;\">Durante la \u00faltima d\u00e9cada, la Corte Suprema de los Estados Unidos consider\u00f3 inconstitucional sentenciar a un menor a cadena perpetua sin libertad condicional, pero los tribunales han subvertido esa decisi\u00f3n al simplemente condenar a algunos menores a m\u00faltiples per\u00edodos consecutivos que claramente superan la esperanza de vida. Por ejemplo, Bobby Bostic cumple actualmente 241 a\u00f1os en el sistema penitenciario de Missouri por delitos no homicidas que cometi\u00f3 a la edad de 16 a\u00f1os. La versi\u00f3n enmendada de<\/span><b> HB 316 <\/b><span style=\"font-weight: 400;\">asegurar\u00eda que individuos como Bostic reciban una revisi\u00f3n de sentencia cada tres a\u00f1os.\u00a0<\/span><\/span><\/p>\n<p><span style=\"font-weight: 400; color: #000000;\">Lamentablemente, no toda nuestra legislaci\u00f3n prioritaria tendr\u00eda efectos tan positivos. Tambi\u00e9n trabajaremos arduamente para bloquear o mejorar significativamente una serie de proyectos de ley de &quot;seguridad p\u00fablica&quot; que infringen significativamente los derechos de los habitantes de Missouri. En la parte superior de la lista est\u00e1 <\/span><a href=\"https:\/\/www.senate.mo.gov\/21info\/BTS_Web\/Bill.aspx?SessionType=R&amp;BillID=54105537\"><b>SB 26, <\/b><\/a><span style=\"font-weight: 400;\"><span style=\"color: #000000;\">un proyecto de ley que establece el delito de \u201cinterferencia il\u00edcita en el tr\u00e1fico\u201d para grupos de seis o m\u00e1s personas que bloqueen el tr\u00e1fico en cualquier v\u00eda o autopista p\u00fablica. Esto est\u00e1 dirigido abiertamente a los manifestantes Black Lives Matter que con frecuencia han bloqueado el tr\u00e1fico como una forma de crear conciencia sobre el racismo sist\u00e9mico. Este proyecto de ley ha sido aprobado por el Senado y ser\u00e1 escuchado en el Comit\u00e9 de Prevenci\u00f3n del Delito de la C\u00e1mara el lunes 22 de marzo a las 12 p.m. Se puede enviar testimonio en contra de este proyecto de ley<\/span> <\/span><a href=\"https:\/\/house.mo.gov\/WitnessForm\/Default.aspx?noticeid=5923\"><b>aqu\u00ed<\/b><\/a><span style=\"color: #000000;\"><b>.<\/b><\/span><\/p>\n<p><span style=\"color: #000000;\"><b><i>Tambi\u00e9n vigile:<\/i><\/b><\/span> <a href=\"https:\/\/house.mo.gov\/bill.aspx?bill=HB636&amp;year=2021&amp;code=R\"><b>HB 876<\/b><\/a><span style=\"font-weight: 400;\"><span style=\"color: #000000;\"> y<\/span> <\/span><a href=\"https:\/\/www.senate.mo.gov\/21info\/BTS_Web\/Bill.aspx?SessionType=R&amp;BillID=54105455\"><b>SB 53,<\/b><\/a><span style=\"font-weight: 400; color: #000000;\"> que prohibir\u00eda los estrangulamientos policiales y criminalizar\u00eda a los agentes <\/span><span style=\"font-weight: 400;\"><span style=\"color: #000000;\">que se involucran en conducta sexual con un detenido o preso bajo su custodia, y<\/span> <\/span><a href=\"https:\/\/www.senate.mo.gov\/21info\/BTS_Web\/Bill.aspx?SessionType=R&amp;BillID=54105450\"><b>SB61,<\/b><\/a> <span style=\"font-weight: 400; color: #000000;\">lo que ampliar\u00eda los antecedentes penales elegibles para la eliminaci\u00f3n.<\/span><\/p>\n<p><span style=\"color: #000000;\"><b>Seguridad alimentaria:<\/b><\/span><\/p>\n<p><span style=\"font-weight: 400;\"><span style=\"color: #000000;\">Como siempre, nuestra principal prioridad ha sido evitar que la legislatura imponga requisitos laborales a los beneficiarios de SNAP. Este a\u00f1o, los veh\u00edculos para esta legislaci\u00f3n punitiva son<\/span> <\/span><a href=\"https:\/\/www.senate.mo.gov\/21info\/BTS_Web\/Bill.aspx?SessionType=R&amp;BillID=54243009\"><b>SB 138,<\/b><\/a> <span style=\"font-weight: 400; color: #000000;\">presentada por el senador Rick Brattin, y<\/span><a href=\"https:\/\/house.mo.gov\/bill.aspx?bill=HB636&amp;year=2021&amp;code=R\"> <b>HB 217,<\/b><\/a><span style=\"font-weight: 400; color: #000000;\"> presentada por el Representante Chad Perkins. Estos proyectos de ley son una soluci\u00f3n a un problema que no existe y son particularmente crueles durante una pandemia. Durante una pandemia mundial, las familias est\u00e1n luchando m\u00e1s que nunca, ya que muchas empresas e industrias se han visto paralizadas en apoyo de la seguridad p\u00fablica. Nuestros trabajadores de primera l\u00ednea le dir\u00e1n que las familias que luchan contra la inseguridad alimentaria desean desesperadamente trabajar y mantener a sus familias. Desafortunadamente, las circunstancias que rodean el empleo de bajos salarios nunca han sido m\u00e1s dif\u00edciles. No deber\u00edamos quitarles la comida a las familias que luchan por ganarse la vida.\u00a0<\/span><\/p>\n<p><span style=\"color: #000000;\"><span style=\"font-weight: 400;\">Cuando estos proyectos de ley se presentaron originalmente, cada uno ten\u00eda disposiciones que eliminar\u00edan los beneficios de SNAP de todo el hogar.<\/span><b><i> incluidos los ni\u00f1os<\/i><\/b><span style=\"font-weight: 400;\">, si el adulto sujeto a los requisitos de trabajo no cumpli\u00f3 con los requisitos de presentaci\u00f3n para demostrar que estaba trabajando o buscando trabajo. Cada uno de los proyectos de ley ha sido enmendado para que los beneficios solo se le quiten a la persona que no cumpla con los requisitos. Sin embargo, todos sabemos que cuando hay menos comida para un hogar, todos comen menos, incluidos los ni\u00f1os. Una nutrici\u00f3n adecuada ayuda al cerebro y al cuerpo de estos ni\u00f1os en desarrollo, y la nutrici\u00f3n es clave para el \u00e9xito escolar y los resultados a largo plazo. Esta cuenta <\/span><b>voluntad<\/b><span style=\"font-weight: 400;\"> aumentar el hambre infantil en nuestro estado.<\/span><\/span><\/p>\n<p><span style=\"color: #000000;\"><b>SB 138<\/b><span style=\"font-weight: 400;\"> actualmente es #33 en el Calendario de Perfecci\u00f3n Formal del Senado. Nosotros hemos emitido<\/span> <\/span><a href=\"https:\/\/drive.google.com\/file\/d\/1Gx7jNIpWL9WgQEIpoghP1o-ZW5_fq2tq\/view?emci=2632c8c8-e280-eb11-85aa-00155d43c992&amp;emdi=8e619ca8-b981-eb11-85aa-00155d43c992&amp;ceid=9854220\"><b>una alerta de acci\u00f3n<\/b><\/a><span style=\"font-weight: 400; color: #000000;\"> instando a todos los habitantes de Misuri a que se pongan en contacto con sus senadores para pedirles que se opongan a esta legislaci\u00f3n. Este proyecto de ley tendr\u00eda muchos efectos devastadores, incluido el costo de $50M en fondos federales que se gastan en tiendas de comestibles en todo el estado.\u00a0<\/span><\/p>\n<p><span style=\"color: #000000;\"><b><i>Tambi\u00e9n vigile:<\/i><\/b> <\/span><a href=\"https:\/\/house.mo.gov\/bill.aspx?bill=HB636&amp;year=2021&amp;code=R\"><b>HB 652,<\/b><\/a><span style=\"font-weight: 400; color: #000000;\"> una gran legislaci\u00f3n para proporcionar a los beneficiarios de WIC cupones para comprar frutas y verduras adicionales en los mercados de agricultores. \u00a1Es beneficioso para las familias y los agricultores!<\/span><\/p>\n<p><span style=\"color: #000000;\"><b>Justicia VIH:<\/b><\/span><\/p>\n<p><span style=\"font-weight: 400; color: #000000;\">\u00a1Terminaremos con una nota alta! Durante las \u00faltimas tres sesiones, hemos estado trabajando con defensores de la justicia del VIH de todo el estado para modernizar las leyes de criminalizaci\u00f3n del VIH extremadamente anticuadas y m\u00e9dicamente inexactas de Missouri. La intenci\u00f3n original de estas leyes era reducir la transmisi\u00f3n del VIH, pero estas leyes fracasaron al incentivar la ignorancia del estado serol\u00f3gico de una persona (evitar las pruebas \/ diagn\u00f3sticos), lo que crea un problema de salud p\u00fablica importante. Adem\u00e1s, los estados con criminalizaci\u00f3n del VIH no tienen tasas de transmisi\u00f3n m\u00e1s bajas. De hecho, ni un solo estudio o art\u00edculo revisado por pares, ni ning\u00fan experto en salud p\u00fablica acreditado, afirme que la criminalizaci\u00f3n del VIH en realidad ha reducido la transmisi\u00f3n del VIH en ninguna jurisdicci\u00f3n donde existe.<\/span><\/p>\n<p><span style=\"color: #000000;\"><span style=\"font-weight: 400;\">Ha habido avances m\u00e9dicos significativos en el tratamiento del VIH. Las personas que viven con el VIH (PVVIH) pueden tomar una pastilla al d\u00eda y reducir su carga viral a niveles indetectables. Si tiene una carga viral indetectable, el VIH es intransmisible. Las leyes penales actuales no toman esto en consideraci\u00f3n y tratan a todas las PVVIH como si fueran un riesgo para la salud p\u00fablica, lo que aumenta <\/span><span style=\"font-weight: 400;\">estigma y discriminaci\u00f3n.<\/span><\/span><\/p>\n<p><a href=\"https:\/\/www.senate.mo.gov\/21info\/BTS_Web\/Bill.aspx?SessionType=R&amp;BillID=54240606\"><b>SB 65,<\/b><\/a><span style=\"font-weight: 400;\"><span style=\"color: #000000;\"> presentada por la senadora Holly Rehder, y<\/span> <\/span><a href=\"https:\/\/house.mo.gov\/bill.aspx?bill=HB636&amp;year=2021&amp;code=R\"><b>HB 755,<\/b><\/a> <span style=\"font-weight: 400; color: #000000;\">presentados por el representante Phil Christofanelli, son proyectos de ley id\u00e9nticos para modernizar los estatutos de criminalizaci\u00f3n del VIH en Missouri. Ambos han logrado un progreso incre\u00edble hasta ahora, pasando un\u00e1nimemente por las audiencias de sus comisiones y ahora esperando las votaciones en la C\u00e1mara y el Senado. Esperamos trabajar duro en la segunda mitad de la sesi\u00f3n para asegurarnos de que se apruebe esta legislaci\u00f3n. Est\u00e9n atentos a una importante campa\u00f1a en las redes sociales que se lanzar\u00e1 la pr\u00f3xima semana para educar al p\u00fablico sobre el tema de la criminalizaci\u00f3n del VIH y obtener apoyo adicional para los proyectos de ley.\u00a0<\/span><\/p>\n<p><span style=\"font-weight: 400; color: #000000;\">En solidaridad,\u00a0<\/span><\/p>\n<p><span style=\"color: #000000;\"><span style=\"font-weight: 400;\">Mallory Rusch<\/span><span style=\"font-weight: 400;\"><br \/>\n<\/span><span style=\"font-weight: 400;\">Director ejecutivo<\/span><\/span><\/p>","protected":false},"excerpt":{"rendered":"<p>The legislature is taking their annual Spring Break this week, which is widely considered to be \u201chalftime\u201d of the legislative session. We\u2019ve spent the last few days reviewing our progress on all of our priority legislation this year and preparing for the sprint to the finish line when session begins next week.\u00a0 Here\u2019s a quick [&hellip;]<\/p>\n","protected":false},"author":17,"featured_media":6545,"comment_status":"closed","ping_status":"open","sticky":false,"template":"","format":"standard","meta":{"_exactmetrics_skip_tracking":false,"_exactmetrics_sitenote_active":false,"_exactmetrics_sitenote_note":"","_exactmetrics_sitenote_category":0,"footnotes":""},"categories":[43],"tags":[205,27,34,28,400,95,310,63],"issues":[11,32,7,217],"coauthors":[392],"class_list":["post-6544","post","type-post","status-publish","format-standard","has-post-thumbnail","hentry","category-weekly-perspective","tag-affordable-housing","tag-affordable-housing-and-homelessness","tag-criminal-justice","tag-food-security","tag-hiv-criminalization","tag-hunger","tag-missouri-general-assembly","tag-plhiv","issues-affordable-housing-and-homelessness","issues-hunger","issues-criminal-justice","issues-missouri"],"yoast_head":"<!-- This site is optimized with the Yoast SEO plugin v27.4 - https:\/\/yoast.com\/product\/yoast-seo-wordpress\/ -->\n<title>Capitol Recap: We Still Have A Chance To Pass Priority Legislation in 2021 - Empower Missouri<\/title>\n<meta name=\"robots\" content=\"index, follow, max-snippet:-1, max-image-preview:large, max-video-preview:-1\" \/>\n<link rel=\"canonical\" href=\"https:\/\/empowermissouri.org\/es\/capitol-recap-we-still-have-a-chance-to-pass-priority-legislation-in-2021\/\" \/>\n<meta property=\"og:locale\" content=\"es_MX\" \/>\n<meta property=\"og:type\" content=\"article\" \/>\n<meta property=\"og:title\" content=\"Capitol Recap: We Still Have A Chance To Pass Priority Legislation in 2021 - Empower Missouri\" \/>\n<meta property=\"og:description\" content=\"The legislature is taking their annual Spring Break this week, which is widely considered to be \u201chalftime\u201d of the legislative session. We\u2019ve spent the last few days reviewing our progress on all of our priority legislation this year and preparing for the sprint to the finish line when session begins next week.\u00a0 Here\u2019s a quick [&hellip;]\" \/>\n<meta property=\"og:url\" content=\"https:\/\/empowermissouri.org\/es\/capitol-recap-we-still-have-a-chance-to-pass-priority-legislation-in-2021\/\" \/>\n<meta property=\"og:site_name\" content=\"Empower Missouri\" \/>\n<meta property=\"article:publisher\" content=\"https:\/\/www.facebook.com\/empowermissouri\" \/>\n<meta property=\"article:published_time\" content=\"2021-03-17T14:19:48+00:00\" \/>\n<meta property=\"article:modified_time\" content=\"2021-03-17T14:19:49+00:00\" \/>\n<meta property=\"og:image\" content=\"https:\/\/empowermissouri.org\/app\/uploads\/2021\/03\/Missouri-Capitol-1-2.jpg\" \/>\n\t<meta property=\"og:image:width\" content=\"763\" \/>\n\t<meta property=\"og:image:height\" content=\"514\" \/>\n\t<meta property=\"og:image:type\" content=\"image\/jpeg\" \/>\n<meta name=\"author\" content=\"Mallory Rusch\" \/>\n<meta name=\"twitter:card\" content=\"summary_large_image\" \/>\n<meta name=\"twitter:creator\" content=\"@empowermissouri\" \/>\n<meta name=\"twitter:site\" content=\"@empowermissouri\" \/>\n<meta name=\"twitter:label1\" content=\"Written by\" \/>\n\t<meta name=\"twitter:data1\" content=\"Mallory Rusch\" \/>\n\t<meta name=\"twitter:label2\" content=\"Est. reading time\" \/>\n\t<meta name=\"twitter:data2\" content=\"6 minutes\" \/>\n<script type=\"application\/ld+json\" class=\"yoast-schema-graph\">{\"@context\":\"https:\\\/\\\/schema.org\",\"@graph\":[{\"@type\":\"Article\",\"@id\":\"https:\\\/\\\/empowermissouri.org\\\/es\\\/capitol-recap-we-still-have-a-chance-to-pass-priority-legislation-in-2021\\\/#article\",\"isPartOf\":{\"@id\":\"https:\\\/\\\/empowermissouri.org\\\/es\\\/capitol-recap-we-still-have-a-chance-to-pass-priority-legislation-in-2021\\\/\"},\"author\":{\"name\":\"Mallory Rusch\",\"@id\":\"https:\\\/\\\/empowermissouri.org\\\/#\\\/schema\\\/person\\\/5ebc5f1c973ec1e30f740fd393c859a8\"},\"headline\":\"Capitol Recap: We Still Have A Chance To Pass Priority Legislation in 2021\",\"datePublished\":\"2021-03-17T14:19:48+00:00\",\"dateModified\":\"2021-03-17T14:19:49+00:00\",\"mainEntityOfPage\":{\"@id\":\"https:\\\/\\\/empowermissouri.org\\\/es\\\/capitol-recap-we-still-have-a-chance-to-pass-priority-legislation-in-2021\\\/\"},\"wordCount\":1246,\"publisher\":{\"@id\":\"https:\\\/\\\/empowermissouri.org\\\/#organization\"},\"image\":{\"@id\":\"https:\\\/\\\/empowermissouri.org\\\/es\\\/capitol-recap-we-still-have-a-chance-to-pass-priority-legislation-in-2021\\\/#primaryimage\"},\"thumbnailUrl\":\"https:\\\/\\\/empowermissouri.org\\\/app\\\/uploads\\\/2021\\\/03\\\/Missouri-Capitol-1-2.jpg\",\"keywords\":[\"affordable housing\",\"Affordable Housing and Homelessness\",\"Criminal Justice\",\"Food Security\",\"HIV Criminalization\",\"hunger\",\"missouri general assembly\",\"PLHIV\"],\"articleSection\":[\"Weekly Perspective\"],\"inLanguage\":\"es-MX\"},{\"@type\":\"WebPage\",\"@id\":\"https:\\\/\\\/empowermissouri.org\\\/es\\\/capitol-recap-we-still-have-a-chance-to-pass-priority-legislation-in-2021\\\/\",\"url\":\"https:\\\/\\\/empowermissouri.org\\\/es\\\/capitol-recap-we-still-have-a-chance-to-pass-priority-legislation-in-2021\\\/\",\"name\":\"Capitol Recap: We Still Have A Chance To Pass Priority Legislation in 2021 - Empower Missouri\",\"isPartOf\":{\"@id\":\"https:\\\/\\\/empowermissouri.org\\\/#website\"},\"primaryImageOfPage\":{\"@id\":\"https:\\\/\\\/empowermissouri.org\\\/es\\\/capitol-recap-we-still-have-a-chance-to-pass-priority-legislation-in-2021\\\/#primaryimage\"},\"image\":{\"@id\":\"https:\\\/\\\/empowermissouri.org\\\/es\\\/capitol-recap-we-still-have-a-chance-to-pass-priority-legislation-in-2021\\\/#primaryimage\"},\"thumbnailUrl\":\"https:\\\/\\\/empowermissouri.org\\\/app\\\/uploads\\\/2021\\\/03\\\/Missouri-Capitol-1-2.jpg\",\"datePublished\":\"2021-03-17T14:19:48+00:00\",\"dateModified\":\"2021-03-17T14:19:49+00:00\",\"breadcrumb\":{\"@id\":\"https:\\\/\\\/empowermissouri.org\\\/es\\\/capitol-recap-we-still-have-a-chance-to-pass-priority-legislation-in-2021\\\/#breadcrumb\"},\"inLanguage\":\"es-MX\",\"potentialAction\":[{\"@type\":\"ReadAction\",\"target\":[\"https:\\\/\\\/empowermissouri.org\\\/es\\\/capitol-recap-we-still-have-a-chance-to-pass-priority-legislation-in-2021\\\/\"]}]},{\"@type\":\"ImageObject\",\"inLanguage\":\"es-MX\",\"@id\":\"https:\\\/\\\/empowermissouri.org\\\/es\\\/capitol-recap-we-still-have-a-chance-to-pass-priority-legislation-in-2021\\\/#primaryimage\",\"url\":\"https:\\\/\\\/empowermissouri.org\\\/app\\\/uploads\\\/2021\\\/03\\\/Missouri-Capitol-1-2.jpg\",\"contentUrl\":\"https:\\\/\\\/empowermissouri.org\\\/app\\\/uploads\\\/2021\\\/03\\\/Missouri-Capitol-1-2.jpg\",\"width\":763,\"height\":514},{\"@type\":\"BreadcrumbList\",\"@id\":\"https:\\\/\\\/empowermissouri.org\\\/es\\\/capitol-recap-we-still-have-a-chance-to-pass-priority-legislation-in-2021\\\/#breadcrumb\",\"itemListElement\":[{\"@type\":\"ListItem\",\"position\":1,\"name\":\"Home\",\"item\":\"https:\\\/\\\/empowermissouri.org\\\/\"},{\"@type\":\"ListItem\",\"position\":2,\"name\":\"Capitol Recap: We Still Have A Chance To Pass Priority Legislation in 2021\"}]},{\"@type\":\"WebSite\",\"@id\":\"https:\\\/\\\/empowermissouri.org\\\/#website\",\"url\":\"https:\\\/\\\/empowermissouri.org\\\/\",\"name\":\"Empower Missouri\",\"description\":\"Advocating for Justice | Empowering Change\",\"publisher\":{\"@id\":\"https:\\\/\\\/empowermissouri.org\\\/#organization\"},\"potentialAction\":[{\"@type\":\"SearchAction\",\"target\":{\"@type\":\"EntryPoint\",\"urlTemplate\":\"https:\\\/\\\/empowermissouri.org\\\/?s={search_term_string}\"},\"query-input\":{\"@type\":\"PropertyValueSpecification\",\"valueRequired\":true,\"valueName\":\"search_term_string\"}}],\"inLanguage\":\"es-MX\"},{\"@type\":\"Organization\",\"@id\":\"https:\\\/\\\/empowermissouri.org\\\/#organization\",\"name\":\"Empower Missouri\",\"url\":\"https:\\\/\\\/empowermissouri.org\\\/\",\"logo\":{\"@type\":\"ImageObject\",\"inLanguage\":\"es-MX\",\"@id\":\"https:\\\/\\\/empowermissouri.org\\\/#\\\/schema\\\/logo\\\/image\\\/\",\"url\":\"http:\\\/\\\/empowermissouri.org\\\/app\\\/uploads\\\/2018\\\/08\\\/logo_button.png\",\"contentUrl\":\"http:\\\/\\\/empowermissouri.org\\\/app\\\/uploads\\\/2018\\\/08\\\/logo_button.png\",\"width\":579,\"height\":579,\"caption\":\"Empower Missouri\"},\"image\":{\"@id\":\"https:\\\/\\\/empowermissouri.org\\\/#\\\/schema\\\/logo\\\/image\\\/\"},\"sameAs\":[\"https:\\\/\\\/www.facebook.com\\\/empowermissouri\",\"https:\\\/\\\/x.com\\\/empowermissouri\",\"https:\\\/\\\/www.instagram.com\\\/empowermissouri\\\/\",\"https:\\\/\\\/www.linkedin.com\\\/company\\\/empower-missouri\\\/\"]},{\"@type\":\"Person\",\"@id\":\"https:\\\/\\\/empowermissouri.org\\\/#\\\/schema\\\/person\\\/5ebc5f1c973ec1e30f740fd393c859a8\",\"name\":\"Mallory Rusch\",\"image\":{\"@type\":\"ImageObject\",\"inLanguage\":\"es-MX\",\"@id\":\"https:\\\/\\\/secure.gravatar.com\\\/avatar\\\/3768ca68ab070f009ce552a9094284dac74bdb35602ac589a0b2524807596fb8?s=96&d=mm&r=g2c8fb0e50e51756410fffd90792a2d7c\",\"url\":\"https:\\\/\\\/secure.gravatar.com\\\/avatar\\\/3768ca68ab070f009ce552a9094284dac74bdb35602ac589a0b2524807596fb8?s=96&d=mm&r=g\",\"contentUrl\":\"https:\\\/\\\/secure.gravatar.com\\\/avatar\\\/3768ca68ab070f009ce552a9094284dac74bdb35602ac589a0b2524807596fb8?s=96&d=mm&r=g\",\"caption\":\"Mallory Rusch\"},\"sameAs\":[\"jeremy@buzzbold.com\"],\"url\":\"https:\\\/\\\/empowermissouri.org\\\/es\\\/author\\\/malloryrusch\\\/\"}]}<\/script>\n<!-- \/ Yoast SEO plugin. -->","yoast_head_json":{"title":"Capitol Recap: We Still Have A Chance To Pass Priority Legislation in 2021 - Empower Missouri","robots":{"index":"index","follow":"follow","max-snippet":"max-snippet:-1","max-image-preview":"max-image-preview:large","max-video-preview":"max-video-preview:-1"},"canonical":"https:\/\/empowermissouri.org\/es\/capitol-recap-we-still-have-a-chance-to-pass-priority-legislation-in-2021\/","og_locale":"es_MX","og_type":"article","og_title":"Capitol Recap: We Still Have A Chance To Pass Priority Legislation in 2021 - Empower Missouri","og_description":"The legislature is taking their annual Spring Break this week, which is widely considered to be \u201chalftime\u201d of the legislative session. We\u2019ve spent the last few days reviewing our progress on all of our priority legislation this year and preparing for the sprint to the finish line when session begins next week.\u00a0 Here\u2019s a quick [&hellip;]","og_url":"https:\/\/empowermissouri.org\/es\/capitol-recap-we-still-have-a-chance-to-pass-priority-legislation-in-2021\/","og_site_name":"Empower Missouri","article_publisher":"https:\/\/www.facebook.com\/empowermissouri","article_published_time":"2021-03-17T14:19:48+00:00","article_modified_time":"2021-03-17T14:19:49+00:00","og_image":[{"width":763,"height":514,"url":"https:\/\/empowermissouri.org\/app\/uploads\/2021\/03\/Missouri-Capitol-1-2.jpg","type":"image\/jpeg"}],"author":"Mallory Rusch","twitter_card":"summary_large_image","twitter_creator":"@empowermissouri","twitter_site":"@empowermissouri","twitter_misc":{"Written by":"Mallory Rusch","Est. reading time":"6 minutes"},"schema":{"@context":"https:\/\/schema.org","@graph":[{"@type":"Article","@id":"https:\/\/empowermissouri.org\/es\/capitol-recap-we-still-have-a-chance-to-pass-priority-legislation-in-2021\/#article","isPartOf":{"@id":"https:\/\/empowermissouri.org\/es\/capitol-recap-we-still-have-a-chance-to-pass-priority-legislation-in-2021\/"},"author":{"name":"Mallory Rusch","@id":"https:\/\/empowermissouri.org\/#\/schema\/person\/5ebc5f1c973ec1e30f740fd393c859a8"},"headline":"Capitol Recap: We Still Have A Chance To Pass Priority Legislation in 2021","datePublished":"2021-03-17T14:19:48+00:00","dateModified":"2021-03-17T14:19:49+00:00","mainEntityOfPage":{"@id":"https:\/\/empowermissouri.org\/es\/capitol-recap-we-still-have-a-chance-to-pass-priority-legislation-in-2021\/"},"wordCount":1246,"publisher":{"@id":"https:\/\/empowermissouri.org\/#organization"},"image":{"@id":"https:\/\/empowermissouri.org\/es\/capitol-recap-we-still-have-a-chance-to-pass-priority-legislation-in-2021\/#primaryimage"},"thumbnailUrl":"https:\/\/empowermissouri.org\/app\/uploads\/2021\/03\/Missouri-Capitol-1-2.jpg","keywords":["affordable housing","Affordable Housing and Homelessness","Criminal Justice","Food Security","HIV Criminalization","hunger","missouri general assembly","PLHIV"],"articleSection":["Weekly Perspective"],"inLanguage":"es-MX"},{"@type":"WebPage","@id":"https:\/\/empowermissouri.org\/es\/capitol-recap-we-still-have-a-chance-to-pass-priority-legislation-in-2021\/","url":"https:\/\/empowermissouri.org\/es\/capitol-recap-we-still-have-a-chance-to-pass-priority-legislation-in-2021\/","name":"Capitol Recap: We Still Have A Chance To Pass Priority Legislation in 2021 - Empower Missouri","isPartOf":{"@id":"https:\/\/empowermissouri.org\/#website"},"primaryImageOfPage":{"@id":"https:\/\/empowermissouri.org\/es\/capitol-recap-we-still-have-a-chance-to-pass-priority-legislation-in-2021\/#primaryimage"},"image":{"@id":"https:\/\/empowermissouri.org\/es\/capitol-recap-we-still-have-a-chance-to-pass-priority-legislation-in-2021\/#primaryimage"},"thumbnailUrl":"https:\/\/empowermissouri.org\/app\/uploads\/2021\/03\/Missouri-Capitol-1-2.jpg","datePublished":"2021-03-17T14:19:48+00:00","dateModified":"2021-03-17T14:19:49+00:00","breadcrumb":{"@id":"https:\/\/empowermissouri.org\/es\/capitol-recap-we-still-have-a-chance-to-pass-priority-legislation-in-2021\/#breadcrumb"},"inLanguage":"es-MX","potentialAction":[{"@type":"ReadAction","target":["https:\/\/empowermissouri.org\/es\/capitol-recap-we-still-have-a-chance-to-pass-priority-legislation-in-2021\/"]}]},{"@type":"ImageObject","inLanguage":"es-MX","@id":"https:\/\/empowermissouri.org\/es\/capitol-recap-we-still-have-a-chance-to-pass-priority-legislation-in-2021\/#primaryimage","url":"https:\/\/empowermissouri.org\/app\/uploads\/2021\/03\/Missouri-Capitol-1-2.jpg","contentUrl":"https:\/\/empowermissouri.org\/app\/uploads\/2021\/03\/Missouri-Capitol-1-2.jpg","width":763,"height":514},{"@type":"BreadcrumbList","@id":"https:\/\/empowermissouri.org\/es\/capitol-recap-we-still-have-a-chance-to-pass-priority-legislation-in-2021\/#breadcrumb","itemListElement":[{"@type":"ListItem","position":1,"name":"Home","item":"https:\/\/empowermissouri.org\/"},{"@type":"ListItem","position":2,"name":"Capitol Recap: We Still Have A Chance To Pass Priority Legislation in 2021"}]},{"@type":"WebSite","@id":"https:\/\/empowermissouri.org\/#website","url":"https:\/\/empowermissouri.org\/","name":"Empoderar a Missouri","description":"Advocating for Justice | Empowering Change","publisher":{"@id":"https:\/\/empowermissouri.org\/#organization"},"potentialAction":[{"@type":"SearchAction","target":{"@type":"EntryPoint","urlTemplate":"https:\/\/empowermissouri.org\/?s={search_term_string}"},"query-input":{"@type":"PropertyValueSpecification","valueRequired":true,"valueName":"search_term_string"}}],"inLanguage":"es-MX"},{"@type":"Organization","@id":"https:\/\/empowermissouri.org\/#organization","name":"Empoderar a Missouri","url":"https:\/\/empowermissouri.org\/","logo":{"@type":"ImageObject","inLanguage":"es-MX","@id":"https:\/\/empowermissouri.org\/#\/schema\/logo\/image\/","url":"http:\/\/empowermissouri.org\/app\/uploads\/2018\/08\/logo_button.png","contentUrl":"http:\/\/empowermissouri.org\/app\/uploads\/2018\/08\/logo_button.png","width":579,"height":579,"caption":"Empower Missouri"},"image":{"@id":"https:\/\/empowermissouri.org\/#\/schema\/logo\/image\/"},"sameAs":["https:\/\/www.facebook.com\/empowermissouri","https:\/\/x.com\/empowermissouri","https:\/\/www.instagram.com\/empowermissouri\/","https:\/\/www.linkedin.com\/company\/empower-missouri\/"]},{"@type":"Person","@id":"https:\/\/empowermissouri.org\/#\/schema\/person\/5ebc5f1c973ec1e30f740fd393c859a8","name":"Mallory Rusch","image":{"@type":"ImageObject","inLanguage":"es-MX","@id":"https:\/\/secure.gravatar.com\/avatar\/3768ca68ab070f009ce552a9094284dac74bdb35602ac589a0b2524807596fb8?s=96&d=mm&r=g2c8fb0e50e51756410fffd90792a2d7c","url":"https:\/\/secure.gravatar.com\/avatar\/3768ca68ab070f009ce552a9094284dac74bdb35602ac589a0b2524807596fb8?s=96&d=mm&r=g","contentUrl":"https:\/\/secure.gravatar.com\/avatar\/3768ca68ab070f009ce552a9094284dac74bdb35602ac589a0b2524807596fb8?s=96&d=mm&r=g","caption":"Mallory Rusch"},"sameAs":["jeremy@buzzbold.com"],"url":"https:\/\/empowermissouri.org\/es\/author\/malloryrusch\/"}]}},"_links":{"self":[{"href":"https:\/\/empowermissouri.org\/es\/wp-json\/wp\/v2\/posts\/6544","targetHints":{"allow":["GET"]}}],"collection":[{"href":"https:\/\/empowermissouri.org\/es\/wp-json\/wp\/v2\/posts"}],"about":[{"href":"https:\/\/empowermissouri.org\/es\/wp-json\/wp\/v2\/types\/post"}],"author":[{"embeddable":true,"href":"https:\/\/empowermissouri.org\/es\/wp-json\/wp\/v2\/users\/17"}],"replies":[{"embeddable":true,"href":"https:\/\/empowermissouri.org\/es\/wp-json\/wp\/v2\/comments?post=6544"}],"version-history":[{"count":0,"href":"https:\/\/empowermissouri.org\/es\/wp-json\/wp\/v2\/posts\/6544\/revisions"}],"wp:featuredmedia":[{"embeddable":true,"href":"https:\/\/empowermissouri.org\/es\/wp-json\/wp\/v2\/media\/6545"}],"wp:attachment":[{"href":"https:\/\/empowermissouri.org\/es\/wp-json\/wp\/v2\/media?parent=6544"}],"wp:term":[{"taxonomy":"category","embeddable":true,"href":"https:\/\/empowermissouri.org\/es\/wp-json\/wp\/v2\/categories?post=6544"},{"taxonomy":"post_tag","embeddable":true,"href":"https:\/\/empowermissouri.org\/es\/wp-json\/wp\/v2\/tags?post=6544"},{"taxonomy":"issues","embeddable":true,"href":"https:\/\/empowermissouri.org\/es\/wp-json\/wp\/v2\/issues?post=6544"},{"taxonomy":"author","embeddable":true,"href":"https:\/\/empowermissouri.org\/es\/wp-json\/wp\/v2\/coauthors?post=6544"}],"curies":[{"name":"wp","href":"https:\/\/api.w.org\/{rel}","templated":true}]}}