{"id":6281,"date":"2021-01-20T08:38:37","date_gmt":"2021-01-20T14:38:37","guid":{"rendered":"http:\/\/empowermissouri.org\/?p=6281"},"modified":"2021-01-20T08:58:28","modified_gmt":"2021-01-20T14:58:28","slug":"we-must-not-forget-our-fight-for-criminal-justice-reforms-is-critical-in-2021","status":"publish","type":"post","link":"https:\/\/empowermissouri.org\/es\/we-must-not-forget-our-fight-for-criminal-justice-reforms-is-critical-in-2021\/","title":{"rendered":"No debemos olvidar que nuestra lucha por las reformas de la justicia penal es fundamental en 2021"},"content":{"rendered":"<p><span style=\"font-weight: 400; color: #000000;\">A medida que avanza la sesi\u00f3n legislativa de 2021, no debemos olvidar lo que sucedi\u00f3 en 2020:<\/span><\/p>\n<p><span style=\"font-weight: 400; color: #000000;\">No olvidemos c\u00f3mo el asesinato de George Floyd sac\u00f3 a la luz la lucha por la reforma policial.<\/span><\/p>\n<p><span style=\"font-weight: 400; color: #000000;\">No olvidemos c\u00f3mo COVID atraves\u00f3 nuestras c\u00e1rceles, que alberga a muchas personas que podr\u00edan ser liberadas con \u00e9xito y de forma segura.&nbsp;<\/span><\/p>\n<p><span style=\"font-weight: 400; color: #000000;\">No olvidemos que cientos de miles estaban sin trabajo, muchos de los cuales tienen antecedentes penales y enfrentan barreras adicionales para obtener un nuevo empleo.<\/span><\/p>\n<p><span style=\"font-weight: 400; color: #000000;\">El <\/span><a href=\"http:\/\/empowermissouri.org\/es\/campaigns\/join-our-smart-sentencing-coalition\/\"><span style=\"font-weight: 400;\"><strong>Coalici\u00f3n de Sentencias Inteligentes<\/strong><\/span><\/a><span style=\"font-weight: 400; color: #000000;\">, una coalici\u00f3n coordinada por Empower Missouri y formada por defensores y organizaciones de todo el estado, no lo olvidar\u00e1. Estamos dispuestos a abogar por la aprobaci\u00f3n de nuevas leyes en 2021 que crear\u00e1n un futuro m\u00e1s justo y equitativo.&nbsp;<\/span><\/p>\n<p><span style=\"font-weight: 400; color: #000000;\">Nuestra agenda de cambio en 2021 incluye:<\/span><\/p>\n<ol>\n<li><span style=\"color: #000000;\"><b>Aprobar la reforma policial. <\/b><\/span><strong><a href=\"https:\/\/www.senate.mo.gov\/mem14\/\">Senador Brian Williams<\/a><\/strong><span style=\"font-weight: 400; color: #000000;\"> tiene una factura<\/span><a href=\"https:\/\/www.senate.mo.gov\/21info\/BTS_Web\/Bill.aspx?SessionType=R&amp;BillID=54105449\"><span style=\"font-weight: 400;\"><strong>Proyecto de ley del Senado 60<\/strong><\/span><\/a><span style=\"font-weight: 400;\"><span style=\"color: #000000;\">)<\/span> <span style=\"color: #000000;\">que comienza a abordar las reformas policiales. Empower Missouri cree que se necesita m\u00e1s, pero su proyecto de ley es un buen primer paso en la direcci\u00f3n de la reforma. Su proyecto de ley cubre temas cr\u00edticos que incluyen \u00f3rdenes judiciales de no golpe, uso de fuerza, estrangulamiento, conducta sexual inapropiada de oficiales, entrenamiento de oficiales.&nbsp;&nbsp;<\/span>\n<p><\/span><\/li>\n<li style=\"font-weight: 400;\" aria-level=\"1\"><span style=\"color: #000000;\"><b>Permitir la libertad condicional geri\u00e1trica.<\/b><span style=\"font-weight: 400;\"> Los legisladores deben considerar la posibilidad de autorizar la liberaci\u00f3n anticipada a trav\u00e9s de la libertad condicional m\u00e9dica para las personas con enfermedades terminales, geri\u00e1tricas o discapacitadas permanentes en nuestro sistema penitenciario. Las investigaciones muestran que la tasa de reincidencia de las personas disminuye significativamente a medida que una persona envejece. Los funcionarios de Carolina del Sur incluyeron esta reforma en su paquete de cambio de sentencia de 2010.<\/span><\/span> <strong><a href=\"https:\/\/house.mo.gov\/MemberDetails.aspx?year=2021&amp;code=R&amp;district=065\">Representante Tom Hannegan<\/a><\/strong><span style=\"font-weight: 400; color: #000000;\"> ha introducido <\/span><a href=\"https:\/\/house.mo.gov\/bill.aspx?bill=HB277&amp;year=2021&amp;code=R\"><span style=\"font-weight: 400;\"><strong>Proyecto de ley de la C\u00e1mara 277<\/strong><\/span><\/a><span style=\"font-weight: 400;\"><span style=\"color: #000000;\"> que implementar\u00eda una forma de libertad condicional geri\u00e1trica. Este tipo de medida reducir\u00eda nuestra poblaci\u00f3n carcelaria de una manera segura que proteger\u00eda a los presos mayores de la mayor posibilidad de infecci\u00f3n por COVID.&nbsp;<\/span>\n<p><\/span><\/li>\n<li style=\"font-weight: 400;\" aria-level=\"1\"><span style=\"color: #000000;\"><b>Elimine las barreras laborales para aquellos con antecedentes penales. <\/b><span style=\"font-weight: 400;\">Las personas con condenas penales en sus registros tienen muchas barreras que enfrentan despu\u00e9s de haber cumplido su condena. Una forma de ayudar a las personas a tener \u00e9xito despu\u00e9s de la liberaci\u00f3n incluye cambiar las leyes que imponen prohibiciones generales en ciertos trabajos para aquellos con ciertos antecedentes penales. <\/span><\/span><strong><a href=\"https:\/\/house.mo.gov\/MemberDetails.aspx?year=2021&amp;code=R&amp;district=044\">Representante Cheri Toalson Reisch<\/a><\/strong><span style=\"font-weight: 400;\"><span style=\"color: #000000;\"> ha presentado<\/span> <\/span><strong><a href=\"https:\/\/house.mo.gov\/bill.aspx?bill=HB316&amp;year=2021&amp;code=R\">Proyecto de ley 316 de la C\u00e1mara<\/a><\/strong><span style=\"font-weight: 400; color: #000000;\"> eso eliminar\u00eda la prohibici\u00f3n de empleo para aquellos con antecedentes penales en lugares que venden y sirven alcohol o venden billetes de loter\u00eda. Este cambio abrir\u00e1 miles de nuevas oportunidades de empleo para los habitantes de Missouri con antecedentes penales. Adem\u00e1s, estamos dando prioridad a la promulgaci\u00f3n de legislaci\u00f3n que eliminar\u00eda los antecedentes penales de ciertas personas despu\u00e9s de un cierto per\u00edodo de tiempo, lo que tambi\u00e9n aumentar\u00eda las opciones que tienen las personas para obtener empleo. <\/span><strong><a href=\"https:\/\/www.senate.mo.gov\/mem14\/\">Senador Brian Williams<\/a><\/strong><span style=\"font-weight: 400; color: #000000;\"> ha patrocinado<\/span> <strong><a href=\"https:\/\/www.senate.mo.gov\/21info\/BTS_Web\/Bill.aspx?SessionType=R&amp;BillID=54105450\">Proyecto de ley del Senado 61<\/a><\/strong><span style=\"font-weight: 400; color: #000000;\"> para abordar este asunto. Este proyecto de ley har\u00eda que los registros de arrestos no estuvieran disponibles autom\u00e1ticamente durante una b\u00fasqueda de registros, as\u00ed como tambi\u00e9n implementar\u00eda otras medidas que har\u00e1n que el proceso de eliminaci\u00f3n sea m\u00e1s accesible para m\u00e1s personas.<\/span><\/li>\n<\/ol>\n<p><span style=\"font-weight: 400; color: #000000;\">Es el momento adecuado en Missouri para promulgar estos cambios positivos en nuestro sistema de justicia y la Coalici\u00f3n de Sentencias Inteligentes de Empower Missouri estar\u00e1 all\u00ed para impulsarlo. Si est\u00e1 interesado en trabajar para luchar por reformas positivas de la justicia penal en Missouri, \u00a1nos encantar\u00eda que se una a nosotros! Para obtener m\u00e1s informaci\u00f3n sobre la Smart Sentencing Coalition, env\u00ede un correo electr\u00f3nico a Christine Woody a <\/span><strong><a href=\"mailto:christine@empowermissouri.org\">christine@empowermissouri.org<\/a>.<\/strong><\/p>\n<p><span style=\"color: #000000;\">En solidaridad,&nbsp;<\/span><\/p>\n<p><span style=\"color: #000000;\">Christine Woody<br \/>\nCoordinadora senior de pol\u00edticas y organizaci\u00f3n<\/span><\/p>","protected":false},"excerpt":{"rendered":"<p>As the 2021 Legislative session gets underway, we must not forget what happened in 2020: Let us not forget how the killing of George Floyd brought to light the fight for policing reform. Let us not forget how COVID ran through our prisons, which holds many individuals who could successfully and safely be released.&nbsp; Let [&hellip;]<\/p>\n","protected":false},"author":9,"featured_media":6285,"comment_status":"closed","ping_status":"open","sticky":false,"template":"","format":"standard","meta":{"_exactmetrics_skip_tracking":false,"_exactmetrics_sitenote_active":false,"_exactmetrics_sitenote_note":"","_exactmetrics_sitenote_category":0,"footnotes":""},"categories":[43],"tags":[34,62,310],"issues":[7],"coauthors":[358],"class_list":["post-6281","post","type-post","status-publish","format-standard","has-post-thumbnail","hentry","category-weekly-perspective","tag-criminal-justice","tag-missouri","tag-missouri-general-assembly","issues-criminal-justice"],"yoast_head":"<!-- This site is optimized with the Yoast SEO plugin v27.4 - https:\/\/yoast.com\/product\/yoast-seo-wordpress\/ -->\n<title>We Must Not Forget That Our Fight for Criminal Justice Reforms is Critical in 2021 - Empower Missouri<\/title>\n<meta name=\"robots\" content=\"index, follow, max-snippet:-1, max-image-preview:large, max-video-preview:-1\" \/>\n<link rel=\"canonical\" href=\"https:\/\/empowermissouri.org\/es\/we-must-not-forget-our-fight-for-criminal-justice-reforms-is-critical-in-2021\/\" \/>\n<meta property=\"og:locale\" content=\"es_MX\" \/>\n<meta property=\"og:type\" content=\"article\" \/>\n<meta property=\"og:title\" content=\"We Must Not Forget That Our Fight for Criminal Justice Reforms is Critical in 2021 - Empower Missouri\" \/>\n<meta property=\"og:description\" content=\"As the 2021 Legislative session gets underway, we must not forget what happened in 2020: Let us not forget how the killing of George Floyd brought to light the fight for policing reform. Let us not forget how COVID ran through our prisons, which holds many individuals who could successfully and safely be released.&nbsp; Let [&hellip;]\" \/>\n<meta property=\"og:url\" content=\"https:\/\/empowermissouri.org\/es\/we-must-not-forget-our-fight-for-criminal-justice-reforms-is-critical-in-2021\/\" \/>\n<meta property=\"og:site_name\" content=\"Empower Missouri\" \/>\n<meta property=\"article:publisher\" content=\"https:\/\/www.facebook.com\/empowermissouri\" \/>\n<meta property=\"article:published_time\" content=\"2021-01-20T14:38:37+00:00\" \/>\n<meta property=\"article:modified_time\" content=\"2021-01-20T14:58:28+00:00\" \/>\n<meta property=\"og:image\" content=\"https:\/\/empowermissouri.org\/app\/uploads\/2021\/01\/logan-weaver-nEyhFPjEmY8-unsplash-1-scaled.jpg\" \/>\n\t<meta property=\"og:image:width\" content=\"1707\" \/>\n\t<meta property=\"og:image:height\" content=\"2560\" \/>\n\t<meta property=\"og:image:type\" content=\"image\/jpeg\" \/>\n<meta name=\"author\" content=\"Christine Woody\" \/>\n<meta name=\"twitter:card\" content=\"summary_large_image\" \/>\n<meta name=\"twitter:creator\" content=\"@empowermissouri\" \/>\n<meta name=\"twitter:site\" content=\"@empowermissouri\" \/>\n<meta name=\"twitter:label1\" content=\"Written by\" \/>\n\t<meta name=\"twitter:data1\" content=\"Christine Woody\" \/>\n\t<meta name=\"twitter:label2\" content=\"Est. reading time\" \/>\n\t<meta name=\"twitter:data2\" content=\"3 minutes\" \/>\n<script type=\"application\/ld+json\" class=\"yoast-schema-graph\">{\"@context\":\"https:\\\/\\\/schema.org\",\"@graph\":[{\"@type\":\"Article\",\"@id\":\"https:\\\/\\\/empowermissouri.org\\\/we-must-not-forget-our-fight-for-criminal-justice-reforms-is-critical-in-2021\\\/#article\",\"isPartOf\":{\"@id\":\"https:\\\/\\\/empowermissouri.org\\\/we-must-not-forget-our-fight-for-criminal-justice-reforms-is-critical-in-2021\\\/\"},\"author\":{\"name\":\"Christine Woody\",\"@id\":\"https:\\\/\\\/empowermissouri.org\\\/#\\\/schema\\\/person\\\/d033f7905ba9d64da54c26c249c5c3d7\"},\"headline\":\"We Must Not Forget That Our Fight for Criminal Justice Reforms is Critical in 2021\",\"datePublished\":\"2021-01-20T14:38:37+00:00\",\"dateModified\":\"2021-01-20T14:58:28+00:00\",\"mainEntityOfPage\":{\"@id\":\"https:\\\/\\\/empowermissouri.org\\\/we-must-not-forget-our-fight-for-criminal-justice-reforms-is-critical-in-2021\\\/\"},\"wordCount\":549,\"publisher\":{\"@id\":\"https:\\\/\\\/empowermissouri.org\\\/#organization\"},\"image\":{\"@id\":\"https:\\\/\\\/empowermissouri.org\\\/we-must-not-forget-our-fight-for-criminal-justice-reforms-is-critical-in-2021\\\/#primaryimage\"},\"thumbnailUrl\":\"https:\\\/\\\/empowermissouri.org\\\/app\\\/uploads\\\/2021\\\/01\\\/logan-weaver-nEyhFPjEmY8-unsplash-1-scaled.jpg\",\"keywords\":[\"Criminal Justice\",\"Missouri\",\"missouri general assembly\"],\"articleSection\":[\"Weekly Perspective\"],\"inLanguage\":\"es-MX\"},{\"@type\":\"WebPage\",\"@id\":\"https:\\\/\\\/empowermissouri.org\\\/we-must-not-forget-our-fight-for-criminal-justice-reforms-is-critical-in-2021\\\/\",\"url\":\"https:\\\/\\\/empowermissouri.org\\\/we-must-not-forget-our-fight-for-criminal-justice-reforms-is-critical-in-2021\\\/\",\"name\":\"We Must Not Forget That Our Fight for Criminal Justice Reforms is Critical in 2021 - Empower Missouri\",\"isPartOf\":{\"@id\":\"https:\\\/\\\/empowermissouri.org\\\/#website\"},\"primaryImageOfPage\":{\"@id\":\"https:\\\/\\\/empowermissouri.org\\\/we-must-not-forget-our-fight-for-criminal-justice-reforms-is-critical-in-2021\\\/#primaryimage\"},\"image\":{\"@id\":\"https:\\\/\\\/empowermissouri.org\\\/we-must-not-forget-our-fight-for-criminal-justice-reforms-is-critical-in-2021\\\/#primaryimage\"},\"thumbnailUrl\":\"https:\\\/\\\/empowermissouri.org\\\/app\\\/uploads\\\/2021\\\/01\\\/logan-weaver-nEyhFPjEmY8-unsplash-1-scaled.jpg\",\"datePublished\":\"2021-01-20T14:38:37+00:00\",\"dateModified\":\"2021-01-20T14:58:28+00:00\",\"breadcrumb\":{\"@id\":\"https:\\\/\\\/empowermissouri.org\\\/we-must-not-forget-our-fight-for-criminal-justice-reforms-is-critical-in-2021\\\/#breadcrumb\"},\"inLanguage\":\"es-MX\",\"potentialAction\":[{\"@type\":\"ReadAction\",\"target\":[\"https:\\\/\\\/empowermissouri.org\\\/we-must-not-forget-our-fight-for-criminal-justice-reforms-is-critical-in-2021\\\/\"]}]},{\"@type\":\"ImageObject\",\"inLanguage\":\"es-MX\",\"@id\":\"https:\\\/\\\/empowermissouri.org\\\/we-must-not-forget-our-fight-for-criminal-justice-reforms-is-critical-in-2021\\\/#primaryimage\",\"url\":\"https:\\\/\\\/empowermissouri.org\\\/app\\\/uploads\\\/2021\\\/01\\\/logan-weaver-nEyhFPjEmY8-unsplash-1-scaled.jpg\",\"contentUrl\":\"https:\\\/\\\/empowermissouri.org\\\/app\\\/uploads\\\/2021\\\/01\\\/logan-weaver-nEyhFPjEmY8-unsplash-1-scaled.jpg\",\"width\":1707,\"height\":2560},{\"@type\":\"BreadcrumbList\",\"@id\":\"https:\\\/\\\/empowermissouri.org\\\/we-must-not-forget-our-fight-for-criminal-justice-reforms-is-critical-in-2021\\\/#breadcrumb\",\"itemListElement\":[{\"@type\":\"ListItem\",\"position\":1,\"name\":\"Home\",\"item\":\"https:\\\/\\\/empowermissouri.org\\\/\"},{\"@type\":\"ListItem\",\"position\":2,\"name\":\"We Must Not Forget That Our Fight for Criminal Justice Reforms is Critical in 2021\"}]},{\"@type\":\"WebSite\",\"@id\":\"https:\\\/\\\/empowermissouri.org\\\/#website\",\"url\":\"https:\\\/\\\/empowermissouri.org\\\/\",\"name\":\"Empower Missouri\",\"description\":\"Advocating for Justice | Empowering Change\",\"publisher\":{\"@id\":\"https:\\\/\\\/empowermissouri.org\\\/#organization\"},\"potentialAction\":[{\"@type\":\"SearchAction\",\"target\":{\"@type\":\"EntryPoint\",\"urlTemplate\":\"https:\\\/\\\/empowermissouri.org\\\/?s={search_term_string}\"},\"query-input\":{\"@type\":\"PropertyValueSpecification\",\"valueRequired\":true,\"valueName\":\"search_term_string\"}}],\"inLanguage\":\"es-MX\"},{\"@type\":\"Organization\",\"@id\":\"https:\\\/\\\/empowermissouri.org\\\/#organization\",\"name\":\"Empower Missouri\",\"url\":\"https:\\\/\\\/empowermissouri.org\\\/\",\"logo\":{\"@type\":\"ImageObject\",\"inLanguage\":\"es-MX\",\"@id\":\"https:\\\/\\\/empowermissouri.org\\\/#\\\/schema\\\/logo\\\/image\\\/\",\"url\":\"http:\\\/\\\/empowermissouri.org\\\/app\\\/uploads\\\/2018\\\/08\\\/logo_button.png\",\"contentUrl\":\"http:\\\/\\\/empowermissouri.org\\\/app\\\/uploads\\\/2018\\\/08\\\/logo_button.png\",\"width\":579,\"height\":579,\"caption\":\"Empower Missouri\"},\"image\":{\"@id\":\"https:\\\/\\\/empowermissouri.org\\\/#\\\/schema\\\/logo\\\/image\\\/\"},\"sameAs\":[\"https:\\\/\\\/www.facebook.com\\\/empowermissouri\",\"https:\\\/\\\/x.com\\\/empowermissouri\",\"https:\\\/\\\/www.instagram.com\\\/empowermissouri\\\/\",\"https:\\\/\\\/www.linkedin.com\\\/company\\\/empower-missouri\\\/\"]},{\"@type\":\"Person\",\"@id\":\"https:\\\/\\\/empowermissouri.org\\\/#\\\/schema\\\/person\\\/d033f7905ba9d64da54c26c249c5c3d7\",\"name\":\"Christine Woody\",\"image\":{\"@type\":\"ImageObject\",\"inLanguage\":\"es-MX\",\"@id\":\"https:\\\/\\\/secure.gravatar.com\\\/avatar\\\/ec9c139b0f2e3db08946b6cc75bf1f1a2d8675c78cdd48c6a740566e7956d0ef?s=96&d=mm&r=gc816e675c87c7d1114fad2eff0298dcc\",\"url\":\"https:\\\/\\\/secure.gravatar.com\\\/avatar\\\/ec9c139b0f2e3db08946b6cc75bf1f1a2d8675c78cdd48c6a740566e7956d0ef?s=96&d=mm&r=g\",\"contentUrl\":\"https:\\\/\\\/secure.gravatar.com\\\/avatar\\\/ec9c139b0f2e3db08946b6cc75bf1f1a2d8675c78cdd48c6a740566e7956d0ef?s=96&d=mm&r=g\",\"caption\":\"Christine Woody\"},\"url\":\"https:\\\/\\\/empowermissouri.org\\\/es\\\/author\\\/christine\\\/\"}]}<\/script>\n<!-- \/ Yoast SEO plugin. -->","yoast_head_json":{"title":"We Must Not Forget That Our Fight for Criminal Justice Reforms is Critical in 2021 - Empower Missouri","robots":{"index":"index","follow":"follow","max-snippet":"max-snippet:-1","max-image-preview":"max-image-preview:large","max-video-preview":"max-video-preview:-1"},"canonical":"https:\/\/empowermissouri.org\/es\/we-must-not-forget-our-fight-for-criminal-justice-reforms-is-critical-in-2021\/","og_locale":"es_MX","og_type":"article","og_title":"We Must Not Forget That Our Fight for Criminal Justice Reforms is Critical in 2021 - Empower Missouri","og_description":"As the 2021 Legislative session gets underway, we must not forget what happened in 2020: Let us not forget how the killing of George Floyd brought to light the fight for policing reform. Let us not forget how COVID ran through our prisons, which holds many individuals who could successfully and safely be released.&nbsp; Let [&hellip;]","og_url":"https:\/\/empowermissouri.org\/es\/we-must-not-forget-our-fight-for-criminal-justice-reforms-is-critical-in-2021\/","og_site_name":"Empower Missouri","article_publisher":"https:\/\/www.facebook.com\/empowermissouri","article_published_time":"2021-01-20T14:38:37+00:00","article_modified_time":"2021-01-20T14:58:28+00:00","og_image":[{"width":1707,"height":2560,"url":"https:\/\/empowermissouri.org\/app\/uploads\/2021\/01\/logan-weaver-nEyhFPjEmY8-unsplash-1-scaled.jpg","type":"image\/jpeg"}],"author":"Christine Woody","twitter_card":"summary_large_image","twitter_creator":"@empowermissouri","twitter_site":"@empowermissouri","twitter_misc":{"Written by":"Christine Woody","Est. reading time":"3 minutes"},"schema":{"@context":"https:\/\/schema.org","@graph":[{"@type":"Article","@id":"https:\/\/empowermissouri.org\/we-must-not-forget-our-fight-for-criminal-justice-reforms-is-critical-in-2021\/#article","isPartOf":{"@id":"https:\/\/empowermissouri.org\/we-must-not-forget-our-fight-for-criminal-justice-reforms-is-critical-in-2021\/"},"author":{"name":"Christine Woody","@id":"https:\/\/empowermissouri.org\/#\/schema\/person\/d033f7905ba9d64da54c26c249c5c3d7"},"headline":"We Must Not Forget That Our Fight for Criminal Justice Reforms is Critical in 2021","datePublished":"2021-01-20T14:38:37+00:00","dateModified":"2021-01-20T14:58:28+00:00","mainEntityOfPage":{"@id":"https:\/\/empowermissouri.org\/we-must-not-forget-our-fight-for-criminal-justice-reforms-is-critical-in-2021\/"},"wordCount":549,"publisher":{"@id":"https:\/\/empowermissouri.org\/#organization"},"image":{"@id":"https:\/\/empowermissouri.org\/we-must-not-forget-our-fight-for-criminal-justice-reforms-is-critical-in-2021\/#primaryimage"},"thumbnailUrl":"https:\/\/empowermissouri.org\/app\/uploads\/2021\/01\/logan-weaver-nEyhFPjEmY8-unsplash-1-scaled.jpg","keywords":["Criminal Justice","Missouri","missouri general assembly"],"articleSection":["Weekly Perspective"],"inLanguage":"es-MX"},{"@type":"WebPage","@id":"https:\/\/empowermissouri.org\/we-must-not-forget-our-fight-for-criminal-justice-reforms-is-critical-in-2021\/","url":"https:\/\/empowermissouri.org\/we-must-not-forget-our-fight-for-criminal-justice-reforms-is-critical-in-2021\/","name":"We Must Not Forget That Our Fight for Criminal Justice Reforms is Critical in 2021 - Empower Missouri","isPartOf":{"@id":"https:\/\/empowermissouri.org\/#website"},"primaryImageOfPage":{"@id":"https:\/\/empowermissouri.org\/we-must-not-forget-our-fight-for-criminal-justice-reforms-is-critical-in-2021\/#primaryimage"},"image":{"@id":"https:\/\/empowermissouri.org\/we-must-not-forget-our-fight-for-criminal-justice-reforms-is-critical-in-2021\/#primaryimage"},"thumbnailUrl":"https:\/\/empowermissouri.org\/app\/uploads\/2021\/01\/logan-weaver-nEyhFPjEmY8-unsplash-1-scaled.jpg","datePublished":"2021-01-20T14:38:37+00:00","dateModified":"2021-01-20T14:58:28+00:00","breadcrumb":{"@id":"https:\/\/empowermissouri.org\/we-must-not-forget-our-fight-for-criminal-justice-reforms-is-critical-in-2021\/#breadcrumb"},"inLanguage":"es-MX","potentialAction":[{"@type":"ReadAction","target":["https:\/\/empowermissouri.org\/we-must-not-forget-our-fight-for-criminal-justice-reforms-is-critical-in-2021\/"]}]},{"@type":"ImageObject","inLanguage":"es-MX","@id":"https:\/\/empowermissouri.org\/we-must-not-forget-our-fight-for-criminal-justice-reforms-is-critical-in-2021\/#primaryimage","url":"https:\/\/empowermissouri.org\/app\/uploads\/2021\/01\/logan-weaver-nEyhFPjEmY8-unsplash-1-scaled.jpg","contentUrl":"https:\/\/empowermissouri.org\/app\/uploads\/2021\/01\/logan-weaver-nEyhFPjEmY8-unsplash-1-scaled.jpg","width":1707,"height":2560},{"@type":"BreadcrumbList","@id":"https:\/\/empowermissouri.org\/we-must-not-forget-our-fight-for-criminal-justice-reforms-is-critical-in-2021\/#breadcrumb","itemListElement":[{"@type":"ListItem","position":1,"name":"Home","item":"https:\/\/empowermissouri.org\/"},{"@type":"ListItem","position":2,"name":"We Must Not Forget That Our Fight for Criminal Justice Reforms is Critical in 2021"}]},{"@type":"WebSite","@id":"https:\/\/empowermissouri.org\/#website","url":"https:\/\/empowermissouri.org\/","name":"Empoderar a Missouri","description":"Advocating for Justice | Empowering Change","publisher":{"@id":"https:\/\/empowermissouri.org\/#organization"},"potentialAction":[{"@type":"SearchAction","target":{"@type":"EntryPoint","urlTemplate":"https:\/\/empowermissouri.org\/?s={search_term_string}"},"query-input":{"@type":"PropertyValueSpecification","valueRequired":true,"valueName":"search_term_string"}}],"inLanguage":"es-MX"},{"@type":"Organization","@id":"https:\/\/empowermissouri.org\/#organization","name":"Empoderar a Missouri","url":"https:\/\/empowermissouri.org\/","logo":{"@type":"ImageObject","inLanguage":"es-MX","@id":"https:\/\/empowermissouri.org\/#\/schema\/logo\/image\/","url":"http:\/\/empowermissouri.org\/app\/uploads\/2018\/08\/logo_button.png","contentUrl":"http:\/\/empowermissouri.org\/app\/uploads\/2018\/08\/logo_button.png","width":579,"height":579,"caption":"Empower Missouri"},"image":{"@id":"https:\/\/empowermissouri.org\/#\/schema\/logo\/image\/"},"sameAs":["https:\/\/www.facebook.com\/empowermissouri","https:\/\/x.com\/empowermissouri","https:\/\/www.instagram.com\/empowermissouri\/","https:\/\/www.linkedin.com\/company\/empower-missouri\/"]},{"@type":"Person","@id":"https:\/\/empowermissouri.org\/#\/schema\/person\/d033f7905ba9d64da54c26c249c5c3d7","name":"Christine Woody","image":{"@type":"ImageObject","inLanguage":"es-MX","@id":"https:\/\/secure.gravatar.com\/avatar\/ec9c139b0f2e3db08946b6cc75bf1f1a2d8675c78cdd48c6a740566e7956d0ef?s=96&d=mm&r=gc816e675c87c7d1114fad2eff0298dcc","url":"https:\/\/secure.gravatar.com\/avatar\/ec9c139b0f2e3db08946b6cc75bf1f1a2d8675c78cdd48c6a740566e7956d0ef?s=96&d=mm&r=g","contentUrl":"https:\/\/secure.gravatar.com\/avatar\/ec9c139b0f2e3db08946b6cc75bf1f1a2d8675c78cdd48c6a740566e7956d0ef?s=96&d=mm&r=g","caption":"Christine Woody"},"url":"https:\/\/empowermissouri.org\/es\/author\/christine\/"}]}},"_links":{"self":[{"href":"https:\/\/empowermissouri.org\/es\/wp-json\/wp\/v2\/posts\/6281","targetHints":{"allow":["GET"]}}],"collection":[{"href":"https:\/\/empowermissouri.org\/es\/wp-json\/wp\/v2\/posts"}],"about":[{"href":"https:\/\/empowermissouri.org\/es\/wp-json\/wp\/v2\/types\/post"}],"author":[{"embeddable":true,"href":"https:\/\/empowermissouri.org\/es\/wp-json\/wp\/v2\/users\/9"}],"replies":[{"embeddable":true,"href":"https:\/\/empowermissouri.org\/es\/wp-json\/wp\/v2\/comments?post=6281"}],"version-history":[{"count":0,"href":"https:\/\/empowermissouri.org\/es\/wp-json\/wp\/v2\/posts\/6281\/revisions"}],"wp:featuredmedia":[{"embeddable":true,"href":"https:\/\/empowermissouri.org\/es\/wp-json\/wp\/v2\/media\/6285"}],"wp:attachment":[{"href":"https:\/\/empowermissouri.org\/es\/wp-json\/wp\/v2\/media?parent=6281"}],"wp:term":[{"taxonomy":"category","embeddable":true,"href":"https:\/\/empowermissouri.org\/es\/wp-json\/wp\/v2\/categories?post=6281"},{"taxonomy":"post_tag","embeddable":true,"href":"https:\/\/empowermissouri.org\/es\/wp-json\/wp\/v2\/tags?post=6281"},{"taxonomy":"issues","embeddable":true,"href":"https:\/\/empowermissouri.org\/es\/wp-json\/wp\/v2\/issues?post=6281"},{"taxonomy":"author","embeddable":true,"href":"https:\/\/empowermissouri.org\/es\/wp-json\/wp\/v2\/coauthors?post=6281"}],"curies":[{"name":"wp","href":"https:\/\/api.w.org\/{rel}","templated":true}]}}