{"id":6107,"date":"2020-12-29T14:13:59","date_gmt":"2020-12-29T20:13:59","guid":{"rendered":"http:\/\/empowermissouri.org\/?p=6107"},"modified":"2020-12-29T14:13:59","modified_gmt":"2020-12-29T20:13:59","slug":"empower-missouri-names-new-executive-director-mallory-rusch","status":"publish","type":"post","link":"https:\/\/empowermissouri.org\/es\/empower-missouri-names-new-executive-director-mallory-rusch\/","title":{"rendered":"Empower Missouri nombra nuevo director ejecutivo: Mallory Rusch"},"content":{"rendered":"<p><span style=\"color: #000000;\"><strong><img fetchpriority=\"high\" decoding=\"async\" class=\"alignleft size-medium wp-image-6108\" src=\"http:\/\/empowermissouri.org\/app\/uploads\/2020\/12\/MalloryRuschHeadshot-300x300.jpeg\" alt=\"\" width=\"300\" height=\"300\" srcset=\"https:\/\/empowermissouri.org\/app\/uploads\/2020\/12\/MalloryRuschHeadshot-300x300.jpeg 300w, https:\/\/empowermissouri.org\/app\/uploads\/2020\/12\/MalloryRuschHeadshot-150x150.jpeg 150w, https:\/\/empowermissouri.org\/app\/uploads\/2020\/12\/MalloryRuschHeadshot.jpeg 500w\" sizes=\"(max-width: 300px) 100vw, 300px\" \/>CIUDAD DE JEFFERSON, Mo<\/strong> - Despu\u00e9s de una b\u00fasqueda de un a\u00f1o, Empower Missouri anunci\u00f3 hoy que ha seleccionado a Mallory Rusch como su pr\u00f3ximo Director Ejecutivo.<\/span><\/p>\n<p><span style=\"color: #000000;\">Mallory dirigir\u00e1 los esfuerzos de la organizaci\u00f3n sin fines de lucro en la planificaci\u00f3n estrat\u00e9gica, el desarrollo y la construcci\u00f3n de coaliciones para aprovechar los \u00e9xitos de la organizaci\u00f3n sin fines de lucro dedicada a defender las necesidades b\u00e1sicas y la igualdad de justicia para todos los habitantes de Missouri.<\/span><\/p>\n<p><span style=\"color: #000000;\">\u201cEstamos encantados de dar la bienvenida a Mallory como nuestra nueva Directora Ejecutiva\u201d, dijo Nicole McKoy, presidenta de la Junta de Empower Missouri. &quot;Su impresionante carrera refleja su dedicaci\u00f3n a la justicia social y a amplificar las voces de aquellos que a menudo no son escuchados&quot;.<\/span><\/p>\n<p><span style=\"color: #000000;\">Rusch aporta una amplia experiencia en gesti\u00f3n de organizaciones sin fines de lucro a Empower Missouri. Llega a la organizaci\u00f3n desde Gladiator Consulting, donde se desempe\u00f1\u00f3 como consultora senior durante cinco a\u00f1os, apoyando a docenas de organizaciones sin fines de lucro con recaudaci\u00f3n de fondos, comunicaciones, desarrollo de la junta \/ personal y planificaci\u00f3n estrat\u00e9gica. Como consultora, tambi\u00e9n pudo expandir su trabajo fuera de Missouri, prestando servicios a organizaciones en las zonas rurales de Arkansas, Nueva Orleans, DC, y hasta Bruselas, B\u00e9lgica y Reykjavik, Islandia.<\/span><\/p>\n<p><span style=\"color: #000000;\">\u201cTanto en mi vida profesional como personal, me esfuerzo por ser un servidor p\u00fablico\u201d, dijo Rusch. &quot;Es un honor para m\u00ed unirme al equipo de Empower Missouri, una organizaci\u00f3n que encarna mis propios valores fundamentales de justicia y equidad&quot;.<\/span><\/p>\n<p><span style=\"color: #000000;\">Rusch tiene casi dos d\u00e9cadas de experiencia en el crecimiento de organizaciones comunitarias y en la conducci\u00f3n de sus equipos hacia el \u00e9xito. M\u00e1s recientemente, se desempe\u00f1\u00f3 como gerente de campa\u00f1a al frente de la carga en apoyo de la Proposici\u00f3n D en la ciudad de St. Louis, una iniciativa clave de reforma electoral que fue aprobada por abrumadora mayor\u00eda en 2020. Antes de unirse al equipo de Gladiator, Rusch ocup\u00f3 puestos clave de liderazgo en Teach For America, la misi\u00f3n contin\u00faa y el centro para mujeres en transici\u00f3n. Dentro de estas organizaciones, Rusch desarroll\u00f3 una reputaci\u00f3n como un l\u00edder estrat\u00e9gico ingenioso, estableciendo y logrando consistentemente metas ambiciosas al servicio de las misiones organizacionales.&nbsp;<\/span><\/p>\n<p><span style=\"color: #000000;\">Rusch tiene una maestr\u00eda en servicio p\u00fablico de la Escuela de Servicio P\u00fablico Clinton en Little Rock, Arkansas. Ella es miembro de la Junta Directiva del Programa de Aprendizaje de Ingl\u00e9s en el Hogar para Inmigrantes (I-HELP) y como l\u00edder laica de la Comuni\u00f3n Cat\u00f3lica Ecum\u00e9nica.<\/span><\/p>\n<p><span style=\"color: #000000;\">\u201cLa reputaci\u00f3n de Mallory como una l\u00edder eficaz y emp\u00e1tica la precede, y cada paso de su carrera se ha basado en su capacidad para resolver problemas complejos de formas innovadoras y centradas en la comunidad\u201d, dijo el presidente de la junta McKoy. &quot;Esperamos su impacto en el futuro de Empower Missouri y en aquellos a quienes servimos, ya que invitamos a la innovaci\u00f3n y la comunidad a nuestro trabajo para asegurar las necesidades b\u00e1sicas y la justicia para todos los que viven en nuestro estado&quot;.<\/span><\/p>\n<p style=\"text-align: center;\"><span style=\"color: #000000;\"><strong>#####<\/strong><\/span><\/p>\n<p><span style=\"color: #000000;\"><em><strong>Empoderar a Missouri (<\/strong><\/em><\/span><a href=\"http:\/\/empowermissouri.org\/es\/\"><em><strong>www.EmpowerMissouri.org<\/strong><\/em><\/a><span style=\"color: #000000;\"><em><strong>) es una organizaci\u00f3n estatal sin fines de lucro que trabaja para asegurar las necesidades humanas b\u00e1sicas y la igualdad de justicia para todas las personas en nuestro estado a trav\u00e9s de la formaci\u00f3n de coaliciones y la defensa. Fundada como la Conferencia de Caridades y Correccionales de Missouri en 1901, Empower Missouri ha operado bajo cuatro nombres en sus 119 a\u00f1os de historia, pero siempre con un enfoque en el acceso a las necesidades humanas b\u00e1sicas y la justicia b\u00e1sica.<\/strong><\/em><\/span><\/p>","protected":false},"excerpt":{"rendered":"<p>JEFFERSON CITY, Mo \u2013 Following a year-long search, Empower Missouri announced today that it has selected Mallory Rusch to serve as its next Executive Director. Mallory will lead the non-profit\u2019s efforts in strategic planning, development and coalition building to build on the successes of the nonprofit devoted to advocating for basic needs and equal justice [&hellip;]<\/p>\n","protected":false},"author":1,"featured_media":6108,"comment_status":"closed","ping_status":"open","sticky":false,"template":"","format":"standard","meta":{"_exactmetrics_skip_tracking":false,"_exactmetrics_sitenote_active":false,"_exactmetrics_sitenote_note":"","_exactmetrics_sitenote_category":0,"footnotes":""},"categories":[44],"tags":[206,388],"issues":[],"coauthors":[359],"class_list":["post-6107","post","type-post","status-publish","format-standard","has-post-thumbnail","hentry","category-press-release","tag-empower-missouri","tag-mallory-rusch"],"yoast_head":"<!-- This site is optimized with the Yoast SEO plugin v27.4 - https:\/\/yoast.com\/product\/yoast-seo-wordpress\/ -->\n<title>Empower Missouri Names New Executive Director: Mallory Rusch - Empower Missouri<\/title>\n<meta name=\"robots\" content=\"index, follow, max-snippet:-1, max-image-preview:large, max-video-preview:-1\" \/>\n<link rel=\"canonical\" href=\"https:\/\/empowermissouri.org\/es\/empower-missouri-names-new-executive-director-mallory-rusch\/\" \/>\n<meta property=\"og:locale\" content=\"es_MX\" \/>\n<meta property=\"og:type\" content=\"article\" \/>\n<meta property=\"og:title\" content=\"Empower Missouri Names New Executive Director: Mallory Rusch - Empower Missouri\" \/>\n<meta property=\"og:description\" content=\"JEFFERSON CITY, Mo \u2013 Following a year-long search, Empower Missouri announced today that it has selected Mallory Rusch to serve as its next Executive Director. Mallory will lead the non-profit\u2019s efforts in strategic planning, development and coalition building to build on the successes of the nonprofit devoted to advocating for basic needs and equal justice [&hellip;]\" \/>\n<meta property=\"og:url\" content=\"https:\/\/empowermissouri.org\/es\/empower-missouri-names-new-executive-director-mallory-rusch\/\" \/>\n<meta property=\"og:site_name\" content=\"Empower Missouri\" \/>\n<meta property=\"article:publisher\" content=\"https:\/\/www.facebook.com\/empowermissouri\" \/>\n<meta property=\"article:published_time\" content=\"2020-12-29T20:13:59+00:00\" \/>\n<meta property=\"og:image\" content=\"https:\/\/empowermissouri.org\/app\/uploads\/2020\/12\/MalloryRuschHeadshot.jpeg\" \/>\n\t<meta property=\"og:image:width\" content=\"500\" \/>\n\t<meta property=\"og:image:height\" content=\"500\" \/>\n\t<meta property=\"og:image:type\" content=\"image\/jpeg\" \/>\n<meta name=\"author\" content=\"Empower Missouri\" \/>\n<meta name=\"twitter:card\" content=\"summary_large_image\" \/>\n<meta name=\"twitter:creator\" content=\"@empowermissouri\" \/>\n<meta name=\"twitter:site\" content=\"@empowermissouri\" \/>\n<meta name=\"twitter:label1\" content=\"Written by\" \/>\n\t<meta name=\"twitter:data1\" content=\"Empower Missouri\" \/>\n\t<meta name=\"twitter:label2\" content=\"Est. reading time\" \/>\n\t<meta name=\"twitter:data2\" content=\"2 minutes\" \/>\n<script type=\"application\/ld+json\" class=\"yoast-schema-graph\">{\"@context\":\"https:\\\/\\\/schema.org\",\"@graph\":[{\"@type\":\"Article\",\"@id\":\"https:\\\/\\\/empowermissouri.org\\\/empower-missouri-names-new-executive-director-mallory-rusch\\\/#article\",\"isPartOf\":{\"@id\":\"https:\\\/\\\/empowermissouri.org\\\/empower-missouri-names-new-executive-director-mallory-rusch\\\/\"},\"author\":{\"name\":\"Empower Missouri\",\"@id\":\"https:\\\/\\\/empowermissouri.org\\\/#\\\/schema\\\/person\\\/e951a654cbc724fec5829ff7f4d36370\"},\"headline\":\"Empower Missouri Names New Executive Director: Mallory Rusch\",\"datePublished\":\"2020-12-29T20:13:59+00:00\",\"mainEntityOfPage\":{\"@id\":\"https:\\\/\\\/empowermissouri.org\\\/empower-missouri-names-new-executive-director-mallory-rusch\\\/\"},\"wordCount\":497,\"publisher\":{\"@id\":\"https:\\\/\\\/empowermissouri.org\\\/#organization\"},\"image\":{\"@id\":\"https:\\\/\\\/empowermissouri.org\\\/empower-missouri-names-new-executive-director-mallory-rusch\\\/#primaryimage\"},\"thumbnailUrl\":\"https:\\\/\\\/empowermissouri.org\\\/app\\\/uploads\\\/2020\\\/12\\\/MalloryRuschHeadshot.jpeg\",\"keywords\":[\"Empower MIssouri\",\"Mallory Rusch\"],\"articleSection\":[\"Press Release\"],\"inLanguage\":\"es-MX\"},{\"@type\":\"WebPage\",\"@id\":\"https:\\\/\\\/empowermissouri.org\\\/empower-missouri-names-new-executive-director-mallory-rusch\\\/\",\"url\":\"https:\\\/\\\/empowermissouri.org\\\/empower-missouri-names-new-executive-director-mallory-rusch\\\/\",\"name\":\"Empower Missouri Names New Executive Director: Mallory Rusch - Empower Missouri\",\"isPartOf\":{\"@id\":\"https:\\\/\\\/empowermissouri.org\\\/#website\"},\"primaryImageOfPage\":{\"@id\":\"https:\\\/\\\/empowermissouri.org\\\/empower-missouri-names-new-executive-director-mallory-rusch\\\/#primaryimage\"},\"image\":{\"@id\":\"https:\\\/\\\/empowermissouri.org\\\/empower-missouri-names-new-executive-director-mallory-rusch\\\/#primaryimage\"},\"thumbnailUrl\":\"https:\\\/\\\/empowermissouri.org\\\/app\\\/uploads\\\/2020\\\/12\\\/MalloryRuschHeadshot.jpeg\",\"datePublished\":\"2020-12-29T20:13:59+00:00\",\"breadcrumb\":{\"@id\":\"https:\\\/\\\/empowermissouri.org\\\/empower-missouri-names-new-executive-director-mallory-rusch\\\/#breadcrumb\"},\"inLanguage\":\"es-MX\",\"potentialAction\":[{\"@type\":\"ReadAction\",\"target\":[\"https:\\\/\\\/empowermissouri.org\\\/empower-missouri-names-new-executive-director-mallory-rusch\\\/\"]}]},{\"@type\":\"ImageObject\",\"inLanguage\":\"es-MX\",\"@id\":\"https:\\\/\\\/empowermissouri.org\\\/empower-missouri-names-new-executive-director-mallory-rusch\\\/#primaryimage\",\"url\":\"https:\\\/\\\/empowermissouri.org\\\/app\\\/uploads\\\/2020\\\/12\\\/MalloryRuschHeadshot.jpeg\",\"contentUrl\":\"https:\\\/\\\/empowermissouri.org\\\/app\\\/uploads\\\/2020\\\/12\\\/MalloryRuschHeadshot.jpeg\",\"width\":500,\"height\":500},{\"@type\":\"BreadcrumbList\",\"@id\":\"https:\\\/\\\/empowermissouri.org\\\/empower-missouri-names-new-executive-director-mallory-rusch\\\/#breadcrumb\",\"itemListElement\":[{\"@type\":\"ListItem\",\"position\":1,\"name\":\"Home\",\"item\":\"https:\\\/\\\/empowermissouri.org\\\/\"},{\"@type\":\"ListItem\",\"position\":2,\"name\":\"Empower Missouri Names New Executive Director: Mallory Rusch\"}]},{\"@type\":\"WebSite\",\"@id\":\"https:\\\/\\\/empowermissouri.org\\\/#website\",\"url\":\"https:\\\/\\\/empowermissouri.org\\\/\",\"name\":\"Empower Missouri\",\"description\":\"Advocating for Justice | Empowering Change\",\"publisher\":{\"@id\":\"https:\\\/\\\/empowermissouri.org\\\/#organization\"},\"potentialAction\":[{\"@type\":\"SearchAction\",\"target\":{\"@type\":\"EntryPoint\",\"urlTemplate\":\"https:\\\/\\\/empowermissouri.org\\\/?s={search_term_string}\"},\"query-input\":{\"@type\":\"PropertyValueSpecification\",\"valueRequired\":true,\"valueName\":\"search_term_string\"}}],\"inLanguage\":\"es-MX\"},{\"@type\":\"Organization\",\"@id\":\"https:\\\/\\\/empowermissouri.org\\\/#organization\",\"name\":\"Empower Missouri\",\"url\":\"https:\\\/\\\/empowermissouri.org\\\/\",\"logo\":{\"@type\":\"ImageObject\",\"inLanguage\":\"es-MX\",\"@id\":\"https:\\\/\\\/empowermissouri.org\\\/#\\\/schema\\\/logo\\\/image\\\/\",\"url\":\"http:\\\/\\\/empowermissouri.org\\\/app\\\/uploads\\\/2018\\\/08\\\/logo_button.png\",\"contentUrl\":\"http:\\\/\\\/empowermissouri.org\\\/app\\\/uploads\\\/2018\\\/08\\\/logo_button.png\",\"width\":579,\"height\":579,\"caption\":\"Empower Missouri\"},\"image\":{\"@id\":\"https:\\\/\\\/empowermissouri.org\\\/#\\\/schema\\\/logo\\\/image\\\/\"},\"sameAs\":[\"https:\\\/\\\/www.facebook.com\\\/empowermissouri\",\"https:\\\/\\\/x.com\\\/empowermissouri\",\"https:\\\/\\\/www.instagram.com\\\/empowermissouri\\\/\",\"https:\\\/\\\/www.linkedin.com\\\/company\\\/empower-missouri\\\/\"]},{\"@type\":\"Person\",\"@id\":\"https:\\\/\\\/empowermissouri.org\\\/#\\\/schema\\\/person\\\/e951a654cbc724fec5829ff7f4d36370\",\"name\":\"Empower Missouri\",\"image\":{\"@type\":\"ImageObject\",\"inLanguage\":\"es-MX\",\"@id\":\"https:\\\/\\\/secure.gravatar.com\\\/avatar\\\/707cc62910910b381e613ab53a9c71ad8f903d58979eb1f78be3a4947f578900?s=96&d=mm&r=gb92e1d0ab19e89757b0c5f03bd735f45\",\"url\":\"https:\\\/\\\/secure.gravatar.com\\\/avatar\\\/707cc62910910b381e613ab53a9c71ad8f903d58979eb1f78be3a4947f578900?s=96&d=mm&r=g\",\"contentUrl\":\"https:\\\/\\\/secure.gravatar.com\\\/avatar\\\/707cc62910910b381e613ab53a9c71ad8f903d58979eb1f78be3a4947f578900?s=96&d=mm&r=g\",\"caption\":\"Empower Missouri\"},\"url\":\"https:\\\/\\\/empowermissouri.org\\\/es\\\/author\\\/developer\\\/\"}]}<\/script>\n<!-- \/ Yoast SEO plugin. -->","yoast_head_json":{"title":"Empower Missouri Names New Executive Director: Mallory Rusch - Empower Missouri","robots":{"index":"index","follow":"follow","max-snippet":"max-snippet:-1","max-image-preview":"max-image-preview:large","max-video-preview":"max-video-preview:-1"},"canonical":"https:\/\/empowermissouri.org\/es\/empower-missouri-names-new-executive-director-mallory-rusch\/","og_locale":"es_MX","og_type":"article","og_title":"Empower Missouri Names New Executive Director: Mallory Rusch - Empower Missouri","og_description":"JEFFERSON CITY, Mo \u2013 Following a year-long search, Empower Missouri announced today that it has selected Mallory Rusch to serve as its next Executive Director. Mallory will lead the non-profit\u2019s efforts in strategic planning, development and coalition building to build on the successes of the nonprofit devoted to advocating for basic needs and equal justice [&hellip;]","og_url":"https:\/\/empowermissouri.org\/es\/empower-missouri-names-new-executive-director-mallory-rusch\/","og_site_name":"Empower Missouri","article_publisher":"https:\/\/www.facebook.com\/empowermissouri","article_published_time":"2020-12-29T20:13:59+00:00","og_image":[{"width":500,"height":500,"url":"https:\/\/empowermissouri.org\/app\/uploads\/2020\/12\/MalloryRuschHeadshot.jpeg","type":"image\/jpeg"}],"author":"Empower Missouri","twitter_card":"summary_large_image","twitter_creator":"@empowermissouri","twitter_site":"@empowermissouri","twitter_misc":{"Written by":"Empower Missouri","Est. reading time":"2 minutes"},"schema":{"@context":"https:\/\/schema.org","@graph":[{"@type":"Article","@id":"https:\/\/empowermissouri.org\/empower-missouri-names-new-executive-director-mallory-rusch\/#article","isPartOf":{"@id":"https:\/\/empowermissouri.org\/empower-missouri-names-new-executive-director-mallory-rusch\/"},"author":{"name":"Empower Missouri","@id":"https:\/\/empowermissouri.org\/#\/schema\/person\/e951a654cbc724fec5829ff7f4d36370"},"headline":"Empower Missouri Names New Executive Director: Mallory Rusch","datePublished":"2020-12-29T20:13:59+00:00","mainEntityOfPage":{"@id":"https:\/\/empowermissouri.org\/empower-missouri-names-new-executive-director-mallory-rusch\/"},"wordCount":497,"publisher":{"@id":"https:\/\/empowermissouri.org\/#organization"},"image":{"@id":"https:\/\/empowermissouri.org\/empower-missouri-names-new-executive-director-mallory-rusch\/#primaryimage"},"thumbnailUrl":"https:\/\/empowermissouri.org\/app\/uploads\/2020\/12\/MalloryRuschHeadshot.jpeg","keywords":["Empower MIssouri","Mallory Rusch"],"articleSection":["Press Release"],"inLanguage":"es-MX"},{"@type":"WebPage","@id":"https:\/\/empowermissouri.org\/empower-missouri-names-new-executive-director-mallory-rusch\/","url":"https:\/\/empowermissouri.org\/empower-missouri-names-new-executive-director-mallory-rusch\/","name":"Empower Missouri Names New Executive Director: Mallory Rusch - Empower Missouri","isPartOf":{"@id":"https:\/\/empowermissouri.org\/#website"},"primaryImageOfPage":{"@id":"https:\/\/empowermissouri.org\/empower-missouri-names-new-executive-director-mallory-rusch\/#primaryimage"},"image":{"@id":"https:\/\/empowermissouri.org\/empower-missouri-names-new-executive-director-mallory-rusch\/#primaryimage"},"thumbnailUrl":"https:\/\/empowermissouri.org\/app\/uploads\/2020\/12\/MalloryRuschHeadshot.jpeg","datePublished":"2020-12-29T20:13:59+00:00","breadcrumb":{"@id":"https:\/\/empowermissouri.org\/empower-missouri-names-new-executive-director-mallory-rusch\/#breadcrumb"},"inLanguage":"es-MX","potentialAction":[{"@type":"ReadAction","target":["https:\/\/empowermissouri.org\/empower-missouri-names-new-executive-director-mallory-rusch\/"]}]},{"@type":"ImageObject","inLanguage":"es-MX","@id":"https:\/\/empowermissouri.org\/empower-missouri-names-new-executive-director-mallory-rusch\/#primaryimage","url":"https:\/\/empowermissouri.org\/app\/uploads\/2020\/12\/MalloryRuschHeadshot.jpeg","contentUrl":"https:\/\/empowermissouri.org\/app\/uploads\/2020\/12\/MalloryRuschHeadshot.jpeg","width":500,"height":500},{"@type":"BreadcrumbList","@id":"https:\/\/empowermissouri.org\/empower-missouri-names-new-executive-director-mallory-rusch\/#breadcrumb","itemListElement":[{"@type":"ListItem","position":1,"name":"Home","item":"https:\/\/empowermissouri.org\/"},{"@type":"ListItem","position":2,"name":"Empower Missouri Names New Executive Director: Mallory Rusch"}]},{"@type":"WebSite","@id":"https:\/\/empowermissouri.org\/#website","url":"https:\/\/empowermissouri.org\/","name":"Empoderar a Missouri","description":"Advocating for Justice | Empowering Change","publisher":{"@id":"https:\/\/empowermissouri.org\/#organization"},"potentialAction":[{"@type":"SearchAction","target":{"@type":"EntryPoint","urlTemplate":"https:\/\/empowermissouri.org\/?s={search_term_string}"},"query-input":{"@type":"PropertyValueSpecification","valueRequired":true,"valueName":"search_term_string"}}],"inLanguage":"es-MX"},{"@type":"Organization","@id":"https:\/\/empowermissouri.org\/#organization","name":"Empoderar a Missouri","url":"https:\/\/empowermissouri.org\/","logo":{"@type":"ImageObject","inLanguage":"es-MX","@id":"https:\/\/empowermissouri.org\/#\/schema\/logo\/image\/","url":"http:\/\/empowermissouri.org\/app\/uploads\/2018\/08\/logo_button.png","contentUrl":"http:\/\/empowermissouri.org\/app\/uploads\/2018\/08\/logo_button.png","width":579,"height":579,"caption":"Empower Missouri"},"image":{"@id":"https:\/\/empowermissouri.org\/#\/schema\/logo\/image\/"},"sameAs":["https:\/\/www.facebook.com\/empowermissouri","https:\/\/x.com\/empowermissouri","https:\/\/www.instagram.com\/empowermissouri\/","https:\/\/www.linkedin.com\/company\/empower-missouri\/"]},{"@type":"Person","@id":"https:\/\/empowermissouri.org\/#\/schema\/person\/e951a654cbc724fec5829ff7f4d36370","name":"Empoderar a Missouri","image":{"@type":"ImageObject","inLanguage":"es-MX","@id":"https:\/\/secure.gravatar.com\/avatar\/707cc62910910b381e613ab53a9c71ad8f903d58979eb1f78be3a4947f578900?s=96&d=mm&r=gb92e1d0ab19e89757b0c5f03bd735f45","url":"https:\/\/secure.gravatar.com\/avatar\/707cc62910910b381e613ab53a9c71ad8f903d58979eb1f78be3a4947f578900?s=96&d=mm&r=g","contentUrl":"https:\/\/secure.gravatar.com\/avatar\/707cc62910910b381e613ab53a9c71ad8f903d58979eb1f78be3a4947f578900?s=96&d=mm&r=g","caption":"Empower Missouri"},"url":"https:\/\/empowermissouri.org\/es\/author\/developer\/"}]}},"_links":{"self":[{"href":"https:\/\/empowermissouri.org\/es\/wp-json\/wp\/v2\/posts\/6107","targetHints":{"allow":["GET"]}}],"collection":[{"href":"https:\/\/empowermissouri.org\/es\/wp-json\/wp\/v2\/posts"}],"about":[{"href":"https:\/\/empowermissouri.org\/es\/wp-json\/wp\/v2\/types\/post"}],"author":[{"embeddable":true,"href":"https:\/\/empowermissouri.org\/es\/wp-json\/wp\/v2\/users\/1"}],"replies":[{"embeddable":true,"href":"https:\/\/empowermissouri.org\/es\/wp-json\/wp\/v2\/comments?post=6107"}],"version-history":[{"count":0,"href":"https:\/\/empowermissouri.org\/es\/wp-json\/wp\/v2\/posts\/6107\/revisions"}],"wp:featuredmedia":[{"embeddable":true,"href":"https:\/\/empowermissouri.org\/es\/wp-json\/wp\/v2\/media\/6108"}],"wp:attachment":[{"href":"https:\/\/empowermissouri.org\/es\/wp-json\/wp\/v2\/media?parent=6107"}],"wp:term":[{"taxonomy":"category","embeddable":true,"href":"https:\/\/empowermissouri.org\/es\/wp-json\/wp\/v2\/categories?post=6107"},{"taxonomy":"post_tag","embeddable":true,"href":"https:\/\/empowermissouri.org\/es\/wp-json\/wp\/v2\/tags?post=6107"},{"taxonomy":"issues","embeddable":true,"href":"https:\/\/empowermissouri.org\/es\/wp-json\/wp\/v2\/issues?post=6107"},{"taxonomy":"author","embeddable":true,"href":"https:\/\/empowermissouri.org\/es\/wp-json\/wp\/v2\/coauthors?post=6107"}],"curies":[{"name":"wp","href":"https:\/\/api.w.org\/{rel}","templated":true}]}}