{"id":5619,"date":"2020-11-05T20:56:17","date_gmt":"2020-11-06T02:56:17","guid":{"rendered":"http:\/\/empowermissouri.org\/?p=5619"},"modified":"2020-11-12T12:21:27","modified_gmt":"2020-11-12T18:21:27","slug":"justice-has-no-timetable-it-just-has-a-destination","status":"publish","type":"post","link":"https:\/\/empowermissouri.org\/es\/justice-has-no-timetable-it-just-has-a-destination\/","title":{"rendered":"\u201cLa justicia no tiene horario; Solo tiene un destino &quot;"},"content":{"rendered":"<p><span style=\"color: #000000;\">Las elecciones generales de 2020 llegaron y se fueron, aunque es probable que el recuento de votos y las acciones legales sobre una variedad de temas contin\u00faen durante alg\u00fan tiempo. Ya sea que est\u00e9 feliz o triste por la<\/span> <a href=\"https:\/\/enr.sos.mo.gov\/\"><strong>Salir<\/strong><\/a> <span style=\"color: #000000;\">de elecciones y medidas electorales en Missouri, una cosa es cierta: nuestra defensa de la justicia social seguir\u00e1 siendo de vital importancia a medida que se establezca un nuevo liderazgo en Washington, DC y en Jefferson City.<\/span><\/p>\n<p><span style=\"color: #000000;\">No nos confundamos: nuestra esperanza de justicia social no depende de ning\u00fan partido pol\u00edtico o candidato en particular. La justicia siempre se trata de que las personas se organicen en movimientos poderosos, no de los ganadores de las contiendas pol\u00edticas. En el centro de esos movimientos deber\u00edan estar las personas afectadas personalmente. Como dijo Stacey Abrams en un<\/span> <a href=\"https:\/\/www.facebook.com\/WorkingFamilies\/videos\/697633561160422\"><strong>conversaci\u00f3n postelectoral<\/strong><\/a> <span style=\"color: #000000;\">con varias organizaciones de justicia de base el 4 de noviembre (encuentre su discurso aproximadamente en la marca de 1 hora y nueve minutos), \u201cCuando las comunidades negras se levantan, levantamos a todos con nosotros ... Cuando los marginados y desfavorecidos se levantan, ganamos el poder que nos pertenece . &quot;<\/span><\/p>\n<p><span style=\"color: #000000;\">Empower Missouri es una organizaci\u00f3n estrictamente no partidista, dispuesta y capaz de trabajar con funcionarios electos de todos los lados del pasillo para hacer avanzar las pol\u00edticas p\u00fablicas orientadas a la justicia. Ahora sabemos qui\u00e9nes son algunos de los<\/span> <a href=\"https:\/\/drive.google.com\/file\/d\/1p4ADYIJcQhPLYmuKgG5PoiogmFt4UOpR\/view\"><strong>l\u00edderes clave<\/strong><\/a> <span style=\"color: #000000;\">estar\u00e1 en la C\u00e1mara de Representantes de Missouri luego de la elecci\u00f3n de los funcionarios del Caucus de la Mayor\u00eda y Minor\u00eda el 4 y 5 de noviembre. Comenzaremos a acercarnos a ellos, patrocinadores potenciales y otras partes interesadas clave de inmediato para promover nuestras prioridades, que incluyen:<\/span><\/p>\n<ul>\n<li><span style=\"color: #000000;\">Missouri debe alejarse de las pol\u00edticas de \u201cdureza contra el crimen\u201d que han llenado nuestras c\u00e1rceles e inflado nuestro presupuesto estatal. Se avanz\u00f3 en esto desde 2017 hasta 2019, pero desafortunadamente una reacci\u00f3n violenta de las organizaciones encargadas de hacer cumplir la ley y la pol\u00edtica del a\u00f1o electoral hicieron que algunos funcionarios electos<\/span> <a href=\"http:\/\/empowermissouri.org\/es\/ask-governor-parson-to-veto-senate-bill-600-get-tough-strategies-are-expensive-failures\/\"><strong>curso inverso<\/strong><\/a> <span style=\"color: #000000;\">en 2020.<\/span><\/li>\n<\/ul>\n<ul>\n<li><span style=\"color: #000000;\">Con la previsi\u00f3n de que la inseguridad alimentaria aumente del 12 por ciento al 16,4 por ciento en Missouri, seg\u00fan un<\/span> <a href=\"https:\/\/www.feedingamericaaction.org\/the-impact-of-coronavirus-on-food-insecurity\/\"><strong>Informe de octubre<\/strong><\/a> <span style=\"color: #000000;\">de Feeding America, es posible que uno de cada cuatro ni\u00f1os experimente hambre. No podemos permitir que esto suceda. Missouri debe suspender las estrictas reglas sobre el Programa de Asistencia Nutricional Suplementaria y el Programa de Asistencia Temporal para Familias Necesitadas que se instituyeron en 2015 como parte del Proyecto de Ley 24 del Senado. La asistencia nutricional y la ayuda monetaria mejoran la salud de las familias vulnerables mientras<\/span> <a href=\"https:\/\/www.ers.usda.gov\/amber-waves\/2019\/july\/quantifying-the-impact-of-snap-benefits-on-the-us-economy-and-jobs\/\"><strong>estimulando la econom\u00eda<\/strong><\/a>.<\/li>\n<\/ul>\n<ul>\n<li><span style=\"color: #000000;\">A medida que los casos de coronavirus contin\u00faan aumentando, y decenas de miles de hogares de Missouri informan<\/span> <a href=\"https:\/\/drive.google.com\/file\/d\/1lSe38dBmG6gXkgBU7eqzvjNobAuEiNld\/view\"><strong>incapacidad para pagar el alquiler<\/strong><\/a> <span style=\"color: #000000;\">o facturas de servicios p\u00fablicos, Missouri debe promulgar una moratoria estatal sobre desalojos y desconexiones de servicios p\u00fablicos. Pero eso no es suficiente. Las deudas de estos llevar\u00e1n a los hogares a la quiebra si el gobierno federal no aprueba programas de ayuda s\u00f3lidos para pagar las facturas de estas necesidades humanas b\u00e1sicas esenciales. (Contin\u00fae comunic\u00e1ndose con los senadores Blunt y Hawley sobre esto mediante nuestro<\/span> <a href=\"https:\/\/secure.everyaction.com\/-bb6OGWO406b7nTYeNePIw2\"><strong>plantilla de correo electr\u00f3nico<\/strong><\/a>.)<\/li>\n<\/ul>\n<ul>\n<li><span style=\"color: #000000;\">Nuestros c\u00f3digos penales espec\u00edficos para el VIH, anticuados, crueles y m\u00e9dicamente inexactos, contin\u00faan actuando en contra de la salud p\u00fablica. Debemos finalmente acabar con el estigma y cambiar la ley en 2021.<\/span><\/li>\n<\/ul>\n<p><span style=\"color: #000000;\">Desafortunadamente, el<\/span> <a href=\"https:\/\/www.cleanmissouri.org\/dirty-missouri\/\"><strong>redacci\u00f3n enga\u00f1osa<\/strong><\/a> <span style=\"color: #000000;\">de la Enmienda 3, derogaci\u00f3n de nuestra victoria no partidista de redistribuci\u00f3n de distritos de 2018, enga\u00f1\u00f3 a suficientes habitantes de Missouri que la enmienda constitucional fue aprobada el 3 de noviembre con el 51 por ciento de los votos. Eso significa que tendremos que movilizarnos con un<\/span> <a href=\"https:\/\/www.cleanmissouri.org\/opponents\/\"><strong>Larga lista<\/strong><\/a> <span style=\"color: #000000;\">de aliados bipartidistas en 2021 para detener la manipulaci\u00f3n extrema que hace posible la Enmienda 3. Como un<\/span> <a href=\"http:\/\/www.stlamerican.com\/news\/editorials\/vote-no-on-amendment-3-on-nov-3\/article_fe5f3cda-f8e6-11ea-9f72-bb34e1c9f0ce.html\"><strong>editorial<\/strong><\/a> <span style=\"color: #000000;\">en el <strong>Estadounidense de St. Louis<\/strong> declar\u00f3: &quot;Entre otros cambios, la Enmienda 3 en la boleta del 3 de noviembre eliminar\u00eda el requisito de que los mapas legislativos estatales se dibujen en funci\u00f3n de la poblaci\u00f3n total, lo que significa que 1,5 millones de habitantes de Misuri, casi todos ellos ni\u00f1os, no se contar\u00edan ni estar\u00edan representados&quot;. Esto afecta especialmente a las comunidades con grandes poblaciones de ni\u00f1os afroamericanos y latinos, y debemos hablar en voz alta y firme durante el proceso de redistribuci\u00f3n de distritos.<\/span><\/p>\n<p><span style=\"color: #000000;\">La elecci\u00f3n termin\u00f3, pero nuestro trabajo contin\u00faa. Por favor asista a nuestro<\/span> <a href=\"http:\/\/empowermissouri.org\/es\/events\/2020-racial-equity-summit-an-online-gathering-of-advocates\/\"><strong>Cumbre de equidad racial<\/strong><\/a> <span style=\"color: #000000;\">el 20 de noviembre para aprender a conectarse con estas y otras importantes campa\u00f1as de justicia. No ser\u00e1 f\u00e1cil ni r\u00e1pido, pero debe hacerse. Como dijo Stacey Abrams en el discurso mencionado anteriormente, \u201cLa justicia no tiene un calendario; simplemente tiene un destino &quot;. \u00a1Continuemos nuestro viaje juntos hasta llegar all\u00ed!<\/span><\/p>\n<p><span style=\"color: #000000;\">En solidaridad,<\/span><\/p>\n<p><span style=\"color: #000000;\">Oxford Jeanette Mott<\/span><br \/>\n<span style=\"color: #000000;\">Director de Pol\u00edtica y Organizaci\u00f3n<\/span><\/p>","protected":false},"excerpt":{"rendered":"<p>The 2020 General Election has come and gone, although the vote counting and legal actions over a variety of issues are apt to continue for some time. Whether you are happy or sad about the outcome of races and ballot measures in Missouri, one thing is certain: Our advocacy for social justice will continue to [&hellip;]<\/p>\n","protected":false},"author":1,"featured_media":5620,"comment_status":"open","ping_status":"open","sticky":false,"template":"","format":"standard","meta":{"_exactmetrics_skip_tracking":false,"_exactmetrics_sitenote_active":false,"_exactmetrics_sitenote_note":"","_exactmetrics_sitenote_category":0,"footnotes":""},"categories":[43],"tags":[27,377,318,34,62,310,122],"issues":[214,11,217,7,335],"coauthors":[359],"class_list":["post-5619","post","type-post","status-publish","format-standard","has-post-thumbnail","hentry","category-weekly-perspective","tag-affordable-housing-and-homelessness","tag-amendment-3","tag-covid-19","tag-criminal-justice","tag-missouri","tag-missouri-general-assembly","tag-snap","issues-snap","issues-affordable-housing-and-homelessness","issues-missouri","issues-criminal-justice","issues-covid-19"],"yoast_head":"<!-- This site is optimized with the Yoast SEO plugin v27.5 - https:\/\/yoast.com\/product\/yoast-seo-wordpress\/ -->\n<title>\u201cJustice Has No Timetable; It Just Has a Destination\u201d - Empower Missouri<\/title>\n<meta name=\"robots\" content=\"index, follow, max-snippet:-1, max-image-preview:large, max-video-preview:-1\" \/>\n<link rel=\"canonical\" href=\"https:\/\/empowermissouri.org\/es\/justice-has-no-timetable-it-just-has-a-destination\/\" \/>\n<meta property=\"og:locale\" content=\"es_MX\" \/>\n<meta property=\"og:type\" content=\"article\" \/>\n<meta property=\"og:title\" content=\"\u201cJustice Has No Timetable; It Just Has a Destination\u201d - Empower Missouri\" \/>\n<meta property=\"og:description\" content=\"The 2020 General Election has come and gone, although the vote counting and legal actions over a variety of issues are apt to continue for some time. Whether you are happy or sad about the outcome of races and ballot measures in Missouri, one thing is certain: Our advocacy for social justice will continue to [&hellip;]\" \/>\n<meta property=\"og:url\" content=\"https:\/\/empowermissouri.org\/es\/justice-has-no-timetable-it-just-has-a-destination\/\" \/>\n<meta property=\"og:site_name\" content=\"Empower Missouri\" \/>\n<meta property=\"article:publisher\" content=\"https:\/\/www.facebook.com\/empowermissouri\" \/>\n<meta property=\"article:published_time\" content=\"2020-11-06T02:56:17+00:00\" \/>\n<meta property=\"article:modified_time\" content=\"2020-11-12T18:21:27+00:00\" \/>\n<meta property=\"og:image\" content=\"https:\/\/empowermissouri.org\/app\/uploads\/2020\/11\/logan-weaver-uwyqYYWUQJw-unsplash-scaled.jpg\" \/>\n\t<meta property=\"og:image:width\" content=\"1707\" \/>\n\t<meta property=\"og:image:height\" content=\"2560\" \/>\n\t<meta property=\"og:image:type\" content=\"image\/jpeg\" \/>\n<meta name=\"author\" content=\"Empower Missouri\" \/>\n<meta name=\"twitter:card\" content=\"summary_large_image\" \/>\n<meta name=\"twitter:creator\" content=\"@empowermissouri\" \/>\n<meta name=\"twitter:site\" content=\"@empowermissouri\" \/>\n<meta name=\"twitter:label1\" content=\"Written by\" \/>\n\t<meta name=\"twitter:data1\" content=\"Empower Missouri\" \/>\n\t<meta name=\"twitter:label2\" content=\"Est. reading time\" \/>\n\t<meta name=\"twitter:data2\" content=\"3 minutes\" \/>\n<script type=\"application\/ld+json\" class=\"yoast-schema-graph\">{\"@context\":\"https:\\\/\\\/schema.org\",\"@graph\":[{\"@type\":\"Article\",\"@id\":\"https:\\\/\\\/empowermissouri.org\\\/justice-has-no-timetable-it-just-has-a-destination\\\/#article\",\"isPartOf\":{\"@id\":\"https:\\\/\\\/empowermissouri.org\\\/justice-has-no-timetable-it-just-has-a-destination\\\/\"},\"author\":{\"name\":\"Empower Missouri\",\"@id\":\"https:\\\/\\\/empowermissouri.org\\\/#\\\/schema\\\/person\\\/e951a654cbc724fec5829ff7f4d36370\"},\"headline\":\"\u201cJustice Has No Timetable; It Just Has a Destination\u201d\",\"datePublished\":\"2020-11-06T02:56:17+00:00\",\"dateModified\":\"2020-11-12T18:21:27+00:00\",\"mainEntityOfPage\":{\"@id\":\"https:\\\/\\\/empowermissouri.org\\\/justice-has-no-timetable-it-just-has-a-destination\\\/\"},\"wordCount\":690,\"commentCount\":0,\"publisher\":{\"@id\":\"https:\\\/\\\/empowermissouri.org\\\/#organization\"},\"image\":{\"@id\":\"https:\\\/\\\/empowermissouri.org\\\/justice-has-no-timetable-it-just-has-a-destination\\\/#primaryimage\"},\"thumbnailUrl\":\"https:\\\/\\\/empowermissouri.org\\\/app\\\/uploads\\\/2020\\\/11\\\/logan-weaver-uwyqYYWUQJw-unsplash-scaled.jpg\",\"keywords\":[\"Affordable Housing and Homelessness\",\"Amendment 3\",\"COVID-19\",\"Criminal Justice\",\"Missouri\",\"missouri general assembly\",\"SNAP\"],\"articleSection\":[\"Weekly Perspective\"],\"inLanguage\":\"es-MX\",\"potentialAction\":[{\"@type\":\"CommentAction\",\"name\":\"Comment\",\"target\":[\"https:\\\/\\\/empowermissouri.org\\\/justice-has-no-timetable-it-just-has-a-destination\\\/#respond\"]}]},{\"@type\":\"WebPage\",\"@id\":\"https:\\\/\\\/empowermissouri.org\\\/justice-has-no-timetable-it-just-has-a-destination\\\/\",\"url\":\"https:\\\/\\\/empowermissouri.org\\\/justice-has-no-timetable-it-just-has-a-destination\\\/\",\"name\":\"\u201cJustice Has No Timetable; It Just Has a Destination\u201d - Empower Missouri\",\"isPartOf\":{\"@id\":\"https:\\\/\\\/empowermissouri.org\\\/#website\"},\"primaryImageOfPage\":{\"@id\":\"https:\\\/\\\/empowermissouri.org\\\/justice-has-no-timetable-it-just-has-a-destination\\\/#primaryimage\"},\"image\":{\"@id\":\"https:\\\/\\\/empowermissouri.org\\\/justice-has-no-timetable-it-just-has-a-destination\\\/#primaryimage\"},\"thumbnailUrl\":\"https:\\\/\\\/empowermissouri.org\\\/app\\\/uploads\\\/2020\\\/11\\\/logan-weaver-uwyqYYWUQJw-unsplash-scaled.jpg\",\"datePublished\":\"2020-11-06T02:56:17+00:00\",\"dateModified\":\"2020-11-12T18:21:27+00:00\",\"breadcrumb\":{\"@id\":\"https:\\\/\\\/empowermissouri.org\\\/justice-has-no-timetable-it-just-has-a-destination\\\/#breadcrumb\"},\"inLanguage\":\"es-MX\",\"potentialAction\":[{\"@type\":\"ReadAction\",\"target\":[\"https:\\\/\\\/empowermissouri.org\\\/justice-has-no-timetable-it-just-has-a-destination\\\/\"]}]},{\"@type\":\"ImageObject\",\"inLanguage\":\"es-MX\",\"@id\":\"https:\\\/\\\/empowermissouri.org\\\/justice-has-no-timetable-it-just-has-a-destination\\\/#primaryimage\",\"url\":\"https:\\\/\\\/empowermissouri.org\\\/app\\\/uploads\\\/2020\\\/11\\\/logan-weaver-uwyqYYWUQJw-unsplash-scaled.jpg\",\"contentUrl\":\"https:\\\/\\\/empowermissouri.org\\\/app\\\/uploads\\\/2020\\\/11\\\/logan-weaver-uwyqYYWUQJw-unsplash-scaled.jpg\",\"width\":1707,\"height\":2560},{\"@type\":\"BreadcrumbList\",\"@id\":\"https:\\\/\\\/empowermissouri.org\\\/justice-has-no-timetable-it-just-has-a-destination\\\/#breadcrumb\",\"itemListElement\":[{\"@type\":\"ListItem\",\"position\":1,\"name\":\"Home\",\"item\":\"https:\\\/\\\/empowermissouri.org\\\/\"},{\"@type\":\"ListItem\",\"position\":2,\"name\":\"\u201cJustice Has No Timetable; It Just Has a Destination\u201d\"}]},{\"@type\":\"WebSite\",\"@id\":\"https:\\\/\\\/empowermissouri.org\\\/#website\",\"url\":\"https:\\\/\\\/empowermissouri.org\\\/\",\"name\":\"Empower Missouri\",\"description\":\"Advocating for Justice | Empowering Change\",\"publisher\":{\"@id\":\"https:\\\/\\\/empowermissouri.org\\\/#organization\"},\"potentialAction\":[{\"@type\":\"SearchAction\",\"target\":{\"@type\":\"EntryPoint\",\"urlTemplate\":\"https:\\\/\\\/empowermissouri.org\\\/?s={search_term_string}\"},\"query-input\":{\"@type\":\"PropertyValueSpecification\",\"valueRequired\":true,\"valueName\":\"search_term_string\"}}],\"inLanguage\":\"es-MX\"},{\"@type\":\"Organization\",\"@id\":\"https:\\\/\\\/empowermissouri.org\\\/#organization\",\"name\":\"Empower Missouri\",\"url\":\"https:\\\/\\\/empowermissouri.org\\\/\",\"logo\":{\"@type\":\"ImageObject\",\"inLanguage\":\"es-MX\",\"@id\":\"https:\\\/\\\/empowermissouri.org\\\/#\\\/schema\\\/logo\\\/image\\\/\",\"url\":\"http:\\\/\\\/empowermissouri.org\\\/app\\\/uploads\\\/2018\\\/08\\\/logo_button.png\",\"contentUrl\":\"http:\\\/\\\/empowermissouri.org\\\/app\\\/uploads\\\/2018\\\/08\\\/logo_button.png\",\"width\":579,\"height\":579,\"caption\":\"Empower Missouri\"},\"image\":{\"@id\":\"https:\\\/\\\/empowermissouri.org\\\/#\\\/schema\\\/logo\\\/image\\\/\"},\"sameAs\":[\"https:\\\/\\\/www.facebook.com\\\/empowermissouri\",\"https:\\\/\\\/x.com\\\/empowermissouri\",\"https:\\\/\\\/www.instagram.com\\\/empowermissouri\\\/\",\"https:\\\/\\\/www.linkedin.com\\\/company\\\/empower-missouri\\\/\"]},{\"@type\":\"Person\",\"@id\":\"https:\\\/\\\/empowermissouri.org\\\/#\\\/schema\\\/person\\\/e951a654cbc724fec5829ff7f4d36370\",\"name\":\"Empower Missouri\",\"image\":{\"@type\":\"ImageObject\",\"inLanguage\":\"es-MX\",\"@id\":\"https:\\\/\\\/secure.gravatar.com\\\/avatar\\\/707cc62910910b381e613ab53a9c71ad8f903d58979eb1f78be3a4947f578900?s=96&d=mm&r=gb92e1d0ab19e89757b0c5f03bd735f45\",\"url\":\"https:\\\/\\\/secure.gravatar.com\\\/avatar\\\/707cc62910910b381e613ab53a9c71ad8f903d58979eb1f78be3a4947f578900?s=96&d=mm&r=g\",\"contentUrl\":\"https:\\\/\\\/secure.gravatar.com\\\/avatar\\\/707cc62910910b381e613ab53a9c71ad8f903d58979eb1f78be3a4947f578900?s=96&d=mm&r=g\",\"caption\":\"Empower Missouri\"},\"url\":\"https:\\\/\\\/empowermissouri.org\\\/es\\\/author\\\/developer\\\/\"}]}<\/script>\n<!-- \/ Yoast SEO plugin. -->","yoast_head_json":{"title":"\u201cJustice Has No Timetable; It Just Has a Destination\u201d - Empower Missouri","robots":{"index":"index","follow":"follow","max-snippet":"max-snippet:-1","max-image-preview":"max-image-preview:large","max-video-preview":"max-video-preview:-1"},"canonical":"https:\/\/empowermissouri.org\/es\/justice-has-no-timetable-it-just-has-a-destination\/","og_locale":"es_MX","og_type":"article","og_title":"\u201cJustice Has No Timetable; It Just Has a Destination\u201d - Empower Missouri","og_description":"The 2020 General Election has come and gone, although the vote counting and legal actions over a variety of issues are apt to continue for some time. Whether you are happy or sad about the outcome of races and ballot measures in Missouri, one thing is certain: Our advocacy for social justice will continue to [&hellip;]","og_url":"https:\/\/empowermissouri.org\/es\/justice-has-no-timetable-it-just-has-a-destination\/","og_site_name":"Empower Missouri","article_publisher":"https:\/\/www.facebook.com\/empowermissouri","article_published_time":"2020-11-06T02:56:17+00:00","article_modified_time":"2020-11-12T18:21:27+00:00","og_image":[{"width":1707,"height":2560,"url":"https:\/\/empowermissouri.org\/app\/uploads\/2020\/11\/logan-weaver-uwyqYYWUQJw-unsplash-scaled.jpg","type":"image\/jpeg"}],"author":"Empower Missouri","twitter_card":"summary_large_image","twitter_creator":"@empowermissouri","twitter_site":"@empowermissouri","twitter_misc":{"Written by":"Empower Missouri","Est. reading time":"3 minutes"},"schema":{"@context":"https:\/\/schema.org","@graph":[{"@type":"Article","@id":"https:\/\/empowermissouri.org\/justice-has-no-timetable-it-just-has-a-destination\/#article","isPartOf":{"@id":"https:\/\/empowermissouri.org\/justice-has-no-timetable-it-just-has-a-destination\/"},"author":{"name":"Empower Missouri","@id":"https:\/\/empowermissouri.org\/#\/schema\/person\/e951a654cbc724fec5829ff7f4d36370"},"headline":"\u201cJustice Has No Timetable; It Just Has a Destination\u201d","datePublished":"2020-11-06T02:56:17+00:00","dateModified":"2020-11-12T18:21:27+00:00","mainEntityOfPage":{"@id":"https:\/\/empowermissouri.org\/justice-has-no-timetable-it-just-has-a-destination\/"},"wordCount":690,"commentCount":0,"publisher":{"@id":"https:\/\/empowermissouri.org\/#organization"},"image":{"@id":"https:\/\/empowermissouri.org\/justice-has-no-timetable-it-just-has-a-destination\/#primaryimage"},"thumbnailUrl":"https:\/\/empowermissouri.org\/app\/uploads\/2020\/11\/logan-weaver-uwyqYYWUQJw-unsplash-scaled.jpg","keywords":["Affordable Housing and Homelessness","Amendment 3","COVID-19","Criminal Justice","Missouri","missouri general assembly","SNAP"],"articleSection":["Weekly Perspective"],"inLanguage":"es-MX","potentialAction":[{"@type":"CommentAction","name":"Comment","target":["https:\/\/empowermissouri.org\/justice-has-no-timetable-it-just-has-a-destination\/#respond"]}]},{"@type":"WebPage","@id":"https:\/\/empowermissouri.org\/justice-has-no-timetable-it-just-has-a-destination\/","url":"https:\/\/empowermissouri.org\/justice-has-no-timetable-it-just-has-a-destination\/","name":"\u201cJustice Has No Timetable; It Just Has a Destination\u201d - Empower Missouri","isPartOf":{"@id":"https:\/\/empowermissouri.org\/#website"},"primaryImageOfPage":{"@id":"https:\/\/empowermissouri.org\/justice-has-no-timetable-it-just-has-a-destination\/#primaryimage"},"image":{"@id":"https:\/\/empowermissouri.org\/justice-has-no-timetable-it-just-has-a-destination\/#primaryimage"},"thumbnailUrl":"https:\/\/empowermissouri.org\/app\/uploads\/2020\/11\/logan-weaver-uwyqYYWUQJw-unsplash-scaled.jpg","datePublished":"2020-11-06T02:56:17+00:00","dateModified":"2020-11-12T18:21:27+00:00","breadcrumb":{"@id":"https:\/\/empowermissouri.org\/justice-has-no-timetable-it-just-has-a-destination\/#breadcrumb"},"inLanguage":"es-MX","potentialAction":[{"@type":"ReadAction","target":["https:\/\/empowermissouri.org\/justice-has-no-timetable-it-just-has-a-destination\/"]}]},{"@type":"ImageObject","inLanguage":"es-MX","@id":"https:\/\/empowermissouri.org\/justice-has-no-timetable-it-just-has-a-destination\/#primaryimage","url":"https:\/\/empowermissouri.org\/app\/uploads\/2020\/11\/logan-weaver-uwyqYYWUQJw-unsplash-scaled.jpg","contentUrl":"https:\/\/empowermissouri.org\/app\/uploads\/2020\/11\/logan-weaver-uwyqYYWUQJw-unsplash-scaled.jpg","width":1707,"height":2560},{"@type":"BreadcrumbList","@id":"https:\/\/empowermissouri.org\/justice-has-no-timetable-it-just-has-a-destination\/#breadcrumb","itemListElement":[{"@type":"ListItem","position":1,"name":"Home","item":"https:\/\/empowermissouri.org\/"},{"@type":"ListItem","position":2,"name":"\u201cJustice Has No Timetable; It Just Has a Destination\u201d"}]},{"@type":"WebSite","@id":"https:\/\/empowermissouri.org\/#website","url":"https:\/\/empowermissouri.org\/","name":"Empoderar a Missouri","description":"Advocating for Justice | Empowering Change","publisher":{"@id":"https:\/\/empowermissouri.org\/#organization"},"potentialAction":[{"@type":"SearchAction","target":{"@type":"EntryPoint","urlTemplate":"https:\/\/empowermissouri.org\/?s={search_term_string}"},"query-input":{"@type":"PropertyValueSpecification","valueRequired":true,"valueName":"search_term_string"}}],"inLanguage":"es-MX"},{"@type":"Organization","@id":"https:\/\/empowermissouri.org\/#organization","name":"Empoderar a Missouri","url":"https:\/\/empowermissouri.org\/","logo":{"@type":"ImageObject","inLanguage":"es-MX","@id":"https:\/\/empowermissouri.org\/#\/schema\/logo\/image\/","url":"http:\/\/empowermissouri.org\/app\/uploads\/2018\/08\/logo_button.png","contentUrl":"http:\/\/empowermissouri.org\/app\/uploads\/2018\/08\/logo_button.png","width":579,"height":579,"caption":"Empower Missouri"},"image":{"@id":"https:\/\/empowermissouri.org\/#\/schema\/logo\/image\/"},"sameAs":["https:\/\/www.facebook.com\/empowermissouri","https:\/\/x.com\/empowermissouri","https:\/\/www.instagram.com\/empowermissouri\/","https:\/\/www.linkedin.com\/company\/empower-missouri\/"]},{"@type":"Person","@id":"https:\/\/empowermissouri.org\/#\/schema\/person\/e951a654cbc724fec5829ff7f4d36370","name":"Empoderar a Missouri","image":{"@type":"ImageObject","inLanguage":"es-MX","@id":"https:\/\/secure.gravatar.com\/avatar\/707cc62910910b381e613ab53a9c71ad8f903d58979eb1f78be3a4947f578900?s=96&d=mm&r=gb92e1d0ab19e89757b0c5f03bd735f45","url":"https:\/\/secure.gravatar.com\/avatar\/707cc62910910b381e613ab53a9c71ad8f903d58979eb1f78be3a4947f578900?s=96&d=mm&r=g","contentUrl":"https:\/\/secure.gravatar.com\/avatar\/707cc62910910b381e613ab53a9c71ad8f903d58979eb1f78be3a4947f578900?s=96&d=mm&r=g","caption":"Empower Missouri"},"url":"https:\/\/empowermissouri.org\/es\/author\/developer\/"}]}},"_links":{"self":[{"href":"https:\/\/empowermissouri.org\/es\/wp-json\/wp\/v2\/posts\/5619","targetHints":{"allow":["GET"]}}],"collection":[{"href":"https:\/\/empowermissouri.org\/es\/wp-json\/wp\/v2\/posts"}],"about":[{"href":"https:\/\/empowermissouri.org\/es\/wp-json\/wp\/v2\/types\/post"}],"author":[{"embeddable":true,"href":"https:\/\/empowermissouri.org\/es\/wp-json\/wp\/v2\/users\/1"}],"replies":[{"embeddable":true,"href":"https:\/\/empowermissouri.org\/es\/wp-json\/wp\/v2\/comments?post=5619"}],"version-history":[{"count":0,"href":"https:\/\/empowermissouri.org\/es\/wp-json\/wp\/v2\/posts\/5619\/revisions"}],"wp:featuredmedia":[{"embeddable":true,"href":"https:\/\/empowermissouri.org\/es\/wp-json\/wp\/v2\/media\/5620"}],"wp:attachment":[{"href":"https:\/\/empowermissouri.org\/es\/wp-json\/wp\/v2\/media?parent=5619"}],"wp:term":[{"taxonomy":"category","embeddable":true,"href":"https:\/\/empowermissouri.org\/es\/wp-json\/wp\/v2\/categories?post=5619"},{"taxonomy":"post_tag","embeddable":true,"href":"https:\/\/empowermissouri.org\/es\/wp-json\/wp\/v2\/tags?post=5619"},{"taxonomy":"issues","embeddable":true,"href":"https:\/\/empowermissouri.org\/es\/wp-json\/wp\/v2\/issues?post=5619"},{"taxonomy":"author","embeddable":true,"href":"https:\/\/empowermissouri.org\/es\/wp-json\/wp\/v2\/coauthors?post=5619"}],"curies":[{"name":"wp","href":"https:\/\/api.w.org\/{rel}","templated":true}]}}