{"id":5334,"date":"2020-10-01T17:37:22","date_gmt":"2020-10-01T22:37:22","guid":{"rendered":"http:\/\/empowermissouri.org\/?p=5334"},"modified":"2021-01-07T15:19:17","modified_gmt":"2021-01-07T21:19:17","slug":"2020-racial-equity-summit-co-sponsors","status":"publish","type":"post","link":"https:\/\/empowermissouri.org\/es\/2020-racial-equity-summit-co-sponsors\/","title":{"rendered":"Cumbre de equidad racial 2020: copatrocinadores"},"content":{"rendered":"<div class=\"col-xs-12\">\n<p><span style=\"color: #0000ff;\"><strong><i>Copatrocinadores de nivel platino:<\/i><\/strong><\/span><\/p>\n<p><\/p>\n<p><span style=\"color: #000000;\">La inscripci\u00f3n para la Cumbre de Equidad Racial es gratuita para todos, gracias al generoso copatrocinio de nivel platino de Maxine Clark y Bob Fox y la Deaconess Foundation.<\/span><\/p>\n<\/div>\n<div class=\"col-xs-12\"><strong><strong><img fetchpriority=\"high\" decoding=\"async\" class=\"alignleft size-medium wp-image-5321\" src=\"http:\/\/empowermissouri.org\/app\/uploads\/2020\/10\/Maxine-and-Bob-Press-Release-Photo-300x200.jpg\" alt=\"\" width=\"300\" height=\"200\" srcset=\"https:\/\/empowermissouri.org\/app\/uploads\/2020\/10\/Maxine-and-Bob-Press-Release-Photo-300x200.jpg 300w, https:\/\/empowermissouri.org\/app\/uploads\/2020\/10\/Maxine-and-Bob-Press-Release-Photo-1024x683.jpg 1024w, https:\/\/empowermissouri.org\/app\/uploads\/2020\/10\/Maxine-and-Bob-Press-Release-Photo-768x512.jpg 768w, https:\/\/empowermissouri.org\/app\/uploads\/2020\/10\/Maxine-and-Bob-Press-Release-Photo.jpg 1500w\" sizes=\"(max-width: 300px) 100vw, 300px\" \/><\/strong><span style=\"color: #000000;\">Maxine Clark y Bob Fox<\/span><\/strong>&nbsp;<span style=\"color: #000000;\">estableci\u00f3 la Fundaci\u00f3n de la Familia Clark-Fox en 2004 para promover el crecimiento y la prosperidad regionales elevando a aquellas poblaciones que han sido marginadas por la sociedad. Creen que los marginados actualmente representan una mina de oro de talento sin explotar para impulsar el crecimiento y hacer de St. Louis un lugar m\u00e1s atractivo, justo y equitativo para vivir, trabajar y formar una familia. Se enfocan en PK-12 y educaci\u00f3n superior, salud p\u00fablica, inmigraci\u00f3n, justicia social, equidad racial, reforma de la justicia penal, liderazgo comunitario y esp\u00edritu empresarial.<\/span><\/div>\n<div>&nbsp;<\/div>\n<div>&nbsp;<\/div>\n<div>&nbsp;<\/div>\n<div><strong><img decoding=\"async\" class=\"alignleft size-medium wp-image-5398\" src=\"http:\/\/empowermissouri.org\/app\/uploads\/2020\/10\/Deaconess-Logo-Tagline-CMYK-JPEG-300x88.jpg\" alt=\"\" width=\"300\" height=\"88\" srcset=\"https:\/\/empowermissouri.org\/app\/uploads\/2020\/10\/Deaconess-Logo-Tagline-CMYK-JPEG-300x88.jpg 300w, https:\/\/empowermissouri.org\/app\/uploads\/2020\/10\/Deaconess-Logo-Tagline-CMYK-JPEG.jpg 700w\" sizes=\"(max-width: 300px) 100vw, 300px\" \/><span style=\"color: #000000;\">Fundaci\u00f3n Diaconisa<\/span><\/strong> <span style=\"color: #000000;\">es una organizaci\u00f3n que otorga subvenciones que construye poder para el bienestar infantil a trav\u00e9s de la filantrop\u00eda, la defensa y la organizaci\u00f3n para la equidad racial y el cambio de pol\u00edticas p\u00fablicas. La Fundaci\u00f3n visualiza una comunidad que valora la salud y el bienestar de todos los ni\u00f1os y da atenci\u00f3n prioritaria a los m\u00e1s vulnerables. Esta comunidad solo prospera si la asignaci\u00f3n de poder y la distribuci\u00f3n de recursos, beneficios, oportunidades y cargas no son predecibles ni se basan en la raza. Un ministerio de la Iglesia Unida de Cristo, Deaconess ha invertido m\u00e1s de $85 millones para mejorar la salud de la comunidad de St. Louis desde 1998. La promoci\u00f3n de la Fundaci\u00f3n y la huella de concesi\u00f3n de subvenciones incluyen St. Louis City, St. Louis, Jefferson, St. Los condados de Charles y Franklin en Missouri y los condados de Madison, St. Clair y Monroe en Illinois.<\/span><\/div>\n<div>&nbsp;<\/div>\n<div>&nbsp;<\/div>\n<div>&nbsp;<\/div>\n<div>\n<p><span style=\"color: #0000ff;\"><em><strong>Copatrocinadores de nivel Gold:<\/strong><\/em><\/span><\/p>\n<\/div>\n<div>\n<p><img decoding=\"async\" class=\"alignleft size-medium wp-image-5424\" src=\"http:\/\/empowermissouri.org\/app\/uploads\/2020\/10\/MO-LogoWide-print_large-300x160.jpg\" alt=\"\" width=\"300\" height=\"160\" srcset=\"https:\/\/empowermissouri.org\/app\/uploads\/2020\/10\/MO-LogoWide-print_large-300x160.jpg 300w, https:\/\/empowermissouri.org\/app\/uploads\/2020\/10\/MO-LogoWide-print_large-768x410.jpg 768w, https:\/\/empowermissouri.org\/app\/uploads\/2020\/10\/MO-LogoWide-print_large.jpg 900w\" sizes=\"(max-width: 300px) 100vw, 300px\" \/><\/p>\n<p><span style=\"color: #000000;\"><strong>Proyecto de presupuesto de Missouri<\/strong> mejora la calidad de vida de todos los habitantes de Misuri informando las decisiones de pol\u00edtica p\u00fablica a trav\u00e9s de la investigaci\u00f3n objetiva y el an\u00e1lisis del presupuesto estatal, los asuntos fiscales y econ\u00f3micos.<\/span><\/p>\n<\/div>\n<p><\/p>\n<p><\/p>\n<p><strong><img loading=\"lazy\" decoding=\"async\" class=\"alignleft size-medium wp-image-5450\" src=\"http:\/\/empowermissouri.org\/app\/uploads\/2020\/10\/WVoices.10_logo-300x124.jpg\" alt=\"\" width=\"300\" height=\"124\" srcset=\"https:\/\/empowermissouri.org\/app\/uploads\/2020\/10\/WVoices.10_logo-300x124.jpg 300w, https:\/\/empowermissouri.org\/app\/uploads\/2020\/10\/WVoices.10_logo-1024x423.jpg 1024w, https:\/\/empowermissouri.org\/app\/uploads\/2020\/10\/WVoices.10_logo-768x317.jpg 768w, https:\/\/empowermissouri.org\/app\/uploads\/2020\/10\/WVoices.10_logo-1536x635.jpg 1536w, https:\/\/empowermissouri.org\/app\/uploads\/2020\/10\/WVoices.10_logo.jpg 1733w\" sizes=\"(max-width: 300px) 100vw, 300px\" \/><span style=\"color: #000000;\">Voces de mujeres<\/span><\/strong> <span style=\"color: #000000;\">logra nuestra misi\u00f3n a trav\u00e9s de la educaci\u00f3n y la promoci\u00f3n. Nuestro comit\u00e9 de programa selecciona una variedad de oradores expertos para brindar informaci\u00f3n sobre una variedad de temas de justicia social.<\/span>&nbsp;<a href=\"https:\/\/womensvoicesraised.org\/upcoming\/\">Programas&nbsp;<\/a><span style=\"color: #000000;\">se llevan a cabo el segundo jueves de cada mes, de septiembre a mayo, a las 7 pm en The Heights (Maplewood-Richmond Heights Community Center), 8001 Dale Avenue, Richmond Heights 63117. Los programas est\u00e1n abiertos al p\u00fablico, sin cargo, y a los invitados. son bienvenidos.&nbsp;<\/span><\/p>\n<p><\/p>\n<p><img loading=\"lazy\" decoding=\"async\" class=\"alignleft size-medium wp-image-5477\" src=\"http:\/\/empowermissouri.org\/app\/uploads\/2020\/10\/JCRC-Logo_Color-300x120.jpg\" alt=\"\" width=\"300\" height=\"120\" srcset=\"https:\/\/empowermissouri.org\/app\/uploads\/2020\/10\/JCRC-Logo_Color-300x120.jpg 300w, https:\/\/empowermissouri.org\/app\/uploads\/2020\/10\/JCRC-Logo_Color-1024x411.jpg 1024w, https:\/\/empowermissouri.org\/app\/uploads\/2020\/10\/JCRC-Logo_Color-768x308.jpg 768w, https:\/\/empowermissouri.org\/app\/uploads\/2020\/10\/JCRC-Logo_Color-1536x616.jpg 1536w, https:\/\/empowermissouri.org\/app\/uploads\/2020\/10\/JCRC-Logo_Color-2048x822.jpg 2048w\" sizes=\"(max-width: 300px) 100vw, 300px\" \/><span style=\"color: #000000;\"><strong>El Consejo de Relaciones de la Comunidad Jud\u00eda (JCRC)<\/strong> trabaja dentro de las comunidades jud\u00edas y m\u00e1s amplias de St. Louis para mejorar la cooperaci\u00f3n con otros grupos religiosos, raciales, \u00e9tnicos y c\u00edvicos; fomentar una sociedad justa, democr\u00e1tica y pluralista; y promover la seguridad de Israel y los jud\u00edos en todas partes. Guiado por los valores jud\u00edos, el JCRC aboga, educa, colabora y moviliza acciones en temas importantes para la comunidad jud\u00eda.<\/span><\/p>\n<p><\/p>\n<p style=\"background: white;\"><strong><img loading=\"lazy\" decoding=\"async\" class=\"alignleft size-medium wp-image-5501\" src=\"http:\/\/empowermissouri.org\/app\/uploads\/2020\/10\/bhlogo-300x180.jpg\" alt=\"\" width=\"300\" height=\"180\" srcset=\"https:\/\/empowermissouri.org\/app\/uploads\/2020\/10\/bhlogo-300x180.jpg 300w, https:\/\/empowermissouri.org\/app\/uploads\/2020\/10\/bhlogo-768x461.jpg 768w, https:\/\/empowermissouri.org\/app\/uploads\/2020\/10\/bhlogo.jpg 1024w\" sizes=\"(max-width: 300px) 100vw, 300px\" \/><span style=\"color: #000000;\">M\u00e1s all\u00e1 de la vivienda<\/span><\/strong> <span style=\"color: #000000;\">ayuda a las comunidades a convertirse en mejores lugares para vivir. Las comunidades pr\u00f3speras apoyan a familias y ni\u00f1os saludables. Ofrecen un sentido de orgullo y propiedad. Ven a las personas a trav\u00e9s de una crisis y les ayudan a convertir sus sue\u00f1os en realidad. <\/span><span style=\"color: #000000;\">Somos una organizaci\u00f3n integral de desarrollo comunitario que re\u00fane a socios y brinda liderazgo. Desde la compra de una vivienda hasta la salud, la educaci\u00f3n, el empleo y el desarrollo econ\u00f3mico, ofrecemos apoyo y recursos integrales. <\/span><span style=\"color: #000000;\">Al fortalecer las comunidades, empoderamos a las personas y familias que llaman hogar a su comunidad.<\/span><\/p>\n<p><\/p>\n<p><\/p>\n<p><span style=\"color: #000000;\"><img loading=\"lazy\" decoding=\"async\" class=\"alignleft size-medium wp-image-5531\" src=\"http:\/\/empowermissouri.org\/app\/uploads\/2020\/10\/OFS-Logo-Horizontal-300x89.jpg\" alt=\"\" width=\"300\" height=\"89\" srcset=\"https:\/\/empowermissouri.org\/app\/uploads\/2020\/10\/OFS-Logo-Horizontal-300x89.jpg 300w, https:\/\/empowermissouri.org\/app\/uploads\/2020\/10\/OFS-Logo-Horizontal-1024x302.jpg 1024w, https:\/\/empowermissouri.org\/app\/uploads\/2020\/10\/OFS-Logo-Horizontal-768x227.jpg 768w, https:\/\/empowermissouri.org\/app\/uploads\/2020\/10\/OFS-Logo-Horizontal.jpg 1500w\" sizes=\"(max-width: 300px) 100vw, 300px\" \/>La misi\u00f3n de <strong>Operaci\u00f3n B\u00fasqueda de Alimentos<\/strong> es nutrir y educar a nuestros vecinos necesitados de curar el dolor del hambre.<\/span><\/p>\n<p><\/p>\n<p><\/p>\n<p><span style=\"color: #000000;\"><strong><img loading=\"lazy\" decoding=\"async\" class=\"alignleft size-medium wp-image-5549\" src=\"http:\/\/empowermissouri.org\/app\/uploads\/2020\/10\/MOKidsFirst_2013_287-300x139.png\" alt=\"\" width=\"300\" height=\"139\" srcset=\"https:\/\/empowermissouri.org\/app\/uploads\/2020\/10\/MOKidsFirst_2013_287-300x139.png 300w, https:\/\/empowermissouri.org\/app\/uploads\/2020\/10\/MOKidsFirst_2013_287-1024x474.png 1024w, https:\/\/empowermissouri.org\/app\/uploads\/2020\/10\/MOKidsFirst_2013_287-768x355.png 768w, https:\/\/empowermissouri.org\/app\/uploads\/2020\/10\/MOKidsFirst_2013_287-1536x711.png 1536w, https:\/\/empowermissouri.org\/app\/uploads\/2020\/10\/MOKidsFirst_2013_287.png 1755w\" sizes=\"(max-width: 300px) 100vw, 300px\" \/>Misuri KidsFirst<\/strong> empodera a los adultos para proteger a los ni\u00f1os del abuso y la negligencia a trav\u00e9s de la educaci\u00f3n comunitaria, la capacitaci\u00f3n profesional y la defensa de los ni\u00f1os. <\/span><\/p>\n<p><\/p>\n<p><\/p>\n<p><img loading=\"lazy\" decoding=\"async\" class=\"alignleft size-medium wp-image-5571\" src=\"http:\/\/empowermissouri.org\/app\/uploads\/2020\/10\/10451-300x103.jpg\" alt=\"\" width=\"300\" height=\"103\" srcset=\"https:\/\/empowermissouri.org\/app\/uploads\/2020\/10\/10451-300x103.jpg 300w, https:\/\/empowermissouri.org\/app\/uploads\/2020\/10\/10451.jpg 346w\" sizes=\"(max-width: 300px) 100vw, 300px\" \/><span style=\"color: #000000;\"><strong>El Ej\u00e9rcito de Salvaci\u00f3n<\/strong>, un movimiento internacional, es una parte evang\u00e9lica de la Iglesia cristiana universal. Su mensaje se basa en la Biblia. Su ministerio est\u00e1 motivado por el amor de Dios. Su misi\u00f3n es predicar el evangelio de Jesucristo y satisfacer las necesidades humanas en Su nombre sin discriminaci\u00f3n.<\/span><\/p>\n<p><\/p>\n<p><\/p>\n<p><span style=\"color: #000000;\"><strong><img loading=\"lazy\" decoding=\"async\" class=\"alignleft size-medium wp-image-5591\" src=\"http:\/\/empowermissouri.org\/app\/uploads\/2020\/10\/PfP_fullColor_logosDescriptor-web-300x110.png\" alt=\"\" width=\"300\" height=\"110\" srcset=\"https:\/\/empowermissouri.org\/app\/uploads\/2020\/10\/PfP_fullColor_logosDescriptor-web-300x110.png 300w, https:\/\/empowermissouri.org\/app\/uploads\/2020\/10\/PfP_fullColor_logosDescriptor-web-1024x377.png 1024w, https:\/\/empowermissouri.org\/app\/uploads\/2020\/10\/PfP_fullColor_logosDescriptor-web-768x283.png 768w, https:\/\/empowermissouri.org\/app\/uploads\/2020\/10\/PfP_fullColor_logosDescriptor-web-590x215.png 590w, https:\/\/empowermissouri.org\/app\/uploads\/2020\/10\/PfP_fullColor_logosDescriptor-web.png 1065w\" sizes=\"(max-width: 300px) 100vw, 300px\" \/>Lugares para personas<\/strong> se fund\u00f3 hace 47 a\u00f1os en respuesta a la entonces nueva pol\u00edtica federal de desinstitucionalizaci\u00f3n, que devolvi\u00f3 a la comunidad a los pacientes que viv\u00edan en instituciones mentales. La idea era que este modelo de atenci\u00f3n basado en la comunidad fuera m\u00e1s rentable y humano. Sin embargo, la infraestructura para respaldar este tipo de esfuerzos simplemente no estaba en su lugar. En respuesta, Places for People fue concebido para proporcionar un \u201clugar\u201d - un escaparate - en la comunidad donde los cientos de hombres y mujeres que hab\u00edan sido desinstitucionalizados pudieran recibir servicios, incluida la b\u00fasqueda de un nuevo lugar al que llamar hogar.<\/span><\/p>\n<p><\/p>\n<p><\/p>\n<p><strong><img loading=\"lazy\" decoding=\"async\" class=\"alignleft size-full wp-image-5637\" src=\"http:\/\/empowermissouri.org\/app\/uploads\/2020\/10\/Sterling-Bank.jpg\" alt=\"\" width=\"258\" height=\"195\"><span style=\"color: #000000;\">Sterling Bank<\/span><\/strong><span style=\"color: #000000;\"> es un gran banco comunitario con el impacto estructural y cultural que est\u00e1 construido para durar. \u00bfQu\u00e9 significa eso? Somos una parte integral de las comunidades a las que servimos. Estar involucrado en el desarrollo y progreso de nuestras comunidades es nuestra pasi\u00f3n. Construimos relaciones con nuestros clientes para ayudarlos a alcanzar sus metas financieras. Apoyamos a las escuelas, empresas y organizaciones de nuestra zona para fortalecer nuestras comunidades.&nbsp;<\/span><\/p>\n<p><\/p>\n<p><\/p>\n<p><span style=\"color: #000000;\"><strong><img loading=\"lazy\" decoding=\"async\" class=\"alignleft  wp-image-5662\" src=\"http:\/\/empowermissouri.org\/app\/uploads\/2020\/10\/buzzbold-logo-block-color-300x300.png\" alt=\"\" width=\"297\" height=\"297\" srcset=\"https:\/\/empowermissouri.org\/app\/uploads\/2020\/10\/buzzbold-logo-block-color-300x300.png 300w, https:\/\/empowermissouri.org\/app\/uploads\/2020\/10\/buzzbold-logo-block-color-1024x1024.png 1024w, https:\/\/empowermissouri.org\/app\/uploads\/2020\/10\/buzzbold-logo-block-color-150x150.png 150w, https:\/\/empowermissouri.org\/app\/uploads\/2020\/10\/buzzbold-logo-block-color-768x768.png 768w, https:\/\/empowermissouri.org\/app\/uploads\/2020\/10\/buzzbold-logo-block-color.png 1200w\" sizes=\"(max-width: 297px) 100vw, 297px\" \/>BUZZBOLD <\/strong>ayuda al personal de organizaciones sin fines de lucro a descubrir y construir el equilibrio adecuado de sistemas y soluciones digitales para construir relaciones y expandir su impacto. Te ayudamos a CRECER CONECTADO.<\/span><\/p>\n<p><\/p>\n<p><\/p>\n<p><\/p>\n<p><\/p>\n<p><span style=\"color: #000000;\"><strong><img loading=\"lazy\" decoding=\"async\" class=\"alignleft size-medium wp-image-5842\" src=\"http:\/\/empowermissouri.org\/app\/uploads\/2020\/10\/JWJ-square-logo-2-300x300.png\" alt=\"\" width=\"300\" height=\"300\" srcset=\"https:\/\/empowermissouri.org\/app\/uploads\/2020\/10\/JWJ-square-logo-2-300x300.png 300w, https:\/\/empowermissouri.org\/app\/uploads\/2020\/10\/JWJ-square-logo-2-1024x1024.png 1024w, https:\/\/empowermissouri.org\/app\/uploads\/2020\/10\/JWJ-square-logo-2-150x150.png 150w, https:\/\/empowermissouri.org\/app\/uploads\/2020\/10\/JWJ-square-logo-2-768x768.png 768w, https:\/\/empowermissouri.org\/app\/uploads\/2020\/10\/JWJ-square-logo-2-1536x1536.png 1536w, https:\/\/empowermissouri.org\/app\/uploads\/2020\/10\/JWJ-square-logo-2-2048x2048.png 2048w\" sizes=\"(max-width: 300px) 100vw, 300px\" \/>Trabajos de Missouri con Justice&#039;s<\/strong> La misi\u00f3n es Organizar a los habitantes de Missouri para construir un poder transformador para la justicia social, racial y econ\u00f3mica en nuestro estado. Creemos que las relaciones s\u00f3lidas arraigadas en la justicia, la equidad y la solidaridad son necesarias para construir un poder transformador para la justicia social, racial y econ\u00f3mica.<\/span><\/p>\n<p><\/p>\n<p><\/p>\n<p><\/p>\n<p><img loading=\"lazy\" decoding=\"async\" class=\"alignleft size-full wp-image-5884\" src=\"http:\/\/empowermissouri.org\/app\/uploads\/2020\/10\/JTNL-logo.png\" alt=\"\" width=\"206\" height=\"88\"><span style=\"color: #000000;\"><strong>Viaje a una nueva vida, Inc.,<\/strong> fue fundada en 2013 despu\u00e9s de que siete personas, cada una con una historia sustancial y experiencia trabajando con programas de reingreso de prisioneros, se reunieran para compartir experiencias, discutir desaf\u00edos y ofrecer ideas. Fue a trav\u00e9s de esas conversaciones org\u00e1nicas que el grupo descubri\u00f3 algunos factores comunes que, cuando estaban presentes juntos, crearon un segmento particularmente desatendido y con mayor riesgo de la poblaci\u00f3n de ex delincuentes. Es la triple barrera.<\/span><\/p>\n<p><span style=\"color: #000000;\">Cualquiera que vuelva a entrar en la comunidad despu\u00e9s de la prisi\u00f3n se enfrenta a muchos obst\u00e1culos para el \u00e9xito. Pero, para aquellos que enfrentan los desaf\u00edos adicionales de enfermedades mentales o traumas previos, abuso de sustancias y antecedentes de encarcelamiento, el viaje es a\u00fan m\u00e1s complejo. Desafortunadamente, no ten\u00edan a d\u00f3nde acudir en busca de ayuda. Journey to New Life fue creado para ser ese lugar.<\/span><\/p>\n<p><\/p>\n<p><span style=\"color: #0000ff;\"><strong><em>Copatrocinadores Nivel Plata:<\/em><\/strong><\/span><\/p>\n<p><\/p>\n<p style=\"margin-top: 0in; background: white;\"><img loading=\"lazy\" decoding=\"async\" class=\"alignleft size-medium wp-image-5495\" src=\"http:\/\/empowermissouri.org\/app\/uploads\/2020\/10\/CHS_Logo_Horz_Color_RGB-300x71.png\" alt=\"\" width=\"300\" height=\"71\" srcset=\"https:\/\/empowermissouri.org\/app\/uploads\/2020\/10\/CHS_Logo_Horz_Color_RGB-300x71.png 300w, https:\/\/empowermissouri.org\/app\/uploads\/2020\/10\/CHS_Logo_Horz_Color_RGB-1024x242.png 1024w, https:\/\/empowermissouri.org\/app\/uploads\/2020\/10\/CHS_Logo_Horz_Color_RGB-768x181.png 768w, https:\/\/empowermissouri.org\/app\/uploads\/2020\/10\/CHS_Logo_Horz_Color_RGB.png 1276w\" sizes=\"(max-width: 300px) 100vw, 300px\" \/><span style=\"color: #000000;\"><strong>Chestnut Health Systems \u2122<\/strong>&nbsp;<span style=\"box-sizing: border-box; text-rendering: optimizelegibility; -webkit-font-smoothing: antialiased; font-kerning: auto;\">&nbsp;<\/span>es una organizaci\u00f3n ben\u00e9fica privada 501 (c) (3) sin fines de lucro dirigida por un voluntario<\/span><span style=\"box-sizing: border-box; text-rendering: optimizelegibility; -webkit-font-smoothing: antialiased; font-kerning: auto;\">&nbsp;<\/span><a style=\"box-sizing: border-box; text-rendering: optimizelegibility; -webkit-font-smoothing: antialiased; font-kerning: auto; -webkit-tap-highlight-color: rgba(0, 0, 0, 0); word-break: break-word;\" href=\"https:\/\/www.chestnut.org\/Board-of-Directors\" target=\"_blank\" rel=\"noopener noreferrer\"><span style=\"text-decoration: none;\">Junta Directiva<\/span><\/a>.<\/p>\n<p style=\"margin-top: 0in; background: white;\"><span style=\"color: #000000;\">casta\u00f1a<span style=\"box-sizing: border-box; text-rendering: optimizelegibility; -webkit-font-smoothing: antialiased; font-kerning: auto;\">&nbsp;<\/span>ofrece una amplia gama de servicios humanos y de salud conductual en Illinois. Nuestro personal profesional y experimentado est\u00e1 comprometido a brindar atenci\u00f3n y servicios de alta calidad a las comunidades a las que servimos. Desde centros de tratamiento de adicciones a las drogas y el alcohol (residenciales y ambulatorios), a hogares m\u00e9dicos de atenci\u00f3n primaria, a un instituto de investigaci\u00f3n,<span style=\"box-sizing: border-box; text-rendering: optimizelegibility; -webkit-font-smoothing: antialiased; font-kerning: auto;\">&nbsp;<\/span>casta\u00f1a<span style=\"box-sizing: border-box; text-rendering: optimizelegibility; -webkit-font-smoothing: antialiased; font-kerning: auto;\">&nbsp;<\/span>trabaja continuamente para lograr su misi\u00f3n de marcar la diferencia y mejorar la calidad de vida a trav\u00e9s de la excelencia en el servicio.<\/span><\/p>\n<p><\/p>\n<p class=\"first-child\" style=\"background: white; margin: 0in 0in 21.0pt 0in;\"><strong><img loading=\"lazy\" decoding=\"async\" class=\"alignleft size-medium wp-image-5520\" src=\"http:\/\/empowermissouri.org\/app\/uploads\/2020\/10\/191024-PNHP-MO-ad-for-Empower-MO-222x300.png\" alt=\"\" width=\"222\" height=\"300\" srcset=\"https:\/\/empowermissouri.org\/app\/uploads\/2020\/10\/191024-PNHP-MO-ad-for-Empower-MO-222x300.png 222w, https:\/\/empowermissouri.org\/app\/uploads\/2020\/10\/191024-PNHP-MO-ad-for-Empower-MO.png 473w\" sizes=\"(max-width: 222px) 100vw, 222px\" \/><span style=\"color: #000000;\">M\u00e9dicos para un programa nacional de salud<\/span><\/strong>&nbsp;<span style=\"color: black;\">es una organizaci\u00f3n de un solo tema que aboga por un programa de salud nacional integral de pagador \u00fanico universal. PNHP tiene m\u00e1s de 20,000 miembros y cap\u00edtulos en los Estados Unidos.<\/span><\/p>\n<p class=\"even\" style=\"background: white; box-sizing: border-box; font-variant-ligatures: normal; font-variant-caps: normal; orphans: 2; text-align: start; widows: 2; -webkit-text-stroke-width: 0px; word-spacing: 0px; margin: 0in 0in 21pt;\"><span style=\"color: black;\">Desde 1987, hemos abogado por una reforma en el sistema de salud de los Estados Unidos. Educamos a los m\u00e9dicos y otros profesionales de la salud sobre los beneficios de un sistema de pagador \u00fanico, que incluye menos costos administrativos y que ofrece seguro m\u00e9dico a los 30 millones de estadounidenses que no tienen ninguno.<\/span><\/p>\n<p><\/p>\n<p><\/p>\n<p><strong><img loading=\"lazy\" decoding=\"async\" class=\"alignleft size-full wp-image-5524\" src=\"http:\/\/empowermissouri.org\/app\/uploads\/2020\/10\/Gateway-Housing-First.jpg\" alt=\"\" width=\"196\" height=\"147\"><span style=\"color: #000000;\">Gateway Housing First (GHF)<\/span><\/strong> <span style=\"color: #000000;\">desarrolla propiedades en comunidades asequibles para personas y familias dif\u00edciles de alojar, al mismo tiempo que brinda servicios de colocaci\u00f3n de vivienda, asistencia de emergencia y administraci\u00f3n de casos limitados a hogares que necesitan viviendas de apoyo permanente. Hacemos esto a trav\u00e9s de la b\u00fasqueda agresiva de oportunidades de desarrollo de viviendas para crear viviendas nuevas y asequibles mientras nos asociamos con proveedores de servicios locales para brindar los servicios cl\u00ednicos y de tratamiento necesarios.<\/span><\/p>\n<p><\/p>\n<p><\/p>\n<p><strong><span style=\"font-weight: normal;\"><strong><img loading=\"lazy\" decoding=\"async\" class=\"alignleft size-medium wp-image-5540\" src=\"http:\/\/empowermissouri.org\/app\/uploads\/2020\/10\/More2-logo-print-CMYK-with-tag-300x92.jpg\" alt=\"\" width=\"300\" height=\"92\" srcset=\"https:\/\/empowermissouri.org\/app\/uploads\/2020\/10\/More2-logo-print-CMYK-with-tag-300x92.jpg 300w, https:\/\/empowermissouri.org\/app\/uploads\/2020\/10\/More2-logo-print-CMYK-with-tag-1024x315.jpg 1024w, https:\/\/empowermissouri.org\/app\/uploads\/2020\/10\/More2-logo-print-CMYK-with-tag-768x236.jpg 768w, https:\/\/empowermissouri.org\/app\/uploads\/2020\/10\/More2-logo-print-CMYK-with-tag-1536x473.jpg 1536w, https:\/\/empowermissouri.org\/app\/uploads\/2020\/10\/More2-logo-print-CMYK-with-tag-2048x631.jpg 2048w\" sizes=\"(max-width: 300px) 100vw, 300px\" \/><span style=\"color: #000000;\">M\u00e1s2<\/span><\/strong><span style=\"color: #000000;\"> es una organizaci\u00f3n de membres\u00eda basada en la fe en la ciudad de Kanas enfocada en la equidad racial.<\/span><\/span><\/strong><\/p>\n<p><\/p>\n<p><\/p>\n<p><span style=\"color: #000000;\"><img loading=\"lazy\" decoding=\"async\" class=\"alignleft size-medium wp-image-5831\" src=\"http:\/\/empowermissouri.org\/app\/uploads\/2020\/10\/MO-NAACP-Letterhead-Logo-300x126.png\" alt=\"\" width=\"300\" height=\"126\" srcset=\"https:\/\/empowermissouri.org\/app\/uploads\/2020\/10\/MO-NAACP-Letterhead-Logo-300x126.png 300w, https:\/\/empowermissouri.org\/app\/uploads\/2020\/10\/MO-NAACP-Letterhead-Logo.png 344w\" sizes=\"(max-width: 300px) 100vw, 300px\" \/>La misi\u00f3n del <strong>Asociaci\u00f3n Nacional para el Adelanto de las Personas de Color<\/strong> es garantizar la igualdad pol\u00edtica, educativa, social y econ\u00f3mica de los derechos de todas las personas y eliminar la discriminaci\u00f3n basada en la raza.<\/span><\/p>\n<p><\/p>\n<p><\/p>\n<p><span style=\"color: #000000;\"><strong><img loading=\"lazy\" decoding=\"async\" class=\"alignleft size-medium wp-image-5837\" src=\"http:\/\/empowermissouri.org\/app\/uploads\/2020\/10\/MCE50-logo-FINAL-Transparent-300x140.png\" alt=\"\" width=\"300\" height=\"140\" srcset=\"https:\/\/empowermissouri.org\/app\/uploads\/2020\/10\/MCE50-logo-FINAL-Transparent-300x140.png 300w, https:\/\/empowermissouri.org\/app\/uploads\/2020\/10\/MCE50-logo-FINAL-Transparent-1024x477.png 1024w, https:\/\/empowermissouri.org\/app\/uploads\/2020\/10\/MCE50-logo-FINAL-Transparent-768x357.png 768w, https:\/\/empowermissouri.org\/app\/uploads\/2020\/10\/MCE50-logo-FINAL-Transparent-1536x715.png 1536w, https:\/\/empowermissouri.org\/app\/uploads\/2020\/10\/MCE50-logo-FINAL-Transparent-2048x953.png 2048w\" sizes=\"(max-width: 300px) 100vw, 300px\" \/>Coalici\u00f3n de Missouri para el Medio Ambiente (MCE)<\/strong> es la organizaci\u00f3n ambiental ciudadana independiente de Missouri para el agua potable, el aire limpio, la energ\u00eda limpia y un medio ambiente saludable. <\/span><span style=\"color: #000000;\">Somos una organizaci\u00f3n de defensa ambiental 501 (c) (3) a nivel estatal confiable y no partidista, un educador informado, un defensor apasionado y un socio estatal que apoya organizaciones e iniciativas aliadas en todo el estado. Entregamos informaci\u00f3n vital a miles de habitantes de Misuri sobre temas que afectan el agua, el aire, los alimentos, la salud y el medio ambiente.<\/span><\/p>\n<p><\/p>\n<p><\/p>\n<p><span style=\"color: #000000;\"><strong><img loading=\"lazy\" decoding=\"async\" class=\"alignleft size-medium wp-image-5878\" src=\"http:\/\/empowermissouri.org\/app\/uploads\/2020\/10\/Kids-Win-Missouri-Logo-300x148.jpg\" alt=\"\" width=\"300\" height=\"148\" srcset=\"https:\/\/empowermissouri.org\/app\/uploads\/2020\/10\/Kids-Win-Missouri-Logo-300x148.jpg 300w, https:\/\/empowermissouri.org\/app\/uploads\/2020\/10\/Kids-Win-Missouri-Logo-1024x507.jpg 1024w, https:\/\/empowermissouri.org\/app\/uploads\/2020\/10\/Kids-Win-Missouri-Logo-768x380.jpg 768w, https:\/\/empowermissouri.org\/app\/uploads\/2020\/10\/Kids-Win-Missouri-Logo-1536x760.jpg 1536w, https:\/\/empowermissouri.org\/app\/uploads\/2020\/10\/Kids-Win-Missouri-Logo.jpg 1592w\" sizes=\"(max-width: 300px) 100vw, 300px\" \/>Los ni\u00f1os ganan Missouri<\/strong> es una coalici\u00f3n de organizaciones e individuos dedicados a mejorar el bienestar de los ni\u00f1os de Missouri. Nuestra misi\u00f3n es promover el bienestar infantil al promover la salud, la educaci\u00f3n, la seguridad y el desarrollo de los ni\u00f1os de Missouri y sus familias, especialmente aquellos que est\u00e1n en riesgo debido a la pobreza, el abuso, la negligencia, las desigualdades raciales u otros factores de riesgo.<\/span><\/p>\n<p><\/p>\n<p><\/p>\n<p><span style=\"color: #000000;\"><strong><img loading=\"lazy\" decoding=\"async\" class=\"alignleft size-medium wp-image-5887\" src=\"http:\/\/empowermissouri.org\/app\/uploads\/2020\/10\/MFV_color_h-2-300x130.png\" alt=\"\" width=\"300\" height=\"130\" srcset=\"https:\/\/empowermissouri.org\/app\/uploads\/2020\/10\/MFV_color_h-2-300x130.png 300w, https:\/\/empowermissouri.org\/app\/uploads\/2020\/10\/MFV_color_h-2-1024x443.png 1024w, https:\/\/empowermissouri.org\/app\/uploads\/2020\/10\/MFV_color_h-2-768x332.png 768w, https:\/\/empowermissouri.org\/app\/uploads\/2020\/10\/MFV_color_h-2.png 1120w\" sizes=\"(max-width: 300px) 100vw, 300px\" \/>Voces de fe de Missouri<\/strong> es una organizaci\u00f3n multirreligiosa, multirracial, estatal y no partidista que se compromete a empoderar y transformar las vidas de los ciudadanos comunes que han sido blanco de pol\u00edticas y pr\u00e1cticas injustas y oprimidos por la injusticia racial y econ\u00f3mica. Creamos la esperanza, producimos el poder y equipamos a los afectados con el conocimiento y la voluntad pol\u00edtica necesarios para crear una sociedad justa para todos los habitantes de Missouri.<\/span><\/p>\n<p><\/p>\n<p><\/p>\n<p><strong><img loading=\"lazy\" decoding=\"async\" class=\"alignleft size-full wp-image-5913\" src=\"http:\/\/empowermissouri.org\/app\/uploads\/2020\/10\/MOPoliticalConsultingrevLOGO-02.png\" alt=\"\" width=\"300\" height=\"269\"><span style=\"color: #000000;\">Consultor\u00eda Pol\u00edtica MO<\/span><\/strong><span style=\"color: #000000;\"> ofrece a los pol\u00edticos progresistas consultas estrat\u00e9gicas sobre campa\u00f1as y los medios para poner en pr\u00e1ctica esa estrategia. A trav\u00e9s de la sabidur\u00eda y la perspectiva obtenidas al estar al lado de nuestros numerosos candidatos, MO Political Consulting ofrece un enfoque innovador a las estrategias que demuestran ser m\u00e1s efectivas. Ofrecemos la atenci\u00f3n, la urgencia y la acci\u00f3n decisiva necesarias para resolver problemas como si nuestra propia reputaci\u00f3n y \u00e9xito estuvieran en juego.<\/span><\/p>\n<p><\/p>\n<p><\/p>\n<p><\/p>\n<p><span style=\"color: #000000;\"><strong><img loading=\"lazy\" decoding=\"async\" class=\"alignleft size-full wp-image-5915\" src=\"http:\/\/empowermissouri.org\/app\/uploads\/2020\/10\/Greater-Kansas.png\" alt=\"\" width=\"225\" height=\"225\" srcset=\"https:\/\/empowermissouri.org\/app\/uploads\/2020\/10\/Greater-Kansas.png 225w, https:\/\/empowermissouri.org\/app\/uploads\/2020\/10\/Greater-Kansas-150x150.png 150w\" sizes=\"(max-width: 225px) 100vw, 225px\" \/>La Coalici\u00f3n de la Gran Kansas City para poner fin<\/strong> Homelessness es la agencia l\u00edder de HUD Continuum of Care y la agencia l\u00edder del sistema de informaci\u00f3n para la gesti\u00f3n de personas sin hogar (HMIS) para el MO-604 CoC, incluido el condado de Jackson, MO y el condado de Wyandotte, KS. Nuestro equipo de profesionales comprometidos sin fines de lucro trabaja en colaboraci\u00f3n con las partes interesadas de la comunidad para asegurar recursos y desarrollar estrategias locales para acabar con la falta de vivienda en la regi\u00f3n de Kansas City.<\/span><\/p>\n<p><span style=\"color: #000000;\">Nuestra misi\u00f3n es proporcionar liderazgo, responsabilidad y supervisi\u00f3n en el \u00e1rea de Kansas City para apoyar un marco que aborde las causas de la falta de vivienda y aumente el acceso a viviendas estables.<\/span><\/p>\n<p><\/p>\n<p><\/p>\n<p><span style=\"color: #0000ff;\"><strong><em>Copatrocinadores Nivel Bronce:<\/em><\/strong><\/span><\/p>\n<p><span style=\"color: #000000;\"><strong>Madres de hijos e hijas encarcelados (MISD)<br>Kelly J. Berry<br><\/strong><strong>Pan para el mundo, St. Louis<br><\/strong><strong>Ministerio de Justicia Penal<br><\/strong><strong>Red de Acci\u00f3n Comunitaria de Missouri (Missouri CAN)&nbsp;<br>Sts. Servicio Joachim &amp; Ann Care<\/strong><\/span><\/p>\n<p><span style=\"color: #000000;\"><strong>&nbsp;<\/strong><\/span><\/p>\n<p><span style=\"color: #000000;\"><strong>Descubra c\u00f3mo convertirse en copatrocinador de la Cumbre de Equidad Racial<\/strong><\/span> <strong><a href=\"https:\/\/drive.google.com\/file\/d\/1TexPVRF-oRdbMLrk4-4r8DSbkTMF8Soe\/view?usp=sharing\">aqu\u00ed<\/a><\/strong><\/p>\n<div>&nbsp;<\/div>\n\n\n<p><\/p>","protected":false},"excerpt":{"rendered":"<p>Platinum Level Co-Sponsors: Registration for the Racial Equity Summit is free to all, thanks to a generous Platinum Level Co-Sponsorship from Maxine Clark and Bob Fox and the Deaconess Foundation. Maxine Clark and Bob Fox&nbsp;established the Clark-Fox Family Foundation in 2004 to promote regional growth and prosperity by lifting up those populations that have been [&hellip;]<\/p>\n","protected":false},"author":1,"featured_media":5331,"comment_status":"open","ping_status":"open","sticky":false,"template":"","format":"standard","meta":{"_exactmetrics_skip_tracking":false,"_exactmetrics_sitenote_active":false,"_exactmetrics_sitenote_note":"","_exactmetrics_sitenote_category":0,"footnotes":""},"categories":[94,156,43],"tags":[131,62,77],"issues":[217,322],"coauthors":[359],"class_list":["post-5334","post","type-post","status-publish","format-standard","has-post-thumbnail","hentry","category-blog-post","category-conference","category-weekly-perspective","tag-election","tag-missouri","tag-race","issues-missouri","issues-elections"],"yoast_head":"<!-- This site is optimized with the Yoast SEO plugin v27.4 - https:\/\/yoast.com\/product\/yoast-seo-wordpress\/ -->\n<title>2020 Racial Equity Summit - Co-Sponsors - Empower Missouri<\/title>\n<meta name=\"robots\" content=\"index, follow, max-snippet:-1, max-image-preview:large, max-video-preview:-1\" \/>\n<link rel=\"canonical\" href=\"https:\/\/empowermissouri.org\/es\/2020-racial-equity-summit-co-sponsors\/\" \/>\n<meta property=\"og:locale\" content=\"es_MX\" \/>\n<meta property=\"og:type\" content=\"article\" \/>\n<meta property=\"og:title\" content=\"2020 Racial Equity Summit - Co-Sponsors - Empower Missouri\" \/>\n<meta property=\"og:description\" content=\"Platinum Level Co-Sponsors: Registration for the Racial Equity Summit is free to all, thanks to a generous Platinum Level Co-Sponsorship from Maxine Clark and Bob Fox and the Deaconess Foundation. Maxine Clark and Bob Fox&nbsp;established the Clark-Fox Family Foundation in 2004 to promote regional growth and prosperity by lifting up those populations that have been [&hellip;]\" \/>\n<meta property=\"og:url\" content=\"https:\/\/empowermissouri.org\/es\/2020-racial-equity-summit-co-sponsors\/\" \/>\n<meta property=\"og:site_name\" content=\"Empower Missouri\" \/>\n<meta property=\"article:publisher\" content=\"https:\/\/www.facebook.com\/empowermissouri\" \/>\n<meta property=\"article:published_time\" content=\"2020-10-01T22:37:22+00:00\" \/>\n<meta property=\"article:modified_time\" content=\"2021-01-07T21:19:17+00:00\" \/>\n<meta property=\"og:image\" content=\"https:\/\/empowermissouri.org\/app\/uploads\/2020\/10\/Empowering-You-Webinar-9.png\" \/>\n\t<meta property=\"og:image:width\" content=\"1024\" \/>\n\t<meta property=\"og:image:height\" content=\"512\" \/>\n\t<meta property=\"og:image:type\" content=\"image\/png\" \/>\n<meta name=\"author\" content=\"Empower Missouri\" \/>\n<meta name=\"twitter:card\" content=\"summary_large_image\" \/>\n<meta name=\"twitter:creator\" content=\"@empowermissouri\" \/>\n<meta name=\"twitter:site\" content=\"@empowermissouri\" \/>\n<meta name=\"twitter:label1\" content=\"Written by\" \/>\n\t<meta name=\"twitter:data1\" content=\"Empower Missouri\" \/>\n\t<meta name=\"twitter:label2\" content=\"Est. reading time\" \/>\n\t<meta name=\"twitter:data2\" content=\"8 minutes\" \/>\n<script type=\"application\/ld+json\" class=\"yoast-schema-graph\">{\"@context\":\"https:\\\/\\\/schema.org\",\"@graph\":[{\"@type\":\"Article\",\"@id\":\"https:\\\/\\\/empowermissouri.org\\\/es\\\/2020-racial-equity-summit-co-sponsors\\\/#article\",\"isPartOf\":{\"@id\":\"https:\\\/\\\/empowermissouri.org\\\/es\\\/2020-racial-equity-summit-co-sponsors\\\/\"},\"author\":{\"name\":\"Empower Missouri\",\"@id\":\"https:\\\/\\\/empowermissouri.org\\\/#\\\/schema\\\/person\\\/e951a654cbc724fec5829ff7f4d36370\"},\"headline\":\"2020 Racial Equity Summit &#8211; Co-Sponsors\",\"datePublished\":\"2020-10-01T22:37:22+00:00\",\"dateModified\":\"2021-01-07T21:19:17+00:00\",\"mainEntityOfPage\":{\"@id\":\"https:\\\/\\\/empowermissouri.org\\\/es\\\/2020-racial-equity-summit-co-sponsors\\\/\"},\"wordCount\":1648,\"commentCount\":0,\"publisher\":{\"@id\":\"https:\\\/\\\/empowermissouri.org\\\/#organization\"},\"image\":{\"@id\":\"https:\\\/\\\/empowermissouri.org\\\/es\\\/2020-racial-equity-summit-co-sponsors\\\/#primaryimage\"},\"thumbnailUrl\":\"https:\\\/\\\/empowermissouri.org\\\/app\\\/uploads\\\/2020\\\/10\\\/Empowering-You-Webinar-9.png\",\"keywords\":[\"election\",\"Missouri\",\"race\"],\"articleSection\":[\"Blog Post\",\"Conference\",\"Weekly Perspective\"],\"inLanguage\":\"es-MX\",\"potentialAction\":[{\"@type\":\"CommentAction\",\"name\":\"Comment\",\"target\":[\"https:\\\/\\\/empowermissouri.org\\\/es\\\/2020-racial-equity-summit-co-sponsors\\\/#respond\"]}]},{\"@type\":\"WebPage\",\"@id\":\"https:\\\/\\\/empowermissouri.org\\\/es\\\/2020-racial-equity-summit-co-sponsors\\\/\",\"url\":\"https:\\\/\\\/empowermissouri.org\\\/es\\\/2020-racial-equity-summit-co-sponsors\\\/\",\"name\":\"2020 Racial Equity Summit - Co-Sponsors - Empower Missouri\",\"isPartOf\":{\"@id\":\"https:\\\/\\\/empowermissouri.org\\\/#website\"},\"primaryImageOfPage\":{\"@id\":\"https:\\\/\\\/empowermissouri.org\\\/es\\\/2020-racial-equity-summit-co-sponsors\\\/#primaryimage\"},\"image\":{\"@id\":\"https:\\\/\\\/empowermissouri.org\\\/es\\\/2020-racial-equity-summit-co-sponsors\\\/#primaryimage\"},\"thumbnailUrl\":\"https:\\\/\\\/empowermissouri.org\\\/app\\\/uploads\\\/2020\\\/10\\\/Empowering-You-Webinar-9.png\",\"datePublished\":\"2020-10-01T22:37:22+00:00\",\"dateModified\":\"2021-01-07T21:19:17+00:00\",\"breadcrumb\":{\"@id\":\"https:\\\/\\\/empowermissouri.org\\\/es\\\/2020-racial-equity-summit-co-sponsors\\\/#breadcrumb\"},\"inLanguage\":\"es-MX\",\"potentialAction\":[{\"@type\":\"ReadAction\",\"target\":[\"https:\\\/\\\/empowermissouri.org\\\/es\\\/2020-racial-equity-summit-co-sponsors\\\/\"]}]},{\"@type\":\"ImageObject\",\"inLanguage\":\"es-MX\",\"@id\":\"https:\\\/\\\/empowermissouri.org\\\/es\\\/2020-racial-equity-summit-co-sponsors\\\/#primaryimage\",\"url\":\"https:\\\/\\\/empowermissouri.org\\\/app\\\/uploads\\\/2020\\\/10\\\/Empowering-You-Webinar-9.png\",\"contentUrl\":\"https:\\\/\\\/empowermissouri.org\\\/app\\\/uploads\\\/2020\\\/10\\\/Empowering-You-Webinar-9.png\",\"width\":1024,\"height\":512},{\"@type\":\"BreadcrumbList\",\"@id\":\"https:\\\/\\\/empowermissouri.org\\\/es\\\/2020-racial-equity-summit-co-sponsors\\\/#breadcrumb\",\"itemListElement\":[{\"@type\":\"ListItem\",\"position\":1,\"name\":\"Home\",\"item\":\"https:\\\/\\\/empowermissouri.org\\\/\"},{\"@type\":\"ListItem\",\"position\":2,\"name\":\"2020 Racial Equity Summit &#8211; Co-Sponsors\"}]},{\"@type\":\"WebSite\",\"@id\":\"https:\\\/\\\/empowermissouri.org\\\/#website\",\"url\":\"https:\\\/\\\/empowermissouri.org\\\/\",\"name\":\"Empower Missouri\",\"description\":\"Advocating for Justice | Empowering Change\",\"publisher\":{\"@id\":\"https:\\\/\\\/empowermissouri.org\\\/#organization\"},\"potentialAction\":[{\"@type\":\"SearchAction\",\"target\":{\"@type\":\"EntryPoint\",\"urlTemplate\":\"https:\\\/\\\/empowermissouri.org\\\/?s={search_term_string}\"},\"query-input\":{\"@type\":\"PropertyValueSpecification\",\"valueRequired\":true,\"valueName\":\"search_term_string\"}}],\"inLanguage\":\"es-MX\"},{\"@type\":\"Organization\",\"@id\":\"https:\\\/\\\/empowermissouri.org\\\/#organization\",\"name\":\"Empower Missouri\",\"url\":\"https:\\\/\\\/empowermissouri.org\\\/\",\"logo\":{\"@type\":\"ImageObject\",\"inLanguage\":\"es-MX\",\"@id\":\"https:\\\/\\\/empowermissouri.org\\\/#\\\/schema\\\/logo\\\/image\\\/\",\"url\":\"http:\\\/\\\/empowermissouri.org\\\/app\\\/uploads\\\/2018\\\/08\\\/logo_button.png\",\"contentUrl\":\"http:\\\/\\\/empowermissouri.org\\\/app\\\/uploads\\\/2018\\\/08\\\/logo_button.png\",\"width\":579,\"height\":579,\"caption\":\"Empower Missouri\"},\"image\":{\"@id\":\"https:\\\/\\\/empowermissouri.org\\\/#\\\/schema\\\/logo\\\/image\\\/\"},\"sameAs\":[\"https:\\\/\\\/www.facebook.com\\\/empowermissouri\",\"https:\\\/\\\/x.com\\\/empowermissouri\",\"https:\\\/\\\/www.instagram.com\\\/empowermissouri\\\/\",\"https:\\\/\\\/www.linkedin.com\\\/company\\\/empower-missouri\\\/\"]},{\"@type\":\"Person\",\"@id\":\"https:\\\/\\\/empowermissouri.org\\\/#\\\/schema\\\/person\\\/e951a654cbc724fec5829ff7f4d36370\",\"name\":\"Empower Missouri\",\"image\":{\"@type\":\"ImageObject\",\"inLanguage\":\"es-MX\",\"@id\":\"https:\\\/\\\/secure.gravatar.com\\\/avatar\\\/707cc62910910b381e613ab53a9c71ad8f903d58979eb1f78be3a4947f578900?s=96&d=mm&r=gb92e1d0ab19e89757b0c5f03bd735f45\",\"url\":\"https:\\\/\\\/secure.gravatar.com\\\/avatar\\\/707cc62910910b381e613ab53a9c71ad8f903d58979eb1f78be3a4947f578900?s=96&d=mm&r=g\",\"contentUrl\":\"https:\\\/\\\/secure.gravatar.com\\\/avatar\\\/707cc62910910b381e613ab53a9c71ad8f903d58979eb1f78be3a4947f578900?s=96&d=mm&r=g\",\"caption\":\"Empower Missouri\"},\"url\":\"https:\\\/\\\/empowermissouri.org\\\/es\\\/author\\\/developer\\\/\"}]}<\/script>\n<!-- \/ Yoast SEO plugin. -->","yoast_head_json":{"title":"2020 Racial Equity Summit - Co-Sponsors - Empower Missouri","robots":{"index":"index","follow":"follow","max-snippet":"max-snippet:-1","max-image-preview":"max-image-preview:large","max-video-preview":"max-video-preview:-1"},"canonical":"https:\/\/empowermissouri.org\/es\/2020-racial-equity-summit-co-sponsors\/","og_locale":"es_MX","og_type":"article","og_title":"2020 Racial Equity Summit - Co-Sponsors - Empower Missouri","og_description":"Platinum Level Co-Sponsors: Registration for the Racial Equity Summit is free to all, thanks to a generous Platinum Level Co-Sponsorship from Maxine Clark and Bob Fox and the Deaconess Foundation. Maxine Clark and Bob Fox&nbsp;established the Clark-Fox Family Foundation in 2004 to promote regional growth and prosperity by lifting up those populations that have been [&hellip;]","og_url":"https:\/\/empowermissouri.org\/es\/2020-racial-equity-summit-co-sponsors\/","og_site_name":"Empower Missouri","article_publisher":"https:\/\/www.facebook.com\/empowermissouri","article_published_time":"2020-10-01T22:37:22+00:00","article_modified_time":"2021-01-07T21:19:17+00:00","og_image":[{"width":1024,"height":512,"url":"https:\/\/empowermissouri.org\/app\/uploads\/2020\/10\/Empowering-You-Webinar-9.png","type":"image\/png"}],"author":"Empower Missouri","twitter_card":"summary_large_image","twitter_creator":"@empowermissouri","twitter_site":"@empowermissouri","twitter_misc":{"Written by":"Empower Missouri","Est. reading time":"8 minutes"},"schema":{"@context":"https:\/\/schema.org","@graph":[{"@type":"Article","@id":"https:\/\/empowermissouri.org\/es\/2020-racial-equity-summit-co-sponsors\/#article","isPartOf":{"@id":"https:\/\/empowermissouri.org\/es\/2020-racial-equity-summit-co-sponsors\/"},"author":{"name":"Empower Missouri","@id":"https:\/\/empowermissouri.org\/#\/schema\/person\/e951a654cbc724fec5829ff7f4d36370"},"headline":"2020 Racial Equity Summit &#8211; Co-Sponsors","datePublished":"2020-10-01T22:37:22+00:00","dateModified":"2021-01-07T21:19:17+00:00","mainEntityOfPage":{"@id":"https:\/\/empowermissouri.org\/es\/2020-racial-equity-summit-co-sponsors\/"},"wordCount":1648,"commentCount":0,"publisher":{"@id":"https:\/\/empowermissouri.org\/#organization"},"image":{"@id":"https:\/\/empowermissouri.org\/es\/2020-racial-equity-summit-co-sponsors\/#primaryimage"},"thumbnailUrl":"https:\/\/empowermissouri.org\/app\/uploads\/2020\/10\/Empowering-You-Webinar-9.png","keywords":["election","Missouri","race"],"articleSection":["Blog Post","Conference","Weekly Perspective"],"inLanguage":"es-MX","potentialAction":[{"@type":"CommentAction","name":"Comment","target":["https:\/\/empowermissouri.org\/es\/2020-racial-equity-summit-co-sponsors\/#respond"]}]},{"@type":"WebPage","@id":"https:\/\/empowermissouri.org\/es\/2020-racial-equity-summit-co-sponsors\/","url":"https:\/\/empowermissouri.org\/es\/2020-racial-equity-summit-co-sponsors\/","name":"2020 Racial Equity Summit - Co-Sponsors - Empower Missouri","isPartOf":{"@id":"https:\/\/empowermissouri.org\/#website"},"primaryImageOfPage":{"@id":"https:\/\/empowermissouri.org\/es\/2020-racial-equity-summit-co-sponsors\/#primaryimage"},"image":{"@id":"https:\/\/empowermissouri.org\/es\/2020-racial-equity-summit-co-sponsors\/#primaryimage"},"thumbnailUrl":"https:\/\/empowermissouri.org\/app\/uploads\/2020\/10\/Empowering-You-Webinar-9.png","datePublished":"2020-10-01T22:37:22+00:00","dateModified":"2021-01-07T21:19:17+00:00","breadcrumb":{"@id":"https:\/\/empowermissouri.org\/es\/2020-racial-equity-summit-co-sponsors\/#breadcrumb"},"inLanguage":"es-MX","potentialAction":[{"@type":"ReadAction","target":["https:\/\/empowermissouri.org\/es\/2020-racial-equity-summit-co-sponsors\/"]}]},{"@type":"ImageObject","inLanguage":"es-MX","@id":"https:\/\/empowermissouri.org\/es\/2020-racial-equity-summit-co-sponsors\/#primaryimage","url":"https:\/\/empowermissouri.org\/app\/uploads\/2020\/10\/Empowering-You-Webinar-9.png","contentUrl":"https:\/\/empowermissouri.org\/app\/uploads\/2020\/10\/Empowering-You-Webinar-9.png","width":1024,"height":512},{"@type":"BreadcrumbList","@id":"https:\/\/empowermissouri.org\/es\/2020-racial-equity-summit-co-sponsors\/#breadcrumb","itemListElement":[{"@type":"ListItem","position":1,"name":"Home","item":"https:\/\/empowermissouri.org\/"},{"@type":"ListItem","position":2,"name":"2020 Racial Equity Summit &#8211; Co-Sponsors"}]},{"@type":"WebSite","@id":"https:\/\/empowermissouri.org\/#website","url":"https:\/\/empowermissouri.org\/","name":"Empoderar a Missouri","description":"Advocating for Justice | Empowering Change","publisher":{"@id":"https:\/\/empowermissouri.org\/#organization"},"potentialAction":[{"@type":"SearchAction","target":{"@type":"EntryPoint","urlTemplate":"https:\/\/empowermissouri.org\/?s={search_term_string}"},"query-input":{"@type":"PropertyValueSpecification","valueRequired":true,"valueName":"search_term_string"}}],"inLanguage":"es-MX"},{"@type":"Organization","@id":"https:\/\/empowermissouri.org\/#organization","name":"Empoderar a Missouri","url":"https:\/\/empowermissouri.org\/","logo":{"@type":"ImageObject","inLanguage":"es-MX","@id":"https:\/\/empowermissouri.org\/#\/schema\/logo\/image\/","url":"http:\/\/empowermissouri.org\/app\/uploads\/2018\/08\/logo_button.png","contentUrl":"http:\/\/empowermissouri.org\/app\/uploads\/2018\/08\/logo_button.png","width":579,"height":579,"caption":"Empower Missouri"},"image":{"@id":"https:\/\/empowermissouri.org\/#\/schema\/logo\/image\/"},"sameAs":["https:\/\/www.facebook.com\/empowermissouri","https:\/\/x.com\/empowermissouri","https:\/\/www.instagram.com\/empowermissouri\/","https:\/\/www.linkedin.com\/company\/empower-missouri\/"]},{"@type":"Person","@id":"https:\/\/empowermissouri.org\/#\/schema\/person\/e951a654cbc724fec5829ff7f4d36370","name":"Empoderar a Missouri","image":{"@type":"ImageObject","inLanguage":"es-MX","@id":"https:\/\/secure.gravatar.com\/avatar\/707cc62910910b381e613ab53a9c71ad8f903d58979eb1f78be3a4947f578900?s=96&d=mm&r=gb92e1d0ab19e89757b0c5f03bd735f45","url":"https:\/\/secure.gravatar.com\/avatar\/707cc62910910b381e613ab53a9c71ad8f903d58979eb1f78be3a4947f578900?s=96&d=mm&r=g","contentUrl":"https:\/\/secure.gravatar.com\/avatar\/707cc62910910b381e613ab53a9c71ad8f903d58979eb1f78be3a4947f578900?s=96&d=mm&r=g","caption":"Empower Missouri"},"url":"https:\/\/empowermissouri.org\/es\/author\/developer\/"}]}},"_links":{"self":[{"href":"https:\/\/empowermissouri.org\/es\/wp-json\/wp\/v2\/posts\/5334","targetHints":{"allow":["GET"]}}],"collection":[{"href":"https:\/\/empowermissouri.org\/es\/wp-json\/wp\/v2\/posts"}],"about":[{"href":"https:\/\/empowermissouri.org\/es\/wp-json\/wp\/v2\/types\/post"}],"author":[{"embeddable":true,"href":"https:\/\/empowermissouri.org\/es\/wp-json\/wp\/v2\/users\/1"}],"replies":[{"embeddable":true,"href":"https:\/\/empowermissouri.org\/es\/wp-json\/wp\/v2\/comments?post=5334"}],"version-history":[{"count":0,"href":"https:\/\/empowermissouri.org\/es\/wp-json\/wp\/v2\/posts\/5334\/revisions"}],"wp:featuredmedia":[{"embeddable":true,"href":"https:\/\/empowermissouri.org\/es\/wp-json\/wp\/v2\/media\/5331"}],"wp:attachment":[{"href":"https:\/\/empowermissouri.org\/es\/wp-json\/wp\/v2\/media?parent=5334"}],"wp:term":[{"taxonomy":"category","embeddable":true,"href":"https:\/\/empowermissouri.org\/es\/wp-json\/wp\/v2\/categories?post=5334"},{"taxonomy":"post_tag","embeddable":true,"href":"https:\/\/empowermissouri.org\/es\/wp-json\/wp\/v2\/tags?post=5334"},{"taxonomy":"issues","embeddable":true,"href":"https:\/\/empowermissouri.org\/es\/wp-json\/wp\/v2\/issues?post=5334"},{"taxonomy":"author","embeddable":true,"href":"https:\/\/empowermissouri.org\/es\/wp-json\/wp\/v2\/coauthors?post=5334"}],"curies":[{"name":"wp","href":"https:\/\/api.w.org\/{rel}","templated":true}]}}