{"id":4802,"date":"2020-06-19T01:27:00","date_gmt":"2020-06-19T06:27:00","guid":{"rendered":"http:\/\/empowermissouri.org\/?p=4802"},"modified":"2020-06-19T01:26:27","modified_gmt":"2020-06-19T06:26:27","slug":"whether-with-a-day-off-or-a-day-on-lets-celebrate-juneteenth-as-allies-for-justice","status":"publish","type":"post","link":"https:\/\/empowermissouri.org\/es\/whether-with-a-day-off-or-a-day-on-lets-celebrate-juneteenth-as-allies-for-justice\/","title":{"rendered":"Ya sea con un d\u00eda libre o un d\u00eda libre, \u00a1celebremos el decimonoveno como aliados por la justicia!"},"content":{"rendered":"<p>\u00a1Feliz diecinueve de junio! Empower Missouri es una de las organizaciones que ha iniciado un debate sobre la modificaci\u00f3n de nuestro manual de personal para crear un feriado para el personal remunerado para el d\u00eda 16 de junio. A\u00fan no hemos adoptado esa pol\u00edtica, pero el proceso deliberativo es solo una de las muchas formas en que nuestro personal y la Junta est\u00e1n intentando cumplir con el mandato de nuestro nuevo plan estrat\u00e9gico de cuatro a\u00f1os. Ese plan dice que aplicaremos consistentemente una lente de equidad racial a nuestras operaciones internas y trabajo externo.<\/p>\n<p>Si a\u00fan no est\u00e1 familiarizado con June 19th o la discusi\u00f3n sobre c\u00f3mo las empresas y las organizaciones sin fines de lucro pueden utilizar este d\u00eda festivo para avanzar hacia una sociedad que sea equitativa para los negros, puede encontrar <a href=\"https:\/\/www.fastcompany.com\/90517460\/how-companies-and-individuals-can-use-juneteenth-to-practice-active-allyship\"><strong>Este art\u00edculo<\/strong><\/a> \u00fatil. Est\u00e1 escrito por Kiva Wilson y la Dra. Evelyn Carter, dos mujeres negras cuyas carreras se han centrado en ayudar a construir organizaciones m\u00e1s diversas, equitativas e inclusivas. Recomiendan que las vacaciones pagadas se utilicen como un &quot;d\u00eda&quot;, un momento en el que los empleados pueden ser voluntarios en organizaciones que se centran en acabar con el racismo y la lucha contra la negritud.<\/p>\n<p>June 19th es un momento perfecto para reflexionar sobre el largo viaje hacia la libertad y la naturaleza continua de la lucha pol\u00edtica por los derechos humanos. Despu\u00e9s de todo, June 18th no fue el final definitivo de la esclavitud, sino que celebra la fecha en que el general de la Uni\u00f3n Gordon Granger anunci\u00f3 en Galveston, TX, que la Guerra Civil hab\u00eda terminado y que los afroamericanos esclavizados eran libres. Esto ocurri\u00f3 dos a\u00f1os despu\u00e9s de la Proclamaci\u00f3n de Emancipaci\u00f3n, pero seis meses antes de la ratificaci\u00f3n de la Decimotercera Enmienda para abolir la esclavitud.<\/p>\n<p>Esta historia nos recuerda que la opresi\u00f3n es fuerte y muta como las c\u00e9lulas cancerosas. Los miembros de nuestro personal ciertamente han visto esto ilustrado de una manera convincente en el libro de Richard Rothstein. <strong>El color de la ley: una historia olvidada de c\u00f3mo nuestro gobierno segreg\u00f3 Estados Unidos<\/strong> que estamos leyendo y discutiendo juntos. Tenemos dos miembros de equipo muy nuevos, y nuestro \u201cclub de lectura\u201d nos permite construir la cohesi\u00f3n del equipo en un momento en que COVID-19 nos impide reunirnos cara a cara.<\/p>\n<p>Esta semana est\u00e1bamos en el cap\u00edtulo ocho y vimos c\u00f3mo los esfuerzos de los l\u00edderes sindicales y los cu\u00e1queros para desarrollar viviendas para los trabajadores del autom\u00f3vil negros se enfrentaron con una barrera sist\u00e9mica tras otra. Una de las preguntas que discutimos fue &quot;\u00bfc\u00f3mo podemos persistir para sobrevivir al racismo?&quot; Algunas de nuestras respuestas fueron:<\/p>\n<ul>\n<li>buen cuidado personal<\/li>\n<li>solidaridad con llamados a la acci\u00f3n declarados por l\u00edderes negros<\/li>\n<li>trabajando en diversas coaliciones, y<\/li>\n<li>Aprender las reglas a fondo para que podamos usarlas con fines de justicia siempre que sea posible, ya que est\u00e1 claro que nuestros oponentes las conocen y las usan para cometer injusticias.<\/li>\n<\/ul>\n<p>Esperamos que considere nuestras dos campa\u00f1as prioritarias actuales como posibles actividades del \u201cd\u00eda en\u201d del decimonoveno, ya que ambas tienen profundas implicaciones en la justicia racial:<\/p>\n<ul>\n<li>Estamos tomando medidas para asegurar el veto del Senado Sustituto del Proyecto de Ley Senatorial 600 del gobernador Parson. Esta legislaci\u00f3n aumenta el encarcelamiento masivo, una forma virulenta de racismo estructural. Por favor considere compartir <a href=\"https:\/\/drive.google.com\/file\/d\/1woJ7e7cZtE7qPOvpAVOH01RzVnWIu7WK\/view\">este gr\u00e1fico<\/a> a trav\u00e9s de las redes sociales y yendo a <a href=\"http:\/\/empowermissouri.org\/es\/ask-governor-parson-to-veto-senate-bill-600-get-tough-strategies-are-expensive-failures\/\"><strong>este enlace<\/strong><\/a> para enviar un correo electr\u00f3nico al gobernador Parson.<\/li>\n<\/ul>\n<p>Y<\/p>\n<ul>\n<li>Por favor <a href=\"https:\/\/secure.everyaction.com\/-bb6OGWO406b7nTYeNePIw2\"><strong>haga clic aqu\u00ed<\/strong><\/a> recordar a los senadores Blunt y Hawley que las inversiones en las comunidades en dificultades son necesarias en este momento. Necesitamos un nuevo paquete de fondos de est\u00edmulo federal que incluya un aumento del 15 por ciento en los beneficios de SNAP y $100 mil millones en asistencia de emergencia para el alquiler.<\/li>\n<\/ul>\n<p>Decisiones a favor de la justicia de la Corte Suprema de los Estados Unidos esta semana sobre la protecci\u00f3n de los derechos civiles de <a href=\"https:\/\/news.stlpublicradio.org\/post\/missouri-law-could-limit-enforcement-supreme-court-ruling-protecting-lgbtq-workers#stream\/0\"><strong>Empleados LGBT<\/strong><\/a> y <a href=\"https:\/\/news.stlpublicradio.org\/post\/supreme-court-rules-against-trump-administration-daca-case#stream\/0\"><strong>So\u00f1adores<\/strong><\/a> as\u00ed como las persistentes protestas que se extienden por todo el pa\u00eds desde el asesinato de George Floyd a manos de la polic\u00eda de Minneapolis, nos llaman a reflexionar este diecinueve de junio: \u00bfCu\u00e1nto tiempo pasar\u00e1 hasta que todos seamos verdaderamente libres, seguros y capaces de prosperar? \u00danase al personal de Empower Missouri para reflexionar sobre c\u00f3mo podemos sobrevivir a la opresi\u00f3n y cuidarse bien. \u00a1Tu voz es necesaria para la justicia!<\/p>\n<p>En solidaridad,<\/p>\n<p>Oxford Jeanette Mott<br \/>\nDirector de Pol\u00edtica y Organizaci\u00f3n<\/p>\n<p>PD: Tambi\u00e9n nos gustar\u00eda se\u00f1alar que la semana pasada <a href=\"http:\/\/empowermissouri.org\/es\/the-spirituality-of-public-policy-change-how-would-you-re-make-the-world\/\"><strong>Perspectiva semanal<\/strong><\/a> mencion\u00f3 una lista de ocho reformas policiales distribuidas por Campaign Zero. A medida que practicamos la solidaridad con las organizaciones lideradas por negros, reconocemos que muchos trabajadores de la justicia ahora est\u00e1n superando esa lista de demandas para enfatizar <a href=\"https:\/\/www.8toabolition.com\/\"><strong>&quot;8toabolici\u00f3n&quot;<\/strong><\/a> en lugar de. Estamos de acuerdo en que la polic\u00eda y las prisiones no han mantenido seguras a nuestras comunidades, y estamos estudiando esta lista detenidamente para poder unirnos en la defensa de las recomendaciones de pol\u00edtica contenidas en ella.<\/p>","protected":false},"excerpt":{"rendered":"<p>Happy Juneteenth! Empower Missouri is among organizations that has begun a discussion about amending our personnel manual to create a paid staff holiday for Juneteenth. We have not adopted that policy yet, but the deliberative process is just one of the many ways that our staff and Board are attempting to fulfill the mandate of [&hellip;]<\/p>\n","protected":false},"author":1,"featured_media":4803,"comment_status":"open","ping_status":"open","sticky":false,"template":"","format":"standard","meta":{"_exactmetrics_skip_tracking":false,"_exactmetrics_sitenote_active":false,"_exactmetrics_sitenote_note":"","_exactmetrics_sitenote_category":0,"footnotes":""},"categories":[43],"tags":[34,346,344,112,62,338,122,345],"issues":[7],"coauthors":[359],"class_list":["post-4802","post","type-post","status-publish","format-standard","has-post-thumbnail","hentry","category-weekly-perspective","tag-criminal-justice","tag-dreamers","tag-juneteenth","tag-lgbt","tag-missouri","tag-sb600","tag-snap","tag-the-color-of-law","issues-criminal-justice"],"yoast_head":"<!-- This site is optimized with the Yoast SEO plugin v27.5 - https:\/\/yoast.com\/product\/yoast-seo-wordpress\/ -->\n<title>Whether with a Day Off or a Day On, Let\u2019s Celebrate Juneteenth as Allies for Justice! - Empower Missouri<\/title>\n<meta name=\"robots\" content=\"index, follow, max-snippet:-1, max-image-preview:large, max-video-preview:-1\" \/>\n<link rel=\"canonical\" href=\"https:\/\/empowermissouri.org\/es\/whether-with-a-day-off-or-a-day-on-lets-celebrate-juneteenth-as-allies-for-justice\/\" \/>\n<meta property=\"og:locale\" content=\"es_MX\" \/>\n<meta property=\"og:type\" content=\"article\" \/>\n<meta property=\"og:title\" content=\"Whether with a Day Off or a Day On, Let\u2019s Celebrate Juneteenth as Allies for Justice! - Empower Missouri\" \/>\n<meta property=\"og:description\" content=\"Happy Juneteenth! Empower Missouri is among organizations that has begun a discussion about amending our personnel manual to create a paid staff holiday for Juneteenth. We have not adopted that policy yet, but the deliberative process is just one of the many ways that our staff and Board are attempting to fulfill the mandate of [&hellip;]\" \/>\n<meta property=\"og:url\" content=\"https:\/\/empowermissouri.org\/es\/whether-with-a-day-off-or-a-day-on-lets-celebrate-juneteenth-as-allies-for-justice\/\" \/>\n<meta property=\"og:site_name\" content=\"Empower Missouri\" \/>\n<meta property=\"article:publisher\" content=\"https:\/\/www.facebook.com\/empowermissouri\" \/>\n<meta property=\"article:published_time\" content=\"2020-06-19T06:27:00+00:00\" \/>\n<meta property=\"og:image\" content=\"https:\/\/empowermissouri.org\/app\/uploads\/2020\/06\/BLM-8-scaled.jpg\" \/>\n\t<meta property=\"og:image:width\" content=\"1707\" \/>\n\t<meta property=\"og:image:height\" content=\"2560\" \/>\n\t<meta property=\"og:image:type\" content=\"image\/jpeg\" \/>\n<meta name=\"author\" content=\"Empower Missouri\" \/>\n<meta name=\"twitter:card\" content=\"summary_large_image\" \/>\n<meta name=\"twitter:creator\" content=\"@empowermissouri\" \/>\n<meta name=\"twitter:site\" content=\"@empowermissouri\" \/>\n<meta name=\"twitter:label1\" content=\"Written by\" \/>\n\t<meta name=\"twitter:data1\" content=\"Empower Missouri\" \/>\n\t<meta name=\"twitter:label2\" content=\"Est. reading time\" \/>\n\t<meta name=\"twitter:data2\" content=\"4 minutes\" \/>\n<script type=\"application\/ld+json\" class=\"yoast-schema-graph\">{\"@context\":\"https:\\\/\\\/schema.org\",\"@graph\":[{\"@type\":\"Article\",\"@id\":\"https:\\\/\\\/empowermissouri.org\\\/whether-with-a-day-off-or-a-day-on-lets-celebrate-juneteenth-as-allies-for-justice\\\/#article\",\"isPartOf\":{\"@id\":\"https:\\\/\\\/empowermissouri.org\\\/whether-with-a-day-off-or-a-day-on-lets-celebrate-juneteenth-as-allies-for-justice\\\/\"},\"author\":{\"name\":\"Empower Missouri\",\"@id\":\"https:\\\/\\\/empowermissouri.org\\\/#\\\/schema\\\/person\\\/e951a654cbc724fec5829ff7f4d36370\"},\"headline\":\"Whether with a Day Off or a Day On, Let\u2019s Celebrate Juneteenth as Allies for Justice!\",\"datePublished\":\"2020-06-19T06:27:00+00:00\",\"mainEntityOfPage\":{\"@id\":\"https:\\\/\\\/empowermissouri.org\\\/whether-with-a-day-off-or-a-day-on-lets-celebrate-juneteenth-as-allies-for-justice\\\/\"},\"wordCount\":735,\"commentCount\":0,\"publisher\":{\"@id\":\"https:\\\/\\\/empowermissouri.org\\\/#organization\"},\"image\":{\"@id\":\"https:\\\/\\\/empowermissouri.org\\\/whether-with-a-day-off-or-a-day-on-lets-celebrate-juneteenth-as-allies-for-justice\\\/#primaryimage\"},\"thumbnailUrl\":\"https:\\\/\\\/empowermissouri.org\\\/app\\\/uploads\\\/2020\\\/06\\\/BLM-8-scaled.jpg\",\"keywords\":[\"Criminal Justice\",\"DREAMers\",\"Juneteenth\",\"LGBT\",\"Missouri\",\"SB600\",\"SNAP\",\"The Color of Law\"],\"articleSection\":[\"Weekly Perspective\"],\"inLanguage\":\"es-MX\",\"potentialAction\":[{\"@type\":\"CommentAction\",\"name\":\"Comment\",\"target\":[\"https:\\\/\\\/empowermissouri.org\\\/whether-with-a-day-off-or-a-day-on-lets-celebrate-juneteenth-as-allies-for-justice\\\/#respond\"]}]},{\"@type\":\"WebPage\",\"@id\":\"https:\\\/\\\/empowermissouri.org\\\/whether-with-a-day-off-or-a-day-on-lets-celebrate-juneteenth-as-allies-for-justice\\\/\",\"url\":\"https:\\\/\\\/empowermissouri.org\\\/whether-with-a-day-off-or-a-day-on-lets-celebrate-juneteenth-as-allies-for-justice\\\/\",\"name\":\"Whether with a Day Off or a Day On, Let\u2019s Celebrate Juneteenth as Allies for Justice! - Empower Missouri\",\"isPartOf\":{\"@id\":\"https:\\\/\\\/empowermissouri.org\\\/#website\"},\"primaryImageOfPage\":{\"@id\":\"https:\\\/\\\/empowermissouri.org\\\/whether-with-a-day-off-or-a-day-on-lets-celebrate-juneteenth-as-allies-for-justice\\\/#primaryimage\"},\"image\":{\"@id\":\"https:\\\/\\\/empowermissouri.org\\\/whether-with-a-day-off-or-a-day-on-lets-celebrate-juneteenth-as-allies-for-justice\\\/#primaryimage\"},\"thumbnailUrl\":\"https:\\\/\\\/empowermissouri.org\\\/app\\\/uploads\\\/2020\\\/06\\\/BLM-8-scaled.jpg\",\"datePublished\":\"2020-06-19T06:27:00+00:00\",\"breadcrumb\":{\"@id\":\"https:\\\/\\\/empowermissouri.org\\\/whether-with-a-day-off-or-a-day-on-lets-celebrate-juneteenth-as-allies-for-justice\\\/#breadcrumb\"},\"inLanguage\":\"es-MX\",\"potentialAction\":[{\"@type\":\"ReadAction\",\"target\":[\"https:\\\/\\\/empowermissouri.org\\\/whether-with-a-day-off-or-a-day-on-lets-celebrate-juneteenth-as-allies-for-justice\\\/\"]}]},{\"@type\":\"ImageObject\",\"inLanguage\":\"es-MX\",\"@id\":\"https:\\\/\\\/empowermissouri.org\\\/whether-with-a-day-off-or-a-day-on-lets-celebrate-juneteenth-as-allies-for-justice\\\/#primaryimage\",\"url\":\"https:\\\/\\\/empowermissouri.org\\\/app\\\/uploads\\\/2020\\\/06\\\/BLM-8-scaled.jpg\",\"contentUrl\":\"https:\\\/\\\/empowermissouri.org\\\/app\\\/uploads\\\/2020\\\/06\\\/BLM-8-scaled.jpg\",\"width\":1707,\"height\":2560},{\"@type\":\"BreadcrumbList\",\"@id\":\"https:\\\/\\\/empowermissouri.org\\\/whether-with-a-day-off-or-a-day-on-lets-celebrate-juneteenth-as-allies-for-justice\\\/#breadcrumb\",\"itemListElement\":[{\"@type\":\"ListItem\",\"position\":1,\"name\":\"Home\",\"item\":\"https:\\\/\\\/empowermissouri.org\\\/\"},{\"@type\":\"ListItem\",\"position\":2,\"name\":\"Whether with a Day Off or a Day On, Let\u2019s Celebrate Juneteenth as Allies for Justice!\"}]},{\"@type\":\"WebSite\",\"@id\":\"https:\\\/\\\/empowermissouri.org\\\/#website\",\"url\":\"https:\\\/\\\/empowermissouri.org\\\/\",\"name\":\"Empower Missouri\",\"description\":\"Advocating for Justice | Empowering Change\",\"publisher\":{\"@id\":\"https:\\\/\\\/empowermissouri.org\\\/#organization\"},\"potentialAction\":[{\"@type\":\"SearchAction\",\"target\":{\"@type\":\"EntryPoint\",\"urlTemplate\":\"https:\\\/\\\/empowermissouri.org\\\/?s={search_term_string}\"},\"query-input\":{\"@type\":\"PropertyValueSpecification\",\"valueRequired\":true,\"valueName\":\"search_term_string\"}}],\"inLanguage\":\"es-MX\"},{\"@type\":\"Organization\",\"@id\":\"https:\\\/\\\/empowermissouri.org\\\/#organization\",\"name\":\"Empower Missouri\",\"url\":\"https:\\\/\\\/empowermissouri.org\\\/\",\"logo\":{\"@type\":\"ImageObject\",\"inLanguage\":\"es-MX\",\"@id\":\"https:\\\/\\\/empowermissouri.org\\\/#\\\/schema\\\/logo\\\/image\\\/\",\"url\":\"http:\\\/\\\/empowermissouri.org\\\/app\\\/uploads\\\/2018\\\/08\\\/logo_button.png\",\"contentUrl\":\"http:\\\/\\\/empowermissouri.org\\\/app\\\/uploads\\\/2018\\\/08\\\/logo_button.png\",\"width\":579,\"height\":579,\"caption\":\"Empower Missouri\"},\"image\":{\"@id\":\"https:\\\/\\\/empowermissouri.org\\\/#\\\/schema\\\/logo\\\/image\\\/\"},\"sameAs\":[\"https:\\\/\\\/www.facebook.com\\\/empowermissouri\",\"https:\\\/\\\/x.com\\\/empowermissouri\",\"https:\\\/\\\/www.instagram.com\\\/empowermissouri\\\/\",\"https:\\\/\\\/www.linkedin.com\\\/company\\\/empower-missouri\\\/\"]},{\"@type\":\"Person\",\"@id\":\"https:\\\/\\\/empowermissouri.org\\\/#\\\/schema\\\/person\\\/e951a654cbc724fec5829ff7f4d36370\",\"name\":\"Empower Missouri\",\"image\":{\"@type\":\"ImageObject\",\"inLanguage\":\"es-MX\",\"@id\":\"https:\\\/\\\/secure.gravatar.com\\\/avatar\\\/707cc62910910b381e613ab53a9c71ad8f903d58979eb1f78be3a4947f578900?s=96&d=mm&r=gb92e1d0ab19e89757b0c5f03bd735f45\",\"url\":\"https:\\\/\\\/secure.gravatar.com\\\/avatar\\\/707cc62910910b381e613ab53a9c71ad8f903d58979eb1f78be3a4947f578900?s=96&d=mm&r=g\",\"contentUrl\":\"https:\\\/\\\/secure.gravatar.com\\\/avatar\\\/707cc62910910b381e613ab53a9c71ad8f903d58979eb1f78be3a4947f578900?s=96&d=mm&r=g\",\"caption\":\"Empower Missouri\"},\"url\":\"https:\\\/\\\/empowermissouri.org\\\/es\\\/author\\\/developer\\\/\"}]}<\/script>\n<!-- \/ Yoast SEO plugin. -->","yoast_head_json":{"title":"Whether with a Day Off or a Day On, Let\u2019s Celebrate Juneteenth as Allies for Justice! - Empower Missouri","robots":{"index":"index","follow":"follow","max-snippet":"max-snippet:-1","max-image-preview":"max-image-preview:large","max-video-preview":"max-video-preview:-1"},"canonical":"https:\/\/empowermissouri.org\/es\/whether-with-a-day-off-or-a-day-on-lets-celebrate-juneteenth-as-allies-for-justice\/","og_locale":"es_MX","og_type":"article","og_title":"Whether with a Day Off or a Day On, Let\u2019s Celebrate Juneteenth as Allies for Justice! - Empower Missouri","og_description":"Happy Juneteenth! Empower Missouri is among organizations that has begun a discussion about amending our personnel manual to create a paid staff holiday for Juneteenth. We have not adopted that policy yet, but the deliberative process is just one of the many ways that our staff and Board are attempting to fulfill the mandate of [&hellip;]","og_url":"https:\/\/empowermissouri.org\/es\/whether-with-a-day-off-or-a-day-on-lets-celebrate-juneteenth-as-allies-for-justice\/","og_site_name":"Empower Missouri","article_publisher":"https:\/\/www.facebook.com\/empowermissouri","article_published_time":"2020-06-19T06:27:00+00:00","og_image":[{"width":1707,"height":2560,"url":"https:\/\/empowermissouri.org\/app\/uploads\/2020\/06\/BLM-8-scaled.jpg","type":"image\/jpeg"}],"author":"Empower Missouri","twitter_card":"summary_large_image","twitter_creator":"@empowermissouri","twitter_site":"@empowermissouri","twitter_misc":{"Written by":"Empower Missouri","Est. reading time":"4 minutes"},"schema":{"@context":"https:\/\/schema.org","@graph":[{"@type":"Article","@id":"https:\/\/empowermissouri.org\/whether-with-a-day-off-or-a-day-on-lets-celebrate-juneteenth-as-allies-for-justice\/#article","isPartOf":{"@id":"https:\/\/empowermissouri.org\/whether-with-a-day-off-or-a-day-on-lets-celebrate-juneteenth-as-allies-for-justice\/"},"author":{"name":"Empower Missouri","@id":"https:\/\/empowermissouri.org\/#\/schema\/person\/e951a654cbc724fec5829ff7f4d36370"},"headline":"Whether with a Day Off or a Day On, Let\u2019s Celebrate Juneteenth as Allies for Justice!","datePublished":"2020-06-19T06:27:00+00:00","mainEntityOfPage":{"@id":"https:\/\/empowermissouri.org\/whether-with-a-day-off-or-a-day-on-lets-celebrate-juneteenth-as-allies-for-justice\/"},"wordCount":735,"commentCount":0,"publisher":{"@id":"https:\/\/empowermissouri.org\/#organization"},"image":{"@id":"https:\/\/empowermissouri.org\/whether-with-a-day-off-or-a-day-on-lets-celebrate-juneteenth-as-allies-for-justice\/#primaryimage"},"thumbnailUrl":"https:\/\/empowermissouri.org\/app\/uploads\/2020\/06\/BLM-8-scaled.jpg","keywords":["Criminal Justice","DREAMers","Juneteenth","LGBT","Missouri","SB600","SNAP","The Color of Law"],"articleSection":["Weekly Perspective"],"inLanguage":"es-MX","potentialAction":[{"@type":"CommentAction","name":"Comment","target":["https:\/\/empowermissouri.org\/whether-with-a-day-off-or-a-day-on-lets-celebrate-juneteenth-as-allies-for-justice\/#respond"]}]},{"@type":"WebPage","@id":"https:\/\/empowermissouri.org\/whether-with-a-day-off-or-a-day-on-lets-celebrate-juneteenth-as-allies-for-justice\/","url":"https:\/\/empowermissouri.org\/whether-with-a-day-off-or-a-day-on-lets-celebrate-juneteenth-as-allies-for-justice\/","name":"Whether with a Day Off or a Day On, Let\u2019s Celebrate Juneteenth as Allies for Justice! - Empower Missouri","isPartOf":{"@id":"https:\/\/empowermissouri.org\/#website"},"primaryImageOfPage":{"@id":"https:\/\/empowermissouri.org\/whether-with-a-day-off-or-a-day-on-lets-celebrate-juneteenth-as-allies-for-justice\/#primaryimage"},"image":{"@id":"https:\/\/empowermissouri.org\/whether-with-a-day-off-or-a-day-on-lets-celebrate-juneteenth-as-allies-for-justice\/#primaryimage"},"thumbnailUrl":"https:\/\/empowermissouri.org\/app\/uploads\/2020\/06\/BLM-8-scaled.jpg","datePublished":"2020-06-19T06:27:00+00:00","breadcrumb":{"@id":"https:\/\/empowermissouri.org\/whether-with-a-day-off-or-a-day-on-lets-celebrate-juneteenth-as-allies-for-justice\/#breadcrumb"},"inLanguage":"es-MX","potentialAction":[{"@type":"ReadAction","target":["https:\/\/empowermissouri.org\/whether-with-a-day-off-or-a-day-on-lets-celebrate-juneteenth-as-allies-for-justice\/"]}]},{"@type":"ImageObject","inLanguage":"es-MX","@id":"https:\/\/empowermissouri.org\/whether-with-a-day-off-or-a-day-on-lets-celebrate-juneteenth-as-allies-for-justice\/#primaryimage","url":"https:\/\/empowermissouri.org\/app\/uploads\/2020\/06\/BLM-8-scaled.jpg","contentUrl":"https:\/\/empowermissouri.org\/app\/uploads\/2020\/06\/BLM-8-scaled.jpg","width":1707,"height":2560},{"@type":"BreadcrumbList","@id":"https:\/\/empowermissouri.org\/whether-with-a-day-off-or-a-day-on-lets-celebrate-juneteenth-as-allies-for-justice\/#breadcrumb","itemListElement":[{"@type":"ListItem","position":1,"name":"Home","item":"https:\/\/empowermissouri.org\/"},{"@type":"ListItem","position":2,"name":"Whether with a Day Off or a Day On, Let\u2019s Celebrate Juneteenth as Allies for Justice!"}]},{"@type":"WebSite","@id":"https:\/\/empowermissouri.org\/#website","url":"https:\/\/empowermissouri.org\/","name":"Empoderar a Missouri","description":"Advocating for Justice | Empowering Change","publisher":{"@id":"https:\/\/empowermissouri.org\/#organization"},"potentialAction":[{"@type":"SearchAction","target":{"@type":"EntryPoint","urlTemplate":"https:\/\/empowermissouri.org\/?s={search_term_string}"},"query-input":{"@type":"PropertyValueSpecification","valueRequired":true,"valueName":"search_term_string"}}],"inLanguage":"es-MX"},{"@type":"Organization","@id":"https:\/\/empowermissouri.org\/#organization","name":"Empoderar a Missouri","url":"https:\/\/empowermissouri.org\/","logo":{"@type":"ImageObject","inLanguage":"es-MX","@id":"https:\/\/empowermissouri.org\/#\/schema\/logo\/image\/","url":"http:\/\/empowermissouri.org\/app\/uploads\/2018\/08\/logo_button.png","contentUrl":"http:\/\/empowermissouri.org\/app\/uploads\/2018\/08\/logo_button.png","width":579,"height":579,"caption":"Empower Missouri"},"image":{"@id":"https:\/\/empowermissouri.org\/#\/schema\/logo\/image\/"},"sameAs":["https:\/\/www.facebook.com\/empowermissouri","https:\/\/x.com\/empowermissouri","https:\/\/www.instagram.com\/empowermissouri\/","https:\/\/www.linkedin.com\/company\/empower-missouri\/"]},{"@type":"Person","@id":"https:\/\/empowermissouri.org\/#\/schema\/person\/e951a654cbc724fec5829ff7f4d36370","name":"Empoderar a Missouri","image":{"@type":"ImageObject","inLanguage":"es-MX","@id":"https:\/\/secure.gravatar.com\/avatar\/707cc62910910b381e613ab53a9c71ad8f903d58979eb1f78be3a4947f578900?s=96&d=mm&r=gb92e1d0ab19e89757b0c5f03bd735f45","url":"https:\/\/secure.gravatar.com\/avatar\/707cc62910910b381e613ab53a9c71ad8f903d58979eb1f78be3a4947f578900?s=96&d=mm&r=g","contentUrl":"https:\/\/secure.gravatar.com\/avatar\/707cc62910910b381e613ab53a9c71ad8f903d58979eb1f78be3a4947f578900?s=96&d=mm&r=g","caption":"Empower Missouri"},"url":"https:\/\/empowermissouri.org\/es\/author\/developer\/"}]}},"_links":{"self":[{"href":"https:\/\/empowermissouri.org\/es\/wp-json\/wp\/v2\/posts\/4802","targetHints":{"allow":["GET"]}}],"collection":[{"href":"https:\/\/empowermissouri.org\/es\/wp-json\/wp\/v2\/posts"}],"about":[{"href":"https:\/\/empowermissouri.org\/es\/wp-json\/wp\/v2\/types\/post"}],"author":[{"embeddable":true,"href":"https:\/\/empowermissouri.org\/es\/wp-json\/wp\/v2\/users\/1"}],"replies":[{"embeddable":true,"href":"https:\/\/empowermissouri.org\/es\/wp-json\/wp\/v2\/comments?post=4802"}],"version-history":[{"count":0,"href":"https:\/\/empowermissouri.org\/es\/wp-json\/wp\/v2\/posts\/4802\/revisions"}],"wp:featuredmedia":[{"embeddable":true,"href":"https:\/\/empowermissouri.org\/es\/wp-json\/wp\/v2\/media\/4803"}],"wp:attachment":[{"href":"https:\/\/empowermissouri.org\/es\/wp-json\/wp\/v2\/media?parent=4802"}],"wp:term":[{"taxonomy":"category","embeddable":true,"href":"https:\/\/empowermissouri.org\/es\/wp-json\/wp\/v2\/categories?post=4802"},{"taxonomy":"post_tag","embeddable":true,"href":"https:\/\/empowermissouri.org\/es\/wp-json\/wp\/v2\/tags?post=4802"},{"taxonomy":"issues","embeddable":true,"href":"https:\/\/empowermissouri.org\/es\/wp-json\/wp\/v2\/issues?post=4802"},{"taxonomy":"author","embeddable":true,"href":"https:\/\/empowermissouri.org\/es\/wp-json\/wp\/v2\/coauthors?post=4802"}],"curies":[{"name":"wp","href":"https:\/\/api.w.org\/{rel}","templated":true}]}}