{"id":4754,"date":"2020-06-12T07:54:31","date_gmt":"2020-06-12T12:54:31","guid":{"rendered":"http:\/\/empowermissouri.org\/?p=4754"},"modified":"2020-06-12T07:54:31","modified_gmt":"2020-06-12T12:54:31","slug":"the-spirituality-of-public-policy-change-how-would-you-re-make-the-world","status":"publish","type":"post","link":"https:\/\/empowermissouri.org\/es\/the-spirituality-of-public-policy-change-how-would-you-re-make-the-world\/","title":{"rendered":"La espiritualidad del cambio de pol\u00edticas p\u00fablicas: \u00bfc\u00f3mo reconstruir\u00eda el mundo?"},"content":{"rendered":"<p>Ya sea que haya sido parte de la red de defensa de Empower Missouri durante mucho tiempo o simplemente se haya unido a nuestra lista de correo esta semana, nunca ha habido un momento m\u00e1s importante para ser un defensor de la justicia social. Nuestro planeta se ve sacudido por tres crisis simult\u00e1neamente que interact\u00faan entre s\u00ed con poder sin\u00e9rgico:<\/p>\n<ul>\n<li>El nuevo coronavirus contin\u00faa causando enfermedad y muerte, con <a href=\"https:\/\/www.kff.org\/coronavirus-covid-19\/fact-sheet\/coronavirus-tracker\/\">casos duplicando<\/a> en algunos lugares del mundo durante las \u00faltimas dos semanas.<\/li>\n<\/ul>\n<ul>\n<li>Casi 21 millones de trabajadores en los EE. UU. Han presentado <a href=\"https:\/\/www.nytimes.com\/2020\/06\/11\/business\/economy\/unemployment-claims-coronavirus.html?campaign_id=154&amp;emc=edit_cb_20200611&amp;instance_id=19322&amp;nl=coronavirus-briefing&amp;regi_id=84865294&amp;segment_id=30709&amp;te=1&amp;user_id=654773e3fdfa1bbfb4d2fb828a0e1177\">las solicitudes de desempleo<\/a> desde finales de mayo, y el Banco Mundial ha dicho de nuestra <a href=\"https:\/\/www.worldbank.org\/en\/news\/feature\/2020\/06\/08\/the-global-economic-outlook-during-the-covid-19-pandemic-a-changed-world\">mundo cambiado<\/a> que &quot;La crisis destaca la necesidad de una acci\u00f3n urgente para amortiguar las consecuencias econ\u00f3micas y de salud de la pandemia, proteger a las poblaciones vulnerables y preparar el escenario para una recuperaci\u00f3n duradera&quot;.<\/li>\n<\/ul>\n<ul>\n<li><strong>Las vidas de los negros son importantes<\/strong> las protestas se han extendido literalmente <a href=\"https:\/\/www.atlanticcouncil.org\/blogs\/new-atlanticist\/george-floyd-protests-world-racism\/\">alrededor del mundo<\/a> tras la muerte de George Floyd. Algunos han teorizado que el horrible video de sus \u00faltimos momentos y los gritos angustiados por su madre despertaron la energ\u00eda paterna en todos nosotros e &quot;inspiraron un impulso de actuar que trascendi\u00f3 las fronteras de clase, etnia y naci\u00f3n&quot;.<\/li>\n<\/ul>\n<p>Como defensores de las pol\u00edticas p\u00fablicas, somos necesarios, como una especie de personal esencial, para un momento como este. La pol\u00edtica p\u00fablica no es un libro encuadernado, sino m\u00e1s bien una carpeta de tres anillos. Podemos eliminar las p\u00e1ginas que no funcionan e insertar nuevas p\u00e1ginas para responder a las necesidades humanas. Nosotros, como personas profundamente comprometidas con la justicia social para todos nosotros, no solo para algunos, jugaremos un papel especial en la configuraci\u00f3n de las p\u00e1ginas que se insertan a continuaci\u00f3n en la carpeta de acuerdos que ayudar\u00e1n a nuestra naci\u00f3n y al mundo a navegar a trav\u00e9s de nuestro enorme crisis.<\/p>\n<p>He tenido la suerte de tener la formulaci\u00f3n de pol\u00edticas p\u00fablicas como mi vocaci\u00f3n durante m\u00e1s de tres d\u00e9cadas, y fui guiado a este trabajo por el discernimiento espiritual. Ya sea que comparta mi sentido de \u201cllamado espiritual\u201d a este trabajo o no, su defensa es absolutamente crucial en este momento. \u00bfC\u00f3mo rehacer\u00edas el mundo?<\/p>\n<p>He estado pensando con otros esta semana sobre formas de remodelar la polic\u00eda, y la Smart Sentencing Coalition dedicar\u00e1 alg\u00fan tiempo <a href=\"http:\/\/empowermissouri.org\/es\/events\/june-12th-smart-sentencing-coalition-call\/\">hoy dia<\/a> que se discute \u00a0<a href=\"https:\/\/www.rollingstone.com\/culture\/culture-news\/campaign-zero-8-cant-wait-police-violence-1010013\/\">&quot;Los 8 que no pueden esperar&quot;<\/a> y otras propuestas de reforma policial. Ciertamente, nuestras voces tambi\u00e9n son necesarias para pedir a los senadores Blunt y Hawley que <a href=\"https:\/\/secure.everyaction.com\/-bb6OGWO406b7nTYeNePIw2\">tomar acci\u00f3n<\/a> en el Senado de los Estados Unidos para aprobar una legislaci\u00f3n federal que ayude a Missouri a salir de nuestros problemas presupuestarios.<\/p>\n<p>Nos gustar\u00eda saber de usted, mientras sue\u00f1a, sue\u00f1a, sobre c\u00f3mo hacer un mundo mejor a trav\u00e9s de pol\u00edticas p\u00fablicas moldeadas por la justicia. El personal de Empower Missouri se tomar\u00e1 un fin de semana de tres d\u00edas con el feriado del D\u00eda de la Independencia, por lo que nuestro 3 de julio <strong>Perspectiva semanal<\/strong> La columna estar\u00e1 dedicada a sus pensamientos sobre c\u00f3mo organizar nuestra vida com\u00fan por el bien de todos. Incluso otorgaremos certificados de regalo de $25 d\u00f3lares a Left Bank Books a los tres primeros ensayos de 100 palabras (ya que nos gusta apoyar a las librer\u00edas independientes).<\/p>\n<p>Para enviar sus sugerencias de pol\u00edticas p\u00fablicas para el manual de estrategias de la carpeta de tres anillos para crear un mundo mejor, escriba <a href=\"mailto:info@EmpowerMissouri.org\">info@EmpowerMissouri.org<\/a>, y pon <strong><em>Entrada al concurso del 3 de julio<\/em><\/strong> en la l\u00ednea de asunto. Creemos que todas nuestras voces son necesarias en este momento, \u00a1y estamos ansiosos por escuchar lo que est\u00e1 pensando!<\/p>\n<p>En solidaridad,<\/p>\n<p>Oxford Jeanette Mott<br \/>\nDirector de Pol\u00edtica y Organizaci\u00f3n<\/p>","protected":false},"excerpt":{"rendered":"<p>Whether you have been part of the Empower Missouri advocacy network for a long time or just joined our mailing list this week, there has never been a more important time to be a social justice advocate. Our planet is rocked by three crises simultaneously that interact with each other with synergistic power: The novel [&hellip;]<\/p>\n","protected":false},"author":1,"featured_media":4755,"comment_status":"open","ping_status":"open","sticky":false,"template":"","format":"standard","meta":{"_exactmetrics_skip_tracking":false,"_exactmetrics_sitenote_active":false,"_exactmetrics_sitenote_note":"","_exactmetrics_sitenote_category":0,"footnotes":""},"categories":[43],"tags":[343,342,327,318,34,62,82,331],"issues":[335,7],"coauthors":[359],"class_list":["post-4754","post","type-post","status-publish","format-standard","has-post-thumbnail","hentry","category-weekly-perspective","tag-black-lives-matter","tag-blm","tag-coronavirus","tag-covid-19","tag-criminal-justice","tag-missouri","tag-policing","tag-unemployment","issues-covid-19","issues-criminal-justice"],"yoast_head":"<!-- This site is optimized with the Yoast SEO plugin v27.4 - https:\/\/yoast.com\/product\/yoast-seo-wordpress\/ -->\n<title>The Spirituality of Public Policy Change: How Would You Re-Make the World? - Empower Missouri<\/title>\n<meta name=\"robots\" content=\"index, follow, max-snippet:-1, max-image-preview:large, max-video-preview:-1\" \/>\n<link rel=\"canonical\" href=\"https:\/\/empowermissouri.org\/es\/the-spirituality-of-public-policy-change-how-would-you-re-make-the-world\/\" \/>\n<meta property=\"og:locale\" content=\"es_MX\" \/>\n<meta property=\"og:type\" content=\"article\" \/>\n<meta property=\"og:title\" content=\"The Spirituality of Public Policy Change: How Would You Re-Make the World? - Empower Missouri\" \/>\n<meta property=\"og:description\" content=\"Whether you have been part of the Empower Missouri advocacy network for a long time or just joined our mailing list this week, there has never been a more important time to be a social justice advocate. Our planet is rocked by three crises simultaneously that interact with each other with synergistic power: The novel [&hellip;]\" \/>\n<meta property=\"og:url\" content=\"https:\/\/empowermissouri.org\/es\/the-spirituality-of-public-policy-change-how-would-you-re-make-the-world\/\" \/>\n<meta property=\"og:site_name\" content=\"Empower Missouri\" \/>\n<meta property=\"article:publisher\" content=\"https:\/\/www.facebook.com\/empowermissouri\" \/>\n<meta property=\"article:published_time\" content=\"2020-06-12T12:54:31+00:00\" \/>\n<meta property=\"og:image\" content=\"https:\/\/empowermissouri.org\/app\/uploads\/2020\/06\/BLM-2-scaled.jpg\" \/>\n\t<meta property=\"og:image:width\" content=\"2560\" \/>\n\t<meta property=\"og:image:height\" content=\"1707\" \/>\n\t<meta property=\"og:image:type\" content=\"image\/jpeg\" \/>\n<meta name=\"author\" content=\"Empower Missouri\" \/>\n<meta name=\"twitter:card\" content=\"summary_large_image\" \/>\n<meta name=\"twitter:creator\" content=\"@empowermissouri\" \/>\n<meta name=\"twitter:site\" content=\"@empowermissouri\" \/>\n<meta name=\"twitter:label1\" content=\"Written by\" \/>\n\t<meta name=\"twitter:data1\" content=\"Empower Missouri\" \/>\n\t<meta name=\"twitter:label2\" content=\"Est. reading time\" \/>\n\t<meta name=\"twitter:data2\" content=\"3 minutes\" \/>\n<script type=\"application\/ld+json\" class=\"yoast-schema-graph\">{\"@context\":\"https:\\\/\\\/schema.org\",\"@graph\":[{\"@type\":\"Article\",\"@id\":\"https:\\\/\\\/empowermissouri.org\\\/the-spirituality-of-public-policy-change-how-would-you-re-make-the-world\\\/#article\",\"isPartOf\":{\"@id\":\"https:\\\/\\\/empowermissouri.org\\\/the-spirituality-of-public-policy-change-how-would-you-re-make-the-world\\\/\"},\"author\":{\"name\":\"Empower Missouri\",\"@id\":\"https:\\\/\\\/empowermissouri.org\\\/#\\\/schema\\\/person\\\/e951a654cbc724fec5829ff7f4d36370\"},\"headline\":\"The Spirituality of Public Policy Change: How Would You Re-Make the World?\",\"datePublished\":\"2020-06-12T12:54:31+00:00\",\"mainEntityOfPage\":{\"@id\":\"https:\\\/\\\/empowermissouri.org\\\/the-spirituality-of-public-policy-change-how-would-you-re-make-the-world\\\/\"},\"wordCount\":563,\"commentCount\":0,\"publisher\":{\"@id\":\"https:\\\/\\\/empowermissouri.org\\\/#organization\"},\"image\":{\"@id\":\"https:\\\/\\\/empowermissouri.org\\\/the-spirituality-of-public-policy-change-how-would-you-re-make-the-world\\\/#primaryimage\"},\"thumbnailUrl\":\"https:\\\/\\\/empowermissouri.org\\\/app\\\/uploads\\\/2020\\\/06\\\/BLM-2-scaled.jpg\",\"keywords\":[\"Black Lives Matter\",\"BLM\",\"Coronavirus\",\"COVID-19\",\"Criminal Justice\",\"Missouri\",\"policing\",\"Unemployment\"],\"articleSection\":[\"Weekly Perspective\"],\"inLanguage\":\"es-MX\",\"potentialAction\":[{\"@type\":\"CommentAction\",\"name\":\"Comment\",\"target\":[\"https:\\\/\\\/empowermissouri.org\\\/the-spirituality-of-public-policy-change-how-would-you-re-make-the-world\\\/#respond\"]}]},{\"@type\":\"WebPage\",\"@id\":\"https:\\\/\\\/empowermissouri.org\\\/the-spirituality-of-public-policy-change-how-would-you-re-make-the-world\\\/\",\"url\":\"https:\\\/\\\/empowermissouri.org\\\/the-spirituality-of-public-policy-change-how-would-you-re-make-the-world\\\/\",\"name\":\"The Spirituality of Public Policy Change: How Would You Re-Make the World? - Empower Missouri\",\"isPartOf\":{\"@id\":\"https:\\\/\\\/empowermissouri.org\\\/#website\"},\"primaryImageOfPage\":{\"@id\":\"https:\\\/\\\/empowermissouri.org\\\/the-spirituality-of-public-policy-change-how-would-you-re-make-the-world\\\/#primaryimage\"},\"image\":{\"@id\":\"https:\\\/\\\/empowermissouri.org\\\/the-spirituality-of-public-policy-change-how-would-you-re-make-the-world\\\/#primaryimage\"},\"thumbnailUrl\":\"https:\\\/\\\/empowermissouri.org\\\/app\\\/uploads\\\/2020\\\/06\\\/BLM-2-scaled.jpg\",\"datePublished\":\"2020-06-12T12:54:31+00:00\",\"breadcrumb\":{\"@id\":\"https:\\\/\\\/empowermissouri.org\\\/the-spirituality-of-public-policy-change-how-would-you-re-make-the-world\\\/#breadcrumb\"},\"inLanguage\":\"es-MX\",\"potentialAction\":[{\"@type\":\"ReadAction\",\"target\":[\"https:\\\/\\\/empowermissouri.org\\\/the-spirituality-of-public-policy-change-how-would-you-re-make-the-world\\\/\"]}]},{\"@type\":\"ImageObject\",\"inLanguage\":\"es-MX\",\"@id\":\"https:\\\/\\\/empowermissouri.org\\\/the-spirituality-of-public-policy-change-how-would-you-re-make-the-world\\\/#primaryimage\",\"url\":\"https:\\\/\\\/empowermissouri.org\\\/app\\\/uploads\\\/2020\\\/06\\\/BLM-2-scaled.jpg\",\"contentUrl\":\"https:\\\/\\\/empowermissouri.org\\\/app\\\/uploads\\\/2020\\\/06\\\/BLM-2-scaled.jpg\",\"width\":2560,\"height\":1707},{\"@type\":\"BreadcrumbList\",\"@id\":\"https:\\\/\\\/empowermissouri.org\\\/the-spirituality-of-public-policy-change-how-would-you-re-make-the-world\\\/#breadcrumb\",\"itemListElement\":[{\"@type\":\"ListItem\",\"position\":1,\"name\":\"Home\",\"item\":\"https:\\\/\\\/empowermissouri.org\\\/\"},{\"@type\":\"ListItem\",\"position\":2,\"name\":\"The Spirituality of Public Policy Change: How Would You Re-Make the World?\"}]},{\"@type\":\"WebSite\",\"@id\":\"https:\\\/\\\/empowermissouri.org\\\/#website\",\"url\":\"https:\\\/\\\/empowermissouri.org\\\/\",\"name\":\"Empower Missouri\",\"description\":\"Advocating for Justice | Empowering Change\",\"publisher\":{\"@id\":\"https:\\\/\\\/empowermissouri.org\\\/#organization\"},\"potentialAction\":[{\"@type\":\"SearchAction\",\"target\":{\"@type\":\"EntryPoint\",\"urlTemplate\":\"https:\\\/\\\/empowermissouri.org\\\/?s={search_term_string}\"},\"query-input\":{\"@type\":\"PropertyValueSpecification\",\"valueRequired\":true,\"valueName\":\"search_term_string\"}}],\"inLanguage\":\"es-MX\"},{\"@type\":\"Organization\",\"@id\":\"https:\\\/\\\/empowermissouri.org\\\/#organization\",\"name\":\"Empower Missouri\",\"url\":\"https:\\\/\\\/empowermissouri.org\\\/\",\"logo\":{\"@type\":\"ImageObject\",\"inLanguage\":\"es-MX\",\"@id\":\"https:\\\/\\\/empowermissouri.org\\\/#\\\/schema\\\/logo\\\/image\\\/\",\"url\":\"http:\\\/\\\/empowermissouri.org\\\/app\\\/uploads\\\/2018\\\/08\\\/logo_button.png\",\"contentUrl\":\"http:\\\/\\\/empowermissouri.org\\\/app\\\/uploads\\\/2018\\\/08\\\/logo_button.png\",\"width\":579,\"height\":579,\"caption\":\"Empower Missouri\"},\"image\":{\"@id\":\"https:\\\/\\\/empowermissouri.org\\\/#\\\/schema\\\/logo\\\/image\\\/\"},\"sameAs\":[\"https:\\\/\\\/www.facebook.com\\\/empowermissouri\",\"https:\\\/\\\/x.com\\\/empowermissouri\",\"https:\\\/\\\/www.instagram.com\\\/empowermissouri\\\/\",\"https:\\\/\\\/www.linkedin.com\\\/company\\\/empower-missouri\\\/\"]},{\"@type\":\"Person\",\"@id\":\"https:\\\/\\\/empowermissouri.org\\\/#\\\/schema\\\/person\\\/e951a654cbc724fec5829ff7f4d36370\",\"name\":\"Empower Missouri\",\"image\":{\"@type\":\"ImageObject\",\"inLanguage\":\"es-MX\",\"@id\":\"https:\\\/\\\/secure.gravatar.com\\\/avatar\\\/707cc62910910b381e613ab53a9c71ad8f903d58979eb1f78be3a4947f578900?s=96&d=mm&r=gb92e1d0ab19e89757b0c5f03bd735f45\",\"url\":\"https:\\\/\\\/secure.gravatar.com\\\/avatar\\\/707cc62910910b381e613ab53a9c71ad8f903d58979eb1f78be3a4947f578900?s=96&d=mm&r=g\",\"contentUrl\":\"https:\\\/\\\/secure.gravatar.com\\\/avatar\\\/707cc62910910b381e613ab53a9c71ad8f903d58979eb1f78be3a4947f578900?s=96&d=mm&r=g\",\"caption\":\"Empower Missouri\"},\"url\":\"https:\\\/\\\/empowermissouri.org\\\/es\\\/author\\\/developer\\\/\"}]}<\/script>\n<!-- \/ Yoast SEO plugin. -->","yoast_head_json":{"title":"The Spirituality of Public Policy Change: How Would You Re-Make the World? - Empower Missouri","robots":{"index":"index","follow":"follow","max-snippet":"max-snippet:-1","max-image-preview":"max-image-preview:large","max-video-preview":"max-video-preview:-1"},"canonical":"https:\/\/empowermissouri.org\/es\/the-spirituality-of-public-policy-change-how-would-you-re-make-the-world\/","og_locale":"es_MX","og_type":"article","og_title":"The Spirituality of Public Policy Change: How Would You Re-Make the World? - Empower Missouri","og_description":"Whether you have been part of the Empower Missouri advocacy network for a long time or just joined our mailing list this week, there has never been a more important time to be a social justice advocate. Our planet is rocked by three crises simultaneously that interact with each other with synergistic power: The novel [&hellip;]","og_url":"https:\/\/empowermissouri.org\/es\/the-spirituality-of-public-policy-change-how-would-you-re-make-the-world\/","og_site_name":"Empower Missouri","article_publisher":"https:\/\/www.facebook.com\/empowermissouri","article_published_time":"2020-06-12T12:54:31+00:00","og_image":[{"width":2560,"height":1707,"url":"https:\/\/empowermissouri.org\/app\/uploads\/2020\/06\/BLM-2-scaled.jpg","type":"image\/jpeg"}],"author":"Empower Missouri","twitter_card":"summary_large_image","twitter_creator":"@empowermissouri","twitter_site":"@empowermissouri","twitter_misc":{"Written by":"Empower Missouri","Est. reading time":"3 minutes"},"schema":{"@context":"https:\/\/schema.org","@graph":[{"@type":"Article","@id":"https:\/\/empowermissouri.org\/the-spirituality-of-public-policy-change-how-would-you-re-make-the-world\/#article","isPartOf":{"@id":"https:\/\/empowermissouri.org\/the-spirituality-of-public-policy-change-how-would-you-re-make-the-world\/"},"author":{"name":"Empower Missouri","@id":"https:\/\/empowermissouri.org\/#\/schema\/person\/e951a654cbc724fec5829ff7f4d36370"},"headline":"The Spirituality of Public Policy Change: How Would You Re-Make the World?","datePublished":"2020-06-12T12:54:31+00:00","mainEntityOfPage":{"@id":"https:\/\/empowermissouri.org\/the-spirituality-of-public-policy-change-how-would-you-re-make-the-world\/"},"wordCount":563,"commentCount":0,"publisher":{"@id":"https:\/\/empowermissouri.org\/#organization"},"image":{"@id":"https:\/\/empowermissouri.org\/the-spirituality-of-public-policy-change-how-would-you-re-make-the-world\/#primaryimage"},"thumbnailUrl":"https:\/\/empowermissouri.org\/app\/uploads\/2020\/06\/BLM-2-scaled.jpg","keywords":["Black Lives Matter","BLM","Coronavirus","COVID-19","Criminal Justice","Missouri","policing","Unemployment"],"articleSection":["Weekly Perspective"],"inLanguage":"es-MX","potentialAction":[{"@type":"CommentAction","name":"Comment","target":["https:\/\/empowermissouri.org\/the-spirituality-of-public-policy-change-how-would-you-re-make-the-world\/#respond"]}]},{"@type":"WebPage","@id":"https:\/\/empowermissouri.org\/the-spirituality-of-public-policy-change-how-would-you-re-make-the-world\/","url":"https:\/\/empowermissouri.org\/the-spirituality-of-public-policy-change-how-would-you-re-make-the-world\/","name":"The Spirituality of Public Policy Change: How Would You Re-Make the World? - Empower Missouri","isPartOf":{"@id":"https:\/\/empowermissouri.org\/#website"},"primaryImageOfPage":{"@id":"https:\/\/empowermissouri.org\/the-spirituality-of-public-policy-change-how-would-you-re-make-the-world\/#primaryimage"},"image":{"@id":"https:\/\/empowermissouri.org\/the-spirituality-of-public-policy-change-how-would-you-re-make-the-world\/#primaryimage"},"thumbnailUrl":"https:\/\/empowermissouri.org\/app\/uploads\/2020\/06\/BLM-2-scaled.jpg","datePublished":"2020-06-12T12:54:31+00:00","breadcrumb":{"@id":"https:\/\/empowermissouri.org\/the-spirituality-of-public-policy-change-how-would-you-re-make-the-world\/#breadcrumb"},"inLanguage":"es-MX","potentialAction":[{"@type":"ReadAction","target":["https:\/\/empowermissouri.org\/the-spirituality-of-public-policy-change-how-would-you-re-make-the-world\/"]}]},{"@type":"ImageObject","inLanguage":"es-MX","@id":"https:\/\/empowermissouri.org\/the-spirituality-of-public-policy-change-how-would-you-re-make-the-world\/#primaryimage","url":"https:\/\/empowermissouri.org\/app\/uploads\/2020\/06\/BLM-2-scaled.jpg","contentUrl":"https:\/\/empowermissouri.org\/app\/uploads\/2020\/06\/BLM-2-scaled.jpg","width":2560,"height":1707},{"@type":"BreadcrumbList","@id":"https:\/\/empowermissouri.org\/the-spirituality-of-public-policy-change-how-would-you-re-make-the-world\/#breadcrumb","itemListElement":[{"@type":"ListItem","position":1,"name":"Home","item":"https:\/\/empowermissouri.org\/"},{"@type":"ListItem","position":2,"name":"The Spirituality of Public Policy Change: How Would You Re-Make the World?"}]},{"@type":"WebSite","@id":"https:\/\/empowermissouri.org\/#website","url":"https:\/\/empowermissouri.org\/","name":"Empoderar a Missouri","description":"Advocating for Justice | Empowering Change","publisher":{"@id":"https:\/\/empowermissouri.org\/#organization"},"potentialAction":[{"@type":"SearchAction","target":{"@type":"EntryPoint","urlTemplate":"https:\/\/empowermissouri.org\/?s={search_term_string}"},"query-input":{"@type":"PropertyValueSpecification","valueRequired":true,"valueName":"search_term_string"}}],"inLanguage":"es-MX"},{"@type":"Organization","@id":"https:\/\/empowermissouri.org\/#organization","name":"Empoderar a Missouri","url":"https:\/\/empowermissouri.org\/","logo":{"@type":"ImageObject","inLanguage":"es-MX","@id":"https:\/\/empowermissouri.org\/#\/schema\/logo\/image\/","url":"http:\/\/empowermissouri.org\/app\/uploads\/2018\/08\/logo_button.png","contentUrl":"http:\/\/empowermissouri.org\/app\/uploads\/2018\/08\/logo_button.png","width":579,"height":579,"caption":"Empower Missouri"},"image":{"@id":"https:\/\/empowermissouri.org\/#\/schema\/logo\/image\/"},"sameAs":["https:\/\/www.facebook.com\/empowermissouri","https:\/\/x.com\/empowermissouri","https:\/\/www.instagram.com\/empowermissouri\/","https:\/\/www.linkedin.com\/company\/empower-missouri\/"]},{"@type":"Person","@id":"https:\/\/empowermissouri.org\/#\/schema\/person\/e951a654cbc724fec5829ff7f4d36370","name":"Empoderar a Missouri","image":{"@type":"ImageObject","inLanguage":"es-MX","@id":"https:\/\/secure.gravatar.com\/avatar\/707cc62910910b381e613ab53a9c71ad8f903d58979eb1f78be3a4947f578900?s=96&d=mm&r=gb92e1d0ab19e89757b0c5f03bd735f45","url":"https:\/\/secure.gravatar.com\/avatar\/707cc62910910b381e613ab53a9c71ad8f903d58979eb1f78be3a4947f578900?s=96&d=mm&r=g","contentUrl":"https:\/\/secure.gravatar.com\/avatar\/707cc62910910b381e613ab53a9c71ad8f903d58979eb1f78be3a4947f578900?s=96&d=mm&r=g","caption":"Empower Missouri"},"url":"https:\/\/empowermissouri.org\/es\/author\/developer\/"}]}},"_links":{"self":[{"href":"https:\/\/empowermissouri.org\/es\/wp-json\/wp\/v2\/posts\/4754","targetHints":{"allow":["GET"]}}],"collection":[{"href":"https:\/\/empowermissouri.org\/es\/wp-json\/wp\/v2\/posts"}],"about":[{"href":"https:\/\/empowermissouri.org\/es\/wp-json\/wp\/v2\/types\/post"}],"author":[{"embeddable":true,"href":"https:\/\/empowermissouri.org\/es\/wp-json\/wp\/v2\/users\/1"}],"replies":[{"embeddable":true,"href":"https:\/\/empowermissouri.org\/es\/wp-json\/wp\/v2\/comments?post=4754"}],"version-history":[{"count":0,"href":"https:\/\/empowermissouri.org\/es\/wp-json\/wp\/v2\/posts\/4754\/revisions"}],"wp:featuredmedia":[{"embeddable":true,"href":"https:\/\/empowermissouri.org\/es\/wp-json\/wp\/v2\/media\/4755"}],"wp:attachment":[{"href":"https:\/\/empowermissouri.org\/es\/wp-json\/wp\/v2\/media?parent=4754"}],"wp:term":[{"taxonomy":"category","embeddable":true,"href":"https:\/\/empowermissouri.org\/es\/wp-json\/wp\/v2\/categories?post=4754"},{"taxonomy":"post_tag","embeddable":true,"href":"https:\/\/empowermissouri.org\/es\/wp-json\/wp\/v2\/tags?post=4754"},{"taxonomy":"issues","embeddable":true,"href":"https:\/\/empowermissouri.org\/es\/wp-json\/wp\/v2\/issues?post=4754"},{"taxonomy":"author","embeddable":true,"href":"https:\/\/empowermissouri.org\/es\/wp-json\/wp\/v2\/coauthors?post=4754"}],"curies":[{"name":"wp","href":"https:\/\/api.w.org\/{rel}","templated":true}]}}