{"id":4729,"date":"2020-06-05T00:06:00","date_gmt":"2020-06-05T05:06:00","guid":{"rendered":"http:\/\/empowermissouri.org\/?p=4729"},"modified":"2020-06-05T00:04:37","modified_gmt":"2020-06-05T05:04:37","slug":"pandemic-and-economic-downturn-combine-to-worsen-food-insecurity-snap-increase-needed","status":"publish","type":"post","link":"https:\/\/empowermissouri.org\/es\/pandemic-and-economic-downturn-combine-to-worsen-food-insecurity-snap-increase-needed\/","title":{"rendered":"La pandemia y la recesi\u00f3n econ\u00f3mica se combinan para empeorar la inseguridad alimentaria; Se necesita un aumento de SNAP"},"content":{"rendered":"<p>Desde el comienzo de la pandemia de COVID-19, la conexi\u00f3n entre desempleo, pobreza e inseguridad alimentaria ha sido clara. Uno de los mejores indicadores de la inseguridad alimentaria es la pobreza. A fines de 2019, la tasa de inseguridad alimentaria de Missouri era de 12%, mientras que su nivel de pobreza era de 13.2%, ambos por encima del promedio nacional. En ese punto, de acuerdo con <a href=\"https:\/\/www.communityaction.org\/poverty-reports\/\"><strong>el Informe de pobreza de Missouri 2020<\/strong><\/a>, nuestra tasa de desempleo fue de solo 3,2%.<\/p>\n<p>Pero desde que golpe\u00f3 la pandemia, en abril de 2020, seg\u00fan el Departamento de Trabajo y Relaciones Industriales de Missouri, la tasa de desempleo de nuestro estado ha aumentado a 9,8%. Los modelos de datos proyectan que esto crecer\u00e1 y se extender\u00e1 hasta el 2021. Nuestra red de defensa de la seguridad alimentaria en todo el estado informa que se est\u00e1 presentando un gran volumen de necesidades en sus agencias. Esto confirma el serio desaf\u00edo al que se enfrenta Missouri en relaci\u00f3n con la seguridad alimentaria.<\/p>\n<p>Estamos agradecidos por la r\u00e1pida acci\u00f3n que el Congreso ya ha tomado para ayudar a las familias con dificultades con un mayor apoyo nutricional. Por ejemplo, el <a href=\"https:\/\/www.congress.gov\/bill\/116th-congress\/house-bill\/6201\/text\"><strong>Ley de respuesta al coronavirus de Families First<\/strong><\/a> Fue un paso en la direcci\u00f3n correcta, pero desafortunadamente esta Ley a\u00fan dej\u00f3 fuera al 40% de los beneficiarios del Programa de Asistencia Nutricional Suplementaria (SNAP). El Congreso debe hacer m\u00e1s. Empower Missouri ha firmado un <a href=\"https:\/\/frac.org\/wp-content\/uploads\/SignOnLetterMay2020.pdf\"><strong>carta nacional<\/strong><\/a> pidiendo al Congreso que aumente los beneficios de SNAP en todos los \u00e1mbitos en 15%, adem\u00e1s de que tome otras medidas para mejorar la asistencia nutricional en nuestras comunidades.<\/p>\n<p>Sabemos que esta es una forma probada y viable de ayudar a los m\u00e1s necesitados, reducir la tensi\u00f3n en los bancos de alimentos \/ despensas y tambi\u00e9n impulsar la econom\u00eda. En 2009, en respuesta a la Gran Recesi\u00f3n, tanto el desempleo como la inseguridad alimentaria se dispararon y el Congreso promulg\u00f3 esta soluci\u00f3n exacta de tiempo limitado con resultados impresionantes que podr\u00edan haber logrado a\u00fan m\u00e1s si se hubiera dejado en su lugar por m\u00e1s tiempo.<\/p>\n<p>La pandemia plantea graves amenazas para todos, pero especialmente para quienes padecen inseguridad alimentaria. Los cierres temporales de escuelas y los despidos laborales han provocado que m\u00e1s familias se vean abrumadas por conflictos econ\u00f3micos y problemas alimentarios. Los datos que llegan tampoco podr\u00edan ser m\u00e1s claros con respecto a los problemas de equidad racial que tambi\u00e9n est\u00e1n en juego. Los afroamericanos est\u00e1n desproporcionadamente enfermos y muriendo de COVID-19, perdiendo trabajos u horas, y \/ o sin seguro. Las soluciones pol\u00edticas deben abordar las profundas necesidades creadas por d\u00e9cadas anteriores de desigualdad estructural.<\/p>\n<p>\u00bfEs parte de una organizaci\u00f3n sin fines de lucro o comunidad de fe que podr\u00eda <a href=\"https:\/\/frac.salsalabs.org\/heroes-snap-sign-on-may2020\/index.html?eType=EmailBlastContent&amp;eId=bf037fb2-ee01-45dd-818a-8accbced6d30\"><strong>inscribirse<\/strong><\/a> a la carta organizativa? \u00bfPuede enviar esta solicitud a una agencia de ayuda en su comunidad? Los miembros de nuestra delegaci\u00f3n federal deben aumentar los beneficios de SNAP en 15% y apuntalar la ayuda nutricional en el pr\u00f3ximo paquete legislativo. La mejor manera de asegurarse de que lo har\u00e1n es que escuchen a electores como usted sobre las necesidades de las comunidades locales.<\/p>\n<p>Tambi\u00e9n ser\u00eda muy \u00fatil si usted, como residente individual de Missouri, visitara el sitio web de Empower Missouri para adaptar nuestra <a href=\"https:\/\/secure.everyaction.com\/-bb6OGWO406b7nTYeNePIw2\"><strong>Plantilla de respuesta COVID-19<\/strong><\/a> en un correo electr\u00f3nico que luego se enviar\u00e1 al Senador Blunt, el Senador Hawley y su Representante de EE. UU. Esta comunicaci\u00f3n ser\u00e1 m\u00e1s eficaz si edita la l\u00ednea de asunto y el contenido para reflejar sus inquietudes. Nuestros amigos del Proyecto de Presupuesto de Missouri nos han preparado con una gran <a href=\"https:\/\/www.mobudget.org\/wp-content\/uploads\/2020\/04\/COVID-SNAP.pdf\"><strong>hoja de hechos<\/strong><\/a> que es \u00fatil para proporcionar estad\u00edsticas que puede utilizar.<\/p>\n<p>Nuevamente para que sean f\u00e1ciles de encontrar:<\/p>\n<p><a href=\"https:\/\/frac.salsalabs.org\/heroes-snap-sign-on-may2020\/index.html?eType=EmailBlastContent&amp;eId=bf037fb2-ee01-45dd-818a-8accbced6d30\"><strong>Signo organizacional en carta<\/strong><\/a><\/p>\n<p><a href=\"https:\/\/secure.everyaction.com\/-bb6OGWO406b7nTYeNePIw2\"><strong>Plantilla para correos electr\u00f3nicos individuales<\/strong><\/a><\/p>\n<p>Con esta acci\u00f3n, est\u00e1 demostrando un fuerte compromiso para ayudar a las muchas mujeres, ni\u00f1os y familias de bajos ingresos que est\u00e1n luchando bajo la presi\u00f3n de la pandemia COVID-19. Gracias por seguir luchando por el bienestar de todos los miembros de la comunidad.<\/p>\n<p>En solidaridad,<\/p>\n<p>Christine Woody,<br \/>\nCoordinadora senior de pol\u00edticas y organizaci\u00f3n<\/p>\n<p>Keyana Cooke,<br \/>\nPasante de pol\u00edticas y organizaci\u00f3n<\/p>","protected":false},"excerpt":{"rendered":"<p>Since the beginning of the COVID-19 pandemic, the connection between unemployment, poverty and food insecurity has been clear. One of the best indicators of food insecurity is poverty. At the end of 2019, Missouri\u2019s food insecurity rate was 12% while its poverty level was 13.2%, both above the national average. At that point, according to [&hellip;]<\/p>\n","protected":false},"author":9,"featured_media":4730,"comment_status":"open","ping_status":"open","sticky":false,"template":"","format":"standard","meta":{"_exactmetrics_skip_tracking":false,"_exactmetrics_sitenote_active":false,"_exactmetrics_sitenote_note":"","_exactmetrics_sitenote_category":0,"footnotes":""},"categories":[43],"tags":[319,318,208,95,62,59,122],"issues":[32,213],"coauthors":[],"class_list":["post-4729","post","type-post","status-publish","format-standard","has-post-thumbnail","hentry","category-weekly-perspective","tag-cares-act","tag-covid-19","tag-food-insecurity","tag-hunger","tag-missouri","tag-poverty","tag-snap","issues-hunger","issues-food-insecurity"],"yoast_head":"<!-- This site is optimized with the Yoast SEO plugin v27.4 - https:\/\/yoast.com\/product\/yoast-seo-wordpress\/ -->\n<title>Pandemic and Economic Downturn Combine To Worsen Food Insecurity; SNAP Increase Needed - Empower Missouri<\/title>\n<meta name=\"robots\" content=\"index, follow, max-snippet:-1, max-image-preview:large, max-video-preview:-1\" \/>\n<link rel=\"canonical\" href=\"https:\/\/empowermissouri.org\/es\/pandemic-and-economic-downturn-combine-to-worsen-food-insecurity-snap-increase-needed\/\" \/>\n<meta property=\"og:locale\" content=\"es_MX\" \/>\n<meta property=\"og:type\" content=\"article\" \/>\n<meta property=\"og:title\" content=\"Pandemic and Economic Downturn Combine To Worsen Food Insecurity; SNAP Increase Needed - Empower Missouri\" \/>\n<meta property=\"og:description\" content=\"Since the beginning of the COVID-19 pandemic, the connection between unemployment, poverty and food insecurity has been clear. One of the best indicators of food insecurity is poverty. At the end of 2019, Missouri\u2019s food insecurity rate was 12% while its poverty level was 13.2%, both above the national average. At that point, according to [&hellip;]\" \/>\n<meta property=\"og:url\" content=\"https:\/\/empowermissouri.org\/es\/pandemic-and-economic-downturn-combine-to-worsen-food-insecurity-snap-increase-needed\/\" \/>\n<meta property=\"og:site_name\" content=\"Empower Missouri\" \/>\n<meta property=\"article:publisher\" content=\"https:\/\/www.facebook.com\/empowermissouri\" \/>\n<meta property=\"article:published_time\" content=\"2020-06-05T05:06:00+00:00\" \/>\n<meta property=\"og:image\" content=\"https:\/\/empowermissouri.org\/app\/uploads\/2020\/06\/kelly-sikkema-PMxoh8zJNb0-unsplash-scaled.jpg\" \/>\n\t<meta property=\"og:image:width\" content=\"2560\" \/>\n\t<meta property=\"og:image:height\" content=\"1696\" \/>\n\t<meta property=\"og:image:type\" content=\"image\/jpeg\" \/>\n<meta name=\"author\" content=\"Christine Woody\" \/>\n<meta name=\"twitter:card\" content=\"summary_large_image\" \/>\n<meta name=\"twitter:creator\" content=\"@empowermissouri\" \/>\n<meta name=\"twitter:site\" content=\"@empowermissouri\" \/>\n<meta name=\"twitter:label1\" content=\"Written by\" \/>\n\t<meta name=\"twitter:data1\" content=\"Christine Woody\" \/>\n\t<meta name=\"twitter:label2\" content=\"Est. reading time\" \/>\n\t<meta name=\"twitter:data2\" content=\"3 minutes\" \/>\n<script type=\"application\/ld+json\" class=\"yoast-schema-graph\">{\"@context\":\"https:\\\/\\\/schema.org\",\"@graph\":[{\"@type\":\"Article\",\"@id\":\"https:\\\/\\\/empowermissouri.org\\\/pandemic-and-economic-downturn-combine-to-worsen-food-insecurity-snap-increase-needed\\\/#article\",\"isPartOf\":{\"@id\":\"https:\\\/\\\/empowermissouri.org\\\/pandemic-and-economic-downturn-combine-to-worsen-food-insecurity-snap-increase-needed\\\/\"},\"author\":{\"name\":\"Christine Woody\",\"@id\":\"https:\\\/\\\/empowermissouri.org\\\/#\\\/schema\\\/person\\\/d033f7905ba9d64da54c26c249c5c3d7\"},\"headline\":\"Pandemic and Economic Downturn Combine To Worsen Food Insecurity; SNAP Increase Needed\",\"datePublished\":\"2020-06-05T05:06:00+00:00\",\"mainEntityOfPage\":{\"@id\":\"https:\\\/\\\/empowermissouri.org\\\/pandemic-and-economic-downturn-combine-to-worsen-food-insecurity-snap-increase-needed\\\/\"},\"wordCount\":606,\"commentCount\":0,\"publisher\":{\"@id\":\"https:\\\/\\\/empowermissouri.org\\\/#organization\"},\"image\":{\"@id\":\"https:\\\/\\\/empowermissouri.org\\\/pandemic-and-economic-downturn-combine-to-worsen-food-insecurity-snap-increase-needed\\\/#primaryimage\"},\"thumbnailUrl\":\"https:\\\/\\\/empowermissouri.org\\\/app\\\/uploads\\\/2020\\\/06\\\/kelly-sikkema-PMxoh8zJNb0-unsplash-scaled.jpg\",\"keywords\":[\"CARES Act\",\"COVID-19\",\"food insecurity\",\"hunger\",\"Missouri\",\"poverty\",\"SNAP\"],\"articleSection\":[\"Weekly Perspective\"],\"inLanguage\":\"es-MX\",\"potentialAction\":[{\"@type\":\"CommentAction\",\"name\":\"Comment\",\"target\":[\"https:\\\/\\\/empowermissouri.org\\\/pandemic-and-economic-downturn-combine-to-worsen-food-insecurity-snap-increase-needed\\\/#respond\"]}]},{\"@type\":\"WebPage\",\"@id\":\"https:\\\/\\\/empowermissouri.org\\\/pandemic-and-economic-downturn-combine-to-worsen-food-insecurity-snap-increase-needed\\\/\",\"url\":\"https:\\\/\\\/empowermissouri.org\\\/pandemic-and-economic-downturn-combine-to-worsen-food-insecurity-snap-increase-needed\\\/\",\"name\":\"Pandemic and Economic Downturn Combine To Worsen Food Insecurity; SNAP Increase Needed - Empower Missouri\",\"isPartOf\":{\"@id\":\"https:\\\/\\\/empowermissouri.org\\\/#website\"},\"primaryImageOfPage\":{\"@id\":\"https:\\\/\\\/empowermissouri.org\\\/pandemic-and-economic-downturn-combine-to-worsen-food-insecurity-snap-increase-needed\\\/#primaryimage\"},\"image\":{\"@id\":\"https:\\\/\\\/empowermissouri.org\\\/pandemic-and-economic-downturn-combine-to-worsen-food-insecurity-snap-increase-needed\\\/#primaryimage\"},\"thumbnailUrl\":\"https:\\\/\\\/empowermissouri.org\\\/app\\\/uploads\\\/2020\\\/06\\\/kelly-sikkema-PMxoh8zJNb0-unsplash-scaled.jpg\",\"datePublished\":\"2020-06-05T05:06:00+00:00\",\"breadcrumb\":{\"@id\":\"https:\\\/\\\/empowermissouri.org\\\/pandemic-and-economic-downturn-combine-to-worsen-food-insecurity-snap-increase-needed\\\/#breadcrumb\"},\"inLanguage\":\"es-MX\",\"potentialAction\":[{\"@type\":\"ReadAction\",\"target\":[\"https:\\\/\\\/empowermissouri.org\\\/pandemic-and-economic-downturn-combine-to-worsen-food-insecurity-snap-increase-needed\\\/\"]}]},{\"@type\":\"ImageObject\",\"inLanguage\":\"es-MX\",\"@id\":\"https:\\\/\\\/empowermissouri.org\\\/pandemic-and-economic-downturn-combine-to-worsen-food-insecurity-snap-increase-needed\\\/#primaryimage\",\"url\":\"https:\\\/\\\/empowermissouri.org\\\/app\\\/uploads\\\/2020\\\/06\\\/kelly-sikkema-PMxoh8zJNb0-unsplash-scaled.jpg\",\"contentUrl\":\"https:\\\/\\\/empowermissouri.org\\\/app\\\/uploads\\\/2020\\\/06\\\/kelly-sikkema-PMxoh8zJNb0-unsplash-scaled.jpg\",\"width\":2560,\"height\":1696},{\"@type\":\"BreadcrumbList\",\"@id\":\"https:\\\/\\\/empowermissouri.org\\\/pandemic-and-economic-downturn-combine-to-worsen-food-insecurity-snap-increase-needed\\\/#breadcrumb\",\"itemListElement\":[{\"@type\":\"ListItem\",\"position\":1,\"name\":\"Home\",\"item\":\"https:\\\/\\\/empowermissouri.org\\\/\"},{\"@type\":\"ListItem\",\"position\":2,\"name\":\"Pandemic and Economic Downturn Combine To Worsen Food Insecurity; SNAP Increase Needed\"}]},{\"@type\":\"WebSite\",\"@id\":\"https:\\\/\\\/empowermissouri.org\\\/#website\",\"url\":\"https:\\\/\\\/empowermissouri.org\\\/\",\"name\":\"Empower Missouri\",\"description\":\"Advocating for Justice | Empowering Change\",\"publisher\":{\"@id\":\"https:\\\/\\\/empowermissouri.org\\\/#organization\"},\"potentialAction\":[{\"@type\":\"SearchAction\",\"target\":{\"@type\":\"EntryPoint\",\"urlTemplate\":\"https:\\\/\\\/empowermissouri.org\\\/?s={search_term_string}\"},\"query-input\":{\"@type\":\"PropertyValueSpecification\",\"valueRequired\":true,\"valueName\":\"search_term_string\"}}],\"inLanguage\":\"es-MX\"},{\"@type\":\"Organization\",\"@id\":\"https:\\\/\\\/empowermissouri.org\\\/#organization\",\"name\":\"Empower Missouri\",\"url\":\"https:\\\/\\\/empowermissouri.org\\\/\",\"logo\":{\"@type\":\"ImageObject\",\"inLanguage\":\"es-MX\",\"@id\":\"https:\\\/\\\/empowermissouri.org\\\/#\\\/schema\\\/logo\\\/image\\\/\",\"url\":\"http:\\\/\\\/empowermissouri.org\\\/app\\\/uploads\\\/2018\\\/08\\\/logo_button.png\",\"contentUrl\":\"http:\\\/\\\/empowermissouri.org\\\/app\\\/uploads\\\/2018\\\/08\\\/logo_button.png\",\"width\":579,\"height\":579,\"caption\":\"Empower Missouri\"},\"image\":{\"@id\":\"https:\\\/\\\/empowermissouri.org\\\/#\\\/schema\\\/logo\\\/image\\\/\"},\"sameAs\":[\"https:\\\/\\\/www.facebook.com\\\/empowermissouri\",\"https:\\\/\\\/x.com\\\/empowermissouri\",\"https:\\\/\\\/www.instagram.com\\\/empowermissouri\\\/\",\"https:\\\/\\\/www.linkedin.com\\\/company\\\/empower-missouri\\\/\"]},{\"@type\":\"Person\",\"@id\":\"https:\\\/\\\/empowermissouri.org\\\/#\\\/schema\\\/person\\\/d033f7905ba9d64da54c26c249c5c3d7\",\"name\":\"Christine Woody\",\"image\":{\"@type\":\"ImageObject\",\"inLanguage\":\"es-MX\",\"@id\":\"https:\\\/\\\/secure.gravatar.com\\\/avatar\\\/ec9c139b0f2e3db08946b6cc75bf1f1a2d8675c78cdd48c6a740566e7956d0ef?s=96&d=mm&r=gc816e675c87c7d1114fad2eff0298dcc\",\"url\":\"https:\\\/\\\/secure.gravatar.com\\\/avatar\\\/ec9c139b0f2e3db08946b6cc75bf1f1a2d8675c78cdd48c6a740566e7956d0ef?s=96&d=mm&r=g\",\"contentUrl\":\"https:\\\/\\\/secure.gravatar.com\\\/avatar\\\/ec9c139b0f2e3db08946b6cc75bf1f1a2d8675c78cdd48c6a740566e7956d0ef?s=96&d=mm&r=g\",\"caption\":\"Christine Woody\"},\"url\":\"https:\\\/\\\/empowermissouri.org\\\/es\\\/author\\\/christine\\\/\"}]}<\/script>\n<!-- \/ Yoast SEO plugin. -->","yoast_head_json":{"title":"Pandemic and Economic Downturn Combine To Worsen Food Insecurity; SNAP Increase Needed - Empower Missouri","robots":{"index":"index","follow":"follow","max-snippet":"max-snippet:-1","max-image-preview":"max-image-preview:large","max-video-preview":"max-video-preview:-1"},"canonical":"https:\/\/empowermissouri.org\/es\/pandemic-and-economic-downturn-combine-to-worsen-food-insecurity-snap-increase-needed\/","og_locale":"es_MX","og_type":"article","og_title":"Pandemic and Economic Downturn Combine To Worsen Food Insecurity; SNAP Increase Needed - Empower Missouri","og_description":"Since the beginning of the COVID-19 pandemic, the connection between unemployment, poverty and food insecurity has been clear. One of the best indicators of food insecurity is poverty. At the end of 2019, Missouri\u2019s food insecurity rate was 12% while its poverty level was 13.2%, both above the national average. At that point, according to [&hellip;]","og_url":"https:\/\/empowermissouri.org\/es\/pandemic-and-economic-downturn-combine-to-worsen-food-insecurity-snap-increase-needed\/","og_site_name":"Empower Missouri","article_publisher":"https:\/\/www.facebook.com\/empowermissouri","article_published_time":"2020-06-05T05:06:00+00:00","og_image":[{"width":2560,"height":1696,"url":"https:\/\/empowermissouri.org\/app\/uploads\/2020\/06\/kelly-sikkema-PMxoh8zJNb0-unsplash-scaled.jpg","type":"image\/jpeg"}],"author":"Christine Woody","twitter_card":"summary_large_image","twitter_creator":"@empowermissouri","twitter_site":"@empowermissouri","twitter_misc":{"Written by":"Christine Woody","Est. reading time":"3 minutes"},"schema":{"@context":"https:\/\/schema.org","@graph":[{"@type":"Article","@id":"https:\/\/empowermissouri.org\/pandemic-and-economic-downturn-combine-to-worsen-food-insecurity-snap-increase-needed\/#article","isPartOf":{"@id":"https:\/\/empowermissouri.org\/pandemic-and-economic-downturn-combine-to-worsen-food-insecurity-snap-increase-needed\/"},"author":{"name":"Christine Woody","@id":"https:\/\/empowermissouri.org\/#\/schema\/person\/d033f7905ba9d64da54c26c249c5c3d7"},"headline":"Pandemic and Economic Downturn Combine To Worsen Food Insecurity; SNAP Increase Needed","datePublished":"2020-06-05T05:06:00+00:00","mainEntityOfPage":{"@id":"https:\/\/empowermissouri.org\/pandemic-and-economic-downturn-combine-to-worsen-food-insecurity-snap-increase-needed\/"},"wordCount":606,"commentCount":0,"publisher":{"@id":"https:\/\/empowermissouri.org\/#organization"},"image":{"@id":"https:\/\/empowermissouri.org\/pandemic-and-economic-downturn-combine-to-worsen-food-insecurity-snap-increase-needed\/#primaryimage"},"thumbnailUrl":"https:\/\/empowermissouri.org\/app\/uploads\/2020\/06\/kelly-sikkema-PMxoh8zJNb0-unsplash-scaled.jpg","keywords":["CARES Act","COVID-19","food insecurity","hunger","Missouri","poverty","SNAP"],"articleSection":["Weekly Perspective"],"inLanguage":"es-MX","potentialAction":[{"@type":"CommentAction","name":"Comment","target":["https:\/\/empowermissouri.org\/pandemic-and-economic-downturn-combine-to-worsen-food-insecurity-snap-increase-needed\/#respond"]}]},{"@type":"WebPage","@id":"https:\/\/empowermissouri.org\/pandemic-and-economic-downturn-combine-to-worsen-food-insecurity-snap-increase-needed\/","url":"https:\/\/empowermissouri.org\/pandemic-and-economic-downturn-combine-to-worsen-food-insecurity-snap-increase-needed\/","name":"Pandemic and Economic Downturn Combine To Worsen Food Insecurity; SNAP Increase Needed - Empower Missouri","isPartOf":{"@id":"https:\/\/empowermissouri.org\/#website"},"primaryImageOfPage":{"@id":"https:\/\/empowermissouri.org\/pandemic-and-economic-downturn-combine-to-worsen-food-insecurity-snap-increase-needed\/#primaryimage"},"image":{"@id":"https:\/\/empowermissouri.org\/pandemic-and-economic-downturn-combine-to-worsen-food-insecurity-snap-increase-needed\/#primaryimage"},"thumbnailUrl":"https:\/\/empowermissouri.org\/app\/uploads\/2020\/06\/kelly-sikkema-PMxoh8zJNb0-unsplash-scaled.jpg","datePublished":"2020-06-05T05:06:00+00:00","breadcrumb":{"@id":"https:\/\/empowermissouri.org\/pandemic-and-economic-downturn-combine-to-worsen-food-insecurity-snap-increase-needed\/#breadcrumb"},"inLanguage":"es-MX","potentialAction":[{"@type":"ReadAction","target":["https:\/\/empowermissouri.org\/pandemic-and-economic-downturn-combine-to-worsen-food-insecurity-snap-increase-needed\/"]}]},{"@type":"ImageObject","inLanguage":"es-MX","@id":"https:\/\/empowermissouri.org\/pandemic-and-economic-downturn-combine-to-worsen-food-insecurity-snap-increase-needed\/#primaryimage","url":"https:\/\/empowermissouri.org\/app\/uploads\/2020\/06\/kelly-sikkema-PMxoh8zJNb0-unsplash-scaled.jpg","contentUrl":"https:\/\/empowermissouri.org\/app\/uploads\/2020\/06\/kelly-sikkema-PMxoh8zJNb0-unsplash-scaled.jpg","width":2560,"height":1696},{"@type":"BreadcrumbList","@id":"https:\/\/empowermissouri.org\/pandemic-and-economic-downturn-combine-to-worsen-food-insecurity-snap-increase-needed\/#breadcrumb","itemListElement":[{"@type":"ListItem","position":1,"name":"Home","item":"https:\/\/empowermissouri.org\/"},{"@type":"ListItem","position":2,"name":"Pandemic and Economic Downturn Combine To Worsen Food Insecurity; SNAP Increase Needed"}]},{"@type":"WebSite","@id":"https:\/\/empowermissouri.org\/#website","url":"https:\/\/empowermissouri.org\/","name":"Empoderar a Missouri","description":"Advocating for Justice | Empowering Change","publisher":{"@id":"https:\/\/empowermissouri.org\/#organization"},"potentialAction":[{"@type":"SearchAction","target":{"@type":"EntryPoint","urlTemplate":"https:\/\/empowermissouri.org\/?s={search_term_string}"},"query-input":{"@type":"PropertyValueSpecification","valueRequired":true,"valueName":"search_term_string"}}],"inLanguage":"es-MX"},{"@type":"Organization","@id":"https:\/\/empowermissouri.org\/#organization","name":"Empoderar a Missouri","url":"https:\/\/empowermissouri.org\/","logo":{"@type":"ImageObject","inLanguage":"es-MX","@id":"https:\/\/empowermissouri.org\/#\/schema\/logo\/image\/","url":"http:\/\/empowermissouri.org\/app\/uploads\/2018\/08\/logo_button.png","contentUrl":"http:\/\/empowermissouri.org\/app\/uploads\/2018\/08\/logo_button.png","width":579,"height":579,"caption":"Empower Missouri"},"image":{"@id":"https:\/\/empowermissouri.org\/#\/schema\/logo\/image\/"},"sameAs":["https:\/\/www.facebook.com\/empowermissouri","https:\/\/x.com\/empowermissouri","https:\/\/www.instagram.com\/empowermissouri\/","https:\/\/www.linkedin.com\/company\/empower-missouri\/"]},{"@type":"Person","@id":"https:\/\/empowermissouri.org\/#\/schema\/person\/d033f7905ba9d64da54c26c249c5c3d7","name":"Christine Woody","image":{"@type":"ImageObject","inLanguage":"es-MX","@id":"https:\/\/secure.gravatar.com\/avatar\/ec9c139b0f2e3db08946b6cc75bf1f1a2d8675c78cdd48c6a740566e7956d0ef?s=96&d=mm&r=gc816e675c87c7d1114fad2eff0298dcc","url":"https:\/\/secure.gravatar.com\/avatar\/ec9c139b0f2e3db08946b6cc75bf1f1a2d8675c78cdd48c6a740566e7956d0ef?s=96&d=mm&r=g","contentUrl":"https:\/\/secure.gravatar.com\/avatar\/ec9c139b0f2e3db08946b6cc75bf1f1a2d8675c78cdd48c6a740566e7956d0ef?s=96&d=mm&r=g","caption":"Christine Woody"},"url":"https:\/\/empowermissouri.org\/es\/author\/christine\/"}]}},"_links":{"self":[{"href":"https:\/\/empowermissouri.org\/es\/wp-json\/wp\/v2\/posts\/4729","targetHints":{"allow":["GET"]}}],"collection":[{"href":"https:\/\/empowermissouri.org\/es\/wp-json\/wp\/v2\/posts"}],"about":[{"href":"https:\/\/empowermissouri.org\/es\/wp-json\/wp\/v2\/types\/post"}],"author":[{"embeddable":true,"href":"https:\/\/empowermissouri.org\/es\/wp-json\/wp\/v2\/users\/9"}],"replies":[{"embeddable":true,"href":"https:\/\/empowermissouri.org\/es\/wp-json\/wp\/v2\/comments?post=4729"}],"version-history":[{"count":0,"href":"https:\/\/empowermissouri.org\/es\/wp-json\/wp\/v2\/posts\/4729\/revisions"}],"wp:featuredmedia":[{"embeddable":true,"href":"https:\/\/empowermissouri.org\/es\/wp-json\/wp\/v2\/media\/4730"}],"wp:attachment":[{"href":"https:\/\/empowermissouri.org\/es\/wp-json\/wp\/v2\/media?parent=4729"}],"wp:term":[{"taxonomy":"category","embeddable":true,"href":"https:\/\/empowermissouri.org\/es\/wp-json\/wp\/v2\/categories?post=4729"},{"taxonomy":"post_tag","embeddable":true,"href":"https:\/\/empowermissouri.org\/es\/wp-json\/wp\/v2\/tags?post=4729"},{"taxonomy":"issues","embeddable":true,"href":"https:\/\/empowermissouri.org\/es\/wp-json\/wp\/v2\/issues?post=4729"},{"taxonomy":"author","embeddable":true,"href":"https:\/\/empowermissouri.org\/es\/wp-json\/wp\/v2\/coauthors?post=4729"}],"curies":[{"name":"wp","href":"https:\/\/api.w.org\/{rel}","templated":true}]}}