{"id":4287,"date":"2020-04-10T07:00:00","date_gmt":"2020-04-10T12:00:00","guid":{"rendered":"http:\/\/empowermissouri.org\/?p=4287"},"modified":"2020-04-09T13:37:41","modified_gmt":"2020-04-09T18:37:41","slug":"the-need-for-emergency-rental-assistance-during-the-covid-19-pandemic","status":"publish","type":"post","link":"https:\/\/empowermissouri.org\/es\/the-need-for-emergency-rental-assistance-during-the-covid-19-pandemic\/","title":{"rendered":"La necesidad de asistencia de emergencia para el alquiler durante la pandemia de COVID-19"},"content":{"rendered":"<p>Sin duda, estamos en una \u00e9poca sin precedentes. El gobierno federal ha aprobado tres importantes proyectos de ley de respuesta al coronavirus. En estos paquetes se han incluido cambios significativos en el Programa de Asistencia Nutricional Suplementaria (SNAP), desempleo ampliado y pagos de est\u00edmulo para la mayor\u00eda de las familias estadounidenses. Sin embargo, un nuevo informe de nuestros socios de la Coalici\u00f3n Nacional de Vivienda de Bajos Ingresos (NLIHC) se\u00f1ala que esto no es suficiente para mantener a los m\u00e1s vulnerables alojados de manera estable. En <a href=\"https:\/\/reports.nlihc.org\/gap\/2018\/mo\">La necesidad de asistencia de emergencia para el alquiler durante la crisis econ\u00f3mica de COVID-19,<\/a> NLIHC dice que se necesita asistencia para el alquiler y estima que el costo es de aproximadamente $99.5 mil millones.<\/p>\n<p><a href=\"https:\/\/reports.nlihc.org\/gap\/2018\/mo\">En Missouri, 87% de nuestros hogares con ingresos extremadamente bajos est\u00e1n agobiados por los costos<\/a>, pagando m\u00e1s del 30% de sus ingresos para alquilar. Esto significa que la gran mayor\u00eda de nuestras familias con salarios muy bajos estaban al borde de la falta de vivienda incluso antes de la pandemia de COVID-19. Pagar tanto de sus ingresos por vivienda solo puede mantenerse a corto plazo. Estas familias ya estaban a un pinchazo, a un viaje a la sala de emergencias, a un incidente de no poder pagar el alquiler.<\/p>\n<p>Las mismas familias tambi\u00e9n tienen m\u00e1s probabilidades de verse afectadas por el coronavirus por dos razones:<\/p>\n<ul>\n<li>Muchos de estos asalariados trabajaban en trabajos mal pagados que ahora est\u00e1n suspendidos, como el servicio de alimentos o el cuidado de ni\u00f1os. Con una ca\u00edda tan r\u00e1pida y dr\u00e1stica de los ingresos, estos trabajadores est\u00e1n luchando por satisfacer sus necesidades b\u00e1sicas, incluida la vivienda.<\/li>\n<li>Las personas que viven en la pobreza tienen m\u00e1s probabilidades de tener mala salud, lo que aumenta su vulnerabilidad al coronavirus. Ciertamente, las personas sin hogar tendr\u00e1n dificultades para mantener una higiene adecuada para detener la transmisi\u00f3n del virus. Las tasas de condiciones de salud adversas como el asma y la diabetes son m\u00e1s altas en las personas que viven en la pobreza, y estas condiciones las hacen m\u00e1s propensas a infectarse con el coronavirus y a experimentar casos m\u00e1s graves.<\/li>\n<\/ul>\n<p>Con el informe publicado recientemente por NLIHC, tenemos una estimaci\u00f3n de la cantidad de alivio que se necesita a nivel federal para que los inquilinos con bajos ingresos permanezcan alojados durante los pr\u00f3ximos 12 meses. Empower Missouri tambi\u00e9n se ha asociado con algunas de nuestras organizaciones locales para solicitar alivio en los pagos de alquiler e hipoteca y la prohibici\u00f3n de cortes de servicios p\u00fablicos a nivel estatal. Ahora m\u00e1s que nunca est\u00e1 claro que la vivienda es salud. Una vivienda estable es clave para contener el virus y preservar la vida humana. <a href=\"http:\/\/empowermissouri.org\/es\/strong-response-needed-to-meet-basic-human-needs\/\">\u00danase a nosotros para comunicarse con el gobernador Parson aqu\u00ed.<\/a><\/p>\n<p>En solidaridad,<\/p>\n<p>Sarah Owsley Townsend<\/p>\n<p>Gerente de Pol\u00edtica y Organizaci\u00f3n<\/p>\n<p>PS Brooke Schipporeit de NLIHC fue la oradora invitada en nuestro 9 de abril <strong><em>Seminario web sobre empoderamiento<\/em><\/strong> y se centr\u00f3 en COVID-19 y la pol\u00edtica de vivienda estatal y federal. Para acceder a una grabaci\u00f3n de ese seminario web, <a href=\"http:\/\/empowermissouri.org\/es\/events\/empowering-you-webinar-covid-19-and-state-and-federal-housing-policy-presentation\/\">ir a este enlace<\/a>. Adem\u00e1s, si la promoci\u00f3n de la vivienda es su pasi\u00f3n, por favor <a href=\"http:\/\/empowermissouri.org\/es\/events\/apr-13th-2020-affordable-housing-coalition-call\/\">planea unirse<\/a> nuestra pr\u00f3xima reuni\u00f3n de la Coalici\u00f3n de Vivienda Asequible el lunes 13 de abril a las 2 pm<\/p>","protected":false},"excerpt":{"rendered":"<p>There is no doubt, we are in unprecedented times. The federal government has passed three significant coronavirus response bills. Included in these packages have been significant changes to the Supplemental Nutrition Assistance Program (SNAP), expanded unemployment, and stimulus payments to most American families. However, a new report from our partners at the National Low Income [&hellip;]<\/p>\n","protected":false},"author":21,"featured_media":2896,"comment_status":"open","ping_status":"open","sticky":false,"template":"","format":"standard","meta":{"_exactmetrics_skip_tracking":false,"_exactmetrics_sitenote_active":false,"_exactmetrics_sitenote_note":"","_exactmetrics_sitenote_category":0,"footnotes":""},"categories":[43],"tags":[205,27,110,62,320],"issues":[11],"coauthors":[435],"class_list":["post-4287","post","type-post","status-publish","format-standard","has-post-thumbnail","hentry","category-weekly-perspective","tag-affordable-housing","tag-affordable-housing-and-homelessness","tag-low-income","tag-missouri","tag-nlihc","issues-affordable-housing-and-homelessness"],"yoast_head":"<!-- This site is optimized with the Yoast SEO plugin v27.4 - https:\/\/yoast.com\/product\/yoast-seo-wordpress\/ -->\n<title>The Need for Emergency Rental Assistance During the COVID-19 Pandemic - Empower Missouri<\/title>\n<meta name=\"robots\" content=\"index, follow, max-snippet:-1, max-image-preview:large, max-video-preview:-1\" \/>\n<link rel=\"canonical\" href=\"https:\/\/empowermissouri.org\/es\/the-need-for-emergency-rental-assistance-during-the-covid-19-pandemic\/\" \/>\n<meta property=\"og:locale\" content=\"es_MX\" \/>\n<meta property=\"og:type\" content=\"article\" \/>\n<meta property=\"og:title\" content=\"The Need for Emergency Rental Assistance During the COVID-19 Pandemic - Empower Missouri\" \/>\n<meta property=\"og:description\" content=\"There is no doubt, we are in unprecedented times. The federal government has passed three significant coronavirus response bills. Included in these packages have been significant changes to the Supplemental Nutrition Assistance Program (SNAP), expanded unemployment, and stimulus payments to most American families. However, a new report from our partners at the National Low Income [&hellip;]\" \/>\n<meta property=\"og:url\" content=\"https:\/\/empowermissouri.org\/es\/the-need-for-emergency-rental-assistance-during-the-covid-19-pandemic\/\" \/>\n<meta property=\"og:site_name\" content=\"Empower Missouri\" \/>\n<meta property=\"article:publisher\" content=\"https:\/\/www.facebook.com\/empowermissouri\" \/>\n<meta property=\"article:published_time\" content=\"2020-04-10T12:00:00+00:00\" \/>\n<meta property=\"og:image\" content=\"https:\/\/empowermissouri.org\/app\/uploads\/2019\/10\/kelly-sikkema-Nel8STCcWy8-unsplash.jpg\" \/>\n\t<meta property=\"og:image:width\" content=\"3269\" \/>\n\t<meta property=\"og:image:height\" content=\"1894\" \/>\n\t<meta property=\"og:image:type\" content=\"image\/jpeg\" \/>\n<meta name=\"author\" content=\"Sarah Owsley\" \/>\n<meta name=\"twitter:card\" content=\"summary_large_image\" \/>\n<meta name=\"twitter:creator\" content=\"@empowermissouri\" \/>\n<meta name=\"twitter:site\" content=\"@empowermissouri\" \/>\n<meta name=\"twitter:label1\" content=\"Written by\" \/>\n\t<meta name=\"twitter:data1\" content=\"Sarah Owsley\" \/>\n\t<meta name=\"twitter:label2\" content=\"Est. reading time\" \/>\n\t<meta name=\"twitter:data2\" content=\"2 minutes\" \/>\n<script type=\"application\/ld+json\" class=\"yoast-schema-graph\">{\"@context\":\"https:\\\/\\\/schema.org\",\"@graph\":[{\"@type\":\"Article\",\"@id\":\"https:\\\/\\\/empowermissouri.org\\\/the-need-for-emergency-rental-assistance-during-the-covid-19-pandemic\\\/#article\",\"isPartOf\":{\"@id\":\"https:\\\/\\\/empowermissouri.org\\\/the-need-for-emergency-rental-assistance-during-the-covid-19-pandemic\\\/\"},\"author\":{\"name\":\"Sarah Owsley\",\"@id\":\"https:\\\/\\\/empowermissouri.org\\\/#\\\/schema\\\/person\\\/22478fa45b022ea27b2198e2f6cb50dc\"},\"headline\":\"The Need for Emergency Rental Assistance During the COVID-19 Pandemic\",\"datePublished\":\"2020-04-10T12:00:00+00:00\",\"mainEntityOfPage\":{\"@id\":\"https:\\\/\\\/empowermissouri.org\\\/the-need-for-emergency-rental-assistance-during-the-covid-19-pandemic\\\/\"},\"wordCount\":476,\"commentCount\":4,\"publisher\":{\"@id\":\"https:\\\/\\\/empowermissouri.org\\\/#organization\"},\"image\":{\"@id\":\"https:\\\/\\\/empowermissouri.org\\\/the-need-for-emergency-rental-assistance-during-the-covid-19-pandemic\\\/#primaryimage\"},\"thumbnailUrl\":\"https:\\\/\\\/empowermissouri.org\\\/app\\\/uploads\\\/2019\\\/10\\\/kelly-sikkema-Nel8STCcWy8-unsplash.jpg\",\"keywords\":[\"affordable housing\",\"Affordable Housing and Homelessness\",\"low-income\",\"Missouri\",\"NLIHC\"],\"articleSection\":[\"Weekly Perspective\"],\"inLanguage\":\"es-MX\",\"potentialAction\":[{\"@type\":\"CommentAction\",\"name\":\"Comment\",\"target\":[\"https:\\\/\\\/empowermissouri.org\\\/the-need-for-emergency-rental-assistance-during-the-covid-19-pandemic\\\/#respond\"]}]},{\"@type\":\"WebPage\",\"@id\":\"https:\\\/\\\/empowermissouri.org\\\/the-need-for-emergency-rental-assistance-during-the-covid-19-pandemic\\\/\",\"url\":\"https:\\\/\\\/empowermissouri.org\\\/the-need-for-emergency-rental-assistance-during-the-covid-19-pandemic\\\/\",\"name\":\"The Need for Emergency Rental Assistance During the COVID-19 Pandemic - Empower Missouri\",\"isPartOf\":{\"@id\":\"https:\\\/\\\/empowermissouri.org\\\/#website\"},\"primaryImageOfPage\":{\"@id\":\"https:\\\/\\\/empowermissouri.org\\\/the-need-for-emergency-rental-assistance-during-the-covid-19-pandemic\\\/#primaryimage\"},\"image\":{\"@id\":\"https:\\\/\\\/empowermissouri.org\\\/the-need-for-emergency-rental-assistance-during-the-covid-19-pandemic\\\/#primaryimage\"},\"thumbnailUrl\":\"https:\\\/\\\/empowermissouri.org\\\/app\\\/uploads\\\/2019\\\/10\\\/kelly-sikkema-Nel8STCcWy8-unsplash.jpg\",\"datePublished\":\"2020-04-10T12:00:00+00:00\",\"breadcrumb\":{\"@id\":\"https:\\\/\\\/empowermissouri.org\\\/the-need-for-emergency-rental-assistance-during-the-covid-19-pandemic\\\/#breadcrumb\"},\"inLanguage\":\"es-MX\",\"potentialAction\":[{\"@type\":\"ReadAction\",\"target\":[\"https:\\\/\\\/empowermissouri.org\\\/the-need-for-emergency-rental-assistance-during-the-covid-19-pandemic\\\/\"]}]},{\"@type\":\"ImageObject\",\"inLanguage\":\"es-MX\",\"@id\":\"https:\\\/\\\/empowermissouri.org\\\/the-need-for-emergency-rental-assistance-during-the-covid-19-pandemic\\\/#primaryimage\",\"url\":\"https:\\\/\\\/empowermissouri.org\\\/app\\\/uploads\\\/2019\\\/10\\\/kelly-sikkema-Nel8STCcWy8-unsplash.jpg\",\"contentUrl\":\"https:\\\/\\\/empowermissouri.org\\\/app\\\/uploads\\\/2019\\\/10\\\/kelly-sikkema-Nel8STCcWy8-unsplash.jpg\",\"width\":3269,\"height\":1894},{\"@type\":\"BreadcrumbList\",\"@id\":\"https:\\\/\\\/empowermissouri.org\\\/the-need-for-emergency-rental-assistance-during-the-covid-19-pandemic\\\/#breadcrumb\",\"itemListElement\":[{\"@type\":\"ListItem\",\"position\":1,\"name\":\"Home\",\"item\":\"https:\\\/\\\/empowermissouri.org\\\/\"},{\"@type\":\"ListItem\",\"position\":2,\"name\":\"The Need for Emergency Rental Assistance During the COVID-19 Pandemic\"}]},{\"@type\":\"WebSite\",\"@id\":\"https:\\\/\\\/empowermissouri.org\\\/#website\",\"url\":\"https:\\\/\\\/empowermissouri.org\\\/\",\"name\":\"Empower Missouri\",\"description\":\"Advocating for Justice | Empowering Change\",\"publisher\":{\"@id\":\"https:\\\/\\\/empowermissouri.org\\\/#organization\"},\"potentialAction\":[{\"@type\":\"SearchAction\",\"target\":{\"@type\":\"EntryPoint\",\"urlTemplate\":\"https:\\\/\\\/empowermissouri.org\\\/?s={search_term_string}\"},\"query-input\":{\"@type\":\"PropertyValueSpecification\",\"valueRequired\":true,\"valueName\":\"search_term_string\"}}],\"inLanguage\":\"es-MX\"},{\"@type\":\"Organization\",\"@id\":\"https:\\\/\\\/empowermissouri.org\\\/#organization\",\"name\":\"Empower Missouri\",\"url\":\"https:\\\/\\\/empowermissouri.org\\\/\",\"logo\":{\"@type\":\"ImageObject\",\"inLanguage\":\"es-MX\",\"@id\":\"https:\\\/\\\/empowermissouri.org\\\/#\\\/schema\\\/logo\\\/image\\\/\",\"url\":\"http:\\\/\\\/empowermissouri.org\\\/app\\\/uploads\\\/2018\\\/08\\\/logo_button.png\",\"contentUrl\":\"http:\\\/\\\/empowermissouri.org\\\/app\\\/uploads\\\/2018\\\/08\\\/logo_button.png\",\"width\":579,\"height\":579,\"caption\":\"Empower Missouri\"},\"image\":{\"@id\":\"https:\\\/\\\/empowermissouri.org\\\/#\\\/schema\\\/logo\\\/image\\\/\"},\"sameAs\":[\"https:\\\/\\\/www.facebook.com\\\/empowermissouri\",\"https:\\\/\\\/x.com\\\/empowermissouri\",\"https:\\\/\\\/www.instagram.com\\\/empowermissouri\\\/\",\"https:\\\/\\\/www.linkedin.com\\\/company\\\/empower-missouri\\\/\"]},{\"@type\":\"Person\",\"@id\":\"https:\\\/\\\/empowermissouri.org\\\/#\\\/schema\\\/person\\\/22478fa45b022ea27b2198e2f6cb50dc\",\"name\":\"Sarah Owsley\",\"image\":{\"@type\":\"ImageObject\",\"inLanguage\":\"es-MX\",\"@id\":\"https:\\\/\\\/secure.gravatar.com\\\/avatar\\\/e2a9030896a2b3ecfaca08ef696e2aaffa450fef537547a4624148bb8bbcc280?s=96&d=mm&r=g9a1b2806387aff0b772e66eafdf7cfe5\",\"url\":\"https:\\\/\\\/secure.gravatar.com\\\/avatar\\\/e2a9030896a2b3ecfaca08ef696e2aaffa450fef537547a4624148bb8bbcc280?s=96&d=mm&r=g\",\"contentUrl\":\"https:\\\/\\\/secure.gravatar.com\\\/avatar\\\/e2a9030896a2b3ecfaca08ef696e2aaffa450fef537547a4624148bb8bbcc280?s=96&d=mm&r=g\",\"caption\":\"Sarah Owsley\"},\"url\":\"https:\\\/\\\/empowermissouri.org\\\/es\\\/author\\\/sarahempowermissouri-org\\\/\"}]}<\/script>\n<!-- \/ Yoast SEO plugin. -->","yoast_head_json":{"title":"The Need for Emergency Rental Assistance During the COVID-19 Pandemic - Empower Missouri","robots":{"index":"index","follow":"follow","max-snippet":"max-snippet:-1","max-image-preview":"max-image-preview:large","max-video-preview":"max-video-preview:-1"},"canonical":"https:\/\/empowermissouri.org\/es\/the-need-for-emergency-rental-assistance-during-the-covid-19-pandemic\/","og_locale":"es_MX","og_type":"article","og_title":"The Need for Emergency Rental Assistance During the COVID-19 Pandemic - Empower Missouri","og_description":"There is no doubt, we are in unprecedented times. The federal government has passed three significant coronavirus response bills. Included in these packages have been significant changes to the Supplemental Nutrition Assistance Program (SNAP), expanded unemployment, and stimulus payments to most American families. However, a new report from our partners at the National Low Income [&hellip;]","og_url":"https:\/\/empowermissouri.org\/es\/the-need-for-emergency-rental-assistance-during-the-covid-19-pandemic\/","og_site_name":"Empower Missouri","article_publisher":"https:\/\/www.facebook.com\/empowermissouri","article_published_time":"2020-04-10T12:00:00+00:00","og_image":[{"width":3269,"height":1894,"url":"https:\/\/empowermissouri.org\/app\/uploads\/2019\/10\/kelly-sikkema-Nel8STCcWy8-unsplash.jpg","type":"image\/jpeg"}],"author":"Sarah Owsley","twitter_card":"summary_large_image","twitter_creator":"@empowermissouri","twitter_site":"@empowermissouri","twitter_misc":{"Written by":"Sarah Owsley","Est. reading time":"2 minutes"},"schema":{"@context":"https:\/\/schema.org","@graph":[{"@type":"Article","@id":"https:\/\/empowermissouri.org\/the-need-for-emergency-rental-assistance-during-the-covid-19-pandemic\/#article","isPartOf":{"@id":"https:\/\/empowermissouri.org\/the-need-for-emergency-rental-assistance-during-the-covid-19-pandemic\/"},"author":{"name":"Sarah Owsley","@id":"https:\/\/empowermissouri.org\/#\/schema\/person\/22478fa45b022ea27b2198e2f6cb50dc"},"headline":"The Need for Emergency Rental Assistance During the COVID-19 Pandemic","datePublished":"2020-04-10T12:00:00+00:00","mainEntityOfPage":{"@id":"https:\/\/empowermissouri.org\/the-need-for-emergency-rental-assistance-during-the-covid-19-pandemic\/"},"wordCount":476,"commentCount":4,"publisher":{"@id":"https:\/\/empowermissouri.org\/#organization"},"image":{"@id":"https:\/\/empowermissouri.org\/the-need-for-emergency-rental-assistance-during-the-covid-19-pandemic\/#primaryimage"},"thumbnailUrl":"https:\/\/empowermissouri.org\/app\/uploads\/2019\/10\/kelly-sikkema-Nel8STCcWy8-unsplash.jpg","keywords":["affordable housing","Affordable Housing and Homelessness","low-income","Missouri","NLIHC"],"articleSection":["Weekly Perspective"],"inLanguage":"es-MX","potentialAction":[{"@type":"CommentAction","name":"Comment","target":["https:\/\/empowermissouri.org\/the-need-for-emergency-rental-assistance-during-the-covid-19-pandemic\/#respond"]}]},{"@type":"WebPage","@id":"https:\/\/empowermissouri.org\/the-need-for-emergency-rental-assistance-during-the-covid-19-pandemic\/","url":"https:\/\/empowermissouri.org\/the-need-for-emergency-rental-assistance-during-the-covid-19-pandemic\/","name":"The Need for Emergency Rental Assistance During the COVID-19 Pandemic - Empower Missouri","isPartOf":{"@id":"https:\/\/empowermissouri.org\/#website"},"primaryImageOfPage":{"@id":"https:\/\/empowermissouri.org\/the-need-for-emergency-rental-assistance-during-the-covid-19-pandemic\/#primaryimage"},"image":{"@id":"https:\/\/empowermissouri.org\/the-need-for-emergency-rental-assistance-during-the-covid-19-pandemic\/#primaryimage"},"thumbnailUrl":"https:\/\/empowermissouri.org\/app\/uploads\/2019\/10\/kelly-sikkema-Nel8STCcWy8-unsplash.jpg","datePublished":"2020-04-10T12:00:00+00:00","breadcrumb":{"@id":"https:\/\/empowermissouri.org\/the-need-for-emergency-rental-assistance-during-the-covid-19-pandemic\/#breadcrumb"},"inLanguage":"es-MX","potentialAction":[{"@type":"ReadAction","target":["https:\/\/empowermissouri.org\/the-need-for-emergency-rental-assistance-during-the-covid-19-pandemic\/"]}]},{"@type":"ImageObject","inLanguage":"es-MX","@id":"https:\/\/empowermissouri.org\/the-need-for-emergency-rental-assistance-during-the-covid-19-pandemic\/#primaryimage","url":"https:\/\/empowermissouri.org\/app\/uploads\/2019\/10\/kelly-sikkema-Nel8STCcWy8-unsplash.jpg","contentUrl":"https:\/\/empowermissouri.org\/app\/uploads\/2019\/10\/kelly-sikkema-Nel8STCcWy8-unsplash.jpg","width":3269,"height":1894},{"@type":"BreadcrumbList","@id":"https:\/\/empowermissouri.org\/the-need-for-emergency-rental-assistance-during-the-covid-19-pandemic\/#breadcrumb","itemListElement":[{"@type":"ListItem","position":1,"name":"Home","item":"https:\/\/empowermissouri.org\/"},{"@type":"ListItem","position":2,"name":"The Need for Emergency Rental Assistance During the COVID-19 Pandemic"}]},{"@type":"WebSite","@id":"https:\/\/empowermissouri.org\/#website","url":"https:\/\/empowermissouri.org\/","name":"Empoderar a Missouri","description":"Advocating for Justice | Empowering Change","publisher":{"@id":"https:\/\/empowermissouri.org\/#organization"},"potentialAction":[{"@type":"SearchAction","target":{"@type":"EntryPoint","urlTemplate":"https:\/\/empowermissouri.org\/?s={search_term_string}"},"query-input":{"@type":"PropertyValueSpecification","valueRequired":true,"valueName":"search_term_string"}}],"inLanguage":"es-MX"},{"@type":"Organization","@id":"https:\/\/empowermissouri.org\/#organization","name":"Empoderar a Missouri","url":"https:\/\/empowermissouri.org\/","logo":{"@type":"ImageObject","inLanguage":"es-MX","@id":"https:\/\/empowermissouri.org\/#\/schema\/logo\/image\/","url":"http:\/\/empowermissouri.org\/app\/uploads\/2018\/08\/logo_button.png","contentUrl":"http:\/\/empowermissouri.org\/app\/uploads\/2018\/08\/logo_button.png","width":579,"height":579,"caption":"Empower Missouri"},"image":{"@id":"https:\/\/empowermissouri.org\/#\/schema\/logo\/image\/"},"sameAs":["https:\/\/www.facebook.com\/empowermissouri","https:\/\/x.com\/empowermissouri","https:\/\/www.instagram.com\/empowermissouri\/","https:\/\/www.linkedin.com\/company\/empower-missouri\/"]},{"@type":"Person","@id":"https:\/\/empowermissouri.org\/#\/schema\/person\/22478fa45b022ea27b2198e2f6cb50dc","name":"Sarah Owsley","image":{"@type":"ImageObject","inLanguage":"es-MX","@id":"https:\/\/secure.gravatar.com\/avatar\/e2a9030896a2b3ecfaca08ef696e2aaffa450fef537547a4624148bb8bbcc280?s=96&d=mm&r=g9a1b2806387aff0b772e66eafdf7cfe5","url":"https:\/\/secure.gravatar.com\/avatar\/e2a9030896a2b3ecfaca08ef696e2aaffa450fef537547a4624148bb8bbcc280?s=96&d=mm&r=g","contentUrl":"https:\/\/secure.gravatar.com\/avatar\/e2a9030896a2b3ecfaca08ef696e2aaffa450fef537547a4624148bb8bbcc280?s=96&d=mm&r=g","caption":"Sarah Owsley"},"url":"https:\/\/empowermissouri.org\/es\/author\/sarahempowermissouri-org\/"}]}},"_links":{"self":[{"href":"https:\/\/empowermissouri.org\/es\/wp-json\/wp\/v2\/posts\/4287","targetHints":{"allow":["GET"]}}],"collection":[{"href":"https:\/\/empowermissouri.org\/es\/wp-json\/wp\/v2\/posts"}],"about":[{"href":"https:\/\/empowermissouri.org\/es\/wp-json\/wp\/v2\/types\/post"}],"author":[{"embeddable":true,"href":"https:\/\/empowermissouri.org\/es\/wp-json\/wp\/v2\/users\/21"}],"replies":[{"embeddable":true,"href":"https:\/\/empowermissouri.org\/es\/wp-json\/wp\/v2\/comments?post=4287"}],"version-history":[{"count":0,"href":"https:\/\/empowermissouri.org\/es\/wp-json\/wp\/v2\/posts\/4287\/revisions"}],"wp:featuredmedia":[{"embeddable":true,"href":"https:\/\/empowermissouri.org\/es\/wp-json\/wp\/v2\/media\/2896"}],"wp:attachment":[{"href":"https:\/\/empowermissouri.org\/es\/wp-json\/wp\/v2\/media?parent=4287"}],"wp:term":[{"taxonomy":"category","embeddable":true,"href":"https:\/\/empowermissouri.org\/es\/wp-json\/wp\/v2\/categories?post=4287"},{"taxonomy":"post_tag","embeddable":true,"href":"https:\/\/empowermissouri.org\/es\/wp-json\/wp\/v2\/tags?post=4287"},{"taxonomy":"issues","embeddable":true,"href":"https:\/\/empowermissouri.org\/es\/wp-json\/wp\/v2\/issues?post=4287"},{"taxonomy":"author","embeddable":true,"href":"https:\/\/empowermissouri.org\/es\/wp-json\/wp\/v2\/coauthors?post=4287"}],"curies":[{"name":"wp","href":"https:\/\/api.w.org\/{rel}","templated":true}]}}