{"id":3588,"date":"2020-01-09T06:55:00","date_gmt":"2020-01-09T12:55:00","guid":{"rendered":"http:\/\/empowermissouri.org\/?p=3588"},"modified":"2020-01-10T07:42:41","modified_gmt":"2020-01-10T13:42:41","slug":"the-2020-legislative-session-has-begun-moleg-missouri","status":"publish","type":"post","link":"https:\/\/empowermissouri.org\/es\/the-2020-legislative-session-has-begun-moleg-missouri\/","title":{"rendered":"Ha comenzado la Sesi\u00f3n Legislativa 2020"},"content":{"rendered":"<p>Cada a\u00f1o, cuando comienza la Sesi\u00f3n Legislativa, hay una gran cantidad de \u201cobservaci\u00f3n de bolas de cristal\u201d en la capital del estado. Los rumores llegan r\u00e1pido y furiosos, y varios expertos intentan anticipar c\u00f3mo se desarrollar\u00e1n las cosas cuando la Asamblea General se levante en mayo, incluso antes de que se escuche un solo proyecto de ley ante un comit\u00e9. Existe la tentaci\u00f3n de quedar atrapado en los altibajos de la \u201ctelenovela\u201d. Los temas candentes de esta semana incluyeron: \u00bfQu\u00e9 senadores pueden renunciar para ocupar cargos designados? \u00bfQu\u00e9 tan grave es el impasse entre el gobernador y los l\u00edderes de la C\u00e1mara y el Senado en torno a \u201cla estimaci\u00f3n de ingresos por consenso\u201d que es esencial para el proceso de presupuestaci\u00f3n? \u00bfY c\u00f3mo afectar\u00e1 el \u201cCaucus Conservador\u201d del Senado (que se filibus\u00f3 mucho en 2019) en la cantidad de proyectos de ley que pasan por el proceso este a\u00f1o?<\/p>\n\n\n\n<p>A nuestra red de defensa de la justicia social, ofrecemos este simple recordatorio: <strong>Conc\u00e9ntrate en nuestra misi\u00f3n, no en el caos<\/strong>. Nuestro objetivo es garantizar las necesidades humanas b\u00e1sicas y la igualdad de justicia ante la ley para todas las personas que residen en Missouri. Esta sesi\u00f3n legislativa contendr\u00e1 tanto <a href=\"http:\/\/empowermissouri.org\/es\/2020-legislative-session-preview-missouri\/\">oportunidades y amenazas<\/a>; de eso, estamos seguros. Empower Missouri estar\u00e1 atento, manteni\u00e9ndolo actualizado sobre audiencias, debates en la sala, posibilidades de enmiendas y, eventualmente, qu\u00e9 proyectos de ley llegan al escritorio del gobernador, donde podr\u00edamos solicitar su firma o veto.<\/p>\n\n\n\n<p>Anticipamos que <strong><em>reforma de la justicia penal<\/em><\/strong> seguir\u00e1 siendo un \u00e1rea en la que podemos ver <a href=\"http:\/\/empowermissouri.org\/es\/criminal-justice-will-continue-to-see-bipartisan-progress-in-2020\/\">cooperaci\u00f3n bipartidista<\/a> hacia las reformas necesarias. S\u00ed, ha habido algunos <a href=\"https:\/\/www.kansascity.com\/opinion\/readers-opinion\/guest-commentary\/article237160399.html\">se\u00f1ales<\/a> de una reacci\u00f3n de &quot;seamos duros con el crimen&quot; a la <a href=\"https:\/\/www.stltoday.com\/news\/local\/columns\/tony-messenger\/messenger-amid-turbulent-political-times-criminal-justice-reform-forges-common\/article_65230f12-39b7-5180-bbd7-69df19879bf2.html\">Progreso<\/a> que se hizo en 2019, pero hay algunas reformas muy buenas que han sido presentadas por legisladores en ambas c\u00e1maras y de ambos lados del pasillo. Algunos de estos estuvieron a punto de aprobarse el a\u00f1o pasado o se basan en un \u00e9xito anterior. Por ejemplo:<\/p>\n\n\n\n<ul class=\"wp-block-list\"><li><a href=\"https:\/\/www.house.mo.gov\/billtracking\/bills201\/hlrbillspdf\/3879H.01I.pdf\">HB 1468<\/a> eliminar\u00eda las prohibiciones de empleo en negocios que venden alcohol o boletos de loter\u00eda para personas con ciertos delitos graves en sus registros;<\/li><li><a href=\"https:\/\/www.house.mo.gov\/billtracking\/bills201\/hlrbillspdf\/4258H.03I.pdf\">HB 2034<\/a> abre posibilidades de &quot;libertad condicional para personas mayores&quot; (los mayores de 50 a\u00f1os rara vez reinciden);&nbsp;<\/li><li><a href=\"https:\/\/www.senate.mo.gov\/20info\/pdf-bill\/intro\/SB519.pdf\">SB 519<\/a> ampl\u00eda las posibilidades de eliminaci\u00f3n de antecedentes penales: sellar los antecedentes penales para reducir las consecuencias colaterales que experimentan los ex delincuentes en relaci\u00f3n con el empleo, la vivienda, etc .;<\/li><li><a href=\"https:\/\/www.senate.mo.gov\/20info\/pdf-bill\/intro\/SB647.pdf\">SB 647<\/a>, la \u201cLey de comienzo nuevo\u201d, hace m\u00e1s posible que las personas que han estado encarceladas obtengan o mantengan una licencia profesional; y<\/li><li><a href=\"https:\/\/www.house.mo.gov\/billtracking\/bills201\/hlrbillspdf\/4378H.01I.pdf\">HB 1691<\/a> y <a href=\"https:\/\/www.house.mo.gov\/billtracking\/bills201\/hlrbillspdf\/4237H.01I.pdf\">HB 1692<\/a> modernizar\u00eda el cruel, anticuado y <a href=\"http:\/\/empowermissouri.org\/es\/dec-2019-newsletter-empower-missouri-hiv\/\">C\u00f3digos penales espec\u00edficos del VIH m\u00e9dicamente inexactos<\/a>. <strong><em>El VIH no es un crimen<\/em><\/strong>, \u00a1y deber\u00edamos dejar de tratarlo como uno!<\/li><\/ul>\n\n\n\n<p>Misuri <a href=\"http:\/\/empowermissouri.org\/es\/affordable-housing-2020-session\/\">sigue enfrentando una crisis<\/a> en <strong><em>vivienda asequible<\/em><\/strong> disponibilidad. Nuestra <a href=\"http:\/\/empowermissouri.org\/es\/campaigns\/affordable-housing-coalition\/\">Coalici\u00f3n de vivienda asequible<\/a> pronto circular\u00e1 una carta de firma con respecto a la necesidad de reformar y reiniciar el programa de Cr\u00e9dito Tributario para Viviendas para Personas de Bajos Ingresos. Desafortunadamente, tambi\u00e9n ser\u00e1 necesario jugar a la defensiva con malas ideas como <a href=\"https:\/\/www.house.mo.gov\/billtracking\/bills201\/hlrbillspdf\/3269H.01I.pdf\">acelerar el proceso de desalojo<\/a>.<\/p>\n\n\n\n<p>En los \u00faltimos meses de 2019, nuestro <a href=\"https:\/\/news.stlpublicradio.org\/post\/empower-missouris-snap-challenge-shows-difficulty-feeding-family-benefits#stream\/0\"><strong><em>#MOSNAPChallenge<\/em><\/strong><\/a><strong><em> <\/em><\/strong>cre\u00f3 un mayor di\u00e1logo en torno a <strong>seguridad alimentaria<\/strong> en Missouri. Hemos visto una legislaci\u00f3n muy necesaria presentada para <a href=\"https:\/\/www.house.mo.gov\/billtracking\/bills201\/hlrbillspdf\/4631H.01I.pdf\">simplificar el proceso<\/a> de solicitar asistencia nutricional, pero tambi\u00e9n tendremos que protegernos contra <a href=\"https:\/\/www.senate.mo.gov\/20info\/pdf-bill\/intro\/SB611.pdf\">SB 611<\/a> y otras facturas de documentaci\u00f3n de horas de trabajo. Esto establecer\u00eda un requisito muy burocr\u00e1tico para que los padres del Programa de Asistencia Nutricional Suplementaria (SNAP) demuestren constantemente cu\u00e1nto est\u00e1n trabajando, a pesar de que se necesitan m\u00e1s de 40 minutos para obtener una respuesta en los centros de atenci\u00f3n telef\u00f3nica de SNAP y en Family No todos los sistemas inform\u00e1ticos de la Divisi\u00f3n de Soporte se comunican entre s\u00ed todav\u00eda. Claramente, personas inocentes sufrir\u00edan y el hambre aumentar\u00eda si se aprueban estos planes basados en el castigo. No hay resultados positivos para el hambre. El hambre debilita; no motiva.<br>Una de las mejores formas de mantenerse actualizado sobre lo que est\u00e1 sucediendo &quot;Bajo la c\u00fapula y en todo el estado&quot; es unirse a nuestro <strong>#UDAS<\/strong> seminarios web informativos para defensores, que se han mejorado para la sesi\u00f3n de 2020 con capacidades de grabaci\u00f3n y video. Reg\u00edstrese en para el primero el 16 de enero en este <a href=\"http:\/\/empowermissouri.org\/es\/events\/jan-16th-2020-udas-briefing-call\/\">Enlace<\/a>.\n\n<\/p>","protected":false},"excerpt":{"rendered":"<p>Each year as Legislative Session begins, there is a lot of \u201ccrystal ball gazing\u201d in our state capital. The rumors come fast and furious, and various pundits try to anticipate how things will turn out when the General Assembly adjourns in May, even before a single bill is heard before a committee. There\u2019s a temptation [&hellip;]<\/p>\n","protected":false},"author":1,"featured_media":3589,"comment_status":"open","ping_status":"open","sticky":false,"template":"","format":"standard","meta":{"_exactmetrics_skip_tracking":false,"_exactmetrics_sitenote_active":false,"_exactmetrics_sitenote_note":"","_exactmetrics_sitenote_category":0,"footnotes":""},"categories":[94,43],"tags":[34,107,288,295,46,101,100,294,62,48,102],"issues":[7,49,11,32],"coauthors":[359],"class_list":["post-3588","post","type-post","status-publish","format-standard","has-post-thumbnail","hentry","category-blog-post","category-weekly-perspective","tag-criminal-justice","tag-criminalization","tag-elijah-haahr","tag-governor-parson","tag-hiv","tag-house-of-representatives","tag-legislative-session","tag-mike-parson","tag-missouri","tag-moleg","tag-senate","issues-criminal-justice","issues-hiv","issues-affordable-housing-and-homelessness","issues-hunger"],"yoast_head":"<!-- This site is optimized with the Yoast SEO plugin v27.5 - https:\/\/yoast.com\/product\/yoast-seo-wordpress\/ -->\n<title>The 2020 Legislative Session has begun - Empower Missouri<\/title>\n<meta name=\"robots\" content=\"index, follow, max-snippet:-1, max-image-preview:large, max-video-preview:-1\" \/>\n<link rel=\"canonical\" href=\"https:\/\/empowermissouri.org\/es\/the-2020-legislative-session-has-begun-moleg-missouri\/\" \/>\n<meta property=\"og:locale\" content=\"es_MX\" \/>\n<meta property=\"og:type\" content=\"article\" \/>\n<meta property=\"og:title\" content=\"The 2020 Legislative Session has begun - Empower Missouri\" \/>\n<meta property=\"og:description\" content=\"Each year as Legislative Session begins, there is a lot of \u201ccrystal ball gazing\u201d in our state capital. The rumors come fast and furious, and various pundits try to anticipate how things will turn out when the General Assembly adjourns in May, even before a single bill is heard before a committee. There\u2019s a temptation [&hellip;]\" \/>\n<meta property=\"og:url\" content=\"https:\/\/empowermissouri.org\/es\/the-2020-legislative-session-has-begun-moleg-missouri\/\" \/>\n<meta property=\"og:site_name\" content=\"Empower Missouri\" \/>\n<meta property=\"article:publisher\" content=\"https:\/\/www.facebook.com\/empowermissouri\" \/>\n<meta property=\"article:published_time\" content=\"2020-01-09T12:55:00+00:00\" \/>\n<meta property=\"article:modified_time\" content=\"2020-01-10T13:42:41+00:00\" \/>\n<meta property=\"og:image\" content=\"https:\/\/empowermissouri.org\/app\/uploads\/2020\/01\/justin-clark-7kYBRvY7kUk-unsplash-1-scaled.jpg\" \/>\n\t<meta property=\"og:image:width\" content=\"2560\" \/>\n\t<meta property=\"og:image:height\" content=\"2169\" \/>\n\t<meta property=\"og:image:type\" content=\"image\/jpeg\" \/>\n<meta name=\"author\" content=\"Empower Missouri\" \/>\n<meta name=\"twitter:card\" content=\"summary_large_image\" \/>\n<meta name=\"twitter:creator\" content=\"@empowermissouri\" \/>\n<meta name=\"twitter:site\" content=\"@empowermissouri\" \/>\n<meta name=\"twitter:label1\" content=\"Written by\" \/>\n\t<meta name=\"twitter:data1\" content=\"Empower Missouri\" \/>\n\t<meta name=\"twitter:label2\" content=\"Est. reading time\" \/>\n\t<meta name=\"twitter:data2\" content=\"3 minutes\" \/>\n<script type=\"application\/ld+json\" class=\"yoast-schema-graph\">{\"@context\":\"https:\\\/\\\/schema.org\",\"@graph\":[{\"@type\":\"Article\",\"@id\":\"https:\\\/\\\/empowermissouri.org\\\/the-2020-legislative-session-has-begun-moleg-missouri\\\/#article\",\"isPartOf\":{\"@id\":\"https:\\\/\\\/empowermissouri.org\\\/the-2020-legislative-session-has-begun-moleg-missouri\\\/\"},\"author\":{\"name\":\"Empower Missouri\",\"@id\":\"https:\\\/\\\/empowermissouri.org\\\/#\\\/schema\\\/person\\\/e951a654cbc724fec5829ff7f4d36370\"},\"headline\":\"The 2020 Legislative Session has begun\",\"datePublished\":\"2020-01-09T12:55:00+00:00\",\"dateModified\":\"2020-01-10T13:42:41+00:00\",\"mainEntityOfPage\":{\"@id\":\"https:\\\/\\\/empowermissouri.org\\\/the-2020-legislative-session-has-begun-moleg-missouri\\\/\"},\"wordCount\":636,\"commentCount\":0,\"publisher\":{\"@id\":\"https:\\\/\\\/empowermissouri.org\\\/#organization\"},\"image\":{\"@id\":\"https:\\\/\\\/empowermissouri.org\\\/the-2020-legislative-session-has-begun-moleg-missouri\\\/#primaryimage\"},\"thumbnailUrl\":\"https:\\\/\\\/empowermissouri.org\\\/app\\\/uploads\\\/2020\\\/01\\\/justin-clark-7kYBRvY7kUk-unsplash-1-scaled.jpg\",\"keywords\":[\"Criminal Justice\",\"criminalization\",\"elijah haahr\",\"Governor Parson\",\"HIV\",\"house of representatives\",\"legislative session\",\"Mike Parson\",\"Missouri\",\"moleg\",\"senate\"],\"articleSection\":[\"Blog Post\",\"Weekly Perspective\"],\"inLanguage\":\"es-MX\",\"potentialAction\":[{\"@type\":\"CommentAction\",\"name\":\"Comment\",\"target\":[\"https:\\\/\\\/empowermissouri.org\\\/the-2020-legislative-session-has-begun-moleg-missouri\\\/#respond\"]}]},{\"@type\":\"WebPage\",\"@id\":\"https:\\\/\\\/empowermissouri.org\\\/the-2020-legislative-session-has-begun-moleg-missouri\\\/\",\"url\":\"https:\\\/\\\/empowermissouri.org\\\/the-2020-legislative-session-has-begun-moleg-missouri\\\/\",\"name\":\"The 2020 Legislative Session has begun - Empower Missouri\",\"isPartOf\":{\"@id\":\"https:\\\/\\\/empowermissouri.org\\\/#website\"},\"primaryImageOfPage\":{\"@id\":\"https:\\\/\\\/empowermissouri.org\\\/the-2020-legislative-session-has-begun-moleg-missouri\\\/#primaryimage\"},\"image\":{\"@id\":\"https:\\\/\\\/empowermissouri.org\\\/the-2020-legislative-session-has-begun-moleg-missouri\\\/#primaryimage\"},\"thumbnailUrl\":\"https:\\\/\\\/empowermissouri.org\\\/app\\\/uploads\\\/2020\\\/01\\\/justin-clark-7kYBRvY7kUk-unsplash-1-scaled.jpg\",\"datePublished\":\"2020-01-09T12:55:00+00:00\",\"dateModified\":\"2020-01-10T13:42:41+00:00\",\"breadcrumb\":{\"@id\":\"https:\\\/\\\/empowermissouri.org\\\/the-2020-legislative-session-has-begun-moleg-missouri\\\/#breadcrumb\"},\"inLanguage\":\"es-MX\",\"potentialAction\":[{\"@type\":\"ReadAction\",\"target\":[\"https:\\\/\\\/empowermissouri.org\\\/the-2020-legislative-session-has-begun-moleg-missouri\\\/\"]}]},{\"@type\":\"ImageObject\",\"inLanguage\":\"es-MX\",\"@id\":\"https:\\\/\\\/empowermissouri.org\\\/the-2020-legislative-session-has-begun-moleg-missouri\\\/#primaryimage\",\"url\":\"https:\\\/\\\/empowermissouri.org\\\/app\\\/uploads\\\/2020\\\/01\\\/justin-clark-7kYBRvY7kUk-unsplash-1-scaled.jpg\",\"contentUrl\":\"https:\\\/\\\/empowermissouri.org\\\/app\\\/uploads\\\/2020\\\/01\\\/justin-clark-7kYBRvY7kUk-unsplash-1-scaled.jpg\",\"width\":2560,\"height\":2169},{\"@type\":\"BreadcrumbList\",\"@id\":\"https:\\\/\\\/empowermissouri.org\\\/the-2020-legislative-session-has-begun-moleg-missouri\\\/#breadcrumb\",\"itemListElement\":[{\"@type\":\"ListItem\",\"position\":1,\"name\":\"Home\",\"item\":\"https:\\\/\\\/empowermissouri.org\\\/\"},{\"@type\":\"ListItem\",\"position\":2,\"name\":\"The 2020 Legislative Session has begun\"}]},{\"@type\":\"WebSite\",\"@id\":\"https:\\\/\\\/empowermissouri.org\\\/#website\",\"url\":\"https:\\\/\\\/empowermissouri.org\\\/\",\"name\":\"Empower Missouri\",\"description\":\"Advocating for Justice | Empowering Change\",\"publisher\":{\"@id\":\"https:\\\/\\\/empowermissouri.org\\\/#organization\"},\"potentialAction\":[{\"@type\":\"SearchAction\",\"target\":{\"@type\":\"EntryPoint\",\"urlTemplate\":\"https:\\\/\\\/empowermissouri.org\\\/?s={search_term_string}\"},\"query-input\":{\"@type\":\"PropertyValueSpecification\",\"valueRequired\":true,\"valueName\":\"search_term_string\"}}],\"inLanguage\":\"es-MX\"},{\"@type\":\"Organization\",\"@id\":\"https:\\\/\\\/empowermissouri.org\\\/#organization\",\"name\":\"Empower Missouri\",\"url\":\"https:\\\/\\\/empowermissouri.org\\\/\",\"logo\":{\"@type\":\"ImageObject\",\"inLanguage\":\"es-MX\",\"@id\":\"https:\\\/\\\/empowermissouri.org\\\/#\\\/schema\\\/logo\\\/image\\\/\",\"url\":\"http:\\\/\\\/empowermissouri.org\\\/app\\\/uploads\\\/2018\\\/08\\\/logo_button.png\",\"contentUrl\":\"http:\\\/\\\/empowermissouri.org\\\/app\\\/uploads\\\/2018\\\/08\\\/logo_button.png\",\"width\":579,\"height\":579,\"caption\":\"Empower Missouri\"},\"image\":{\"@id\":\"https:\\\/\\\/empowermissouri.org\\\/#\\\/schema\\\/logo\\\/image\\\/\"},\"sameAs\":[\"https:\\\/\\\/www.facebook.com\\\/empowermissouri\",\"https:\\\/\\\/x.com\\\/empowermissouri\",\"https:\\\/\\\/www.instagram.com\\\/empowermissouri\\\/\",\"https:\\\/\\\/www.linkedin.com\\\/company\\\/empower-missouri\\\/\"]},{\"@type\":\"Person\",\"@id\":\"https:\\\/\\\/empowermissouri.org\\\/#\\\/schema\\\/person\\\/e951a654cbc724fec5829ff7f4d36370\",\"name\":\"Empower Missouri\",\"image\":{\"@type\":\"ImageObject\",\"inLanguage\":\"es-MX\",\"@id\":\"https:\\\/\\\/secure.gravatar.com\\\/avatar\\\/707cc62910910b381e613ab53a9c71ad8f903d58979eb1f78be3a4947f578900?s=96&d=mm&r=gb92e1d0ab19e89757b0c5f03bd735f45\",\"url\":\"https:\\\/\\\/secure.gravatar.com\\\/avatar\\\/707cc62910910b381e613ab53a9c71ad8f903d58979eb1f78be3a4947f578900?s=96&d=mm&r=g\",\"contentUrl\":\"https:\\\/\\\/secure.gravatar.com\\\/avatar\\\/707cc62910910b381e613ab53a9c71ad8f903d58979eb1f78be3a4947f578900?s=96&d=mm&r=g\",\"caption\":\"Empower Missouri\"},\"url\":\"https:\\\/\\\/empowermissouri.org\\\/es\\\/author\\\/developer\\\/\"}]}<\/script>\n<!-- \/ Yoast SEO plugin. -->","yoast_head_json":{"title":"The 2020 Legislative Session has begun - Empower Missouri","robots":{"index":"index","follow":"follow","max-snippet":"max-snippet:-1","max-image-preview":"max-image-preview:large","max-video-preview":"max-video-preview:-1"},"canonical":"https:\/\/empowermissouri.org\/es\/the-2020-legislative-session-has-begun-moleg-missouri\/","og_locale":"es_MX","og_type":"article","og_title":"The 2020 Legislative Session has begun - Empower Missouri","og_description":"Each year as Legislative Session begins, there is a lot of \u201ccrystal ball gazing\u201d in our state capital. The rumors come fast and furious, and various pundits try to anticipate how things will turn out when the General Assembly adjourns in May, even before a single bill is heard before a committee. There\u2019s a temptation [&hellip;]","og_url":"https:\/\/empowermissouri.org\/es\/the-2020-legislative-session-has-begun-moleg-missouri\/","og_site_name":"Empower Missouri","article_publisher":"https:\/\/www.facebook.com\/empowermissouri","article_published_time":"2020-01-09T12:55:00+00:00","article_modified_time":"2020-01-10T13:42:41+00:00","og_image":[{"width":2560,"height":2169,"url":"https:\/\/empowermissouri.org\/app\/uploads\/2020\/01\/justin-clark-7kYBRvY7kUk-unsplash-1-scaled.jpg","type":"image\/jpeg"}],"author":"Empower Missouri","twitter_card":"summary_large_image","twitter_creator":"@empowermissouri","twitter_site":"@empowermissouri","twitter_misc":{"Written by":"Empower Missouri","Est. reading time":"3 minutes"},"schema":{"@context":"https:\/\/schema.org","@graph":[{"@type":"Article","@id":"https:\/\/empowermissouri.org\/the-2020-legislative-session-has-begun-moleg-missouri\/#article","isPartOf":{"@id":"https:\/\/empowermissouri.org\/the-2020-legislative-session-has-begun-moleg-missouri\/"},"author":{"name":"Empower Missouri","@id":"https:\/\/empowermissouri.org\/#\/schema\/person\/e951a654cbc724fec5829ff7f4d36370"},"headline":"The 2020 Legislative Session has begun","datePublished":"2020-01-09T12:55:00+00:00","dateModified":"2020-01-10T13:42:41+00:00","mainEntityOfPage":{"@id":"https:\/\/empowermissouri.org\/the-2020-legislative-session-has-begun-moleg-missouri\/"},"wordCount":636,"commentCount":0,"publisher":{"@id":"https:\/\/empowermissouri.org\/#organization"},"image":{"@id":"https:\/\/empowermissouri.org\/the-2020-legislative-session-has-begun-moleg-missouri\/#primaryimage"},"thumbnailUrl":"https:\/\/empowermissouri.org\/app\/uploads\/2020\/01\/justin-clark-7kYBRvY7kUk-unsplash-1-scaled.jpg","keywords":["Criminal Justice","criminalization","elijah haahr","Governor Parson","HIV","house of representatives","legislative session","Mike Parson","Missouri","moleg","senate"],"articleSection":["Blog Post","Weekly Perspective"],"inLanguage":"es-MX","potentialAction":[{"@type":"CommentAction","name":"Comment","target":["https:\/\/empowermissouri.org\/the-2020-legislative-session-has-begun-moleg-missouri\/#respond"]}]},{"@type":"WebPage","@id":"https:\/\/empowermissouri.org\/the-2020-legislative-session-has-begun-moleg-missouri\/","url":"https:\/\/empowermissouri.org\/the-2020-legislative-session-has-begun-moleg-missouri\/","name":"The 2020 Legislative Session has begun - Empower Missouri","isPartOf":{"@id":"https:\/\/empowermissouri.org\/#website"},"primaryImageOfPage":{"@id":"https:\/\/empowermissouri.org\/the-2020-legislative-session-has-begun-moleg-missouri\/#primaryimage"},"image":{"@id":"https:\/\/empowermissouri.org\/the-2020-legislative-session-has-begun-moleg-missouri\/#primaryimage"},"thumbnailUrl":"https:\/\/empowermissouri.org\/app\/uploads\/2020\/01\/justin-clark-7kYBRvY7kUk-unsplash-1-scaled.jpg","datePublished":"2020-01-09T12:55:00+00:00","dateModified":"2020-01-10T13:42:41+00:00","breadcrumb":{"@id":"https:\/\/empowermissouri.org\/the-2020-legislative-session-has-begun-moleg-missouri\/#breadcrumb"},"inLanguage":"es-MX","potentialAction":[{"@type":"ReadAction","target":["https:\/\/empowermissouri.org\/the-2020-legislative-session-has-begun-moleg-missouri\/"]}]},{"@type":"ImageObject","inLanguage":"es-MX","@id":"https:\/\/empowermissouri.org\/the-2020-legislative-session-has-begun-moleg-missouri\/#primaryimage","url":"https:\/\/empowermissouri.org\/app\/uploads\/2020\/01\/justin-clark-7kYBRvY7kUk-unsplash-1-scaled.jpg","contentUrl":"https:\/\/empowermissouri.org\/app\/uploads\/2020\/01\/justin-clark-7kYBRvY7kUk-unsplash-1-scaled.jpg","width":2560,"height":2169},{"@type":"BreadcrumbList","@id":"https:\/\/empowermissouri.org\/the-2020-legislative-session-has-begun-moleg-missouri\/#breadcrumb","itemListElement":[{"@type":"ListItem","position":1,"name":"Home","item":"https:\/\/empowermissouri.org\/"},{"@type":"ListItem","position":2,"name":"The 2020 Legislative Session has begun"}]},{"@type":"WebSite","@id":"https:\/\/empowermissouri.org\/#website","url":"https:\/\/empowermissouri.org\/","name":"Empoderar a Missouri","description":"Advocating for Justice | Empowering Change","publisher":{"@id":"https:\/\/empowermissouri.org\/#organization"},"potentialAction":[{"@type":"SearchAction","target":{"@type":"EntryPoint","urlTemplate":"https:\/\/empowermissouri.org\/?s={search_term_string}"},"query-input":{"@type":"PropertyValueSpecification","valueRequired":true,"valueName":"search_term_string"}}],"inLanguage":"es-MX"},{"@type":"Organization","@id":"https:\/\/empowermissouri.org\/#organization","name":"Empoderar a Missouri","url":"https:\/\/empowermissouri.org\/","logo":{"@type":"ImageObject","inLanguage":"es-MX","@id":"https:\/\/empowermissouri.org\/#\/schema\/logo\/image\/","url":"http:\/\/empowermissouri.org\/app\/uploads\/2018\/08\/logo_button.png","contentUrl":"http:\/\/empowermissouri.org\/app\/uploads\/2018\/08\/logo_button.png","width":579,"height":579,"caption":"Empower Missouri"},"image":{"@id":"https:\/\/empowermissouri.org\/#\/schema\/logo\/image\/"},"sameAs":["https:\/\/www.facebook.com\/empowermissouri","https:\/\/x.com\/empowermissouri","https:\/\/www.instagram.com\/empowermissouri\/","https:\/\/www.linkedin.com\/company\/empower-missouri\/"]},{"@type":"Person","@id":"https:\/\/empowermissouri.org\/#\/schema\/person\/e951a654cbc724fec5829ff7f4d36370","name":"Empoderar a Missouri","image":{"@type":"ImageObject","inLanguage":"es-MX","@id":"https:\/\/secure.gravatar.com\/avatar\/707cc62910910b381e613ab53a9c71ad8f903d58979eb1f78be3a4947f578900?s=96&d=mm&r=gb92e1d0ab19e89757b0c5f03bd735f45","url":"https:\/\/secure.gravatar.com\/avatar\/707cc62910910b381e613ab53a9c71ad8f903d58979eb1f78be3a4947f578900?s=96&d=mm&r=g","contentUrl":"https:\/\/secure.gravatar.com\/avatar\/707cc62910910b381e613ab53a9c71ad8f903d58979eb1f78be3a4947f578900?s=96&d=mm&r=g","caption":"Empower Missouri"},"url":"https:\/\/empowermissouri.org\/es\/author\/developer\/"}]}},"_links":{"self":[{"href":"https:\/\/empowermissouri.org\/es\/wp-json\/wp\/v2\/posts\/3588","targetHints":{"allow":["GET"]}}],"collection":[{"href":"https:\/\/empowermissouri.org\/es\/wp-json\/wp\/v2\/posts"}],"about":[{"href":"https:\/\/empowermissouri.org\/es\/wp-json\/wp\/v2\/types\/post"}],"author":[{"embeddable":true,"href":"https:\/\/empowermissouri.org\/es\/wp-json\/wp\/v2\/users\/1"}],"replies":[{"embeddable":true,"href":"https:\/\/empowermissouri.org\/es\/wp-json\/wp\/v2\/comments?post=3588"}],"version-history":[{"count":0,"href":"https:\/\/empowermissouri.org\/es\/wp-json\/wp\/v2\/posts\/3588\/revisions"}],"wp:featuredmedia":[{"embeddable":true,"href":"https:\/\/empowermissouri.org\/es\/wp-json\/wp\/v2\/media\/3589"}],"wp:attachment":[{"href":"https:\/\/empowermissouri.org\/es\/wp-json\/wp\/v2\/media?parent=3588"}],"wp:term":[{"taxonomy":"category","embeddable":true,"href":"https:\/\/empowermissouri.org\/es\/wp-json\/wp\/v2\/categories?post=3588"},{"taxonomy":"post_tag","embeddable":true,"href":"https:\/\/empowermissouri.org\/es\/wp-json\/wp\/v2\/tags?post=3588"},{"taxonomy":"issues","embeddable":true,"href":"https:\/\/empowermissouri.org\/es\/wp-json\/wp\/v2\/issues?post=3588"},{"taxonomy":"author","embeddable":true,"href":"https:\/\/empowermissouri.org\/es\/wp-json\/wp\/v2\/coauthors?post=3588"}],"curies":[{"name":"wp","href":"https:\/\/api.w.org\/{rel}","templated":true}]}}