{"id":3482,"date":"2019-12-20T06:52:53","date_gmt":"2019-12-20T12:52:53","guid":{"rendered":"http:\/\/empowermissouri.org\/?p=3482"},"modified":"2019-12-20T09:00:41","modified_gmt":"2019-12-20T15:00:41","slug":"2020-legislative-session-preview-missouri","status":"publish","type":"post","link":"https:\/\/empowermissouri.org\/es\/2020-legislative-session-preview-missouri\/","title":{"rendered":"Peligros y oportunidades en la sesi\u00f3n legislativa de 2020: nuestra defensa de la justicia marcar\u00e1 la diferencia"},"content":{"rendered":"<p>La Sesi\u00f3n Legislativa 2020 comienza el mi\u00e9rcoles 8 de enero y se levanta el viernes 15 de mayo, con un receso de primavera legislativo del 23 al 27 de marzo. Muchos factores entran en cada sesi\u00f3n legislativa, algunos que presionan el acelerador y otros que presionan el frenos. Estos son algunos de los factores que esperamos ver en juego en 2020 y una discusi\u00f3n de algunas prioridades que intentaremos guiar a trav\u00e9s del proceso de elaboraci\u00f3n de leyes.<\/p>\n\n\n\n<p>Es un a\u00f1o de elecciones, y la sabidur\u00eda convencional es que se hace menos cuando los legisladores est\u00e1n en modo candidato. Existe la tentaci\u00f3n de usar el tiempo de debate en el piso para que las fotos se publiquen en los anuncios publicitarios de la campa\u00f1a en lugar de en la elaboraci\u00f3n de leyes, con los 163 esca\u00f1os de la C\u00e1mara y la mitad de los 34 esca\u00f1os del Senado en juego o para centrarse en el fragmento de sonido que puede llegar a los medios de comunicaci\u00f3n. Los legisladores que planean postularse para la reelecci\u00f3n pueden ser especialmente cautelosos sobre c\u00f3mo se posicionan durante el per\u00edodo de presentaci\u00f3n cuando los candidatos declaran su intenci\u00f3n de postularse en las primarias de agosto. El primer d\u00eda del per\u00edodo de presentaci\u00f3n es el 25 de febrero y cierra el 31 de marzo, y generalmente hay rumores en el edificio del Capitolio todos los d\u00edas en torno a &quot;\u00bfObtuviste un oponente principal?&quot; hasta que cierre la presentaci\u00f3n.<\/p>\n\n\n\n<p>Sin embargo, hay temas que seguramente surgir\u00e1n en el debate, a veces debido a un mandato constitucional (como la aprobaci\u00f3n del presupuesto del estado, el \u00fanico trabajo que la Asamblea General tiene que completar absolutamente en un plazo constitucional espec\u00edfico) y, a veces, debido a la &quot;cultura guerras &quot;. (Los derechos de las armas, la salud reproductiva, la composici\u00f3n aceptable de una pareja casada y qui\u00e9n puede usar qu\u00e9 ba\u00f1o se han debatido repetidamente en sesiones recientes).<\/p>\n\n\n\n<p>El Comit\u00e9 de Presupuesto es el m\u00e1s grande de los Comit\u00e9s de la C\u00e1mara, y este comit\u00e9 trabaja arduamente para estirar al m\u00e1ximo el anticuado, injusto e inadecuado sistema de ingresos de Missouri. A Missouri a veces se le llama \u201cEl estado de los cuarenta y tantos\u201d porque a menudo medimos entre los diez \u00faltimos estados en cuanto a inversi\u00f3n p\u00fablica en una amplia gama de art\u00edculos que se relacionan con nuestra salud y bienestar.<\/p>\n\n\n\n<p>Resolver esto es una tarea abrumadora. Los votantes en nuestro estado ayudaron a crear nuestros repetidos problemas presupuestarios al aprobar la Enmienda Hancock en 1980. Esta estableci\u00f3 que los ingresos estatales totales no pueden exceder 5.64% de los ingresos personales o d\u00f3lares de impuestos de los habitantes de Missouri deben ser devueltos a los contribuyentes de impuestos de Missouri. Esta disposici\u00f3n se activ\u00f3 m\u00e1s de una vez en la d\u00e9cada de 1990, lo que provoc\u00f3 una oleada de recortes de impuestos y cr\u00e9ditos. En 1996 se aprob\u00f3 una segunda enmienda para limitar los ingresos, lo que oblig\u00f3 a la Asamblea General a llevar la mayor\u00eda de las ideas generadoras de ingresos a los votantes para su aprobaci\u00f3n.<\/p>\n\n\n\n<p>Estas enmiendas constitucionales dificultan mucho el aumento de los ingresos fiscales en nuestro estado, pero nuestra Asamblea General ha recortado impuestos repetidamente durante las \u00faltimas dos d\u00e9cadas. Seg\u00fan la auditor\u00eda m\u00e1s reciente de mayo de 2018, <strong>ahora estamos $3,9 mil millones por debajo<\/strong> el punto en el que se activar\u00edan los reembolsos de Hancock. Esto conduce a una falta significativa de inversi\u00f3n en salud mental, educaci\u00f3n de la primera infancia, viviendas asequibles y muchos otros programas y servicios esenciales.<\/p>\n\n\n\n<p>Desde el panel Blue Ribbon en el Hyperloop de Missouri <a href=\"https:\/\/www.bizjournals.com\/kansascity\/news\/2019\/10\/28\/missouri-blue-ribbon-panel-hyperloop-report.html\">public\u00f3 su informe<\/a> En octubre de 2019, es posible que veamos cierto debate sobre esta innovaci\u00f3n en el transporte que cuenta con el apoyo entusiasta del presidente de la C\u00e1mara, Elijah Haahr. El Hyperloop de alta velocidad reducir\u00eda el tiempo de viaje entre Kansas City y St. Louis a 30 minutos y nos convertir\u00eda en &quot;la puerta de entrada al mundo&quot;, seg\u00fan el portavoz Haahr.<\/p>\n\n\n\n<p>En 2020, es probable que veamos un fuerte intento por revertir algunas de las disposiciones que el pueblo de Missouri vot\u00f3 para que existieran en noviembre de 2018, con la aprobaci\u00f3n de la Enmienda 1, el paquete CLEAN de reformas de \u00e9tica de campa\u00f1a. Con la aprobaci\u00f3n de m\u00e1s del 62 por ciento de los votantes de Missouri, esta medida electoral cambi\u00f3 radicalmente la forma en que los distritos del Senado y la C\u00e1mara de Representantes se redise\u00f1an despu\u00e9s de cada censo. Tambi\u00e9n se impusieron nuevas regulaciones relacionadas con ex legisladores y personal legislativo que se convirtieron en cabilderos, obsequios a legisladores de cabilderos, actividades de campa\u00f1a de candidatos legislativos y acceso p\u00fablico a registros legislativos. Sin embargo, las disposiciones de redistribuci\u00f3n de distritos son el tema m\u00e1s candente, y tendremos que unirnos a nuestros aliados en los esfuerzos por preservar el proceso no partidista que exigimos a trav\u00e9s de nuestros votos.<\/p>\n\n\n\n<p>La C\u00e1mara de Comercio de Missouri ha vuelto a nombrar la reforma de responsabilidad civil como una de sus principales prioridades. Algunos, denominados legislaci\u00f3n favorable a las empresas, otros dicen que la reforma de responsabilidad civil simplemente apila a\u00fan m\u00e1s las cosas, de modo que aquellos con recursos limitados tienen a\u00fan menos capacidad para llevar a los tribunales a individuos o corporaciones adinerados o para prevalecer en un juicio.&nbsp;<\/p>\n\n\n\n<p>Otros elementos que hemos visto en varias listas de posibles temas para esta Sesi\u00f3n incluyen escuelas aut\u00f3nomas, un Programa de Monitoreo de Medicamentos Recetados en todo el estado, apuestas deportivas e impuestos sobre las ventas por Internet. Tambi\u00e9n es probable que tengamos que defendernos de los intentos de imponer el seguimiento de las horas de trabajo en programas de redes de seguridad como el Programa de Asistencia Nutricional Suplementaria (SNAP, com\u00fanmente conocido como cupones de alimentos) y Medicaid.<\/p>\n\n\n\n<p>Esperamos que el nombramiento de Jeff Earl como nuevo director legislativo del gobernador Parson sea un buen augurio para las perspectivas de una reforma bipartidista continua de la justicia penal. Earl respondi\u00f3 a nuestras visitas y comunicaciones sobre asuntos de justicia penal en 2019 y anteriormente trabaj\u00f3 en el Departamento de Correcciones, por lo que tiene experiencia en esta \u00e1rea.<\/p>\n\n\n\n<h3 class=\"wp-block-heading\"><strong>Empoderar las prioridades de Missouri<\/strong><\/h3>\n\n\n\n<p>A continuaci\u00f3n se presentan algunos de los elementos que estaremos presionando para avanzar durante esta Sesi\u00f3n. Encuentre descripciones m\u00e1s detalladas de cada una de estas \u00e1reas prioritarias en otros art\u00edculos de este bolet\u00edn.<\/p>\n\n\n\n<p><strong>Reforma de la justicia penal<\/strong><\/p>\n\n\n\n<p>Continuaremos convocando a la Smart Sentencing Coalition ideol\u00f3gicamente diversa para buscar formas de reformar nuestro sistema de justicia penal que brinden alternativas comunitarias de menor costo al encarcelamiento y al mismo tiempo protejan la seguridad p\u00fablica. El a\u00f1o pasado, esta fue un \u00e1rea en la que vimos una cooperaci\u00f3n bipartidista entusiasta en muchos casos. Varias de nuestras prioridades pasaron en 2019, pero tenemos asuntos pendientes en estos elementos que esperamos completar:<\/p>\n\n\n\n<ul class=\"wp-block-list\"><li>Ofrecer a los presos mayores la oportunidad de una audiencia de libertad condicional: los presos mayores de 50 rara vez reinciden al ser liberados<\/li><li>Mejorar la empleabilidad de los presos a trav\u00e9s de la &quot;Ley de comienzo nuevo&quot; (para que sea m\u00e1s posible mantener u obtener una licencia profesional) y poner fin a las leyes que proh\u00edben que las personas con condenas por delitos graves trabajen en establecimientos que venden o sirven bebidas alcoh\u00f3licas o billetes de loter\u00eda.<\/li><li>Proteger a los ni\u00f1os de la denegaci\u00f3n sistem\u00e1tica de representaci\u00f3n reduciendo cu\u00e1ndo se puede renunciar a su derecho a un abogado<\/li><li>Modernizar las pol\u00edticas anticuadas y m\u00e9dicamente inexactas sobre el VIH de Missouri<\/li><li>Ampliar la eliminaci\u00f3n de antecedentes penales a clasificaciones adicionales de delitos y, cuando sea posible, hacerlo autom\u00e1tico mediante una legislaci\u00f3n de &quot;borr\u00f3n y cuenta nueva&quot;<\/li><li>Fortalecimiento de la rendici\u00f3n de cuentas en el estatuto del Informe de paradas de veh\u00edculos y endurecimiento de las leyes de decomiso de activos civiles que han permitido a las fuerzas del orden incautar propiedades, incluso cuando no se presentan cargos.<\/li><\/ul>\n\n\n\n<p><strong>Protecci\u00f3n y fortalecimiento de nuestra red de seguridad de asistencia alimentaria y en efectivo<\/strong><\/p>\n\n\n\n<p>Continuaremos convocando a nuestra Coalici\u00f3n de Seguridad Alimentaria para reducir los da\u00f1os causados por el hambre en Missouri. Trabajaremos hacia los siguientes objetivos:<\/p>\n\n\n\n<ul class=\"wp-block-list\"><li>Proteger el acceso a los ingresos y \/ o servicios de emergencia necesarios en tiempos de estr\u00e9s econ\u00f3mico (SNAP, WIC, TEFAP, TANF y Medicaid)<\/li><li>Fortalecimiento de la entrega de estos programas de redes de seguridad: derogando partes da\u00f1inas del Proyecto de Ley del Senado 24 (de 2015)<\/li><li>Aumentar el beneficio de Asistencia Temporal para Familias Necesitadas (que no ha aumentado desde 1991 - esto ser\u00e1 un &quot;esfuerzo pesado&quot; porque todos los fondos federales de subvenciones en bloque de TANF est\u00e1n actualmente comprometidos con otras buenas causas con distritos electorales que luchar\u00e1n por mantener esos fondos - y Nuestro presupuesto estatal es inadecuado para satisfacer todas las necesidades, como se describi\u00f3 anteriormente.<\/li><li>Generar apoyo para programas adicionales para reducir la inseguridad alimentaria, como el cup\u00f3n para el mercado de agricultores de WIC, Breakfast After the Bell<\/li><\/ul>\n\n\n\n<p><strong>Vivienda asequible<\/strong><\/p>\n\n\n\n<p>Continuamos convocando una Coalici\u00f3n de Vivienda Asequible que tiene estos objetivos:<\/p>\n\n\n\n<ul class=\"wp-block-list\"><li>Agregar un ajuste por costo de vida al mecanismo de financiamiento del Fondo Fiduciario de Vivienda de Missouri<\/li><li>Restablecimiento del programa de Cr\u00e9dito Tributario para Viviendas de Bajos Ingresos (LIHTC)<\/li><li>Aprobaci\u00f3n de una reforma s\u00f3lida de los estatutos de Financiamiento del Incremento de Impuestos (TIF)<\/li><li>Proteger a los inquilinos en el proceso de alquiler, incluida la limitaci\u00f3n de da\u00f1os durante los procedimientos de desalojo<\/li><\/ul>\n\n\n\n<p><strong>Mant\u00e9ngase informado a trav\u00e9s de las llamadas #UDAS<\/strong><\/p>\n\n\n\n<p>Con tantos peligros y oportunidades que afectan a las comunidades que viven en la pobreza, ser\u00e1 importante que responda r\u00e1pidamente cuando lo llamemos a la acci\u00f3n. Una forma de estar preparado es unirse a nuestros seminarios web Under the Dome y Around the State para defensores de la justicia social. Estos ocurren dos veces al mes durante la Sesi\u00f3n Legislativa, y la primera es el jueves 16 de enero a la 1 pm Reg\u00edstrese para la llamada en este <a href=\"https:\/\/secure.everyaction.com\/vG8iFQVGKE2l7u7AzWWvKQ2\">Enlace<\/a>, y si una emergencia de \u00faltima hora hace que pierda una llamada, hemos actualizado nuestro sistema para que ahora pueda ver la llamada en l\u00ednea m\u00e1s tarde.<\/p>\n\n\n\n<p><strong>Tu voz importa<\/strong><\/p>\n\n\n\n<p>Su defensa durante la Sesi\u00f3n Legislativa de 2020 puede ser realmente importante para las familias m\u00e1s vulnerables de Missouri. Est\u00e9 atento a nuestro <strong>Perspectiva semanal <\/strong>columnas los viernes y para alertas especiales cuando la acci\u00f3n r\u00e1pida es cr\u00edtica. Juntos podemos ser una fuerza por la justicia social en Missouri.<\/p>\n\n\n\n<script type='text\/javascript' src='https:\/\/d3rse9xjbp8270.cloudfront.net\/at.js' crossorigin='anonymous'><\/script>\n <div class=\"ngp-form\"\n     data-form-url=\"https:\/\/actions.everyaction.com\/v1\/Forms\/BCLKPYxHeUCUjXvqnxg8Vg2\"\n     data-fastaction-endpoint=\"https:\/\/fastaction.ngpvan.com\"\n     data-inline-errors=\"true\"\n     data-fastaction-nologin=\"true\"\n     data-databag-endpoint=\"https:\/\/profile.ngpvan.com\"\n     data-databag=\"everybody\"\n     data-mobile-autofocus=\"false\" >\n<\/div>","protected":false},"excerpt":{"rendered":"<p>The 2020 Legislative Session begins on Wednesday, January 8, and adjourns on Friday, May 15, with a Legislative Spring Break from March 23 to 27. Many factors go into every Legislative Session, some that press on the accelerator and others that push on the brakes. Here are some of the factors that we expect to [&hellip;]<\/p>\n","protected":false},"author":1,"featured_media":1857,"comment_status":"open","ping_status":"open","sticky":false,"template":"","format":"standard","meta":{"_exactmetrics_skip_tracking":false,"_exactmetrics_sitenote_active":false,"_exactmetrics_sitenote_note":"","_exactmetrics_sitenote_category":0,"footnotes":""},"categories":[38],"tags":[104,109,288,206,289,62,48],"issues":[],"coauthors":[359],"class_list":["post-3482","post","type-post","status-publish","format-standard","has-post-thumbnail","hentry","category-newsletter","tag-advocacy","tag-clean-missouri","tag-elijah-haahr","tag-empower-missouri","tag-hyperloop","tag-missouri","tag-moleg"],"yoast_head":"<!-- This site is optimized with the Yoast SEO plugin v27.4 - https:\/\/yoast.com\/product\/yoast-seo-wordpress\/ -->\n<title>Dangers and Opportunities in the 2020 Legislative Session: Our Advocacy for Justice Will Make a Difference - Empower Missouri<\/title>\n<meta name=\"robots\" content=\"index, follow, max-snippet:-1, max-image-preview:large, max-video-preview:-1\" \/>\n<link rel=\"canonical\" href=\"https:\/\/empowermissouri.org\/es\/2020-legislative-session-preview-missouri\/\" \/>\n<meta property=\"og:locale\" content=\"es_MX\" \/>\n<meta property=\"og:type\" content=\"article\" \/>\n<meta property=\"og:title\" content=\"Dangers and Opportunities in the 2020 Legislative Session: Our Advocacy for Justice Will Make a Difference - Empower Missouri\" \/>\n<meta property=\"og:description\" content=\"The 2020 Legislative Session begins on Wednesday, January 8, and adjourns on Friday, May 15, with a Legislative Spring Break from March 23 to 27. Many factors go into every Legislative Session, some that press on the accelerator and others that push on the brakes. Here are some of the factors that we expect to [&hellip;]\" \/>\n<meta property=\"og:url\" content=\"https:\/\/empowermissouri.org\/es\/2020-legislative-session-preview-missouri\/\" \/>\n<meta property=\"og:site_name\" content=\"Empower Missouri\" \/>\n<meta property=\"article:publisher\" content=\"https:\/\/www.facebook.com\/empowermissouri\" \/>\n<meta property=\"article:published_time\" content=\"2019-12-20T12:52:53+00:00\" \/>\n<meta property=\"article:modified_time\" content=\"2019-12-20T15:00:41+00:00\" \/>\n<meta property=\"og:image\" content=\"https:\/\/empowermissouri.org\/app\/uploads\/2019\/06\/Jeanette-Speaking-Resize.jpg\" \/>\n\t<meta property=\"og:image:width\" content=\"1711\" \/>\n\t<meta property=\"og:image:height\" content=\"1141\" \/>\n\t<meta property=\"og:image:type\" content=\"image\/jpeg\" \/>\n<meta name=\"author\" content=\"Empower Missouri\" \/>\n<meta name=\"twitter:card\" content=\"summary_large_image\" \/>\n<meta name=\"twitter:creator\" content=\"@empowermissouri\" \/>\n<meta name=\"twitter:site\" content=\"@empowermissouri\" \/>\n<meta name=\"twitter:label1\" content=\"Written by\" \/>\n\t<meta name=\"twitter:data1\" content=\"Empower Missouri\" \/>\n\t<meta name=\"twitter:label2\" content=\"Est. reading time\" \/>\n\t<meta name=\"twitter:data2\" content=\"7 minutes\" \/>\n<script type=\"application\/ld+json\" class=\"yoast-schema-graph\">{\"@context\":\"https:\\\/\\\/schema.org\",\"@graph\":[{\"@type\":\"Article\",\"@id\":\"https:\\\/\\\/empowermissouri.org\\\/es\\\/2020-legislative-session-preview-missouri\\\/#article\",\"isPartOf\":{\"@id\":\"https:\\\/\\\/empowermissouri.org\\\/es\\\/2020-legislative-session-preview-missouri\\\/\"},\"author\":{\"name\":\"Empower Missouri\",\"@id\":\"https:\\\/\\\/empowermissouri.org\\\/#\\\/schema\\\/person\\\/e951a654cbc724fec5829ff7f4d36370\"},\"headline\":\"Dangers and Opportunities in the 2020 Legislative Session: Our Advocacy for Justice Will Make a Difference\",\"datePublished\":\"2019-12-20T12:52:53+00:00\",\"dateModified\":\"2019-12-20T15:00:41+00:00\",\"mainEntityOfPage\":{\"@id\":\"https:\\\/\\\/empowermissouri.org\\\/es\\\/2020-legislative-session-preview-missouri\\\/\"},\"wordCount\":1470,\"commentCount\":0,\"publisher\":{\"@id\":\"https:\\\/\\\/empowermissouri.org\\\/#organization\"},\"image\":{\"@id\":\"https:\\\/\\\/empowermissouri.org\\\/es\\\/2020-legislative-session-preview-missouri\\\/#primaryimage\"},\"thumbnailUrl\":\"https:\\\/\\\/empowermissouri.org\\\/app\\\/uploads\\\/2019\\\/06\\\/Jeanette-Speaking-Resize.jpg\",\"keywords\":[\"advocacy\",\"Clean Missouri\",\"elijah haahr\",\"Empower MIssouri\",\"hyperloop\",\"Missouri\",\"moleg\"],\"articleSection\":[\"Newsletter\"],\"inLanguage\":\"es-MX\",\"potentialAction\":[{\"@type\":\"CommentAction\",\"name\":\"Comment\",\"target\":[\"https:\\\/\\\/empowermissouri.org\\\/es\\\/2020-legislative-session-preview-missouri\\\/#respond\"]}]},{\"@type\":\"WebPage\",\"@id\":\"https:\\\/\\\/empowermissouri.org\\\/es\\\/2020-legislative-session-preview-missouri\\\/\",\"url\":\"https:\\\/\\\/empowermissouri.org\\\/es\\\/2020-legislative-session-preview-missouri\\\/\",\"name\":\"Dangers and Opportunities in the 2020 Legislative Session: Our Advocacy for Justice Will Make a Difference - Empower Missouri\",\"isPartOf\":{\"@id\":\"https:\\\/\\\/empowermissouri.org\\\/#website\"},\"primaryImageOfPage\":{\"@id\":\"https:\\\/\\\/empowermissouri.org\\\/es\\\/2020-legislative-session-preview-missouri\\\/#primaryimage\"},\"image\":{\"@id\":\"https:\\\/\\\/empowermissouri.org\\\/es\\\/2020-legislative-session-preview-missouri\\\/#primaryimage\"},\"thumbnailUrl\":\"https:\\\/\\\/empowermissouri.org\\\/app\\\/uploads\\\/2019\\\/06\\\/Jeanette-Speaking-Resize.jpg\",\"datePublished\":\"2019-12-20T12:52:53+00:00\",\"dateModified\":\"2019-12-20T15:00:41+00:00\",\"breadcrumb\":{\"@id\":\"https:\\\/\\\/empowermissouri.org\\\/es\\\/2020-legislative-session-preview-missouri\\\/#breadcrumb\"},\"inLanguage\":\"es-MX\",\"potentialAction\":[{\"@type\":\"ReadAction\",\"target\":[\"https:\\\/\\\/empowermissouri.org\\\/es\\\/2020-legislative-session-preview-missouri\\\/\"]}]},{\"@type\":\"ImageObject\",\"inLanguage\":\"es-MX\",\"@id\":\"https:\\\/\\\/empowermissouri.org\\\/es\\\/2020-legislative-session-preview-missouri\\\/#primaryimage\",\"url\":\"https:\\\/\\\/empowermissouri.org\\\/app\\\/uploads\\\/2019\\\/06\\\/Jeanette-Speaking-Resize.jpg\",\"contentUrl\":\"https:\\\/\\\/empowermissouri.org\\\/app\\\/uploads\\\/2019\\\/06\\\/Jeanette-Speaking-Resize.jpg\",\"width\":1711,\"height\":1141},{\"@type\":\"BreadcrumbList\",\"@id\":\"https:\\\/\\\/empowermissouri.org\\\/es\\\/2020-legislative-session-preview-missouri\\\/#breadcrumb\",\"itemListElement\":[{\"@type\":\"ListItem\",\"position\":1,\"name\":\"Home\",\"item\":\"https:\\\/\\\/empowermissouri.org\\\/\"},{\"@type\":\"ListItem\",\"position\":2,\"name\":\"Dangers and Opportunities in the 2020 Legislative Session: Our Advocacy for Justice Will Make a Difference\"}]},{\"@type\":\"WebSite\",\"@id\":\"https:\\\/\\\/empowermissouri.org\\\/#website\",\"url\":\"https:\\\/\\\/empowermissouri.org\\\/\",\"name\":\"Empower Missouri\",\"description\":\"Advocating for Justice | Empowering Change\",\"publisher\":{\"@id\":\"https:\\\/\\\/empowermissouri.org\\\/#organization\"},\"potentialAction\":[{\"@type\":\"SearchAction\",\"target\":{\"@type\":\"EntryPoint\",\"urlTemplate\":\"https:\\\/\\\/empowermissouri.org\\\/?s={search_term_string}\"},\"query-input\":{\"@type\":\"PropertyValueSpecification\",\"valueRequired\":true,\"valueName\":\"search_term_string\"}}],\"inLanguage\":\"es-MX\"},{\"@type\":\"Organization\",\"@id\":\"https:\\\/\\\/empowermissouri.org\\\/#organization\",\"name\":\"Empower Missouri\",\"url\":\"https:\\\/\\\/empowermissouri.org\\\/\",\"logo\":{\"@type\":\"ImageObject\",\"inLanguage\":\"es-MX\",\"@id\":\"https:\\\/\\\/empowermissouri.org\\\/#\\\/schema\\\/logo\\\/image\\\/\",\"url\":\"http:\\\/\\\/empowermissouri.org\\\/app\\\/uploads\\\/2018\\\/08\\\/logo_button.png\",\"contentUrl\":\"http:\\\/\\\/empowermissouri.org\\\/app\\\/uploads\\\/2018\\\/08\\\/logo_button.png\",\"width\":579,\"height\":579,\"caption\":\"Empower Missouri\"},\"image\":{\"@id\":\"https:\\\/\\\/empowermissouri.org\\\/#\\\/schema\\\/logo\\\/image\\\/\"},\"sameAs\":[\"https:\\\/\\\/www.facebook.com\\\/empowermissouri\",\"https:\\\/\\\/x.com\\\/empowermissouri\",\"https:\\\/\\\/www.instagram.com\\\/empowermissouri\\\/\",\"https:\\\/\\\/www.linkedin.com\\\/company\\\/empower-missouri\\\/\"]},{\"@type\":\"Person\",\"@id\":\"https:\\\/\\\/empowermissouri.org\\\/#\\\/schema\\\/person\\\/e951a654cbc724fec5829ff7f4d36370\",\"name\":\"Empower Missouri\",\"image\":{\"@type\":\"ImageObject\",\"inLanguage\":\"es-MX\",\"@id\":\"https:\\\/\\\/secure.gravatar.com\\\/avatar\\\/707cc62910910b381e613ab53a9c71ad8f903d58979eb1f78be3a4947f578900?s=96&d=mm&r=gb92e1d0ab19e89757b0c5f03bd735f45\",\"url\":\"https:\\\/\\\/secure.gravatar.com\\\/avatar\\\/707cc62910910b381e613ab53a9c71ad8f903d58979eb1f78be3a4947f578900?s=96&d=mm&r=g\",\"contentUrl\":\"https:\\\/\\\/secure.gravatar.com\\\/avatar\\\/707cc62910910b381e613ab53a9c71ad8f903d58979eb1f78be3a4947f578900?s=96&d=mm&r=g\",\"caption\":\"Empower Missouri\"},\"url\":\"https:\\\/\\\/empowermissouri.org\\\/es\\\/author\\\/developer\\\/\"}]}<\/script>\n<!-- \/ Yoast SEO plugin. -->","yoast_head_json":{"title":"Dangers and Opportunities in the 2020 Legislative Session: Our Advocacy for Justice Will Make a Difference - Empower Missouri","robots":{"index":"index","follow":"follow","max-snippet":"max-snippet:-1","max-image-preview":"max-image-preview:large","max-video-preview":"max-video-preview:-1"},"canonical":"https:\/\/empowermissouri.org\/es\/2020-legislative-session-preview-missouri\/","og_locale":"es_MX","og_type":"article","og_title":"Dangers and Opportunities in the 2020 Legislative Session: Our Advocacy for Justice Will Make a Difference - Empower Missouri","og_description":"The 2020 Legislative Session begins on Wednesday, January 8, and adjourns on Friday, May 15, with a Legislative Spring Break from March 23 to 27. Many factors go into every Legislative Session, some that press on the accelerator and others that push on the brakes. Here are some of the factors that we expect to [&hellip;]","og_url":"https:\/\/empowermissouri.org\/es\/2020-legislative-session-preview-missouri\/","og_site_name":"Empower Missouri","article_publisher":"https:\/\/www.facebook.com\/empowermissouri","article_published_time":"2019-12-20T12:52:53+00:00","article_modified_time":"2019-12-20T15:00:41+00:00","og_image":[{"width":1711,"height":1141,"url":"https:\/\/empowermissouri.org\/app\/uploads\/2019\/06\/Jeanette-Speaking-Resize.jpg","type":"image\/jpeg"}],"author":"Empower Missouri","twitter_card":"summary_large_image","twitter_creator":"@empowermissouri","twitter_site":"@empowermissouri","twitter_misc":{"Written by":"Empower Missouri","Est. reading time":"7 minutes"},"schema":{"@context":"https:\/\/schema.org","@graph":[{"@type":"Article","@id":"https:\/\/empowermissouri.org\/es\/2020-legislative-session-preview-missouri\/#article","isPartOf":{"@id":"https:\/\/empowermissouri.org\/es\/2020-legislative-session-preview-missouri\/"},"author":{"name":"Empower Missouri","@id":"https:\/\/empowermissouri.org\/#\/schema\/person\/e951a654cbc724fec5829ff7f4d36370"},"headline":"Dangers and Opportunities in the 2020 Legislative Session: Our Advocacy for Justice Will Make a Difference","datePublished":"2019-12-20T12:52:53+00:00","dateModified":"2019-12-20T15:00:41+00:00","mainEntityOfPage":{"@id":"https:\/\/empowermissouri.org\/es\/2020-legislative-session-preview-missouri\/"},"wordCount":1470,"commentCount":0,"publisher":{"@id":"https:\/\/empowermissouri.org\/#organization"},"image":{"@id":"https:\/\/empowermissouri.org\/es\/2020-legislative-session-preview-missouri\/#primaryimage"},"thumbnailUrl":"https:\/\/empowermissouri.org\/app\/uploads\/2019\/06\/Jeanette-Speaking-Resize.jpg","keywords":["advocacy","Clean Missouri","elijah haahr","Empower MIssouri","hyperloop","Missouri","moleg"],"articleSection":["Newsletter"],"inLanguage":"es-MX","potentialAction":[{"@type":"CommentAction","name":"Comment","target":["https:\/\/empowermissouri.org\/es\/2020-legislative-session-preview-missouri\/#respond"]}]},{"@type":"WebPage","@id":"https:\/\/empowermissouri.org\/es\/2020-legislative-session-preview-missouri\/","url":"https:\/\/empowermissouri.org\/es\/2020-legislative-session-preview-missouri\/","name":"Dangers and Opportunities in the 2020 Legislative Session: Our Advocacy for Justice Will Make a Difference - Empower Missouri","isPartOf":{"@id":"https:\/\/empowermissouri.org\/#website"},"primaryImageOfPage":{"@id":"https:\/\/empowermissouri.org\/es\/2020-legislative-session-preview-missouri\/#primaryimage"},"image":{"@id":"https:\/\/empowermissouri.org\/es\/2020-legislative-session-preview-missouri\/#primaryimage"},"thumbnailUrl":"https:\/\/empowermissouri.org\/app\/uploads\/2019\/06\/Jeanette-Speaking-Resize.jpg","datePublished":"2019-12-20T12:52:53+00:00","dateModified":"2019-12-20T15:00:41+00:00","breadcrumb":{"@id":"https:\/\/empowermissouri.org\/es\/2020-legislative-session-preview-missouri\/#breadcrumb"},"inLanguage":"es-MX","potentialAction":[{"@type":"ReadAction","target":["https:\/\/empowermissouri.org\/es\/2020-legislative-session-preview-missouri\/"]}]},{"@type":"ImageObject","inLanguage":"es-MX","@id":"https:\/\/empowermissouri.org\/es\/2020-legislative-session-preview-missouri\/#primaryimage","url":"https:\/\/empowermissouri.org\/app\/uploads\/2019\/06\/Jeanette-Speaking-Resize.jpg","contentUrl":"https:\/\/empowermissouri.org\/app\/uploads\/2019\/06\/Jeanette-Speaking-Resize.jpg","width":1711,"height":1141},{"@type":"BreadcrumbList","@id":"https:\/\/empowermissouri.org\/es\/2020-legislative-session-preview-missouri\/#breadcrumb","itemListElement":[{"@type":"ListItem","position":1,"name":"Home","item":"https:\/\/empowermissouri.org\/"},{"@type":"ListItem","position":2,"name":"Dangers and Opportunities in the 2020 Legislative Session: Our Advocacy for Justice Will Make a Difference"}]},{"@type":"WebSite","@id":"https:\/\/empowermissouri.org\/#website","url":"https:\/\/empowermissouri.org\/","name":"Empoderar a Missouri","description":"Advocating for Justice | Empowering Change","publisher":{"@id":"https:\/\/empowermissouri.org\/#organization"},"potentialAction":[{"@type":"SearchAction","target":{"@type":"EntryPoint","urlTemplate":"https:\/\/empowermissouri.org\/?s={search_term_string}"},"query-input":{"@type":"PropertyValueSpecification","valueRequired":true,"valueName":"search_term_string"}}],"inLanguage":"es-MX"},{"@type":"Organization","@id":"https:\/\/empowermissouri.org\/#organization","name":"Empoderar a Missouri","url":"https:\/\/empowermissouri.org\/","logo":{"@type":"ImageObject","inLanguage":"es-MX","@id":"https:\/\/empowermissouri.org\/#\/schema\/logo\/image\/","url":"http:\/\/empowermissouri.org\/app\/uploads\/2018\/08\/logo_button.png","contentUrl":"http:\/\/empowermissouri.org\/app\/uploads\/2018\/08\/logo_button.png","width":579,"height":579,"caption":"Empower Missouri"},"image":{"@id":"https:\/\/empowermissouri.org\/#\/schema\/logo\/image\/"},"sameAs":["https:\/\/www.facebook.com\/empowermissouri","https:\/\/x.com\/empowermissouri","https:\/\/www.instagram.com\/empowermissouri\/","https:\/\/www.linkedin.com\/company\/empower-missouri\/"]},{"@type":"Person","@id":"https:\/\/empowermissouri.org\/#\/schema\/person\/e951a654cbc724fec5829ff7f4d36370","name":"Empoderar a Missouri","image":{"@type":"ImageObject","inLanguage":"es-MX","@id":"https:\/\/secure.gravatar.com\/avatar\/707cc62910910b381e613ab53a9c71ad8f903d58979eb1f78be3a4947f578900?s=96&d=mm&r=gb92e1d0ab19e89757b0c5f03bd735f45","url":"https:\/\/secure.gravatar.com\/avatar\/707cc62910910b381e613ab53a9c71ad8f903d58979eb1f78be3a4947f578900?s=96&d=mm&r=g","contentUrl":"https:\/\/secure.gravatar.com\/avatar\/707cc62910910b381e613ab53a9c71ad8f903d58979eb1f78be3a4947f578900?s=96&d=mm&r=g","caption":"Empower Missouri"},"url":"https:\/\/empowermissouri.org\/es\/author\/developer\/"}]}},"_links":{"self":[{"href":"https:\/\/empowermissouri.org\/es\/wp-json\/wp\/v2\/posts\/3482","targetHints":{"allow":["GET"]}}],"collection":[{"href":"https:\/\/empowermissouri.org\/es\/wp-json\/wp\/v2\/posts"}],"about":[{"href":"https:\/\/empowermissouri.org\/es\/wp-json\/wp\/v2\/types\/post"}],"author":[{"embeddable":true,"href":"https:\/\/empowermissouri.org\/es\/wp-json\/wp\/v2\/users\/1"}],"replies":[{"embeddable":true,"href":"https:\/\/empowermissouri.org\/es\/wp-json\/wp\/v2\/comments?post=3482"}],"version-history":[{"count":0,"href":"https:\/\/empowermissouri.org\/es\/wp-json\/wp\/v2\/posts\/3482\/revisions"}],"wp:featuredmedia":[{"embeddable":true,"href":"https:\/\/empowermissouri.org\/es\/wp-json\/wp\/v2\/media\/1857"}],"wp:attachment":[{"href":"https:\/\/empowermissouri.org\/es\/wp-json\/wp\/v2\/media?parent=3482"}],"wp:term":[{"taxonomy":"category","embeddable":true,"href":"https:\/\/empowermissouri.org\/es\/wp-json\/wp\/v2\/categories?post=3482"},{"taxonomy":"post_tag","embeddable":true,"href":"https:\/\/empowermissouri.org\/es\/wp-json\/wp\/v2\/tags?post=3482"},{"taxonomy":"issues","embeddable":true,"href":"https:\/\/empowermissouri.org\/es\/wp-json\/wp\/v2\/issues?post=3482"},{"taxonomy":"author","embeddable":true,"href":"https:\/\/empowermissouri.org\/es\/wp-json\/wp\/v2\/coauthors?post=3482"}],"curies":[{"name":"wp","href":"https:\/\/api.w.org\/{rel}","templated":true}]}}