{"id":2946,"date":"2019-10-11T06:55:29","date_gmt":"2019-10-11T11:55:29","guid":{"rendered":"http:\/\/empowermissouri.org\/?p=2946"},"modified":"2019-10-21T10:39:44","modified_gmt":"2019-10-21T15:39:44","slug":"missouri-health-care-subcommittee-holds-hearing-on-medicaid","status":"publish","type":"post","link":"https:\/\/empowermissouri.org\/es\/missouri-health-care-subcommittee-holds-hearing-on-medicaid\/","title":{"rendered":"El subcomit\u00e9 de atenci\u00f3n m\u00e9dica de Missouri celebra una audiencia sobre Medicaid"},"content":{"rendered":"<p>El martes 8 de octubre <a href=\"https:\/\/house.mo.gov\/CommitteeDetail.aspx?filter=compage&amp;committee=2110&amp;year=2019&amp;code=R%20&amp;viewCode=&amp;cluster=true\">El Subcomit\u00e9 de Reforma de la Atenci\u00f3n Sanitaria<\/a> celebr\u00f3 una audiencia para &quot;Discusi\u00f3n sobre Medicaid y la expansi\u00f3n de Medicaid&quot;. El representante Helms del Distrito 135 en Springfield es el presidente del comit\u00e9. Testifiqu\u00e9 en nombre de Empower Missouri y puede encontrar una copia de mi testimonio. <a href=\"https:\/\/t.co\/cJWYRKWSkG?amp=1\">aqu\u00ed<\/a>.<\/p>\n\n\n\n<p>Puedes encontrar nuestro <a href=\"https:\/\/twitter.com\/EmpowerMissouri\/status\/1181611700283432960?s=20\">resumen completo en vivo de la audiencia en nuestro feed de Twitter<\/a>. Aseg\u00farate de seguirnos mientras est\u00e9s all\u00ed. Mantenemos a nuestros seguidores actualizados sobre importantes eventos estatales y nacionales y, a menudo, twitteamos en vivo en audiencias importantes.<\/p>\n\n\n\n<p>Quiero compartir algunos aspectos destacados de los testimonios que escuchamos en la audiencia.<\/p>\n\n\n\n<p>El Dr. Ed Weisbart sirvi\u00f3 en el comit\u00e9 de expansi\u00f3n de Medicaid bajo el presidente Tim Jones en 2014 y fue testigo a favor de la expansi\u00f3n de Medicaid. Dijo que, si bien en 2014 todo lo que su comit\u00e9 realmente ten\u00eda eran an\u00e9cdotas: una mujer que no pod\u00eda pagar el ox\u00edgeno; un joven que estaba racionando su insulina; ahora tenemos datos que muestran los problemas con nuestro sistema de salud actual y la efectividad de expandir Medicaid. Los datos ahora muestran que los estados que han ampliado Medicaid <a href=\"http:\/\/pressroom.cancer.org\/MedicaidExpansion2019\">mejor en la detecci\u00f3n temprana del c\u00e1ncer<\/a> y ver un significativo <a href=\"https:\/\/ccf.georgetown.edu\/app\/uploads\/2019\/05\/Maternal-Health_FINAL-1.pdf\">disminuci\u00f3n de la mortalidad infantil<\/a>. El Dr. Weisbart tambi\u00e9n demostr\u00f3 que <a href=\"https:\/\/www.cbpp.org\/blog\/lower-recidivism-yet-another-good-reason-for-states-to-expand-medicaid\">la reincidencia (regresar a prisi\u00f3n nuevamente despu\u00e9s de la primera sentencia) ha disminuido en los estados que han expandido Medicaid<\/a>. Esto es especialmente significativo dado que la reforma de la justicia penal ha sido una fuente de <a href=\"https:\/\/www.kansascity.com\/news\/politics-government\/article232463287.html\">cooperaci\u00f3n bipartidista exitosa<\/a> en la legislatura de Missouri durante las dos \u00faltimas sesiones.<\/p>\n\n\n\n<p>Tambi\u00e9n hubo testigos all\u00ed para oponerse a la posible expansi\u00f3n de Medicaid en Missouri. Greg Fister de la Foundation for Government Accountability, un grupo de expertos con sede en Florida, argument\u00f3 que la atenci\u00f3n m\u00e9dica disponible a trav\u00e9s de los empleadores era una mejor soluci\u00f3n para la crisis de atenci\u00f3n m\u00e9dica de Missouri que expandir Medicaid.<\/p>\n\n\n\n<p>&quot;Entonces, \u00bfsu soluci\u00f3n al costo de la atenci\u00f3n m\u00e9dica es &#039;conseguir un trabajo&#039;?&quot; pregunt\u00f3 el representante Doug Clemens.<\/p>\n\n\n\n<p>\u201cEmpleo, s\u00ed\u201d, respondi\u00f3 Fister.<\/p>\n\n\n\n<p>La Dra. Abigail Barker es la l\u00edder de la facultad de datos y m\u00e9todos en el Centro de Pol\u00edtica y Econom\u00eda de la Salud del Instituto de Salud P\u00fablica de la Universidad de Washington, St. Louis. Ella testific\u00f3 con fines informativos. La extensa investigaci\u00f3n realizada por ella y su equipo ha demostrado que, si Missouri expandiera Medicaid en el estado, las mejores estimaciones muestran que el estado <a href=\"https:\/\/publichealth.wustl.edu\/app\/uploads\/2019\/04\/Analysis-of-the-Fiscal-Impact-of-Medicaid-Expansion-in-Missouri-FINAL_w_Exec_Summary.pdf\">ahorre $38,9 millones de d\u00f3lares<\/a>.<\/p>\n\n\n\n<p>Sal\u00ed de esa audiencia con la seguridad de que la decisi\u00f3n de Empower Missouri de participar en la campa\u00f1a de iniciativa de petici\u00f3n para mejorar el acceso a Medicaid en Missouri era la decisi\u00f3n correcta que deb\u00edamos tomar. No se ha presentado ninguna otra soluci\u00f3n que ayude a cubrir a tantas personas o que tenga el potencial de ahorrar al estado casi $40 millones. Existe la posibilidad de que la Asamblea General, guiada por este comit\u00e9, intente aprobar algo que se parezca a lo que pide la iniciativa de votaci\u00f3n, con el fin de suprimir su apoyo. Creo que cualquier ciudadano de Missouri que quiera que menos vecinos luchen por los costos m\u00e9dicos deber\u00eda <a href=\"https:\/\/www.healthcareformissouri.org\/\">participar en la recogida de firmas para la medida<\/a> y vote &quot;S\u00ed&quot; a un sistema mejorado de Medicaid en 2020.<\/p>\n\n\n\n<script type='text\/javascript' src='https:\/\/d3rse9xjbp8270.cloudfront.net\/at.js' crossorigin='anonymous'><\/script>\n <div class=\"ngp-form\"\n     data-form-url=\"https:\/\/actions.everyaction.com\/v1\/Forms\/BCLKPYxHeUCUjXvqnxg8Vg2\"\n     data-fastaction-endpoint=\"https:\/\/fastaction.ngpvan.com\"\n     data-inline-errors=\"true\"\n     data-fastaction-nologin=\"true\"\n     data-databag-endpoint=\"https:\/\/profile.ngpvan.com\"\n     data-databag=\"everybody\"\n     data-mobile-autofocus=\"false\" >\n<\/div>","protected":false},"excerpt":{"rendered":"<p>On Tuesday, October 8th, The Subcommittee on Health Care Reform held a hearing for \u201cDiscussion on Medicaid and Medicaid expansion.\u201d Rep. Helms from District 135 in Springfield is the chair of the committee. I testified on behalf of Empower Missouri, and you can find a copy of my testimony here. You can find our full [&hellip;]<\/p>\n","protected":false},"author":1,"featured_media":2947,"comment_status":"open","ping_status":"open","sticky":false,"template":"","format":"standard","meta":{"_exactmetrics_skip_tracking":false,"_exactmetrics_sitenote_active":false,"_exactmetrics_sitenote_note":"","_exactmetrics_sitenote_category":0,"footnotes":""},"categories":[94,43],"tags":[240,138,231,238,79,227,62,48,239],"issues":[30],"coauthors":[359],"class_list":["post-2946","post","type-post","status-publish","format-standard","has-post-thumbnail","hentry","category-blog-post","category-weekly-perspective","tag-cancer","tag-health","tag-healthcare","tag-infant-mortality","tag-medicaid","tag-medicaid-expansion","tag-missouri","tag-moleg","tag-recidivism","issues-health-and-mental-health"],"yoast_head":"<!-- This site is optimized with the Yoast SEO plugin v27.4 - https:\/\/yoast.com\/product\/yoast-seo-wordpress\/ -->\n<title>Missouri Health Care Subcommittee Holds Hearing on Medicaid - Empower Missouri<\/title>\n<meta name=\"robots\" content=\"index, follow, max-snippet:-1, max-image-preview:large, max-video-preview:-1\" \/>\n<link rel=\"canonical\" href=\"https:\/\/empowermissouri.org\/es\/missouri-health-care-subcommittee-holds-hearing-on-medicaid\/\" \/>\n<meta property=\"og:locale\" content=\"es_MX\" \/>\n<meta property=\"og:type\" content=\"article\" \/>\n<meta property=\"og:title\" content=\"Missouri Health Care Subcommittee Holds Hearing on Medicaid - Empower Missouri\" \/>\n<meta property=\"og:description\" content=\"On Tuesday, October 8th, The Subcommittee on Health Care Reform held a hearing for \u201cDiscussion on Medicaid and Medicaid expansion.\u201d Rep. Helms from District 135 in Springfield is the chair of the committee. I testified on behalf of Empower Missouri, and you can find a copy of my testimony here. You can find our full [&hellip;]\" \/>\n<meta property=\"og:url\" content=\"https:\/\/empowermissouri.org\/es\/missouri-health-care-subcommittee-holds-hearing-on-medicaid\/\" \/>\n<meta property=\"og:site_name\" content=\"Empower Missouri\" \/>\n<meta property=\"article:publisher\" content=\"https:\/\/www.facebook.com\/empowermissouri\" \/>\n<meta property=\"article:published_time\" content=\"2019-10-11T11:55:29+00:00\" \/>\n<meta property=\"article:modified_time\" content=\"2019-10-21T15:39:44+00:00\" \/>\n<meta property=\"og:image\" content=\"https:\/\/empowermissouri.org\/app\/uploads\/2019\/10\/daan-stevens-yGUuMIqjIrU-unsplash.jpg\" \/>\n\t<meta property=\"og:image:width\" content=\"6575\" \/>\n\t<meta property=\"og:image:height\" content=\"4191\" \/>\n\t<meta property=\"og:image:type\" content=\"image\/jpeg\" \/>\n<meta name=\"author\" content=\"Empower Missouri\" \/>\n<meta name=\"twitter:card\" content=\"summary_large_image\" \/>\n<meta name=\"twitter:creator\" content=\"@empowermissouri\" \/>\n<meta name=\"twitter:site\" content=\"@empowermissouri\" \/>\n<meta name=\"twitter:label1\" content=\"Written by\" \/>\n\t<meta name=\"twitter:data1\" content=\"Empower Missouri\" \/>\n\t<meta name=\"twitter:label2\" content=\"Est. reading time\" \/>\n\t<meta name=\"twitter:data2\" content=\"3 minutes\" \/>\n<script type=\"application\/ld+json\" class=\"yoast-schema-graph\">{\"@context\":\"https:\\\/\\\/schema.org\",\"@graph\":[{\"@type\":\"Article\",\"@id\":\"https:\\\/\\\/empowermissouri.org\\\/missouri-health-care-subcommittee-holds-hearing-on-medicaid\\\/#article\",\"isPartOf\":{\"@id\":\"https:\\\/\\\/empowermissouri.org\\\/missouri-health-care-subcommittee-holds-hearing-on-medicaid\\\/\"},\"author\":{\"name\":\"Empower Missouri\",\"@id\":\"https:\\\/\\\/empowermissouri.org\\\/#\\\/schema\\\/person\\\/e951a654cbc724fec5829ff7f4d36370\"},\"headline\":\"Missouri Health Care Subcommittee Holds Hearing on Medicaid\",\"datePublished\":\"2019-10-11T11:55:29+00:00\",\"dateModified\":\"2019-10-21T15:39:44+00:00\",\"mainEntityOfPage\":{\"@id\":\"https:\\\/\\\/empowermissouri.org\\\/missouri-health-care-subcommittee-holds-hearing-on-medicaid\\\/\"},\"wordCount\":510,\"commentCount\":0,\"publisher\":{\"@id\":\"https:\\\/\\\/empowermissouri.org\\\/#organization\"},\"image\":{\"@id\":\"https:\\\/\\\/empowermissouri.org\\\/missouri-health-care-subcommittee-holds-hearing-on-medicaid\\\/#primaryimage\"},\"thumbnailUrl\":\"https:\\\/\\\/empowermissouri.org\\\/app\\\/uploads\\\/2019\\\/10\\\/daan-stevens-yGUuMIqjIrU-unsplash.jpg\",\"keywords\":[\"cancer\",\"health\",\"healthcare\",\"infant mortality\",\"medicaid\",\"medicaid expansion\",\"Missouri\",\"moleg\",\"recidivism\"],\"articleSection\":[\"Blog Post\",\"Weekly Perspective\"],\"inLanguage\":\"es-MX\",\"potentialAction\":[{\"@type\":\"CommentAction\",\"name\":\"Comment\",\"target\":[\"https:\\\/\\\/empowermissouri.org\\\/missouri-health-care-subcommittee-holds-hearing-on-medicaid\\\/#respond\"]}]},{\"@type\":\"WebPage\",\"@id\":\"https:\\\/\\\/empowermissouri.org\\\/missouri-health-care-subcommittee-holds-hearing-on-medicaid\\\/\",\"url\":\"https:\\\/\\\/empowermissouri.org\\\/missouri-health-care-subcommittee-holds-hearing-on-medicaid\\\/\",\"name\":\"Missouri Health Care Subcommittee Holds Hearing on Medicaid - Empower Missouri\",\"isPartOf\":{\"@id\":\"https:\\\/\\\/empowermissouri.org\\\/#website\"},\"primaryImageOfPage\":{\"@id\":\"https:\\\/\\\/empowermissouri.org\\\/missouri-health-care-subcommittee-holds-hearing-on-medicaid\\\/#primaryimage\"},\"image\":{\"@id\":\"https:\\\/\\\/empowermissouri.org\\\/missouri-health-care-subcommittee-holds-hearing-on-medicaid\\\/#primaryimage\"},\"thumbnailUrl\":\"https:\\\/\\\/empowermissouri.org\\\/app\\\/uploads\\\/2019\\\/10\\\/daan-stevens-yGUuMIqjIrU-unsplash.jpg\",\"datePublished\":\"2019-10-11T11:55:29+00:00\",\"dateModified\":\"2019-10-21T15:39:44+00:00\",\"breadcrumb\":{\"@id\":\"https:\\\/\\\/empowermissouri.org\\\/missouri-health-care-subcommittee-holds-hearing-on-medicaid\\\/#breadcrumb\"},\"inLanguage\":\"es-MX\",\"potentialAction\":[{\"@type\":\"ReadAction\",\"target\":[\"https:\\\/\\\/empowermissouri.org\\\/missouri-health-care-subcommittee-holds-hearing-on-medicaid\\\/\"]}]},{\"@type\":\"ImageObject\",\"inLanguage\":\"es-MX\",\"@id\":\"https:\\\/\\\/empowermissouri.org\\\/missouri-health-care-subcommittee-holds-hearing-on-medicaid\\\/#primaryimage\",\"url\":\"https:\\\/\\\/empowermissouri.org\\\/app\\\/uploads\\\/2019\\\/10\\\/daan-stevens-yGUuMIqjIrU-unsplash.jpg\",\"contentUrl\":\"https:\\\/\\\/empowermissouri.org\\\/app\\\/uploads\\\/2019\\\/10\\\/daan-stevens-yGUuMIqjIrU-unsplash.jpg\",\"width\":6575,\"height\":4191},{\"@type\":\"BreadcrumbList\",\"@id\":\"https:\\\/\\\/empowermissouri.org\\\/missouri-health-care-subcommittee-holds-hearing-on-medicaid\\\/#breadcrumb\",\"itemListElement\":[{\"@type\":\"ListItem\",\"position\":1,\"name\":\"Home\",\"item\":\"https:\\\/\\\/empowermissouri.org\\\/\"},{\"@type\":\"ListItem\",\"position\":2,\"name\":\"Missouri Health Care Subcommittee Holds Hearing on Medicaid\"}]},{\"@type\":\"WebSite\",\"@id\":\"https:\\\/\\\/empowermissouri.org\\\/#website\",\"url\":\"https:\\\/\\\/empowermissouri.org\\\/\",\"name\":\"Empower Missouri\",\"description\":\"Advocating for Justice | Empowering Change\",\"publisher\":{\"@id\":\"https:\\\/\\\/empowermissouri.org\\\/#organization\"},\"potentialAction\":[{\"@type\":\"SearchAction\",\"target\":{\"@type\":\"EntryPoint\",\"urlTemplate\":\"https:\\\/\\\/empowermissouri.org\\\/?s={search_term_string}\"},\"query-input\":{\"@type\":\"PropertyValueSpecification\",\"valueRequired\":true,\"valueName\":\"search_term_string\"}}],\"inLanguage\":\"es-MX\"},{\"@type\":\"Organization\",\"@id\":\"https:\\\/\\\/empowermissouri.org\\\/#organization\",\"name\":\"Empower Missouri\",\"url\":\"https:\\\/\\\/empowermissouri.org\\\/\",\"logo\":{\"@type\":\"ImageObject\",\"inLanguage\":\"es-MX\",\"@id\":\"https:\\\/\\\/empowermissouri.org\\\/#\\\/schema\\\/logo\\\/image\\\/\",\"url\":\"http:\\\/\\\/empowermissouri.org\\\/app\\\/uploads\\\/2018\\\/08\\\/logo_button.png\",\"contentUrl\":\"http:\\\/\\\/empowermissouri.org\\\/app\\\/uploads\\\/2018\\\/08\\\/logo_button.png\",\"width\":579,\"height\":579,\"caption\":\"Empower Missouri\"},\"image\":{\"@id\":\"https:\\\/\\\/empowermissouri.org\\\/#\\\/schema\\\/logo\\\/image\\\/\"},\"sameAs\":[\"https:\\\/\\\/www.facebook.com\\\/empowermissouri\",\"https:\\\/\\\/x.com\\\/empowermissouri\",\"https:\\\/\\\/www.instagram.com\\\/empowermissouri\\\/\",\"https:\\\/\\\/www.linkedin.com\\\/company\\\/empower-missouri\\\/\"]},{\"@type\":\"Person\",\"@id\":\"https:\\\/\\\/empowermissouri.org\\\/#\\\/schema\\\/person\\\/e951a654cbc724fec5829ff7f4d36370\",\"name\":\"Empower Missouri\",\"image\":{\"@type\":\"ImageObject\",\"inLanguage\":\"es-MX\",\"@id\":\"https:\\\/\\\/secure.gravatar.com\\\/avatar\\\/707cc62910910b381e613ab53a9c71ad8f903d58979eb1f78be3a4947f578900?s=96&d=mm&r=gb92e1d0ab19e89757b0c5f03bd735f45\",\"url\":\"https:\\\/\\\/secure.gravatar.com\\\/avatar\\\/707cc62910910b381e613ab53a9c71ad8f903d58979eb1f78be3a4947f578900?s=96&d=mm&r=g\",\"contentUrl\":\"https:\\\/\\\/secure.gravatar.com\\\/avatar\\\/707cc62910910b381e613ab53a9c71ad8f903d58979eb1f78be3a4947f578900?s=96&d=mm&r=g\",\"caption\":\"Empower Missouri\"},\"url\":\"https:\\\/\\\/empowermissouri.org\\\/es\\\/author\\\/developer\\\/\"}]}<\/script>\n<!-- \/ Yoast SEO plugin. -->","yoast_head_json":{"title":"Missouri Health Care Subcommittee Holds Hearing on Medicaid - Empower Missouri","robots":{"index":"index","follow":"follow","max-snippet":"max-snippet:-1","max-image-preview":"max-image-preview:large","max-video-preview":"max-video-preview:-1"},"canonical":"https:\/\/empowermissouri.org\/es\/missouri-health-care-subcommittee-holds-hearing-on-medicaid\/","og_locale":"es_MX","og_type":"article","og_title":"Missouri Health Care Subcommittee Holds Hearing on Medicaid - Empower Missouri","og_description":"On Tuesday, October 8th, The Subcommittee on Health Care Reform held a hearing for \u201cDiscussion on Medicaid and Medicaid expansion.\u201d Rep. Helms from District 135 in Springfield is the chair of the committee. I testified on behalf of Empower Missouri, and you can find a copy of my testimony here. You can find our full [&hellip;]","og_url":"https:\/\/empowermissouri.org\/es\/missouri-health-care-subcommittee-holds-hearing-on-medicaid\/","og_site_name":"Empower Missouri","article_publisher":"https:\/\/www.facebook.com\/empowermissouri","article_published_time":"2019-10-11T11:55:29+00:00","article_modified_time":"2019-10-21T15:39:44+00:00","og_image":[{"width":6575,"height":4191,"url":"https:\/\/empowermissouri.org\/app\/uploads\/2019\/10\/daan-stevens-yGUuMIqjIrU-unsplash.jpg","type":"image\/jpeg"}],"author":"Empower Missouri","twitter_card":"summary_large_image","twitter_creator":"@empowermissouri","twitter_site":"@empowermissouri","twitter_misc":{"Written by":"Empower Missouri","Est. reading time":"3 minutes"},"schema":{"@context":"https:\/\/schema.org","@graph":[{"@type":"Article","@id":"https:\/\/empowermissouri.org\/missouri-health-care-subcommittee-holds-hearing-on-medicaid\/#article","isPartOf":{"@id":"https:\/\/empowermissouri.org\/missouri-health-care-subcommittee-holds-hearing-on-medicaid\/"},"author":{"name":"Empower Missouri","@id":"https:\/\/empowermissouri.org\/#\/schema\/person\/e951a654cbc724fec5829ff7f4d36370"},"headline":"Missouri Health Care Subcommittee Holds Hearing on Medicaid","datePublished":"2019-10-11T11:55:29+00:00","dateModified":"2019-10-21T15:39:44+00:00","mainEntityOfPage":{"@id":"https:\/\/empowermissouri.org\/missouri-health-care-subcommittee-holds-hearing-on-medicaid\/"},"wordCount":510,"commentCount":0,"publisher":{"@id":"https:\/\/empowermissouri.org\/#organization"},"image":{"@id":"https:\/\/empowermissouri.org\/missouri-health-care-subcommittee-holds-hearing-on-medicaid\/#primaryimage"},"thumbnailUrl":"https:\/\/empowermissouri.org\/app\/uploads\/2019\/10\/daan-stevens-yGUuMIqjIrU-unsplash.jpg","keywords":["cancer","health","healthcare","infant mortality","medicaid","medicaid expansion","Missouri","moleg","recidivism"],"articleSection":["Blog Post","Weekly Perspective"],"inLanguage":"es-MX","potentialAction":[{"@type":"CommentAction","name":"Comment","target":["https:\/\/empowermissouri.org\/missouri-health-care-subcommittee-holds-hearing-on-medicaid\/#respond"]}]},{"@type":"WebPage","@id":"https:\/\/empowermissouri.org\/missouri-health-care-subcommittee-holds-hearing-on-medicaid\/","url":"https:\/\/empowermissouri.org\/missouri-health-care-subcommittee-holds-hearing-on-medicaid\/","name":"Missouri Health Care Subcommittee Holds Hearing on Medicaid - Empower Missouri","isPartOf":{"@id":"https:\/\/empowermissouri.org\/#website"},"primaryImageOfPage":{"@id":"https:\/\/empowermissouri.org\/missouri-health-care-subcommittee-holds-hearing-on-medicaid\/#primaryimage"},"image":{"@id":"https:\/\/empowermissouri.org\/missouri-health-care-subcommittee-holds-hearing-on-medicaid\/#primaryimage"},"thumbnailUrl":"https:\/\/empowermissouri.org\/app\/uploads\/2019\/10\/daan-stevens-yGUuMIqjIrU-unsplash.jpg","datePublished":"2019-10-11T11:55:29+00:00","dateModified":"2019-10-21T15:39:44+00:00","breadcrumb":{"@id":"https:\/\/empowermissouri.org\/missouri-health-care-subcommittee-holds-hearing-on-medicaid\/#breadcrumb"},"inLanguage":"es-MX","potentialAction":[{"@type":"ReadAction","target":["https:\/\/empowermissouri.org\/missouri-health-care-subcommittee-holds-hearing-on-medicaid\/"]}]},{"@type":"ImageObject","inLanguage":"es-MX","@id":"https:\/\/empowermissouri.org\/missouri-health-care-subcommittee-holds-hearing-on-medicaid\/#primaryimage","url":"https:\/\/empowermissouri.org\/app\/uploads\/2019\/10\/daan-stevens-yGUuMIqjIrU-unsplash.jpg","contentUrl":"https:\/\/empowermissouri.org\/app\/uploads\/2019\/10\/daan-stevens-yGUuMIqjIrU-unsplash.jpg","width":6575,"height":4191},{"@type":"BreadcrumbList","@id":"https:\/\/empowermissouri.org\/missouri-health-care-subcommittee-holds-hearing-on-medicaid\/#breadcrumb","itemListElement":[{"@type":"ListItem","position":1,"name":"Home","item":"https:\/\/empowermissouri.org\/"},{"@type":"ListItem","position":2,"name":"Missouri Health Care Subcommittee Holds Hearing on Medicaid"}]},{"@type":"WebSite","@id":"https:\/\/empowermissouri.org\/#website","url":"https:\/\/empowermissouri.org\/","name":"Empoderar a Missouri","description":"Advocating for Justice | Empowering Change","publisher":{"@id":"https:\/\/empowermissouri.org\/#organization"},"potentialAction":[{"@type":"SearchAction","target":{"@type":"EntryPoint","urlTemplate":"https:\/\/empowermissouri.org\/?s={search_term_string}"},"query-input":{"@type":"PropertyValueSpecification","valueRequired":true,"valueName":"search_term_string"}}],"inLanguage":"es-MX"},{"@type":"Organization","@id":"https:\/\/empowermissouri.org\/#organization","name":"Empoderar a Missouri","url":"https:\/\/empowermissouri.org\/","logo":{"@type":"ImageObject","inLanguage":"es-MX","@id":"https:\/\/empowermissouri.org\/#\/schema\/logo\/image\/","url":"http:\/\/empowermissouri.org\/app\/uploads\/2018\/08\/logo_button.png","contentUrl":"http:\/\/empowermissouri.org\/app\/uploads\/2018\/08\/logo_button.png","width":579,"height":579,"caption":"Empower Missouri"},"image":{"@id":"https:\/\/empowermissouri.org\/#\/schema\/logo\/image\/"},"sameAs":["https:\/\/www.facebook.com\/empowermissouri","https:\/\/x.com\/empowermissouri","https:\/\/www.instagram.com\/empowermissouri\/","https:\/\/www.linkedin.com\/company\/empower-missouri\/"]},{"@type":"Person","@id":"https:\/\/empowermissouri.org\/#\/schema\/person\/e951a654cbc724fec5829ff7f4d36370","name":"Empoderar a Missouri","image":{"@type":"ImageObject","inLanguage":"es-MX","@id":"https:\/\/secure.gravatar.com\/avatar\/707cc62910910b381e613ab53a9c71ad8f903d58979eb1f78be3a4947f578900?s=96&d=mm&r=gb92e1d0ab19e89757b0c5f03bd735f45","url":"https:\/\/secure.gravatar.com\/avatar\/707cc62910910b381e613ab53a9c71ad8f903d58979eb1f78be3a4947f578900?s=96&d=mm&r=g","contentUrl":"https:\/\/secure.gravatar.com\/avatar\/707cc62910910b381e613ab53a9c71ad8f903d58979eb1f78be3a4947f578900?s=96&d=mm&r=g","caption":"Empower Missouri"},"url":"https:\/\/empowermissouri.org\/es\/author\/developer\/"}]}},"_links":{"self":[{"href":"https:\/\/empowermissouri.org\/es\/wp-json\/wp\/v2\/posts\/2946","targetHints":{"allow":["GET"]}}],"collection":[{"href":"https:\/\/empowermissouri.org\/es\/wp-json\/wp\/v2\/posts"}],"about":[{"href":"https:\/\/empowermissouri.org\/es\/wp-json\/wp\/v2\/types\/post"}],"author":[{"embeddable":true,"href":"https:\/\/empowermissouri.org\/es\/wp-json\/wp\/v2\/users\/1"}],"replies":[{"embeddable":true,"href":"https:\/\/empowermissouri.org\/es\/wp-json\/wp\/v2\/comments?post=2946"}],"version-history":[{"count":0,"href":"https:\/\/empowermissouri.org\/es\/wp-json\/wp\/v2\/posts\/2946\/revisions"}],"wp:featuredmedia":[{"embeddable":true,"href":"https:\/\/empowermissouri.org\/es\/wp-json\/wp\/v2\/media\/2947"}],"wp:attachment":[{"href":"https:\/\/empowermissouri.org\/es\/wp-json\/wp\/v2\/media?parent=2946"}],"wp:term":[{"taxonomy":"category","embeddable":true,"href":"https:\/\/empowermissouri.org\/es\/wp-json\/wp\/v2\/categories?post=2946"},{"taxonomy":"post_tag","embeddable":true,"href":"https:\/\/empowermissouri.org\/es\/wp-json\/wp\/v2\/tags?post=2946"},{"taxonomy":"issues","embeddable":true,"href":"https:\/\/empowermissouri.org\/es\/wp-json\/wp\/v2\/issues?post=2946"},{"taxonomy":"author","embeddable":true,"href":"https:\/\/empowermissouri.org\/es\/wp-json\/wp\/v2\/coauthors?post=2946"}],"curies":[{"name":"wp","href":"https:\/\/api.w.org\/{rel}","templated":true}]}}