{"id":2852,"date":"2019-09-27T06:55:21","date_gmt":"2019-09-27T11:55:21","guid":{"rendered":"http:\/\/empowermissouri.org\/?p=2852"},"modified":"2019-09-26T14:26:10","modified_gmt":"2019-09-26T19:26:10","slug":"the-power-of-your-activism","status":"publish","type":"post","link":"https:\/\/empowermissouri.org\/es\/the-power-of-your-activism\/","title":{"rendered":"El poder de tu activismo"},"content":{"rendered":"<p>Hemos escrito antes sobre <a href=\"http:\/\/empowermissouri.org\/es\/becoming-an-effective-advocate-part-one\/\">el poder de la promoci\u00f3n mediante clics<\/a> y c\u00f3mo el simple hecho de enviar un correo electr\u00f3nico coordinado o firmar una petici\u00f3n puede ser una forma estrat\u00e9gica y eficaz de activismo. Hoy, quer\u00eda informarles sobre dos de las campa\u00f1as en las que se han involucrado los amigos y seguidores de Empower Missouri, el \u00e9xito de esas campa\u00f1as y c\u00f3mo podemos mantener el impulso del cambio en el futuro.<\/p>\n\n\n\n<p>El lunes 23 de septiembre, se enviaron m\u00e1s de 79,000 comentarios al USDA con respecto al cambio propuesto por la Administraci\u00f3n Trump en la elegibilidad para el Programa de Asistencia de Nutrici\u00f3n Suplementaria (SNAP, com\u00fanmente conocido como cupones de alimentos). Nuestro comentario, que suscribieron m\u00e1s de 240 habitantes de Missouri, se opuso a la propuesta, y sospechamos que el recuento final mostrar\u00e1 que la mayor\u00eda de los dem\u00e1s tambi\u00e9n lo estaban. Esta es una muestra abrumadora de apoyo para nuestros vecinos que utilizan SNAP para ayudar a poner comida en su mesa. Mantendremos a nuestros seguidores actualizados sobre este posible cambio de reglas durante las pr\u00f3ximas semanas y meses, \u00a1pero esos son n\u00fameros enormes! Tan grande, de hecho, que el New York Times dijo que el USDA era &quot;<a href=\"https:\/\/www.nytimes.com\/2019\/09\/23\/us\/politics\/agriculture-department-food-stamp-purge.html\">inundado de llamamientos para detener la purga de cupones de alimentos<\/a>\u201d. \u00a1Gracias a todos los que enviaron un comentario!<\/p>\n\n\n\n<p>Empower Missouri est\u00e1 trabajando para reforzar SNAP tanto a nivel federal como estatal. Al momento de escribir este art\u00edculo, 11 representantes estatales de ambos lados del pasillo pol\u00edtico se han inscrito para participar en el <a href=\"https:\/\/sites.google.com\/view\/missourisnapchallenge\/home\">#MOSNAPChallenge<\/a>. Les pedimos a los ciudadanos de Michigan que utilicen nuestra pr\u00e1ctica herramienta de promoci\u00f3n para contactar a sus representantes electos y pedirles que participen, \u00a1y est\u00e1 claro que est\u00e1 funcionando! Tambi\u00e9n descubrimos a principios de esta semana que, debido a la atenci\u00f3n que hemos llamado sobre el tema, el Representante Cleaver del 5 \u00b0 Distrito del Congreso de Missouri y el Representante Clay del 1 \u00b0 Distrito del Congreso han firmado para ser copatrocinadores de HR 1368, lo que Aumentar el beneficio promedio del beneficiario de SNAP. Si desea que su representante participe, puede enviarle un correo electr\u00f3nico <a href=\"https:\/\/secure.everyaction.com\/kZbTt8FDy0ia590lcSWLnQ2\">en este enlace<\/a>.\u00a0<\/p>\n\n\n\n<p>Estos son solo dos ejemplos de c\u00f3mo la promoci\u00f3n mediante un simple clic ha ayudado a lograr avances importantes en nuestro proceso legislativo. Pero tambi\u00e9n hay m\u00e1s formas en las que puede participar. Una forma es asistir a un evento en el que pueda desarrollar conocimientos y habilidades en preparaci\u00f3n para el liderazgo c\u00edvico.<\/p>\n\n\n\n<p>El 9 de noviembre celebraremos nuestra conferencia anual, &quot;<a href=\"http:\/\/empowermissouri.org\/es\/building-blocks-of-missouris-success\/\">Bloques de construcci\u00f3n para el \u00e9xito de Missouri<\/a>\u201dEn Columbia, MO. Tenemos una serie de talleres de estrellas que nos ayudar\u00e1n a cada uno de nosotros a aprender m\u00e1s y convertirnos en mejores defensores del cambio. Hemos trabajado duro para mantener el precio de inscripci\u00f3n bajo para que el evento sea accesible para todos los que quieran asistir; las entradas cuestan solo $35 (el almuerzo y los refrigerios est\u00e1n incluidos). Al asistir a la conferencia, no solo obtendr\u00e1 conocimientos de expertos en justicia social que trabajan arduamente, sino que tambi\u00e9n apoyar\u00e1 a Empower Missouri para que podamos mantener el liderazgo en justicia social que tanto se necesita en nuestro estado.<\/p>\n\n\n\n<p>\u00a1Esperamos verte ah\u00ed!<br><\/p>","protected":false},"excerpt":{"rendered":"<p>El 9 de noviembre, llevaremos a cabo nuestra conferencia anual, &quot;Bloques de construcci\u00f3n para el \u00e9xito de Missouri&quot; en Columbia, MO. <\/p>","protected":false},"author":1,"featured_media":2853,"comment_status":"open","ping_status":"open","sticky":false,"template":"","format":"standard","meta":{"_exactmetrics_skip_tracking":false,"_exactmetrics_sitenote_active":false,"_exactmetrics_sitenote_note":"","_exactmetrics_sitenote_category":0,"footnotes":""},"categories":[43],"tags":[212,128,232,104,234,233,62,48,122],"issues":[213],"coauthors":[359],"class_list":["post-2852","post","type-post","status-publish","format-standard","has-post-thumbnail","hentry","category-weekly-perspective","tag-mosnapchallenge","tag-activism","tag-activist","tag-advocacy","tag-annual-conference","tag-building-blocks","tag-missouri","tag-moleg","tag-snap","issues-food-insecurity"],"yoast_head":"<!-- This site is optimized with the Yoast SEO plugin v27.4 - https:\/\/yoast.com\/product\/yoast-seo-wordpress\/ -->\n<title>The power of your activism - Empower Missouri<\/title>\n<meta name=\"robots\" content=\"index, follow, max-snippet:-1, max-image-preview:large, max-video-preview:-1\" \/>\n<link rel=\"canonical\" href=\"https:\/\/empowermissouri.org\/es\/the-power-of-your-activism\/\" \/>\n<meta property=\"og:locale\" content=\"es_MX\" \/>\n<meta property=\"og:type\" content=\"article\" \/>\n<meta property=\"og:title\" content=\"The power of your activism - Empower Missouri\" \/>\n<meta property=\"og:description\" content=\"On November 9th, we\u2019ll be holding our annual conference, \u201cBuilding Blocks for Missouri\u2019s Success\u201d in Columbia, MO.\" \/>\n<meta property=\"og:url\" content=\"https:\/\/empowermissouri.org\/es\/the-power-of-your-activism\/\" \/>\n<meta property=\"og:site_name\" content=\"Empower Missouri\" \/>\n<meta property=\"article:publisher\" content=\"https:\/\/www.facebook.com\/empowermissouri\" \/>\n<meta property=\"article:published_time\" content=\"2019-09-27T11:55:21+00:00\" \/>\n<meta property=\"og:image\" content=\"https:\/\/empowermissouri.org\/app\/uploads\/2019\/09\/jonas-verstuyft-t_huLiSJMX8-unsplash.jpg\" \/>\n\t<meta property=\"og:image:width\" content=\"791\" \/>\n\t<meta property=\"og:image:height\" content=\"459\" \/>\n\t<meta property=\"og:image:type\" content=\"image\/jpeg\" \/>\n<meta name=\"author\" content=\"Empower Missouri\" \/>\n<meta name=\"twitter:card\" content=\"summary_large_image\" \/>\n<meta name=\"twitter:creator\" content=\"@empowermissouri\" \/>\n<meta name=\"twitter:site\" content=\"@empowermissouri\" \/>\n<meta name=\"twitter:label1\" content=\"Written by\" \/>\n\t<meta name=\"twitter:data1\" content=\"Empower Missouri\" \/>\n\t<meta name=\"twitter:label2\" content=\"Est. reading time\" \/>\n\t<meta name=\"twitter:data2\" content=\"2 minutes\" \/>\n<script type=\"application\/ld+json\" class=\"yoast-schema-graph\">{\"@context\":\"https:\\\/\\\/schema.org\",\"@graph\":[{\"@type\":\"Article\",\"@id\":\"https:\\\/\\\/empowermissouri.org\\\/the-power-of-your-activism\\\/#article\",\"isPartOf\":{\"@id\":\"https:\\\/\\\/empowermissouri.org\\\/the-power-of-your-activism\\\/\"},\"author\":{\"name\":\"Empower Missouri\",\"@id\":\"https:\\\/\\\/empowermissouri.org\\\/#\\\/schema\\\/person\\\/e951a654cbc724fec5829ff7f4d36370\"},\"headline\":\"The power of your activism\",\"datePublished\":\"2019-09-27T11:55:21+00:00\",\"mainEntityOfPage\":{\"@id\":\"https:\\\/\\\/empowermissouri.org\\\/the-power-of-your-activism\\\/\"},\"wordCount\":502,\"commentCount\":1,\"publisher\":{\"@id\":\"https:\\\/\\\/empowermissouri.org\\\/#organization\"},\"image\":{\"@id\":\"https:\\\/\\\/empowermissouri.org\\\/the-power-of-your-activism\\\/#primaryimage\"},\"thumbnailUrl\":\"https:\\\/\\\/empowermissouri.org\\\/app\\\/uploads\\\/2019\\\/09\\\/jonas-verstuyft-t_huLiSJMX8-unsplash.jpg\",\"keywords\":[\"#MOSNAPChallenge\",\"activism\",\"activist\",\"advocacy\",\"Annual Conference\",\"Building Blocks\",\"Missouri\",\"moleg\",\"SNAP\"],\"articleSection\":[\"Weekly Perspective\"],\"inLanguage\":\"es-MX\",\"potentialAction\":[{\"@type\":\"CommentAction\",\"name\":\"Comment\",\"target\":[\"https:\\\/\\\/empowermissouri.org\\\/the-power-of-your-activism\\\/#respond\"]}]},{\"@type\":\"WebPage\",\"@id\":\"https:\\\/\\\/empowermissouri.org\\\/the-power-of-your-activism\\\/\",\"url\":\"https:\\\/\\\/empowermissouri.org\\\/the-power-of-your-activism\\\/\",\"name\":\"The power of your activism - Empower Missouri\",\"isPartOf\":{\"@id\":\"https:\\\/\\\/empowermissouri.org\\\/#website\"},\"primaryImageOfPage\":{\"@id\":\"https:\\\/\\\/empowermissouri.org\\\/the-power-of-your-activism\\\/#primaryimage\"},\"image\":{\"@id\":\"https:\\\/\\\/empowermissouri.org\\\/the-power-of-your-activism\\\/#primaryimage\"},\"thumbnailUrl\":\"https:\\\/\\\/empowermissouri.org\\\/app\\\/uploads\\\/2019\\\/09\\\/jonas-verstuyft-t_huLiSJMX8-unsplash.jpg\",\"datePublished\":\"2019-09-27T11:55:21+00:00\",\"breadcrumb\":{\"@id\":\"https:\\\/\\\/empowermissouri.org\\\/the-power-of-your-activism\\\/#breadcrumb\"},\"inLanguage\":\"es-MX\",\"potentialAction\":[{\"@type\":\"ReadAction\",\"target\":[\"https:\\\/\\\/empowermissouri.org\\\/the-power-of-your-activism\\\/\"]}]},{\"@type\":\"ImageObject\",\"inLanguage\":\"es-MX\",\"@id\":\"https:\\\/\\\/empowermissouri.org\\\/the-power-of-your-activism\\\/#primaryimage\",\"url\":\"https:\\\/\\\/empowermissouri.org\\\/app\\\/uploads\\\/2019\\\/09\\\/jonas-verstuyft-t_huLiSJMX8-unsplash.jpg\",\"contentUrl\":\"https:\\\/\\\/empowermissouri.org\\\/app\\\/uploads\\\/2019\\\/09\\\/jonas-verstuyft-t_huLiSJMX8-unsplash.jpg\",\"width\":791,\"height\":459},{\"@type\":\"BreadcrumbList\",\"@id\":\"https:\\\/\\\/empowermissouri.org\\\/the-power-of-your-activism\\\/#breadcrumb\",\"itemListElement\":[{\"@type\":\"ListItem\",\"position\":1,\"name\":\"Home\",\"item\":\"https:\\\/\\\/empowermissouri.org\\\/\"},{\"@type\":\"ListItem\",\"position\":2,\"name\":\"The power of your activism\"}]},{\"@type\":\"WebSite\",\"@id\":\"https:\\\/\\\/empowermissouri.org\\\/#website\",\"url\":\"https:\\\/\\\/empowermissouri.org\\\/\",\"name\":\"Empower Missouri\",\"description\":\"Advocating for Justice | Empowering Change\",\"publisher\":{\"@id\":\"https:\\\/\\\/empowermissouri.org\\\/#organization\"},\"potentialAction\":[{\"@type\":\"SearchAction\",\"target\":{\"@type\":\"EntryPoint\",\"urlTemplate\":\"https:\\\/\\\/empowermissouri.org\\\/?s={search_term_string}\"},\"query-input\":{\"@type\":\"PropertyValueSpecification\",\"valueRequired\":true,\"valueName\":\"search_term_string\"}}],\"inLanguage\":\"es-MX\"},{\"@type\":\"Organization\",\"@id\":\"https:\\\/\\\/empowermissouri.org\\\/#organization\",\"name\":\"Empower Missouri\",\"url\":\"https:\\\/\\\/empowermissouri.org\\\/\",\"logo\":{\"@type\":\"ImageObject\",\"inLanguage\":\"es-MX\",\"@id\":\"https:\\\/\\\/empowermissouri.org\\\/#\\\/schema\\\/logo\\\/image\\\/\",\"url\":\"http:\\\/\\\/empowermissouri.org\\\/app\\\/uploads\\\/2018\\\/08\\\/logo_button.png\",\"contentUrl\":\"http:\\\/\\\/empowermissouri.org\\\/app\\\/uploads\\\/2018\\\/08\\\/logo_button.png\",\"width\":579,\"height\":579,\"caption\":\"Empower Missouri\"},\"image\":{\"@id\":\"https:\\\/\\\/empowermissouri.org\\\/#\\\/schema\\\/logo\\\/image\\\/\"},\"sameAs\":[\"https:\\\/\\\/www.facebook.com\\\/empowermissouri\",\"https:\\\/\\\/x.com\\\/empowermissouri\",\"https:\\\/\\\/www.instagram.com\\\/empowermissouri\\\/\",\"https:\\\/\\\/www.linkedin.com\\\/company\\\/empower-missouri\\\/\"]},{\"@type\":\"Person\",\"@id\":\"https:\\\/\\\/empowermissouri.org\\\/#\\\/schema\\\/person\\\/e951a654cbc724fec5829ff7f4d36370\",\"name\":\"Empower Missouri\",\"image\":{\"@type\":\"ImageObject\",\"inLanguage\":\"es-MX\",\"@id\":\"https:\\\/\\\/secure.gravatar.com\\\/avatar\\\/707cc62910910b381e613ab53a9c71ad8f903d58979eb1f78be3a4947f578900?s=96&d=mm&r=gb92e1d0ab19e89757b0c5f03bd735f45\",\"url\":\"https:\\\/\\\/secure.gravatar.com\\\/avatar\\\/707cc62910910b381e613ab53a9c71ad8f903d58979eb1f78be3a4947f578900?s=96&d=mm&r=g\",\"contentUrl\":\"https:\\\/\\\/secure.gravatar.com\\\/avatar\\\/707cc62910910b381e613ab53a9c71ad8f903d58979eb1f78be3a4947f578900?s=96&d=mm&r=g\",\"caption\":\"Empower Missouri\"},\"url\":\"https:\\\/\\\/empowermissouri.org\\\/es\\\/author\\\/developer\\\/\"}]}<\/script>\n<!-- \/ Yoast SEO plugin. -->","yoast_head_json":{"title":"The power of your activism - Empower Missouri","robots":{"index":"index","follow":"follow","max-snippet":"max-snippet:-1","max-image-preview":"max-image-preview:large","max-video-preview":"max-video-preview:-1"},"canonical":"https:\/\/empowermissouri.org\/es\/the-power-of-your-activism\/","og_locale":"es_MX","og_type":"article","og_title":"The power of your activism - Empower Missouri","og_description":"On November 9th, we\u2019ll be holding our annual conference, \u201cBuilding Blocks for Missouri\u2019s Success\u201d in Columbia, MO.","og_url":"https:\/\/empowermissouri.org\/es\/the-power-of-your-activism\/","og_site_name":"Empower Missouri","article_publisher":"https:\/\/www.facebook.com\/empowermissouri","article_published_time":"2019-09-27T11:55:21+00:00","og_image":[{"width":791,"height":459,"url":"https:\/\/empowermissouri.org\/app\/uploads\/2019\/09\/jonas-verstuyft-t_huLiSJMX8-unsplash.jpg","type":"image\/jpeg"}],"author":"Empower Missouri","twitter_card":"summary_large_image","twitter_creator":"@empowermissouri","twitter_site":"@empowermissouri","twitter_misc":{"Written by":"Empower Missouri","Est. reading time":"2 minutes"},"schema":{"@context":"https:\/\/schema.org","@graph":[{"@type":"Article","@id":"https:\/\/empowermissouri.org\/the-power-of-your-activism\/#article","isPartOf":{"@id":"https:\/\/empowermissouri.org\/the-power-of-your-activism\/"},"author":{"name":"Empower Missouri","@id":"https:\/\/empowermissouri.org\/#\/schema\/person\/e951a654cbc724fec5829ff7f4d36370"},"headline":"The power of your activism","datePublished":"2019-09-27T11:55:21+00:00","mainEntityOfPage":{"@id":"https:\/\/empowermissouri.org\/the-power-of-your-activism\/"},"wordCount":502,"commentCount":1,"publisher":{"@id":"https:\/\/empowermissouri.org\/#organization"},"image":{"@id":"https:\/\/empowermissouri.org\/the-power-of-your-activism\/#primaryimage"},"thumbnailUrl":"https:\/\/empowermissouri.org\/app\/uploads\/2019\/09\/jonas-verstuyft-t_huLiSJMX8-unsplash.jpg","keywords":["#MOSNAPChallenge","activism","activist","advocacy","Annual Conference","Building Blocks","Missouri","moleg","SNAP"],"articleSection":["Weekly Perspective"],"inLanguage":"es-MX","potentialAction":[{"@type":"CommentAction","name":"Comment","target":["https:\/\/empowermissouri.org\/the-power-of-your-activism\/#respond"]}]},{"@type":"WebPage","@id":"https:\/\/empowermissouri.org\/the-power-of-your-activism\/","url":"https:\/\/empowermissouri.org\/the-power-of-your-activism\/","name":"The power of your activism - Empower Missouri","isPartOf":{"@id":"https:\/\/empowermissouri.org\/#website"},"primaryImageOfPage":{"@id":"https:\/\/empowermissouri.org\/the-power-of-your-activism\/#primaryimage"},"image":{"@id":"https:\/\/empowermissouri.org\/the-power-of-your-activism\/#primaryimage"},"thumbnailUrl":"https:\/\/empowermissouri.org\/app\/uploads\/2019\/09\/jonas-verstuyft-t_huLiSJMX8-unsplash.jpg","datePublished":"2019-09-27T11:55:21+00:00","breadcrumb":{"@id":"https:\/\/empowermissouri.org\/the-power-of-your-activism\/#breadcrumb"},"inLanguage":"es-MX","potentialAction":[{"@type":"ReadAction","target":["https:\/\/empowermissouri.org\/the-power-of-your-activism\/"]}]},{"@type":"ImageObject","inLanguage":"es-MX","@id":"https:\/\/empowermissouri.org\/the-power-of-your-activism\/#primaryimage","url":"https:\/\/empowermissouri.org\/app\/uploads\/2019\/09\/jonas-verstuyft-t_huLiSJMX8-unsplash.jpg","contentUrl":"https:\/\/empowermissouri.org\/app\/uploads\/2019\/09\/jonas-verstuyft-t_huLiSJMX8-unsplash.jpg","width":791,"height":459},{"@type":"BreadcrumbList","@id":"https:\/\/empowermissouri.org\/the-power-of-your-activism\/#breadcrumb","itemListElement":[{"@type":"ListItem","position":1,"name":"Home","item":"https:\/\/empowermissouri.org\/"},{"@type":"ListItem","position":2,"name":"The power of your activism"}]},{"@type":"WebSite","@id":"https:\/\/empowermissouri.org\/#website","url":"https:\/\/empowermissouri.org\/","name":"Empoderar a Missouri","description":"Advocating for Justice | Empowering Change","publisher":{"@id":"https:\/\/empowermissouri.org\/#organization"},"potentialAction":[{"@type":"SearchAction","target":{"@type":"EntryPoint","urlTemplate":"https:\/\/empowermissouri.org\/?s={search_term_string}"},"query-input":{"@type":"PropertyValueSpecification","valueRequired":true,"valueName":"search_term_string"}}],"inLanguage":"es-MX"},{"@type":"Organization","@id":"https:\/\/empowermissouri.org\/#organization","name":"Empoderar a Missouri","url":"https:\/\/empowermissouri.org\/","logo":{"@type":"ImageObject","inLanguage":"es-MX","@id":"https:\/\/empowermissouri.org\/#\/schema\/logo\/image\/","url":"http:\/\/empowermissouri.org\/app\/uploads\/2018\/08\/logo_button.png","contentUrl":"http:\/\/empowermissouri.org\/app\/uploads\/2018\/08\/logo_button.png","width":579,"height":579,"caption":"Empower Missouri"},"image":{"@id":"https:\/\/empowermissouri.org\/#\/schema\/logo\/image\/"},"sameAs":["https:\/\/www.facebook.com\/empowermissouri","https:\/\/x.com\/empowermissouri","https:\/\/www.instagram.com\/empowermissouri\/","https:\/\/www.linkedin.com\/company\/empower-missouri\/"]},{"@type":"Person","@id":"https:\/\/empowermissouri.org\/#\/schema\/person\/e951a654cbc724fec5829ff7f4d36370","name":"Empoderar a Missouri","image":{"@type":"ImageObject","inLanguage":"es-MX","@id":"https:\/\/secure.gravatar.com\/avatar\/707cc62910910b381e613ab53a9c71ad8f903d58979eb1f78be3a4947f578900?s=96&d=mm&r=gb92e1d0ab19e89757b0c5f03bd735f45","url":"https:\/\/secure.gravatar.com\/avatar\/707cc62910910b381e613ab53a9c71ad8f903d58979eb1f78be3a4947f578900?s=96&d=mm&r=g","contentUrl":"https:\/\/secure.gravatar.com\/avatar\/707cc62910910b381e613ab53a9c71ad8f903d58979eb1f78be3a4947f578900?s=96&d=mm&r=g","caption":"Empower Missouri"},"url":"https:\/\/empowermissouri.org\/es\/author\/developer\/"}]}},"_links":{"self":[{"href":"https:\/\/empowermissouri.org\/es\/wp-json\/wp\/v2\/posts\/2852","targetHints":{"allow":["GET"]}}],"collection":[{"href":"https:\/\/empowermissouri.org\/es\/wp-json\/wp\/v2\/posts"}],"about":[{"href":"https:\/\/empowermissouri.org\/es\/wp-json\/wp\/v2\/types\/post"}],"author":[{"embeddable":true,"href":"https:\/\/empowermissouri.org\/es\/wp-json\/wp\/v2\/users\/1"}],"replies":[{"embeddable":true,"href":"https:\/\/empowermissouri.org\/es\/wp-json\/wp\/v2\/comments?post=2852"}],"version-history":[{"count":0,"href":"https:\/\/empowermissouri.org\/es\/wp-json\/wp\/v2\/posts\/2852\/revisions"}],"wp:featuredmedia":[{"embeddable":true,"href":"https:\/\/empowermissouri.org\/es\/wp-json\/wp\/v2\/media\/2853"}],"wp:attachment":[{"href":"https:\/\/empowermissouri.org\/es\/wp-json\/wp\/v2\/media?parent=2852"}],"wp:term":[{"taxonomy":"category","embeddable":true,"href":"https:\/\/empowermissouri.org\/es\/wp-json\/wp\/v2\/categories?post=2852"},{"taxonomy":"post_tag","embeddable":true,"href":"https:\/\/empowermissouri.org\/es\/wp-json\/wp\/v2\/tags?post=2852"},{"taxonomy":"issues","embeddable":true,"href":"https:\/\/empowermissouri.org\/es\/wp-json\/wp\/v2\/issues?post=2852"},{"taxonomy":"author","embeddable":true,"href":"https:\/\/empowermissouri.org\/es\/wp-json\/wp\/v2\/coauthors?post=2852"}],"curies":[{"name":"wp","href":"https:\/\/api.w.org\/{rel}","templated":true}]}}