{"id":2807,"date":"2019-09-20T06:55:56","date_gmt":"2019-09-20T11:55:56","guid":{"rendered":"http:\/\/empowermissouri.org\/?p=2807"},"modified":"2019-09-19T13:16:22","modified_gmt":"2019-09-19T18:16:22","slug":"medicaid-ballot-initiative-missouri-2020","status":"publish","type":"post","link":"https:\/\/empowermissouri.org\/es\/medicaid-ballot-initiative-missouri-2020\/","title":{"rendered":"C\u00f3mo participar en la iniciativa de votaci\u00f3n de expansi\u00f3n de Medicaid de Missouri"},"content":{"rendered":"<p>M\u00e1s de 200.000 trabajadores de Missouri se encuentran en la \u201cbrecha de cobertura\u201d, no pueden pagar un seguro a trav\u00e9s del Mercado de la Ley del Cuidado de Salud a Bajo Precio y no pueden calificar para Medicaid, la cobertura de seguro de la red de seguridad de Missouri. Si no est\u00e1 familiarizado con Medicaid, es un programa de atenci\u00f3n m\u00e9dica que ayuda a las familias o personas de bajos ingresos a pagar las visitas al m\u00e9dico, las estad\u00edas en el hospital, los costos de atenci\u00f3n m\u00e9dica y de custodia a largo plazo, y m\u00e1s.<\/p>\n\n\n\n<p>Medicaid es un programa conjunto, financiado principalmente por el gobierno federal pero administrado por el estado de Missouri. Nuestra Asamblea General se ha negado repetidamente a ampliar las pautas de elegibilidad de ingresos para el programa de Medicaid, a pesar de que Missouri tendr\u00eda un arreglo de costos compartidos mucho mejor con el gobierno federal si decidi\u00e9ramos hacerlo. Varios hospitales rurales han cerrado porque su liderazgo no pudo encontrar una manera de hacer frente al volumen de atenci\u00f3n no compensada que enfrentaban sus instituciones, dada la negativa de los l\u00edderes de la C\u00e1mara y el Senado a abordar esta necesidad estatal urgente.<\/p>\n\n\n\n<p>Actualmente, un padre soltero con un hijo no puede ganar m\u00e1s de <strong>$381 AL MES<\/strong> y a\u00fan califica para la cobertura de Medicaid en Missouri. Es un ultraje que nuestros vecinos, <a href=\"https:\/\/vimeo.com\/357724831\">como Sarah, LaKisha y Louis en este video<\/a>, actualmente no tienen seguro y est\u00e1n atrapados en la brecha de cobertura.&nbsp;<\/p>\n\n\n\n<p>Entiendo el dolor por el que atraviesan estas familias de una manera muy personal. Mi abuelo Mott muri\u00f3 de c\u00e1ncer justo antes de que yo cumpliera diez a\u00f1os debido a la imposibilidad de pagar la atenci\u00f3n m\u00e9dica. El abuelo, minero de espato fl\u00faor (en una mina sin uni\u00f3n) y agricultor de subsistencia, desarroll\u00f3 una mancha en la oreja, lo cual no fue sorprendente ya que siempre estaba arando o alimentando ganado bajo el sol brillante y ten\u00eda esa piel celta que se quema tan f\u00e1cilmente. Evit\u00f3 la visita al consultorio del m\u00e9dico durante todo el tiempo que pudo para evitar el gasto. Esto fue justo antes de la promulgaci\u00f3n de Medicare, por lo que las personas mayores no ten\u00edan una red de seguridad. Con el tiempo, qued\u00f3 claro que ten\u00eda que ver a un m\u00e9dico y recibi\u00f3 un diagn\u00f3stico de c\u00e1ncer. Hab\u00eda esperado demasiado para buscar atenci\u00f3n, empeorando las probabilidades de su supervivencia. Era un abuelo maravilloso y su muerte fue un acontecimiento importante para convertirme en el defensor de la justicia social que soy hoy.&nbsp;<\/p>\n\n\n\n<p>Nadie deber\u00eda tener que elegir entre la atenci\u00f3n m\u00e9dica y otras necesidades como la comida, el alquiler y el cuidado de los ni\u00f1os. Es por eso que la Junta Directiva de Empower Missouri ha votado para que nuestra organizaci\u00f3n se convierta en parte de un esfuerzo por reunir firmas para una iniciativa de votaci\u00f3n de expansi\u00f3n de Medicaid. Si tenemos \u00e9xito, los habitantes de Missouri tendr\u00e1n la oportunidad de votar en 2020 para expandir Medicaid a aquellos en la brecha de cobertura, tal como votamos para aumentar el salario m\u00ednimo y promulgar las reformas del gobierno CLEAN de 2018.<\/p>\n\n\n\n<p><strong>\u00bfPodemos contar contigo para que te unas a nosotros?<\/strong> <a href=\"https:\/\/action.healthcareformissouri.org\/page\/s\/join-us\"><strong>Registrate aqu\u00ed<\/strong><\/a><strong> para unirse a la campa\u00f1a \u201cHealthcare for Missouri\u201d.<\/strong> Cuando se registre, la organizaci\u00f3n de base que encabeza el esfuerzo har\u00e1 un seguimiento con materiales de capacitaci\u00f3n e informaci\u00f3n sobre las pr\u00f3ximas oportunidades de recolecci\u00f3n de firmas en su \u00e1rea.<\/p>\n\n\n\n<p>Espero que usted, como yo, est\u00e9 comprometido con un plan nacional de salud en el que todos entren y nadie salga. Hasta que hagamos que eso suceda mediante la organizaci\u00f3n y la promoci\u00f3n persistentes, debemos insistir en que Missouri haga lo correcto con nuestros vecinos que trabajan duro, pero que caen en la brecha de cobertura. Tu no <a href=\"https:\/\/action.healthcareformissouri.org\/page\/s\/join-us\">\u00fanete a la campa\u00f1a<\/a> hacer realidad la atenci\u00f3n m\u00e9dica asequible para estos vecinos en el pr\u00f3ximo ciclo electoral?<\/p>\n\n\n\n<p>En solidaridad,<\/p>\n\n\n\n<figure class=\"wp-block-image\"><img decoding=\"async\" width=\"170\" height=\"66\" src=\"http:\/\/empowermissouri.org\/wordpress\/..\/uploads\/2018\/10\/jmo-signature.png\" alt=\"\" class=\"wp-image-567\"\/><\/figure>","protected":false},"excerpt":{"rendered":"<p>More than 200,000 Missouri workers are in the \u201ccoverage gap,\u201d unable to afford insurance through the Marketplace of the Affordable Care Act and unable to qualify for Medicaid, Missouri\u2019s safety net insurance coverage. If you are unfamiliar with Medicaid, it is a health care program that assists families or individuals with low-incomes in paying for [&hellip;]<\/p>\n","protected":false},"author":1,"featured_media":2808,"comment_status":"open","ping_status":"open","sticky":false,"template":"","format":"standard","meta":{"_exactmetrics_skip_tracking":false,"_exactmetrics_sitenote_active":false,"_exactmetrics_sitenote_note":"","_exactmetrics_sitenote_category":0,"footnotes":""},"categories":[43],"tags":[228,41,231,79,227,62,48,230,181,229],"issues":[30],"coauthors":[359],"class_list":["post-2807","post","type-post","status-publish","format-standard","has-post-thumbnail","hentry","category-weekly-perspective","tag-ballot-initiative","tag-health-and-mental-health","tag-healthcare","tag-medicaid","tag-medicaid-expansion","tag-missouri","tag-moleg","tag-signatures","tag-vote","tag-voters","issues-health-and-mental-health"],"yoast_head":"<!-- This site is optimized with the Yoast SEO plugin v27.4 - https:\/\/yoast.com\/product\/yoast-seo-wordpress\/ -->\n<title>How to get involved with the Missouri Medicaid Expansion ballot initiative - Empower Missouri<\/title>\n<meta name=\"description\" content=\"No one should have to choose between health care and other needs like food, rent, and child care. That\u2019s why the Board of Directors of Empower Missouri has voted for our organization to become a part of an effort to gather signatures for a Medicaid Expansion ballot initiative.\" \/>\n<meta name=\"robots\" content=\"index, follow, max-snippet:-1, max-image-preview:large, max-video-preview:-1\" \/>\n<link rel=\"canonical\" href=\"https:\/\/empowermissouri.org\/es\/medicaid-ballot-initiative-missouri-2020\/\" \/>\n<meta property=\"og:locale\" content=\"es_MX\" \/>\n<meta property=\"og:type\" content=\"article\" \/>\n<meta property=\"og:title\" content=\"How to get involved with the Missouri Medicaid Expansion ballot initiative - Empower Missouri\" \/>\n<meta property=\"og:description\" content=\"No one should have to choose between health care and other needs like food, rent, and child care. That\u2019s why the Board of Directors of Empower Missouri has voted for our organization to become a part of an effort to gather signatures for a Medicaid Expansion ballot initiative.\" \/>\n<meta property=\"og:url\" content=\"https:\/\/empowermissouri.org\/es\/medicaid-ballot-initiative-missouri-2020\/\" \/>\n<meta property=\"og:site_name\" content=\"Empower Missouri\" \/>\n<meta property=\"article:publisher\" content=\"https:\/\/www.facebook.com\/empowermissouri\" \/>\n<meta property=\"article:published_time\" content=\"2019-09-20T11:55:56+00:00\" \/>\n<meta property=\"og:image\" content=\"https:\/\/empowermissouri.org\/app\/uploads\/2019\/09\/clem-onojeghuo-DoA2duXyzRM-unsplash.jpg\" \/>\n\t<meta property=\"og:image:width\" content=\"1200\" \/>\n\t<meta property=\"og:image:height\" content=\"799\" \/>\n\t<meta property=\"og:image:type\" content=\"image\/jpeg\" \/>\n<meta name=\"author\" content=\"Empower Missouri\" \/>\n<meta name=\"twitter:card\" content=\"summary_large_image\" \/>\n<meta name=\"twitter:creator\" content=\"@empowermissouri\" \/>\n<meta name=\"twitter:site\" content=\"@empowermissouri\" \/>\n<meta name=\"twitter:label1\" content=\"Written by\" \/>\n\t<meta name=\"twitter:data1\" content=\"Empower Missouri\" \/>\n\t<meta name=\"twitter:label2\" content=\"Est. reading time\" \/>\n\t<meta name=\"twitter:data2\" content=\"3 minutes\" \/>\n<script type=\"application\/ld+json\" class=\"yoast-schema-graph\">{\"@context\":\"https:\\\/\\\/schema.org\",\"@graph\":[{\"@type\":\"Article\",\"@id\":\"https:\\\/\\\/empowermissouri.org\\\/medicaid-ballot-initiative-missouri-2020\\\/#article\",\"isPartOf\":{\"@id\":\"https:\\\/\\\/empowermissouri.org\\\/medicaid-ballot-initiative-missouri-2020\\\/\"},\"author\":{\"name\":\"Empower Missouri\",\"@id\":\"https:\\\/\\\/empowermissouri.org\\\/#\\\/schema\\\/person\\\/e951a654cbc724fec5829ff7f4d36370\"},\"headline\":\"How to get involved with the Missouri Medicaid Expansion ballot initiative\",\"datePublished\":\"2019-09-20T11:55:56+00:00\",\"mainEntityOfPage\":{\"@id\":\"https:\\\/\\\/empowermissouri.org\\\/medicaid-ballot-initiative-missouri-2020\\\/\"},\"wordCount\":583,\"commentCount\":1,\"publisher\":{\"@id\":\"https:\\\/\\\/empowermissouri.org\\\/#organization\"},\"image\":{\"@id\":\"https:\\\/\\\/empowermissouri.org\\\/medicaid-ballot-initiative-missouri-2020\\\/#primaryimage\"},\"thumbnailUrl\":\"https:\\\/\\\/empowermissouri.org\\\/app\\\/uploads\\\/2019\\\/09\\\/clem-onojeghuo-DoA2duXyzRM-unsplash.jpg\",\"keywords\":[\"ballot initiative\",\"Health and Mental Health\",\"healthcare\",\"medicaid\",\"medicaid expansion\",\"Missouri\",\"moleg\",\"signatures\",\"vote\",\"voters\"],\"articleSection\":[\"Weekly Perspective\"],\"inLanguage\":\"es-MX\",\"potentialAction\":[{\"@type\":\"CommentAction\",\"name\":\"Comment\",\"target\":[\"https:\\\/\\\/empowermissouri.org\\\/medicaid-ballot-initiative-missouri-2020\\\/#respond\"]}]},{\"@type\":\"WebPage\",\"@id\":\"https:\\\/\\\/empowermissouri.org\\\/medicaid-ballot-initiative-missouri-2020\\\/\",\"url\":\"https:\\\/\\\/empowermissouri.org\\\/medicaid-ballot-initiative-missouri-2020\\\/\",\"name\":\"How to get involved with the Missouri Medicaid Expansion ballot initiative - Empower Missouri\",\"isPartOf\":{\"@id\":\"https:\\\/\\\/empowermissouri.org\\\/#website\"},\"primaryImageOfPage\":{\"@id\":\"https:\\\/\\\/empowermissouri.org\\\/medicaid-ballot-initiative-missouri-2020\\\/#primaryimage\"},\"image\":{\"@id\":\"https:\\\/\\\/empowermissouri.org\\\/medicaid-ballot-initiative-missouri-2020\\\/#primaryimage\"},\"thumbnailUrl\":\"https:\\\/\\\/empowermissouri.org\\\/app\\\/uploads\\\/2019\\\/09\\\/clem-onojeghuo-DoA2duXyzRM-unsplash.jpg\",\"datePublished\":\"2019-09-20T11:55:56+00:00\",\"description\":\"No one should have to choose between health care and other needs like food, rent, and child care. That\u2019s why the Board of Directors of Empower Missouri has voted for our organization to become a part of an effort to gather signatures for a Medicaid Expansion ballot initiative.\",\"breadcrumb\":{\"@id\":\"https:\\\/\\\/empowermissouri.org\\\/medicaid-ballot-initiative-missouri-2020\\\/#breadcrumb\"},\"inLanguage\":\"es-MX\",\"potentialAction\":[{\"@type\":\"ReadAction\",\"target\":[\"https:\\\/\\\/empowermissouri.org\\\/medicaid-ballot-initiative-missouri-2020\\\/\"]}]},{\"@type\":\"ImageObject\",\"inLanguage\":\"es-MX\",\"@id\":\"https:\\\/\\\/empowermissouri.org\\\/medicaid-ballot-initiative-missouri-2020\\\/#primaryimage\",\"url\":\"https:\\\/\\\/empowermissouri.org\\\/app\\\/uploads\\\/2019\\\/09\\\/clem-onojeghuo-DoA2duXyzRM-unsplash.jpg\",\"contentUrl\":\"https:\\\/\\\/empowermissouri.org\\\/app\\\/uploads\\\/2019\\\/09\\\/clem-onojeghuo-DoA2duXyzRM-unsplash.jpg\",\"width\":1200,\"height\":799},{\"@type\":\"BreadcrumbList\",\"@id\":\"https:\\\/\\\/empowermissouri.org\\\/medicaid-ballot-initiative-missouri-2020\\\/#breadcrumb\",\"itemListElement\":[{\"@type\":\"ListItem\",\"position\":1,\"name\":\"Home\",\"item\":\"https:\\\/\\\/empowermissouri.org\\\/\"},{\"@type\":\"ListItem\",\"position\":2,\"name\":\"How to get involved with the Missouri Medicaid Expansion ballot initiative\"}]},{\"@type\":\"WebSite\",\"@id\":\"https:\\\/\\\/empowermissouri.org\\\/#website\",\"url\":\"https:\\\/\\\/empowermissouri.org\\\/\",\"name\":\"Empower Missouri\",\"description\":\"Advocating for Justice | Empowering Change\",\"publisher\":{\"@id\":\"https:\\\/\\\/empowermissouri.org\\\/#organization\"},\"potentialAction\":[{\"@type\":\"SearchAction\",\"target\":{\"@type\":\"EntryPoint\",\"urlTemplate\":\"https:\\\/\\\/empowermissouri.org\\\/?s={search_term_string}\"},\"query-input\":{\"@type\":\"PropertyValueSpecification\",\"valueRequired\":true,\"valueName\":\"search_term_string\"}}],\"inLanguage\":\"es-MX\"},{\"@type\":\"Organization\",\"@id\":\"https:\\\/\\\/empowermissouri.org\\\/#organization\",\"name\":\"Empower Missouri\",\"url\":\"https:\\\/\\\/empowermissouri.org\\\/\",\"logo\":{\"@type\":\"ImageObject\",\"inLanguage\":\"es-MX\",\"@id\":\"https:\\\/\\\/empowermissouri.org\\\/#\\\/schema\\\/logo\\\/image\\\/\",\"url\":\"http:\\\/\\\/empowermissouri.org\\\/app\\\/uploads\\\/2018\\\/08\\\/logo_button.png\",\"contentUrl\":\"http:\\\/\\\/empowermissouri.org\\\/app\\\/uploads\\\/2018\\\/08\\\/logo_button.png\",\"width\":579,\"height\":579,\"caption\":\"Empower Missouri\"},\"image\":{\"@id\":\"https:\\\/\\\/empowermissouri.org\\\/#\\\/schema\\\/logo\\\/image\\\/\"},\"sameAs\":[\"https:\\\/\\\/www.facebook.com\\\/empowermissouri\",\"https:\\\/\\\/x.com\\\/empowermissouri\",\"https:\\\/\\\/www.instagram.com\\\/empowermissouri\\\/\",\"https:\\\/\\\/www.linkedin.com\\\/company\\\/empower-missouri\\\/\"]},{\"@type\":\"Person\",\"@id\":\"https:\\\/\\\/empowermissouri.org\\\/#\\\/schema\\\/person\\\/e951a654cbc724fec5829ff7f4d36370\",\"name\":\"Empower Missouri\",\"image\":{\"@type\":\"ImageObject\",\"inLanguage\":\"es-MX\",\"@id\":\"https:\\\/\\\/secure.gravatar.com\\\/avatar\\\/707cc62910910b381e613ab53a9c71ad8f903d58979eb1f78be3a4947f578900?s=96&d=mm&r=gb92e1d0ab19e89757b0c5f03bd735f45\",\"url\":\"https:\\\/\\\/secure.gravatar.com\\\/avatar\\\/707cc62910910b381e613ab53a9c71ad8f903d58979eb1f78be3a4947f578900?s=96&d=mm&r=g\",\"contentUrl\":\"https:\\\/\\\/secure.gravatar.com\\\/avatar\\\/707cc62910910b381e613ab53a9c71ad8f903d58979eb1f78be3a4947f578900?s=96&d=mm&r=g\",\"caption\":\"Empower Missouri\"},\"url\":\"https:\\\/\\\/empowermissouri.org\\\/es\\\/author\\\/developer\\\/\"}]}<\/script>\n<!-- \/ Yoast SEO plugin. -->","yoast_head_json":{"title":"How to get involved with the Missouri Medicaid Expansion ballot initiative - Empower Missouri","description":"No one should have to choose between health care and other needs like food, rent, and child care. That\u2019s why the Board of Directors of Empower Missouri has voted for our organization to become a part of an effort to gather signatures for a Medicaid Expansion ballot initiative.","robots":{"index":"index","follow":"follow","max-snippet":"max-snippet:-1","max-image-preview":"max-image-preview:large","max-video-preview":"max-video-preview:-1"},"canonical":"https:\/\/empowermissouri.org\/es\/medicaid-ballot-initiative-missouri-2020\/","og_locale":"es_MX","og_type":"article","og_title":"How to get involved with the Missouri Medicaid Expansion ballot initiative - Empower Missouri","og_description":"No one should have to choose between health care and other needs like food, rent, and child care. That\u2019s why the Board of Directors of Empower Missouri has voted for our organization to become a part of an effort to gather signatures for a Medicaid Expansion ballot initiative.","og_url":"https:\/\/empowermissouri.org\/es\/medicaid-ballot-initiative-missouri-2020\/","og_site_name":"Empower Missouri","article_publisher":"https:\/\/www.facebook.com\/empowermissouri","article_published_time":"2019-09-20T11:55:56+00:00","og_image":[{"width":1200,"height":799,"url":"https:\/\/empowermissouri.org\/app\/uploads\/2019\/09\/clem-onojeghuo-DoA2duXyzRM-unsplash.jpg","type":"image\/jpeg"}],"author":"Empower Missouri","twitter_card":"summary_large_image","twitter_creator":"@empowermissouri","twitter_site":"@empowermissouri","twitter_misc":{"Written by":"Empower Missouri","Est. reading time":"3 minutes"},"schema":{"@context":"https:\/\/schema.org","@graph":[{"@type":"Article","@id":"https:\/\/empowermissouri.org\/medicaid-ballot-initiative-missouri-2020\/#article","isPartOf":{"@id":"https:\/\/empowermissouri.org\/medicaid-ballot-initiative-missouri-2020\/"},"author":{"name":"Empower Missouri","@id":"https:\/\/empowermissouri.org\/#\/schema\/person\/e951a654cbc724fec5829ff7f4d36370"},"headline":"How to get involved with the Missouri Medicaid Expansion ballot initiative","datePublished":"2019-09-20T11:55:56+00:00","mainEntityOfPage":{"@id":"https:\/\/empowermissouri.org\/medicaid-ballot-initiative-missouri-2020\/"},"wordCount":583,"commentCount":1,"publisher":{"@id":"https:\/\/empowermissouri.org\/#organization"},"image":{"@id":"https:\/\/empowermissouri.org\/medicaid-ballot-initiative-missouri-2020\/#primaryimage"},"thumbnailUrl":"https:\/\/empowermissouri.org\/app\/uploads\/2019\/09\/clem-onojeghuo-DoA2duXyzRM-unsplash.jpg","keywords":["ballot initiative","Health and Mental Health","healthcare","medicaid","medicaid expansion","Missouri","moleg","signatures","vote","voters"],"articleSection":["Weekly Perspective"],"inLanguage":"es-MX","potentialAction":[{"@type":"CommentAction","name":"Comment","target":["https:\/\/empowermissouri.org\/medicaid-ballot-initiative-missouri-2020\/#respond"]}]},{"@type":"WebPage","@id":"https:\/\/empowermissouri.org\/medicaid-ballot-initiative-missouri-2020\/","url":"https:\/\/empowermissouri.org\/medicaid-ballot-initiative-missouri-2020\/","name":"How to get involved with the Missouri Medicaid Expansion ballot initiative - Empower Missouri","isPartOf":{"@id":"https:\/\/empowermissouri.org\/#website"},"primaryImageOfPage":{"@id":"https:\/\/empowermissouri.org\/medicaid-ballot-initiative-missouri-2020\/#primaryimage"},"image":{"@id":"https:\/\/empowermissouri.org\/medicaid-ballot-initiative-missouri-2020\/#primaryimage"},"thumbnailUrl":"https:\/\/empowermissouri.org\/app\/uploads\/2019\/09\/clem-onojeghuo-DoA2duXyzRM-unsplash.jpg","datePublished":"2019-09-20T11:55:56+00:00","description":"No one should have to choose between health care and other needs like food, rent, and child care. That\u2019s why the Board of Directors of Empower Missouri has voted for our organization to become a part of an effort to gather signatures for a Medicaid Expansion ballot initiative.","breadcrumb":{"@id":"https:\/\/empowermissouri.org\/medicaid-ballot-initiative-missouri-2020\/#breadcrumb"},"inLanguage":"es-MX","potentialAction":[{"@type":"ReadAction","target":["https:\/\/empowermissouri.org\/medicaid-ballot-initiative-missouri-2020\/"]}]},{"@type":"ImageObject","inLanguage":"es-MX","@id":"https:\/\/empowermissouri.org\/medicaid-ballot-initiative-missouri-2020\/#primaryimage","url":"https:\/\/empowermissouri.org\/app\/uploads\/2019\/09\/clem-onojeghuo-DoA2duXyzRM-unsplash.jpg","contentUrl":"https:\/\/empowermissouri.org\/app\/uploads\/2019\/09\/clem-onojeghuo-DoA2duXyzRM-unsplash.jpg","width":1200,"height":799},{"@type":"BreadcrumbList","@id":"https:\/\/empowermissouri.org\/medicaid-ballot-initiative-missouri-2020\/#breadcrumb","itemListElement":[{"@type":"ListItem","position":1,"name":"Home","item":"https:\/\/empowermissouri.org\/"},{"@type":"ListItem","position":2,"name":"How to get involved with the Missouri Medicaid Expansion ballot initiative"}]},{"@type":"WebSite","@id":"https:\/\/empowermissouri.org\/#website","url":"https:\/\/empowermissouri.org\/","name":"Empoderar a Missouri","description":"Advocating for Justice | Empowering Change","publisher":{"@id":"https:\/\/empowermissouri.org\/#organization"},"potentialAction":[{"@type":"SearchAction","target":{"@type":"EntryPoint","urlTemplate":"https:\/\/empowermissouri.org\/?s={search_term_string}"},"query-input":{"@type":"PropertyValueSpecification","valueRequired":true,"valueName":"search_term_string"}}],"inLanguage":"es-MX"},{"@type":"Organization","@id":"https:\/\/empowermissouri.org\/#organization","name":"Empoderar a Missouri","url":"https:\/\/empowermissouri.org\/","logo":{"@type":"ImageObject","inLanguage":"es-MX","@id":"https:\/\/empowermissouri.org\/#\/schema\/logo\/image\/","url":"http:\/\/empowermissouri.org\/app\/uploads\/2018\/08\/logo_button.png","contentUrl":"http:\/\/empowermissouri.org\/app\/uploads\/2018\/08\/logo_button.png","width":579,"height":579,"caption":"Empower Missouri"},"image":{"@id":"https:\/\/empowermissouri.org\/#\/schema\/logo\/image\/"},"sameAs":["https:\/\/www.facebook.com\/empowermissouri","https:\/\/x.com\/empowermissouri","https:\/\/www.instagram.com\/empowermissouri\/","https:\/\/www.linkedin.com\/company\/empower-missouri\/"]},{"@type":"Person","@id":"https:\/\/empowermissouri.org\/#\/schema\/person\/e951a654cbc724fec5829ff7f4d36370","name":"Empoderar a Missouri","image":{"@type":"ImageObject","inLanguage":"es-MX","@id":"https:\/\/secure.gravatar.com\/avatar\/707cc62910910b381e613ab53a9c71ad8f903d58979eb1f78be3a4947f578900?s=96&d=mm&r=gb92e1d0ab19e89757b0c5f03bd735f45","url":"https:\/\/secure.gravatar.com\/avatar\/707cc62910910b381e613ab53a9c71ad8f903d58979eb1f78be3a4947f578900?s=96&d=mm&r=g","contentUrl":"https:\/\/secure.gravatar.com\/avatar\/707cc62910910b381e613ab53a9c71ad8f903d58979eb1f78be3a4947f578900?s=96&d=mm&r=g","caption":"Empower Missouri"},"url":"https:\/\/empowermissouri.org\/es\/author\/developer\/"}]}},"_links":{"self":[{"href":"https:\/\/empowermissouri.org\/es\/wp-json\/wp\/v2\/posts\/2807","targetHints":{"allow":["GET"]}}],"collection":[{"href":"https:\/\/empowermissouri.org\/es\/wp-json\/wp\/v2\/posts"}],"about":[{"href":"https:\/\/empowermissouri.org\/es\/wp-json\/wp\/v2\/types\/post"}],"author":[{"embeddable":true,"href":"https:\/\/empowermissouri.org\/es\/wp-json\/wp\/v2\/users\/1"}],"replies":[{"embeddable":true,"href":"https:\/\/empowermissouri.org\/es\/wp-json\/wp\/v2\/comments?post=2807"}],"version-history":[{"count":0,"href":"https:\/\/empowermissouri.org\/es\/wp-json\/wp\/v2\/posts\/2807\/revisions"}],"wp:featuredmedia":[{"embeddable":true,"href":"https:\/\/empowermissouri.org\/es\/wp-json\/wp\/v2\/media\/2808"}],"wp:attachment":[{"href":"https:\/\/empowermissouri.org\/es\/wp-json\/wp\/v2\/media?parent=2807"}],"wp:term":[{"taxonomy":"category","embeddable":true,"href":"https:\/\/empowermissouri.org\/es\/wp-json\/wp\/v2\/categories?post=2807"},{"taxonomy":"post_tag","embeddable":true,"href":"https:\/\/empowermissouri.org\/es\/wp-json\/wp\/v2\/tags?post=2807"},{"taxonomy":"issues","embeddable":true,"href":"https:\/\/empowermissouri.org\/es\/wp-json\/wp\/v2\/issues?post=2807"},{"taxonomy":"author","embeddable":true,"href":"https:\/\/empowermissouri.org\/es\/wp-json\/wp\/v2\/coauthors?post=2807"}],"curies":[{"name":"wp","href":"https:\/\/api.w.org\/{rel}","templated":true}]}}