{"id":2721,"date":"2019-09-06T06:55:28","date_gmt":"2019-09-06T11:55:28","guid":{"rendered":"http:\/\/empowermissouri.org\/?p=2721"},"modified":"2019-09-05T18:47:47","modified_gmt":"2019-09-05T23:47:47","slug":"structural-oppression-in-housing","status":"publish","type":"post","link":"https:\/\/empowermissouri.org\/es\/structural-oppression-in-housing\/","title":{"rendered":"Opresi\u00f3n estructural en la vivienda y c\u00f3mo puede ayudar"},"content":{"rendered":"<p>42 d\u00edas para hacer o\u00edr tu voz por la justicia habitacional.&nbsp;<\/p>\n\n\n\n<p>La segregaci\u00f3n habitacional con la que todos vivimos fue <a href=\"https:\/\/www.epi.org\/publication\/the-color-of-law-a-forgotten-history-of-how-our-government-segregated-america\/\">dise\u00f1ado y codificado a prop\u00f3sito<\/a> consuegro. A lo largo de la historia de nuestro pa\u00eds, las familias blancas recibieron ciertas ventajas, como pr\u00e9stamos garantizados por el gobierno con un pago inicial bajo, que se les neg\u00f3 a las familias negras. Los compradores blancos pod\u00edan elegir entre casas nuevas, mientras que los compradores negros, incluso aquellos que pod\u00edan cubrir los pagos iniciales irrazonables (50% del precio de compra de la casa o m\u00e1s), fueron excluidos de muchos vecindarios e incluso pueblos enteros.&nbsp;<\/p>\n\n\n\n<p>La aprobaci\u00f3n de la Ley de Vivienda Justa en 1968 comenz\u00f3 a cambiar algunas de estas pol\u00edticas. Hizo que fuera ilegal negarse a alquilar o vender una vivienda por motivos de raza, color, nacionalidad o religi\u00f3n. En 1974, se agreg\u00f3 el sexo y en 1988 un conjunto de enmiendas agreg\u00f3 protecciones para familias con ni\u00f1os y personas con discapacidades.<\/p>\n\n\n\n<p>Por supuesto, no es como si la discriminaci\u00f3n terminara en 1968, 74 o 88. Pero con la ayuda de esas protecciones, las v\u00edctimas de discriminaci\u00f3n ten\u00edan m\u00e1s oportunidades de apoyo y recursos si se les negaba la vivienda en ciertas comunidades.&nbsp;<\/p>\n\n\n\n<script type=\"text\/javascript\" src=\"https:\/\/d3rse9xjbp8270.cloudfront.net\/at.js\" crossorigin=\"anonymous\"><\/script>\n <div class=\"ngp-form\" data-form-url=\"https:\/\/actions.everyaction.com\/v1\/Forms\/BCLKPYxHeUCUjXvqnxg8Vg2\" data-fastaction-endpoint=\"https:\/\/fastaction.ngpvan.com\" data-inline-errors=\"true\" data-fastaction-nologin=\"true\" data-databag-endpoint=\"https:\/\/profile.ngpvan.com\" data-databag=\"everybody\" data-mobile-autofocus=\"false\">\n<\/div>\n\n\n\n<p>La opresi\u00f3n estructural es profunda. Los propietarios y prestamistas han descubierto formas de eludir estas regulaciones o utilizar pol\u00edticas que logran la exclusi\u00f3n de ciertos grupos sin que sea obvio. En esos casos, la Ley de Equidad de Vivienda permite que individuos o grupos presenten una demanda usando la regla de &#039;Impacto Disparejo&#039;.&nbsp;<\/p>\n\n\n\n<p>La regla de Impacto Disparejo dice que, incluso si parece aplicarse por igual a todos, si una pol\u00edtica afecta a las clases protegidas m\u00e1s que a otras, es discriminatoria. Una nueva propuesta de HUD desmantelar\u00eda efectivamente esta importante y necesaria regla. Cambiar\u00eda la carga de la prueba del impacto a la intenci\u00f3n. Un demandante no solo necesitar\u00eda demostrar que una pol\u00edtica resulta en discriminaci\u00f3n, sino que un proveedor de vivienda eligi\u00f3 la pol\u00edtica espec\u00edficamente para discriminar. Demostrar la intenci\u00f3n es un gran obst\u00e1culo que superar, ya que la intenci\u00f3n a menudo est\u00e1 en el coraz\u00f3n y la mente de una persona y no deja rastros de papel.<\/p>\n\n\n\n<p>Nos quedan 42 d\u00edas para enviar comentarios oficiales a HUD, pidi\u00e9ndoles que rechacen este cambio de regla propuesto. Las personas de color, las personas que viven con discapacidades y todos aquellos que han experimentado discriminaci\u00f3n en la vivienda necesitan que nos apoye. Encuentre recursos que le faciliten hacerlo en este <a href=\"https:\/\/www.fightforhousingjustice.org\/\">recurso en l\u00ednea<\/a> proporcionada por el Proyecto de Ley Nacional de Vivienda y otras organizaciones aliadas.<\/p>\n\n\n\n<hr class=\"wp-block-separator\"\/>\n\n\n\n<p>por <strong>Sarah Owsley Townsend<\/strong>, <em>L\u00edder de pol\u00edticas y promoci\u00f3n - Empower Missouri<\/em>; <strong>Anthony E. Rothert<\/strong>, <em>Director ejecutivo interino <\/em>&#8211; <em>ACLU de Missouri; <\/em> y <strong>Capilla Nimrod, Jr.<\/strong>, <em>Presidente - Conferencia Estatal de Missouri de la NAACP<\/em><\/p>\n\n\n\n<p><br><\/p>","protected":false},"excerpt":{"rendered":"<p>La regla de Impacto Disparejo dice que, incluso si parece aplicarse por igual a todos, si una pol\u00edtica afecta a las clases protegidas m\u00e1s que a otras, es discriminatoria. Una nueva propuesta de HUD desmantelar\u00eda efectivamente esta importante y necesaria regla.<\/p>","protected":false},"author":1,"featured_media":2722,"comment_status":"open","ping_status":"open","sticky":false,"template":"","format":"standard","meta":{"_exactmetrics_skip_tracking":false,"_exactmetrics_sitenote_active":false,"_exactmetrics_sitenote_note":"","_exactmetrics_sitenote_category":0,"footnotes":""},"categories":[43],"tags":[205,209,202,72,134,210],"issues":[11],"coauthors":[],"class_list":["post-2721","post","type-post","status-publish","format-standard","has-post-thumbnail","hentry","category-weekly-perspective","tag-affordable-housing","tag-discrimination","tag-disparate-impact","tag-housing","tag-hud","tag-structural-oppression","issues-affordable-housing-and-homelessness"],"yoast_head":"<!-- This site is optimized with the Yoast SEO plugin v27.4 - https:\/\/yoast.com\/product\/yoast-seo-wordpress\/ -->\n<title>Structural oppression in housing and how you can help - Empower Missouri<\/title>\n<meta name=\"robots\" content=\"index, follow, max-snippet:-1, max-image-preview:large, max-video-preview:-1\" \/>\n<link rel=\"canonical\" href=\"https:\/\/empowermissouri.org\/es\/structural-oppression-in-housing\/\" \/>\n<meta property=\"og:locale\" content=\"es_MX\" \/>\n<meta property=\"og:type\" content=\"article\" \/>\n<meta property=\"og:title\" content=\"Structural oppression in housing and how you can help - Empower Missouri\" \/>\n<meta property=\"og:description\" content=\"The Disparate Impact rule says that, even if it seems to apply equally to everyone, if a policy impacts protected classes more than others, it is discriminatory. A new proposal from HUD would effectively dismantle this important and needed rule.\" \/>\n<meta property=\"og:url\" content=\"https:\/\/empowermissouri.org\/es\/structural-oppression-in-housing\/\" \/>\n<meta property=\"og:site_name\" content=\"Empower Missouri\" \/>\n<meta property=\"article:publisher\" content=\"https:\/\/www.facebook.com\/empowermissouri\" \/>\n<meta property=\"article:published_time\" content=\"2019-09-06T11:55:28+00:00\" \/>\n<meta property=\"og:image\" content=\"https:\/\/empowermissouri.org\/app\/uploads\/2019\/09\/open-fence.jpg\" \/>\n\t<meta property=\"og:image:width\" content=\"1200\" \/>\n\t<meta property=\"og:image:height\" content=\"800\" \/>\n\t<meta property=\"og:image:type\" content=\"image\/jpeg\" \/>\n<meta name=\"author\" content=\"Empower Missouri\" \/>\n<meta name=\"twitter:card\" content=\"summary_large_image\" \/>\n<meta name=\"twitter:creator\" content=\"@empowermissouri\" \/>\n<meta name=\"twitter:site\" content=\"@empowermissouri\" \/>\n<meta name=\"twitter:label1\" content=\"Written by\" \/>\n\t<meta name=\"twitter:data1\" content=\"Empower Missouri\" \/>\n\t<meta name=\"twitter:label2\" content=\"Est. reading time\" \/>\n\t<meta name=\"twitter:data2\" content=\"2 minutes\" \/>\n<script type=\"application\/ld+json\" class=\"yoast-schema-graph\">{\"@context\":\"https:\\\/\\\/schema.org\",\"@graph\":[{\"@type\":\"Article\",\"@id\":\"https:\\\/\\\/empowermissouri.org\\\/structural-oppression-in-housing\\\/#article\",\"isPartOf\":{\"@id\":\"https:\\\/\\\/empowermissouri.org\\\/structural-oppression-in-housing\\\/\"},\"author\":{\"name\":\"Empower Missouri\",\"@id\":\"https:\\\/\\\/empowermissouri.org\\\/#\\\/schema\\\/person\\\/e951a654cbc724fec5829ff7f4d36370\"},\"headline\":\"Structural oppression in housing and how you can help\",\"datePublished\":\"2019-09-06T11:55:28+00:00\",\"mainEntityOfPage\":{\"@id\":\"https:\\\/\\\/empowermissouri.org\\\/structural-oppression-in-housing\\\/\"},\"wordCount\":446,\"commentCount\":1,\"publisher\":{\"@id\":\"https:\\\/\\\/empowermissouri.org\\\/#organization\"},\"image\":{\"@id\":\"https:\\\/\\\/empowermissouri.org\\\/structural-oppression-in-housing\\\/#primaryimage\"},\"thumbnailUrl\":\"https:\\\/\\\/empowermissouri.org\\\/app\\\/uploads\\\/2019\\\/09\\\/open-fence.jpg\",\"keywords\":[\"affordable housing\",\"discrimination\",\"disparate impact\",\"housing\",\"HUD\",\"structural oppression\"],\"articleSection\":[\"Weekly Perspective\"],\"inLanguage\":\"es-MX\",\"potentialAction\":[{\"@type\":\"CommentAction\",\"name\":\"Comment\",\"target\":[\"https:\\\/\\\/empowermissouri.org\\\/structural-oppression-in-housing\\\/#respond\"]}]},{\"@type\":\"WebPage\",\"@id\":\"https:\\\/\\\/empowermissouri.org\\\/structural-oppression-in-housing\\\/\",\"url\":\"https:\\\/\\\/empowermissouri.org\\\/structural-oppression-in-housing\\\/\",\"name\":\"Structural oppression in housing and how you can help - Empower Missouri\",\"isPartOf\":{\"@id\":\"https:\\\/\\\/empowermissouri.org\\\/#website\"},\"primaryImageOfPage\":{\"@id\":\"https:\\\/\\\/empowermissouri.org\\\/structural-oppression-in-housing\\\/#primaryimage\"},\"image\":{\"@id\":\"https:\\\/\\\/empowermissouri.org\\\/structural-oppression-in-housing\\\/#primaryimage\"},\"thumbnailUrl\":\"https:\\\/\\\/empowermissouri.org\\\/app\\\/uploads\\\/2019\\\/09\\\/open-fence.jpg\",\"datePublished\":\"2019-09-06T11:55:28+00:00\",\"breadcrumb\":{\"@id\":\"https:\\\/\\\/empowermissouri.org\\\/structural-oppression-in-housing\\\/#breadcrumb\"},\"inLanguage\":\"es-MX\",\"potentialAction\":[{\"@type\":\"ReadAction\",\"target\":[\"https:\\\/\\\/empowermissouri.org\\\/structural-oppression-in-housing\\\/\"]}]},{\"@type\":\"ImageObject\",\"inLanguage\":\"es-MX\",\"@id\":\"https:\\\/\\\/empowermissouri.org\\\/structural-oppression-in-housing\\\/#primaryimage\",\"url\":\"https:\\\/\\\/empowermissouri.org\\\/app\\\/uploads\\\/2019\\\/09\\\/open-fence.jpg\",\"contentUrl\":\"https:\\\/\\\/empowermissouri.org\\\/app\\\/uploads\\\/2019\\\/09\\\/open-fence.jpg\",\"width\":1200,\"height\":800},{\"@type\":\"BreadcrumbList\",\"@id\":\"https:\\\/\\\/empowermissouri.org\\\/structural-oppression-in-housing\\\/#breadcrumb\",\"itemListElement\":[{\"@type\":\"ListItem\",\"position\":1,\"name\":\"Home\",\"item\":\"https:\\\/\\\/empowermissouri.org\\\/\"},{\"@type\":\"ListItem\",\"position\":2,\"name\":\"Structural oppression in housing and how you can help\"}]},{\"@type\":\"WebSite\",\"@id\":\"https:\\\/\\\/empowermissouri.org\\\/#website\",\"url\":\"https:\\\/\\\/empowermissouri.org\\\/\",\"name\":\"Empower Missouri\",\"description\":\"Advocating for Justice | Empowering Change\",\"publisher\":{\"@id\":\"https:\\\/\\\/empowermissouri.org\\\/#organization\"},\"potentialAction\":[{\"@type\":\"SearchAction\",\"target\":{\"@type\":\"EntryPoint\",\"urlTemplate\":\"https:\\\/\\\/empowermissouri.org\\\/?s={search_term_string}\"},\"query-input\":{\"@type\":\"PropertyValueSpecification\",\"valueRequired\":true,\"valueName\":\"search_term_string\"}}],\"inLanguage\":\"es-MX\"},{\"@type\":\"Organization\",\"@id\":\"https:\\\/\\\/empowermissouri.org\\\/#organization\",\"name\":\"Empower Missouri\",\"url\":\"https:\\\/\\\/empowermissouri.org\\\/\",\"logo\":{\"@type\":\"ImageObject\",\"inLanguage\":\"es-MX\",\"@id\":\"https:\\\/\\\/empowermissouri.org\\\/#\\\/schema\\\/logo\\\/image\\\/\",\"url\":\"http:\\\/\\\/empowermissouri.org\\\/app\\\/uploads\\\/2018\\\/08\\\/logo_button.png\",\"contentUrl\":\"http:\\\/\\\/empowermissouri.org\\\/app\\\/uploads\\\/2018\\\/08\\\/logo_button.png\",\"width\":579,\"height\":579,\"caption\":\"Empower Missouri\"},\"image\":{\"@id\":\"https:\\\/\\\/empowermissouri.org\\\/#\\\/schema\\\/logo\\\/image\\\/\"},\"sameAs\":[\"https:\\\/\\\/www.facebook.com\\\/empowermissouri\",\"https:\\\/\\\/x.com\\\/empowermissouri\",\"https:\\\/\\\/www.instagram.com\\\/empowermissouri\\\/\",\"https:\\\/\\\/www.linkedin.com\\\/company\\\/empower-missouri\\\/\"]},{\"@type\":\"Person\",\"@id\":\"https:\\\/\\\/empowermissouri.org\\\/#\\\/schema\\\/person\\\/e951a654cbc724fec5829ff7f4d36370\",\"name\":\"Empower Missouri\",\"image\":{\"@type\":\"ImageObject\",\"inLanguage\":\"es-MX\",\"@id\":\"https:\\\/\\\/secure.gravatar.com\\\/avatar\\\/707cc62910910b381e613ab53a9c71ad8f903d58979eb1f78be3a4947f578900?s=96&d=mm&r=gb92e1d0ab19e89757b0c5f03bd735f45\",\"url\":\"https:\\\/\\\/secure.gravatar.com\\\/avatar\\\/707cc62910910b381e613ab53a9c71ad8f903d58979eb1f78be3a4947f578900?s=96&d=mm&r=g\",\"contentUrl\":\"https:\\\/\\\/secure.gravatar.com\\\/avatar\\\/707cc62910910b381e613ab53a9c71ad8f903d58979eb1f78be3a4947f578900?s=96&d=mm&r=g\",\"caption\":\"Empower Missouri\"},\"url\":\"https:\\\/\\\/empowermissouri.org\\\/es\\\/author\\\/developer\\\/\"}]}<\/script>\n<!-- \/ Yoast SEO plugin. -->","yoast_head_json":{"title":"Structural oppression in housing and how you can help - Empower Missouri","robots":{"index":"index","follow":"follow","max-snippet":"max-snippet:-1","max-image-preview":"max-image-preview:large","max-video-preview":"max-video-preview:-1"},"canonical":"https:\/\/empowermissouri.org\/es\/structural-oppression-in-housing\/","og_locale":"es_MX","og_type":"article","og_title":"Structural oppression in housing and how you can help - Empower Missouri","og_description":"The Disparate Impact rule says that, even if it seems to apply equally to everyone, if a policy impacts protected classes more than others, it is discriminatory. A new proposal from HUD would effectively dismantle this important and needed rule.","og_url":"https:\/\/empowermissouri.org\/es\/structural-oppression-in-housing\/","og_site_name":"Empower Missouri","article_publisher":"https:\/\/www.facebook.com\/empowermissouri","article_published_time":"2019-09-06T11:55:28+00:00","og_image":[{"width":1200,"height":800,"url":"https:\/\/empowermissouri.org\/app\/uploads\/2019\/09\/open-fence.jpg","type":"image\/jpeg"}],"author":"Empower Missouri","twitter_card":"summary_large_image","twitter_creator":"@empowermissouri","twitter_site":"@empowermissouri","twitter_misc":{"Written by":"Empower Missouri","Est. reading time":"2 minutes"},"schema":{"@context":"https:\/\/schema.org","@graph":[{"@type":"Article","@id":"https:\/\/empowermissouri.org\/structural-oppression-in-housing\/#article","isPartOf":{"@id":"https:\/\/empowermissouri.org\/structural-oppression-in-housing\/"},"author":{"name":"Empower Missouri","@id":"https:\/\/empowermissouri.org\/#\/schema\/person\/e951a654cbc724fec5829ff7f4d36370"},"headline":"Structural oppression in housing and how you can help","datePublished":"2019-09-06T11:55:28+00:00","mainEntityOfPage":{"@id":"https:\/\/empowermissouri.org\/structural-oppression-in-housing\/"},"wordCount":446,"commentCount":1,"publisher":{"@id":"https:\/\/empowermissouri.org\/#organization"},"image":{"@id":"https:\/\/empowermissouri.org\/structural-oppression-in-housing\/#primaryimage"},"thumbnailUrl":"https:\/\/empowermissouri.org\/app\/uploads\/2019\/09\/open-fence.jpg","keywords":["affordable housing","discrimination","disparate impact","housing","HUD","structural oppression"],"articleSection":["Weekly Perspective"],"inLanguage":"es-MX","potentialAction":[{"@type":"CommentAction","name":"Comment","target":["https:\/\/empowermissouri.org\/structural-oppression-in-housing\/#respond"]}]},{"@type":"WebPage","@id":"https:\/\/empowermissouri.org\/structural-oppression-in-housing\/","url":"https:\/\/empowermissouri.org\/structural-oppression-in-housing\/","name":"Structural oppression in housing and how you can help - Empower Missouri","isPartOf":{"@id":"https:\/\/empowermissouri.org\/#website"},"primaryImageOfPage":{"@id":"https:\/\/empowermissouri.org\/structural-oppression-in-housing\/#primaryimage"},"image":{"@id":"https:\/\/empowermissouri.org\/structural-oppression-in-housing\/#primaryimage"},"thumbnailUrl":"https:\/\/empowermissouri.org\/app\/uploads\/2019\/09\/open-fence.jpg","datePublished":"2019-09-06T11:55:28+00:00","breadcrumb":{"@id":"https:\/\/empowermissouri.org\/structural-oppression-in-housing\/#breadcrumb"},"inLanguage":"es-MX","potentialAction":[{"@type":"ReadAction","target":["https:\/\/empowermissouri.org\/structural-oppression-in-housing\/"]}]},{"@type":"ImageObject","inLanguage":"es-MX","@id":"https:\/\/empowermissouri.org\/structural-oppression-in-housing\/#primaryimage","url":"https:\/\/empowermissouri.org\/app\/uploads\/2019\/09\/open-fence.jpg","contentUrl":"https:\/\/empowermissouri.org\/app\/uploads\/2019\/09\/open-fence.jpg","width":1200,"height":800},{"@type":"BreadcrumbList","@id":"https:\/\/empowermissouri.org\/structural-oppression-in-housing\/#breadcrumb","itemListElement":[{"@type":"ListItem","position":1,"name":"Home","item":"https:\/\/empowermissouri.org\/"},{"@type":"ListItem","position":2,"name":"Structural oppression in housing and how you can help"}]},{"@type":"WebSite","@id":"https:\/\/empowermissouri.org\/#website","url":"https:\/\/empowermissouri.org\/","name":"Empoderar a Missouri","description":"Advocating for Justice | Empowering Change","publisher":{"@id":"https:\/\/empowermissouri.org\/#organization"},"potentialAction":[{"@type":"SearchAction","target":{"@type":"EntryPoint","urlTemplate":"https:\/\/empowermissouri.org\/?s={search_term_string}"},"query-input":{"@type":"PropertyValueSpecification","valueRequired":true,"valueName":"search_term_string"}}],"inLanguage":"es-MX"},{"@type":"Organization","@id":"https:\/\/empowermissouri.org\/#organization","name":"Empoderar a Missouri","url":"https:\/\/empowermissouri.org\/","logo":{"@type":"ImageObject","inLanguage":"es-MX","@id":"https:\/\/empowermissouri.org\/#\/schema\/logo\/image\/","url":"http:\/\/empowermissouri.org\/app\/uploads\/2018\/08\/logo_button.png","contentUrl":"http:\/\/empowermissouri.org\/app\/uploads\/2018\/08\/logo_button.png","width":579,"height":579,"caption":"Empower Missouri"},"image":{"@id":"https:\/\/empowermissouri.org\/#\/schema\/logo\/image\/"},"sameAs":["https:\/\/www.facebook.com\/empowermissouri","https:\/\/x.com\/empowermissouri","https:\/\/www.instagram.com\/empowermissouri\/","https:\/\/www.linkedin.com\/company\/empower-missouri\/"]},{"@type":"Person","@id":"https:\/\/empowermissouri.org\/#\/schema\/person\/e951a654cbc724fec5829ff7f4d36370","name":"Empoderar a Missouri","image":{"@type":"ImageObject","inLanguage":"es-MX","@id":"https:\/\/secure.gravatar.com\/avatar\/707cc62910910b381e613ab53a9c71ad8f903d58979eb1f78be3a4947f578900?s=96&d=mm&r=gb92e1d0ab19e89757b0c5f03bd735f45","url":"https:\/\/secure.gravatar.com\/avatar\/707cc62910910b381e613ab53a9c71ad8f903d58979eb1f78be3a4947f578900?s=96&d=mm&r=g","contentUrl":"https:\/\/secure.gravatar.com\/avatar\/707cc62910910b381e613ab53a9c71ad8f903d58979eb1f78be3a4947f578900?s=96&d=mm&r=g","caption":"Empower Missouri"},"url":"https:\/\/empowermissouri.org\/es\/author\/developer\/"}]}},"_links":{"self":[{"href":"https:\/\/empowermissouri.org\/es\/wp-json\/wp\/v2\/posts\/2721","targetHints":{"allow":["GET"]}}],"collection":[{"href":"https:\/\/empowermissouri.org\/es\/wp-json\/wp\/v2\/posts"}],"about":[{"href":"https:\/\/empowermissouri.org\/es\/wp-json\/wp\/v2\/types\/post"}],"author":[{"embeddable":true,"href":"https:\/\/empowermissouri.org\/es\/wp-json\/wp\/v2\/users\/1"}],"replies":[{"embeddable":true,"href":"https:\/\/empowermissouri.org\/es\/wp-json\/wp\/v2\/comments?post=2721"}],"version-history":[{"count":0,"href":"https:\/\/empowermissouri.org\/es\/wp-json\/wp\/v2\/posts\/2721\/revisions"}],"wp:featuredmedia":[{"embeddable":true,"href":"https:\/\/empowermissouri.org\/es\/wp-json\/wp\/v2\/media\/2722"}],"wp:attachment":[{"href":"https:\/\/empowermissouri.org\/es\/wp-json\/wp\/v2\/media?parent=2721"}],"wp:term":[{"taxonomy":"category","embeddable":true,"href":"https:\/\/empowermissouri.org\/es\/wp-json\/wp\/v2\/categories?post=2721"},{"taxonomy":"post_tag","embeddable":true,"href":"https:\/\/empowermissouri.org\/es\/wp-json\/wp\/v2\/tags?post=2721"},{"taxonomy":"issues","embeddable":true,"href":"https:\/\/empowermissouri.org\/es\/wp-json\/wp\/v2\/issues?post=2721"},{"taxonomy":"author","embeddable":true,"href":"https:\/\/empowermissouri.org\/es\/wp-json\/wp\/v2\/coauthors?post=2721"}],"curies":[{"name":"wp","href":"https:\/\/api.w.org\/{rel}","templated":true}]}}