{"id":2503,"date":"2019-08-16T11:41:06","date_gmt":"2019-08-16T16:41:06","guid":{"rendered":"http:\/\/empowermissouri.org\/?p=2503"},"modified":"2025-01-28T11:03:45","modified_gmt":"2025-01-28T17:03:45","slug":"how-to-stay-politically-active-during-moleg-interim","status":"publish","type":"post","link":"https:\/\/empowermissouri.org\/es\/how-to-stay-politically-active-during-moleg-interim\/","title":{"rendered":"C\u00f3mo mantenerse pol\u00edticamente activo durante #moleg interim"},"content":{"rendered":"<p>La Asamblea General de Missouri tiene una Sesi\u00f3n Legislativa que va de enero a mayo. Durante esos meses, el edificio del capitolio en Jefferson City est\u00e1 en constante movimiento, con funcionarios electos, cabilderos y defensores que claman por aprobar leyes que dar\u00e1n forma a nuestro estado. Es un momento emocionante.&nbsp;<\/p>\n\n\n\n<p>Pero luego golpeamos <a href=\"https:\/\/www.merriam-webster.com\/dictionary\/sine%20die\">Sine die<\/a> - el final de la sesi\u00f3n.<\/p>\n\n\n\n<p>De junio a diciembre tienen una sensaci\u00f3n diferente. Jefferson City se ralentiza, los legisladores regresan a sus distritos y los defensores toman un largo y merecido soplo de aire de verano. Sin embargo, lo que mucha gente no se da cuenta es que estos meses \u201cintermedios\u201d son los m\u00e1s importantes de todos. Es cuando organizaciones como Empower Missouri pueden atarse los zapatos al enfocarse en hacer crecer el movimiento por la justicia, visitar a los legisladores en sus distritos de origen y convertir a los ne\u00f3fitos en defensores experimentados a trav\u00e9s del desarrollo de habilidades. Todo este trabajo significa que estamos listos para comenzar tan pronto como el mazo del Portavoz golpee los dias en enero.<\/p>\n\n\n\n<p>Normalmente, Empower Missouri mantiene nuestra <strong>Bajo la c\u00fapula, alrededor del estado (#UDAS)<\/strong> llamadas informativas el cuarto jueves del mes. Mantenemos a nuestros defensores informados sobre en qu\u00e9 estamos trabajando, d\u00f3nde necesitamos ayuda y c\u00f3mo pueden mantenerse comprometidos. Sin embargo, estamos quitando el mes de agosto de estas llamadas. Despu\u00e9s de un marat\u00f3n como la sesi\u00f3n legislativa de 2019, a veces es necesario respirar un poco m\u00e1s ese aire de verano.&nbsp;<\/p>\n\n\n\n<p>Sin embargo, eso no significa que nuestro trabajo est\u00e9 terminado. En este momento, todav\u00eda hay muchas formas en que estamos tratando de cumplir con nuestra misi\u00f3n de abogar por el bienestar de todos los habitantes de Misuri, \u00a1y necesitamos su ayuda! Se est\u00e1n haciendo los preparativos para nuestro 9 de noviembre. <a href=\"http:\/\/empowermissouri.org\/es\/building-blocks-of-missouris-success\/\">conferencia anual de desarrollo de habilidades<\/a>, as\u00ed que aseg\u00farese de guardar esa fecha. M\u00e1s urgentemente, estamos recolectando firmas en dos peticiones que defienden a los m\u00e1s vulnerables de nuestra sociedad y hacen que Missouri avance en la direcci\u00f3n de la justicia y la equidad para toda su gente.<\/p>\n\n\n\n<h3 class=\"wp-block-heading\">QUEBRAR<\/h3>\n\n\n\n<p>Primero, queremos asegurarnos de que nuestros vecinos hambrientos todav\u00eda puedan comer. La inseguridad alimentaria es un problema importante en los EE. UU., Y queremos que las familias con salarios bajos, las personas con discapacidades y los ancianos sigan poniendo comida en la mesa sin verse obstaculizados por una burocracia da\u00f1ina y una regulaci\u00f3n innecesaria. La Administraci\u00f3n Trump est\u00e1 tratando actualmente a trav\u00e9s de la acci\u00f3n ejecutiva de dificultar que las familias de bajos ingresos obtengan los beneficios de SNAP. Quieren implementar un recorte de beneficios que el Congreso ya rechaz\u00f3 en 2018 durante el debate de la Ley Agr\u00edcola. Esto es inaceptable, ya que eliminar\u00eda efectivamente los beneficios de SNAP para 3.1 millones de personas, quitar\u00eda las comidas escolares gratuitas a los ni\u00f1os de esas familias y castigar\u00eda a las personas con ahorros incluso escasos. Escribimos una carta al USDA dici\u00e9ndoles que aceptaran un \u201cNO\u201d como respuesta, que siguieran el ejemplo del Congreso y mantuvieran su #HandsOffSNAP. <a href=\"https:\/\/secure.everyaction.com\/IevquuKvV06jUMeGyEHW4w2\">Puede firmar esa carta aqu\u00ed<\/a>. Las presentaciones vencen el 23 de septiembre, \u00a1as\u00ed que comp\u00e1rtalas ampliamente con amigos y familiares!<\/p>\n\n\n\n<h3 class=\"wp-block-heading\">Comit\u00e9 Especial de Justicia Penal<\/h3>\n\n\n\n<p>En segundo lugar, queremos que se escuchen m\u00e1s voces de Missouri con respecto a la <a href=\"http:\/\/empowermissouri.org\/es\/by-the-numbers-the-missouri-vehicle-stops-report\/\">tendencias inquietantes encontradas<\/a> en el Informe anual de paradas de veh\u00edculos y la pr\u00e1ctica injusta de decomiso de activos civiles. El representante Shamed Dogan, presidente del Comit\u00e9 Especial de Justicia Penal de la C\u00e1mara de Representantes del Estado de Missouri, celebr\u00f3 dos audiencias provisionales en St. Louis y Kansas City, y est\u00e1 considerando realizar audiencias adicionales para que m\u00e1s habitantes de Missouri puedan contar su historia y ayudar a guiar el comit\u00e9 hacia una legislaci\u00f3n eficaz para solucionar estos problemas. Escribimos una carta al Representante Dogan y a todo el comit\u00e9, <a href=\"https:\/\/secure.everyaction.com\/TxuqC1TV00CbX0N374nUrQ2\">al que puedes iniciar sesi\u00f3n aqu\u00ed<\/a>. La carta alienta al comit\u00e9 a programar estas audiencias adicionales en Columbia, Jefferson City y otras partes del estado.<\/p>\n\n\n\n<p>S\u00ed, debemos practicar el autocuidado y disfrutar de un descanso del ritmo fren\u00e9tico de la Sesi\u00f3n Legislativa, pero la necesidad de justicia social no toma unas vacaciones de verano. Al suscribirse a nuestras dos campa\u00f1as actuales, est\u00e1 ayudando a hacer de nuestro estado y naci\u00f3n un lugar m\u00e1s justo y equitativo para todos sus ciudadanos. Contamos contigo para que act\u00faes por la justicia hoy.&nbsp;<br><\/p>","protected":false},"excerpt":{"rendered":"<p>The Missouri General Assembly has a Legislative Session that goes from January to May. During those months, the capitol building in Jefferson City is in constant motion, with elected officials, lobbyists, and advocates all clamoring to pass laws that will shape our state. It\u2019s an exciting time.&nbsp; But then we hit Sine Die &#8211; the [&hellip;]<\/p>\n","protected":false},"author":1,"featured_media":2486,"comment_status":"open","ping_status":"open","sticky":false,"template":"","format":"standard","meta":{"_exactmetrics_skip_tracking":false,"_exactmetrics_sitenote_active":false,"_exactmetrics_sitenote_note":"","_exactmetrics_sitenote_category":0,"footnotes":""},"categories":[676,43],"tags":[164,166,170,34,95,76,62,48,168,162,161,122,167,163,165,65,169],"issues":[32,7],"coauthors":[359],"class_list":["post-2503","post","type-post","status-publish","format-standard","has-post-thumbnail","hentry","category-action-alert-archive","category-weekly-perspective","tag-administration","tag-benefits","tag-civil-asset-forfeiture","tag-criminal-justice","tag-hunger","tag-jefferson-city","tag-missouri","tag-moleg","tag-prison-reform","tag-shamed-dogan","tag-sine-die","tag-snap","tag-social-security","tag-trump","tag-usda","tag-vehicle-stops-report","tag-vsr","issues-hunger","issues-criminal-justice"],"yoast_head":"<!-- This site is optimized with the Yoast SEO plugin v27.4 - https:\/\/yoast.com\/product\/yoast-seo-wordpress\/ -->\n<title>How to stay politically active during #moleg interim - Empower Missouri<\/title>\n<meta name=\"description\" content=\"Yes, we must practice self-care and enjoy a break from the frenetic pace of Legislative Session, but the need for social justice does not take a summer vacation.\" \/>\n<meta name=\"robots\" content=\"index, follow, max-snippet:-1, max-image-preview:large, max-video-preview:-1\" \/>\n<link rel=\"canonical\" href=\"https:\/\/empowermissouri.org\/es\/how-to-stay-politically-active-during-moleg-interim\/\" \/>\n<meta property=\"og:locale\" content=\"es_MX\" \/>\n<meta property=\"og:type\" content=\"article\" \/>\n<meta property=\"og:title\" content=\"How to stay politically active during #moleg interim - Empower Missouri\" \/>\n<meta property=\"og:description\" content=\"Yes, we must practice self-care and enjoy a break from the frenetic pace of Legislative Session, but the need for social justice does not take a summer vacation.\" \/>\n<meta property=\"og:url\" content=\"https:\/\/empowermissouri.org\/es\/how-to-stay-politically-active-during-moleg-interim\/\" \/>\n<meta property=\"og:site_name\" content=\"Empower Missouri\" \/>\n<meta property=\"article:publisher\" content=\"https:\/\/www.facebook.com\/empowermissouri\" \/>\n<meta property=\"article:published_time\" content=\"2019-08-16T16:41:06+00:00\" \/>\n<meta property=\"article:modified_time\" content=\"2025-01-28T17:03:45+00:00\" \/>\n<meta property=\"og:image\" content=\"http:\/\/empowermissouri.org\/app\/uploads\/2019\/08\/kelly-sikkema-C3rK5toz0qA-unsplash.jpg\" \/>\n\t<meta property=\"og:image:width\" content=\"5568\" \/>\n\t<meta property=\"og:image:height\" content=\"3712\" \/>\n\t<meta property=\"og:image:type\" content=\"image\/jpeg\" \/>\n<meta name=\"author\" content=\"Empower Missouri\" \/>\n<meta name=\"twitter:card\" content=\"summary_large_image\" \/>\n<meta name=\"twitter:creator\" content=\"@empowermissouri\" \/>\n<meta name=\"twitter:site\" content=\"@empowermissouri\" \/>\n<meta name=\"twitter:label1\" content=\"Written by\" \/>\n\t<meta name=\"twitter:data1\" content=\"Empower Missouri\" \/>\n\t<meta name=\"twitter:label2\" content=\"Est. reading time\" \/>\n\t<meta name=\"twitter:data2\" content=\"4 minutes\" \/>\n<script type=\"application\/ld+json\" class=\"yoast-schema-graph\">{\"@context\":\"https:\\\/\\\/schema.org\",\"@graph\":[{\"@type\":\"Article\",\"@id\":\"https:\\\/\\\/empowermissouri.org\\\/how-to-stay-politically-active-during-moleg-interim\\\/#article\",\"isPartOf\":{\"@id\":\"https:\\\/\\\/empowermissouri.org\\\/how-to-stay-politically-active-during-moleg-interim\\\/\"},\"author\":{\"name\":\"Empower Missouri\",\"@id\":\"https:\\\/\\\/empowermissouri.org\\\/#\\\/schema\\\/person\\\/e951a654cbc724fec5829ff7f4d36370\"},\"headline\":\"How to stay politically active during #moleg interim\",\"datePublished\":\"2019-08-16T16:41:06+00:00\",\"dateModified\":\"2025-01-28T17:03:45+00:00\",\"mainEntityOfPage\":{\"@id\":\"https:\\\/\\\/empowermissouri.org\\\/how-to-stay-politically-active-during-moleg-interim\\\/\"},\"wordCount\":700,\"commentCount\":0,\"publisher\":{\"@id\":\"https:\\\/\\\/empowermissouri.org\\\/#organization\"},\"image\":{\"@id\":\"https:\\\/\\\/empowermissouri.org\\\/how-to-stay-politically-active-during-moleg-interim\\\/#primaryimage\"},\"thumbnailUrl\":\"https:\\\/\\\/empowermissouri.org\\\/app\\\/uploads\\\/2019\\\/08\\\/kelly-sikkema-C3rK5toz0qA-unsplash.jpg\",\"keywords\":[\"administration\",\"benefits\",\"civil asset forfeiture\",\"Criminal Justice\",\"hunger\",\"Jefferson City\",\"Missouri\",\"moleg\",\"prison reform\",\"shamed dogan\",\"sine die\",\"SNAP\",\"social security\",\"trump\",\"usda\",\"Vehicle Stops Report\",\"vsr\"],\"articleSection\":[\"Action Alert Archive\",\"Weekly Perspective\"],\"inLanguage\":\"es-MX\",\"potentialAction\":[{\"@type\":\"CommentAction\",\"name\":\"Comment\",\"target\":[\"https:\\\/\\\/empowermissouri.org\\\/how-to-stay-politically-active-during-moleg-interim\\\/#respond\"]}]},{\"@type\":\"WebPage\",\"@id\":\"https:\\\/\\\/empowermissouri.org\\\/how-to-stay-politically-active-during-moleg-interim\\\/\",\"url\":\"https:\\\/\\\/empowermissouri.org\\\/how-to-stay-politically-active-during-moleg-interim\\\/\",\"name\":\"How to stay politically active during #moleg interim - Empower Missouri\",\"isPartOf\":{\"@id\":\"https:\\\/\\\/empowermissouri.org\\\/#website\"},\"primaryImageOfPage\":{\"@id\":\"https:\\\/\\\/empowermissouri.org\\\/how-to-stay-politically-active-during-moleg-interim\\\/#primaryimage\"},\"image\":{\"@id\":\"https:\\\/\\\/empowermissouri.org\\\/how-to-stay-politically-active-during-moleg-interim\\\/#primaryimage\"},\"thumbnailUrl\":\"https:\\\/\\\/empowermissouri.org\\\/app\\\/uploads\\\/2019\\\/08\\\/kelly-sikkema-C3rK5toz0qA-unsplash.jpg\",\"datePublished\":\"2019-08-16T16:41:06+00:00\",\"dateModified\":\"2025-01-28T17:03:45+00:00\",\"description\":\"Yes, we must practice self-care and enjoy a break from the frenetic pace of Legislative Session, but the need for social justice does not take a summer vacation.\",\"breadcrumb\":{\"@id\":\"https:\\\/\\\/empowermissouri.org\\\/how-to-stay-politically-active-during-moleg-interim\\\/#breadcrumb\"},\"inLanguage\":\"es-MX\",\"potentialAction\":[{\"@type\":\"ReadAction\",\"target\":[\"https:\\\/\\\/empowermissouri.org\\\/how-to-stay-politically-active-during-moleg-interim\\\/\"]}]},{\"@type\":\"ImageObject\",\"inLanguage\":\"es-MX\",\"@id\":\"https:\\\/\\\/empowermissouri.org\\\/how-to-stay-politically-active-during-moleg-interim\\\/#primaryimage\",\"url\":\"https:\\\/\\\/empowermissouri.org\\\/app\\\/uploads\\\/2019\\\/08\\\/kelly-sikkema-C3rK5toz0qA-unsplash.jpg\",\"contentUrl\":\"https:\\\/\\\/empowermissouri.org\\\/app\\\/uploads\\\/2019\\\/08\\\/kelly-sikkema-C3rK5toz0qA-unsplash.jpg\",\"width\":5568,\"height\":3712,\"caption\":\"phone-sign-here\"},{\"@type\":\"BreadcrumbList\",\"@id\":\"https:\\\/\\\/empowermissouri.org\\\/how-to-stay-politically-active-during-moleg-interim\\\/#breadcrumb\",\"itemListElement\":[{\"@type\":\"ListItem\",\"position\":1,\"name\":\"Home\",\"item\":\"https:\\\/\\\/empowermissouri.org\\\/\"},{\"@type\":\"ListItem\",\"position\":2,\"name\":\"How to stay politically active during #moleg interim\"}]},{\"@type\":\"WebSite\",\"@id\":\"https:\\\/\\\/empowermissouri.org\\\/#website\",\"url\":\"https:\\\/\\\/empowermissouri.org\\\/\",\"name\":\"Empower Missouri\",\"description\":\"Advocating for Justice | Empowering Change\",\"publisher\":{\"@id\":\"https:\\\/\\\/empowermissouri.org\\\/#organization\"},\"potentialAction\":[{\"@type\":\"SearchAction\",\"target\":{\"@type\":\"EntryPoint\",\"urlTemplate\":\"https:\\\/\\\/empowermissouri.org\\\/?s={search_term_string}\"},\"query-input\":{\"@type\":\"PropertyValueSpecification\",\"valueRequired\":true,\"valueName\":\"search_term_string\"}}],\"inLanguage\":\"es-MX\"},{\"@type\":\"Organization\",\"@id\":\"https:\\\/\\\/empowermissouri.org\\\/#organization\",\"name\":\"Empower Missouri\",\"url\":\"https:\\\/\\\/empowermissouri.org\\\/\",\"logo\":{\"@type\":\"ImageObject\",\"inLanguage\":\"es-MX\",\"@id\":\"https:\\\/\\\/empowermissouri.org\\\/#\\\/schema\\\/logo\\\/image\\\/\",\"url\":\"http:\\\/\\\/empowermissouri.org\\\/app\\\/uploads\\\/2018\\\/08\\\/logo_button.png\",\"contentUrl\":\"http:\\\/\\\/empowermissouri.org\\\/app\\\/uploads\\\/2018\\\/08\\\/logo_button.png\",\"width\":579,\"height\":579,\"caption\":\"Empower Missouri\"},\"image\":{\"@id\":\"https:\\\/\\\/empowermissouri.org\\\/#\\\/schema\\\/logo\\\/image\\\/\"},\"sameAs\":[\"https:\\\/\\\/www.facebook.com\\\/empowermissouri\",\"https:\\\/\\\/x.com\\\/empowermissouri\",\"https:\\\/\\\/www.instagram.com\\\/empowermissouri\\\/\",\"https:\\\/\\\/www.linkedin.com\\\/company\\\/empower-missouri\\\/\"]},{\"@type\":\"Person\",\"@id\":\"https:\\\/\\\/empowermissouri.org\\\/#\\\/schema\\\/person\\\/e951a654cbc724fec5829ff7f4d36370\",\"name\":\"Empower Missouri\",\"image\":{\"@type\":\"ImageObject\",\"inLanguage\":\"es-MX\",\"@id\":\"https:\\\/\\\/secure.gravatar.com\\\/avatar\\\/707cc62910910b381e613ab53a9c71ad8f903d58979eb1f78be3a4947f578900?s=96&d=mm&r=gb92e1d0ab19e89757b0c5f03bd735f45\",\"url\":\"https:\\\/\\\/secure.gravatar.com\\\/avatar\\\/707cc62910910b381e613ab53a9c71ad8f903d58979eb1f78be3a4947f578900?s=96&d=mm&r=g\",\"contentUrl\":\"https:\\\/\\\/secure.gravatar.com\\\/avatar\\\/707cc62910910b381e613ab53a9c71ad8f903d58979eb1f78be3a4947f578900?s=96&d=mm&r=g\",\"caption\":\"Empower Missouri\"},\"url\":\"https:\\\/\\\/empowermissouri.org\\\/es\\\/author\\\/developer\\\/\"}]}<\/script>\n<!-- \/ Yoast SEO plugin. -->","yoast_head_json":{"title":"How to stay politically active during #moleg interim - Empower Missouri","description":"Yes, we must practice self-care and enjoy a break from the frenetic pace of Legislative Session, but the need for social justice does not take a summer vacation.","robots":{"index":"index","follow":"follow","max-snippet":"max-snippet:-1","max-image-preview":"max-image-preview:large","max-video-preview":"max-video-preview:-1"},"canonical":"https:\/\/empowermissouri.org\/es\/how-to-stay-politically-active-during-moleg-interim\/","og_locale":"es_MX","og_type":"article","og_title":"How to stay politically active during #moleg interim - Empower Missouri","og_description":"Yes, we must practice self-care and enjoy a break from the frenetic pace of Legislative Session, but the need for social justice does not take a summer vacation.","og_url":"https:\/\/empowermissouri.org\/es\/how-to-stay-politically-active-during-moleg-interim\/","og_site_name":"Empower Missouri","article_publisher":"https:\/\/www.facebook.com\/empowermissouri","article_published_time":"2019-08-16T16:41:06+00:00","article_modified_time":"2025-01-28T17:03:45+00:00","og_image":[{"width":5568,"height":3712,"url":"http:\/\/empowermissouri.org\/app\/uploads\/2019\/08\/kelly-sikkema-C3rK5toz0qA-unsplash.jpg","type":"image\/jpeg"}],"author":"Empower Missouri","twitter_card":"summary_large_image","twitter_creator":"@empowermissouri","twitter_site":"@empowermissouri","twitter_misc":{"Written by":"Empower Missouri","Est. reading time":"4 minutes"},"schema":{"@context":"https:\/\/schema.org","@graph":[{"@type":"Article","@id":"https:\/\/empowermissouri.org\/how-to-stay-politically-active-during-moleg-interim\/#article","isPartOf":{"@id":"https:\/\/empowermissouri.org\/how-to-stay-politically-active-during-moleg-interim\/"},"author":{"name":"Empower Missouri","@id":"https:\/\/empowermissouri.org\/#\/schema\/person\/e951a654cbc724fec5829ff7f4d36370"},"headline":"How to stay politically active during #moleg interim","datePublished":"2019-08-16T16:41:06+00:00","dateModified":"2025-01-28T17:03:45+00:00","mainEntityOfPage":{"@id":"https:\/\/empowermissouri.org\/how-to-stay-politically-active-during-moleg-interim\/"},"wordCount":700,"commentCount":0,"publisher":{"@id":"https:\/\/empowermissouri.org\/#organization"},"image":{"@id":"https:\/\/empowermissouri.org\/how-to-stay-politically-active-during-moleg-interim\/#primaryimage"},"thumbnailUrl":"https:\/\/empowermissouri.org\/app\/uploads\/2019\/08\/kelly-sikkema-C3rK5toz0qA-unsplash.jpg","keywords":["administration","benefits","civil asset forfeiture","Criminal Justice","hunger","Jefferson City","Missouri","moleg","prison reform","shamed dogan","sine die","SNAP","social security","trump","usda","Vehicle Stops Report","vsr"],"articleSection":["Action Alert Archive","Weekly Perspective"],"inLanguage":"es-MX","potentialAction":[{"@type":"CommentAction","name":"Comment","target":["https:\/\/empowermissouri.org\/how-to-stay-politically-active-during-moleg-interim\/#respond"]}]},{"@type":"WebPage","@id":"https:\/\/empowermissouri.org\/how-to-stay-politically-active-during-moleg-interim\/","url":"https:\/\/empowermissouri.org\/how-to-stay-politically-active-during-moleg-interim\/","name":"How to stay politically active during #moleg interim - Empower Missouri","isPartOf":{"@id":"https:\/\/empowermissouri.org\/#website"},"primaryImageOfPage":{"@id":"https:\/\/empowermissouri.org\/how-to-stay-politically-active-during-moleg-interim\/#primaryimage"},"image":{"@id":"https:\/\/empowermissouri.org\/how-to-stay-politically-active-during-moleg-interim\/#primaryimage"},"thumbnailUrl":"https:\/\/empowermissouri.org\/app\/uploads\/2019\/08\/kelly-sikkema-C3rK5toz0qA-unsplash.jpg","datePublished":"2019-08-16T16:41:06+00:00","dateModified":"2025-01-28T17:03:45+00:00","description":"Yes, we must practice self-care and enjoy a break from the frenetic pace of Legislative Session, but the need for social justice does not take a summer vacation.","breadcrumb":{"@id":"https:\/\/empowermissouri.org\/how-to-stay-politically-active-during-moleg-interim\/#breadcrumb"},"inLanguage":"es-MX","potentialAction":[{"@type":"ReadAction","target":["https:\/\/empowermissouri.org\/how-to-stay-politically-active-during-moleg-interim\/"]}]},{"@type":"ImageObject","inLanguage":"es-MX","@id":"https:\/\/empowermissouri.org\/how-to-stay-politically-active-during-moleg-interim\/#primaryimage","url":"https:\/\/empowermissouri.org\/app\/uploads\/2019\/08\/kelly-sikkema-C3rK5toz0qA-unsplash.jpg","contentUrl":"https:\/\/empowermissouri.org\/app\/uploads\/2019\/08\/kelly-sikkema-C3rK5toz0qA-unsplash.jpg","width":5568,"height":3712,"caption":"phone-sign-here"},{"@type":"BreadcrumbList","@id":"https:\/\/empowermissouri.org\/how-to-stay-politically-active-during-moleg-interim\/#breadcrumb","itemListElement":[{"@type":"ListItem","position":1,"name":"Home","item":"https:\/\/empowermissouri.org\/"},{"@type":"ListItem","position":2,"name":"How to stay politically active during #moleg interim"}]},{"@type":"WebSite","@id":"https:\/\/empowermissouri.org\/#website","url":"https:\/\/empowermissouri.org\/","name":"Empoderar a Missouri","description":"Advocating for Justice | Empowering Change","publisher":{"@id":"https:\/\/empowermissouri.org\/#organization"},"potentialAction":[{"@type":"SearchAction","target":{"@type":"EntryPoint","urlTemplate":"https:\/\/empowermissouri.org\/?s={search_term_string}"},"query-input":{"@type":"PropertyValueSpecification","valueRequired":true,"valueName":"search_term_string"}}],"inLanguage":"es-MX"},{"@type":"Organization","@id":"https:\/\/empowermissouri.org\/#organization","name":"Empoderar a Missouri","url":"https:\/\/empowermissouri.org\/","logo":{"@type":"ImageObject","inLanguage":"es-MX","@id":"https:\/\/empowermissouri.org\/#\/schema\/logo\/image\/","url":"http:\/\/empowermissouri.org\/app\/uploads\/2018\/08\/logo_button.png","contentUrl":"http:\/\/empowermissouri.org\/app\/uploads\/2018\/08\/logo_button.png","width":579,"height":579,"caption":"Empower Missouri"},"image":{"@id":"https:\/\/empowermissouri.org\/#\/schema\/logo\/image\/"},"sameAs":["https:\/\/www.facebook.com\/empowermissouri","https:\/\/x.com\/empowermissouri","https:\/\/www.instagram.com\/empowermissouri\/","https:\/\/www.linkedin.com\/company\/empower-missouri\/"]},{"@type":"Person","@id":"https:\/\/empowermissouri.org\/#\/schema\/person\/e951a654cbc724fec5829ff7f4d36370","name":"Empoderar a Missouri","image":{"@type":"ImageObject","inLanguage":"es-MX","@id":"https:\/\/secure.gravatar.com\/avatar\/707cc62910910b381e613ab53a9c71ad8f903d58979eb1f78be3a4947f578900?s=96&d=mm&r=gb92e1d0ab19e89757b0c5f03bd735f45","url":"https:\/\/secure.gravatar.com\/avatar\/707cc62910910b381e613ab53a9c71ad8f903d58979eb1f78be3a4947f578900?s=96&d=mm&r=g","contentUrl":"https:\/\/secure.gravatar.com\/avatar\/707cc62910910b381e613ab53a9c71ad8f903d58979eb1f78be3a4947f578900?s=96&d=mm&r=g","caption":"Empower Missouri"},"url":"https:\/\/empowermissouri.org\/es\/author\/developer\/"}]}},"_links":{"self":[{"href":"https:\/\/empowermissouri.org\/es\/wp-json\/wp\/v2\/posts\/2503","targetHints":{"allow":["GET"]}}],"collection":[{"href":"https:\/\/empowermissouri.org\/es\/wp-json\/wp\/v2\/posts"}],"about":[{"href":"https:\/\/empowermissouri.org\/es\/wp-json\/wp\/v2\/types\/post"}],"author":[{"embeddable":true,"href":"https:\/\/empowermissouri.org\/es\/wp-json\/wp\/v2\/users\/1"}],"replies":[{"embeddable":true,"href":"https:\/\/empowermissouri.org\/es\/wp-json\/wp\/v2\/comments?post=2503"}],"version-history":[{"count":0,"href":"https:\/\/empowermissouri.org\/es\/wp-json\/wp\/v2\/posts\/2503\/revisions"}],"wp:featuredmedia":[{"embeddable":true,"href":"https:\/\/empowermissouri.org\/es\/wp-json\/wp\/v2\/media\/2486"}],"wp:attachment":[{"href":"https:\/\/empowermissouri.org\/es\/wp-json\/wp\/v2\/media?parent=2503"}],"wp:term":[{"taxonomy":"category","embeddable":true,"href":"https:\/\/empowermissouri.org\/es\/wp-json\/wp\/v2\/categories?post=2503"},{"taxonomy":"post_tag","embeddable":true,"href":"https:\/\/empowermissouri.org\/es\/wp-json\/wp\/v2\/tags?post=2503"},{"taxonomy":"issues","embeddable":true,"href":"https:\/\/empowermissouri.org\/es\/wp-json\/wp\/v2\/issues?post=2503"},{"taxonomy":"author","embeddable":true,"href":"https:\/\/empowermissouri.org\/es\/wp-json\/wp\/v2\/coauthors?post=2503"}],"curies":[{"name":"wp","href":"https:\/\/api.w.org\/{rel}","templated":true}]}}