{"id":2439,"date":"2019-08-02T06:57:51","date_gmt":"2019-08-02T11:57:51","guid":{"rendered":"http:\/\/empowermissouri.org\/?p=2439"},"modified":"2025-01-28T11:04:04","modified_gmt":"2025-01-28T17:04:04","slug":"say-no-to-changes-in-snap-eligibility","status":"publish","type":"post","link":"https:\/\/empowermissouri.org\/es\/say-no-to-changes-in-snap-eligibility\/","title":{"rendered":"Di no a los cambios en la elegibilidad de SNAP"},"content":{"rendered":"<h3 class=\"wp-block-heading\"> M\u00e1s de 3,1 millones podr\u00edan perder SNAP si la administraci\u00f3n Trump se sale con la suya <\/h3>\n\n\n\n<p>Apenas unos meses despu\u00e9s de que el Congreso y la Administraci\u00f3n debatieran y volvieran a autorizar el Programa de Asistencia de Nutrici\u00f3n Suplementaria (SNAP) a trav\u00e9s de la Ley Agr\u00edcola, la Administraci\u00f3n Trump ahora propone implementar, a trav\u00e9s de la acci\u00f3n ejecutiva, una&nbsp;<a rel=\"noreferrer noopener\" href=\"https:\/\/www.federalregister.gov\/documents\/2019\/07\/24\/2019-15670\/revision-of-categorical-eligibility-in-the-supplemental-nutrition-assistance-program\" target=\"_blank\">segundo recorte de beneficios SNAP<\/a>. Esto es inaceptable, ya que eliminar\u00eda efectivamente los beneficios de SNAP para 3.1 millones de personas, quitar\u00eda las comidas escolares gratuitas a los ni\u00f1os de esas familias y castigar\u00eda a las personas con ahorros incluso escasos.<\/p>\n\n\n\n<p>El Departamento de Agricultura de EE. UU. (USDA, por sus siglas en ingl\u00e9s) propone eliminar las opciones de los estados para eliminar las pruebas de activos de SNAP y utilizar una prueba de ingresos m\u00e1s alta para atender a m\u00e1s hogares que trabajan y que tienen gastos significativos de refugio y cuidado infantil. La opci\u00f3n de pol\u00edtica actual se conoce como &quot;<a href=\"https:\/\/fns-prod.azureedge.net\/sites\/default\/files\/resource-files\/BBCE2019.pdf\" target=\"_blank\" rel=\"noreferrer noopener\">Elegibilidad categ\u00f3rica de base amplia<\/a>\u201d(O\u201c Cat El \u201dpara abreviar). El Congreso debati\u00f3 sobre Cat El en la ley de reconciliaci\u00f3n presupuestaria de 2005 y tambi\u00e9n durante el debate sobre la Ley Agr\u00edcola de 2018 y la rechaz\u00f3 en ambas ocasiones. La Administraci\u00f3n Trump debe aceptar la separaci\u00f3n de poderes en nuestra Constituci\u00f3n de los Estados Unidos y aceptar un no por respuesta.<\/p>\n\n\n\n<p>Missouri no ha optado por hacer un uso s\u00f3lido de Cat El de la forma en que lo han hecho m\u00e1s de cuarenta estados.&nbsp;<strong>Missouri deber\u00eda<\/strong>\u00a1Y queremos conservar esa opci\u00f3n!<\/p>\n\n\n\n<p>El per\u00edodo de comentarios de 60 d\u00edas comenz\u00f3 el 24 de julio cuando se public\u00f3 la regla propuesta en el&nbsp;<a href=\"https:\/\/www.federalregister.gov\/documents\/2019\/07\/24\/2019-15670\/revision-of-categorical-eligibility-in-the-supplemental-nutrition-assistance-program-snap\" target=\"_blank\" rel=\"noreferrer noopener\">registro Federal<\/a>&nbsp;y finaliza el 23 de septiembre. Empower Missouri necesita que tome una o ambas de las siguientes acciones:<\/p>\n\n\n\n<ul class=\"wp-block-list\"><li>Presente sus propios comentarios al USDA utilizando el\u00a0<a rel=\"noreferrer noopener\" href=\"https:\/\/www.federalregister.gov\/documents\/2019\/07\/24\/2019-15670\/revision-of-categorical-eligibility-in-the-supplemental-nutrition-assistance-program\" target=\"_blank\">herramienta de env\u00edo en l\u00ednea<\/a>. Si lo prefiere, los comentarios tambi\u00e9n pueden enviarse por correo regular a: Program Design Branch, Program Development Division, FNS, 3101 Park Center Drive, Alexandria, Virginia 22302.<br><br><strong>y \/ o<\/strong><br><\/li><li><a rel=\"noreferrer noopener\" href=\"https:\/\/secure.everyaction.com\/IevquuKvV06jUMeGyEHW4w2\" target=\"_blank\">Suscr\u00edbete a nuestros comentarios<\/a>\u00a0a continuaci\u00f3n, que tambi\u00e9n se distribuir\u00e1 al senador Blunt, al senador Hawley ya los ocho miembros de la C\u00e1mara de Representantes de Missouri.<\/li><\/ul>\n\n\n\n<p>Tambi\u00e9n necesitamos su ayuda para conseguir que amigos, familiares, vecinos, compa\u00f1eros de trabajo, miembros de su comunidad de fe y otras personas interesadas firmen esta carta. Dejemos en claro que hay cientos en Missouri que est\u00e1n unidos contra cualquier aumento del hambre y por una pol\u00edtica p\u00fablica compasiva que sea honesta sobre el costo de la vida. Por favor <a href=\"https:\/\/www.facebook.com\/empowermissouri\/posts\/2438150422891091\">comparte nuestra publicaci\u00f3n de Facebook<\/a> y\u00a0<a rel=\"noreferrer noopener\" href=\"https:\/\/twitter.com\/EmpowerMissouri\/status\/1156199367541481472\" target=\"_blank\">retuitear<\/a>\u00a0\u00a1para que podamos obtener tantas firmas como sea posible antes de la fecha l\u00edmite!<\/p>\n\n\n\n<script type=\"text\/javascript\" src=\"https:\/\/d3rse9xjbp8270.cloudfront.net\/at.js\" crossorigin=\"anonymous\"><\/script>\n <div class=\"ngp-form\" data-form-url=\"https:\/\/actions.everyaction.com\/v1\/Forms\/IevquuKvV06jUMeGyEHW4w2\" data-fastaction-endpoint=\"https:\/\/fastaction.ngpvan.com\" data-inline-errors=\"true\" data-fastaction-nologin=\"true\" data-databag-endpoint=\"https:\/\/profile.ngpvan.com\" data-databag=\"everybody\" data-mobile-autofocus=\"false\">\n<\/div>","protected":false},"excerpt":{"rendered":"<p>More Than 3.1 Million Could Lose SNAP If The Trump Administration Has Their Way Just months after Congress and the Administration debated and reauthorized the Supplemental Nutrition Assistance Program (SNAP) through the Farm Bill, the Trump Administration is now proposing to implement, through executive action, a&nbsp;second SNAP benefits cut. This is unacceptable as it would [&hellip;]<\/p>\n","protected":false},"author":1,"featured_media":2420,"comment_status":"open","ping_status":"open","sticky":false,"template":"","format":"standard","meta":{"_exactmetrics_skip_tracking":false,"_exactmetrics_sitenote_active":false,"_exactmetrics_sitenote_note":"","_exactmetrics_sitenote_category":0,"footnotes":""},"categories":[676,38],"tags":[155,95,62,48,122],"issues":[32],"coauthors":[359],"class_list":["post-2439","post","type-post","status-publish","format-standard","has-post-thumbnail","hentry","category-action-alert-archive","category-newsletter","tag-cat-el","tag-hunger","tag-missouri","tag-moleg","tag-snap","issues-hunger"],"yoast_head":"<!-- This site is optimized with the Yoast SEO plugin v27.5 - https:\/\/yoast.com\/product\/yoast-seo-wordpress\/ -->\n<title>Say No to Changes in SNAP Eligibility - Empower Missouri<\/title>\n<meta name=\"robots\" content=\"index, follow, max-snippet:-1, max-image-preview:large, max-video-preview:-1\" \/>\n<link rel=\"canonical\" href=\"https:\/\/empowermissouri.org\/es\/say-no-to-changes-in-snap-eligibility\/\" \/>\n<meta property=\"og:locale\" content=\"es_MX\" \/>\n<meta property=\"og:type\" content=\"article\" \/>\n<meta property=\"og:title\" content=\"Say No to Changes in SNAP Eligibility - Empower Missouri\" \/>\n<meta property=\"og:description\" content=\"More Than 3.1 Million Could Lose SNAP If The Trump Administration Has Their Way Just months after Congress and the Administration debated and reauthorized the Supplemental Nutrition Assistance Program (SNAP) through the Farm Bill, the Trump Administration is now proposing to implement, through executive action, a&nbsp;second SNAP benefits cut. This is unacceptable as it would [&hellip;]\" \/>\n<meta property=\"og:url\" content=\"https:\/\/empowermissouri.org\/es\/say-no-to-changes-in-snap-eligibility\/\" \/>\n<meta property=\"og:site_name\" content=\"Empower Missouri\" \/>\n<meta property=\"article:publisher\" content=\"https:\/\/www.facebook.com\/empowermissouri\" \/>\n<meta property=\"article:published_time\" content=\"2019-08-02T11:57:51+00:00\" \/>\n<meta property=\"article:modified_time\" content=\"2025-01-28T17:04:04+00:00\" \/>\n<meta property=\"og:image\" content=\"http:\/\/empowermissouri.org\/app\/uploads\/2019\/07\/Farm-Bill-Facebook.png\" \/>\n\t<meta property=\"og:image:width\" content=\"940\" \/>\n\t<meta property=\"og:image:height\" content=\"788\" \/>\n\t<meta property=\"og:image:type\" content=\"image\/png\" \/>\n<meta name=\"author\" content=\"Empower Missouri\" \/>\n<meta name=\"twitter:card\" content=\"summary_large_image\" \/>\n<meta name=\"twitter:creator\" content=\"@empowermissouri\" \/>\n<meta name=\"twitter:site\" content=\"@empowermissouri\" \/>\n<meta name=\"twitter:label1\" content=\"Written by\" \/>\n\t<meta name=\"twitter:data1\" content=\"Empower Missouri\" \/>\n\t<meta name=\"twitter:label2\" content=\"Est. reading time\" \/>\n\t<meta name=\"twitter:data2\" content=\"2 minutes\" \/>\n<script type=\"application\/ld+json\" class=\"yoast-schema-graph\">{\"@context\":\"https:\\\/\\\/schema.org\",\"@graph\":[{\"@type\":\"Article\",\"@id\":\"https:\\\/\\\/empowermissouri.org\\\/say-no-to-changes-in-snap-eligibility\\\/#article\",\"isPartOf\":{\"@id\":\"https:\\\/\\\/empowermissouri.org\\\/say-no-to-changes-in-snap-eligibility\\\/\"},\"author\":{\"name\":\"Empower Missouri\",\"@id\":\"https:\\\/\\\/empowermissouri.org\\\/#\\\/schema\\\/person\\\/e951a654cbc724fec5829ff7f4d36370\"},\"headline\":\"Say No to Changes in SNAP Eligibility\",\"datePublished\":\"2019-08-02T11:57:51+00:00\",\"dateModified\":\"2025-01-28T17:04:04+00:00\",\"mainEntityOfPage\":{\"@id\":\"https:\\\/\\\/empowermissouri.org\\\/say-no-to-changes-in-snap-eligibility\\\/\"},\"wordCount\":394,\"commentCount\":1,\"publisher\":{\"@id\":\"https:\\\/\\\/empowermissouri.org\\\/#organization\"},\"image\":{\"@id\":\"https:\\\/\\\/empowermissouri.org\\\/say-no-to-changes-in-snap-eligibility\\\/#primaryimage\"},\"thumbnailUrl\":\"https:\\\/\\\/empowermissouri.org\\\/app\\\/uploads\\\/2019\\\/07\\\/Farm-bill-email-header-1.png\",\"keywords\":[\"Cat El\",\"hunger\",\"Missouri\",\"moleg\",\"SNAP\"],\"articleSection\":[\"Action Alert Archive\",\"Newsletter\"],\"inLanguage\":\"es-MX\",\"potentialAction\":[{\"@type\":\"CommentAction\",\"name\":\"Comment\",\"target\":[\"https:\\\/\\\/empowermissouri.org\\\/say-no-to-changes-in-snap-eligibility\\\/#respond\"]}]},{\"@type\":\"WebPage\",\"@id\":\"https:\\\/\\\/empowermissouri.org\\\/say-no-to-changes-in-snap-eligibility\\\/\",\"url\":\"https:\\\/\\\/empowermissouri.org\\\/say-no-to-changes-in-snap-eligibility\\\/\",\"name\":\"Say No to Changes in SNAP Eligibility - Empower Missouri\",\"isPartOf\":{\"@id\":\"https:\\\/\\\/empowermissouri.org\\\/#website\"},\"primaryImageOfPage\":{\"@id\":\"https:\\\/\\\/empowermissouri.org\\\/say-no-to-changes-in-snap-eligibility\\\/#primaryimage\"},\"image\":{\"@id\":\"https:\\\/\\\/empowermissouri.org\\\/say-no-to-changes-in-snap-eligibility\\\/#primaryimage\"},\"thumbnailUrl\":\"https:\\\/\\\/empowermissouri.org\\\/app\\\/uploads\\\/2019\\\/07\\\/Farm-bill-email-header-1.png\",\"datePublished\":\"2019-08-02T11:57:51+00:00\",\"dateModified\":\"2025-01-28T17:04:04+00:00\",\"breadcrumb\":{\"@id\":\"https:\\\/\\\/empowermissouri.org\\\/say-no-to-changes-in-snap-eligibility\\\/#breadcrumb\"},\"inLanguage\":\"es-MX\",\"potentialAction\":[{\"@type\":\"ReadAction\",\"target\":[\"https:\\\/\\\/empowermissouri.org\\\/say-no-to-changes-in-snap-eligibility\\\/\"]}]},{\"@type\":\"ImageObject\",\"inLanguage\":\"es-MX\",\"@id\":\"https:\\\/\\\/empowermissouri.org\\\/say-no-to-changes-in-snap-eligibility\\\/#primaryimage\",\"url\":\"https:\\\/\\\/empowermissouri.org\\\/app\\\/uploads\\\/2019\\\/07\\\/Farm-bill-email-header-1.png\",\"contentUrl\":\"https:\\\/\\\/empowermissouri.org\\\/app\\\/uploads\\\/2019\\\/07\\\/Farm-bill-email-header-1.png\",\"width\":580,\"height\":200},{\"@type\":\"BreadcrumbList\",\"@id\":\"https:\\\/\\\/empowermissouri.org\\\/say-no-to-changes-in-snap-eligibility\\\/#breadcrumb\",\"itemListElement\":[{\"@type\":\"ListItem\",\"position\":1,\"name\":\"Home\",\"item\":\"https:\\\/\\\/empowermissouri.org\\\/\"},{\"@type\":\"ListItem\",\"position\":2,\"name\":\"Say No to Changes in SNAP Eligibility\"}]},{\"@type\":\"WebSite\",\"@id\":\"https:\\\/\\\/empowermissouri.org\\\/#website\",\"url\":\"https:\\\/\\\/empowermissouri.org\\\/\",\"name\":\"Empower Missouri\",\"description\":\"Advocating for Justice | Empowering Change\",\"publisher\":{\"@id\":\"https:\\\/\\\/empowermissouri.org\\\/#organization\"},\"potentialAction\":[{\"@type\":\"SearchAction\",\"target\":{\"@type\":\"EntryPoint\",\"urlTemplate\":\"https:\\\/\\\/empowermissouri.org\\\/?s={search_term_string}\"},\"query-input\":{\"@type\":\"PropertyValueSpecification\",\"valueRequired\":true,\"valueName\":\"search_term_string\"}}],\"inLanguage\":\"es-MX\"},{\"@type\":\"Organization\",\"@id\":\"https:\\\/\\\/empowermissouri.org\\\/#organization\",\"name\":\"Empower Missouri\",\"url\":\"https:\\\/\\\/empowermissouri.org\\\/\",\"logo\":{\"@type\":\"ImageObject\",\"inLanguage\":\"es-MX\",\"@id\":\"https:\\\/\\\/empowermissouri.org\\\/#\\\/schema\\\/logo\\\/image\\\/\",\"url\":\"http:\\\/\\\/empowermissouri.org\\\/app\\\/uploads\\\/2018\\\/08\\\/logo_button.png\",\"contentUrl\":\"http:\\\/\\\/empowermissouri.org\\\/app\\\/uploads\\\/2018\\\/08\\\/logo_button.png\",\"width\":579,\"height\":579,\"caption\":\"Empower Missouri\"},\"image\":{\"@id\":\"https:\\\/\\\/empowermissouri.org\\\/#\\\/schema\\\/logo\\\/image\\\/\"},\"sameAs\":[\"https:\\\/\\\/www.facebook.com\\\/empowermissouri\",\"https:\\\/\\\/x.com\\\/empowermissouri\",\"https:\\\/\\\/www.instagram.com\\\/empowermissouri\\\/\",\"https:\\\/\\\/www.linkedin.com\\\/company\\\/empower-missouri\\\/\"]},{\"@type\":\"Person\",\"@id\":\"https:\\\/\\\/empowermissouri.org\\\/#\\\/schema\\\/person\\\/e951a654cbc724fec5829ff7f4d36370\",\"name\":\"Empower Missouri\",\"image\":{\"@type\":\"ImageObject\",\"inLanguage\":\"es-MX\",\"@id\":\"https:\\\/\\\/secure.gravatar.com\\\/avatar\\\/707cc62910910b381e613ab53a9c71ad8f903d58979eb1f78be3a4947f578900?s=96&d=mm&r=gb92e1d0ab19e89757b0c5f03bd735f45\",\"url\":\"https:\\\/\\\/secure.gravatar.com\\\/avatar\\\/707cc62910910b381e613ab53a9c71ad8f903d58979eb1f78be3a4947f578900?s=96&d=mm&r=g\",\"contentUrl\":\"https:\\\/\\\/secure.gravatar.com\\\/avatar\\\/707cc62910910b381e613ab53a9c71ad8f903d58979eb1f78be3a4947f578900?s=96&d=mm&r=g\",\"caption\":\"Empower Missouri\"},\"url\":\"https:\\\/\\\/empowermissouri.org\\\/es\\\/author\\\/developer\\\/\"}]}<\/script>\n<!-- \/ Yoast SEO plugin. -->","yoast_head_json":{"title":"Say No to Changes in SNAP Eligibility - Empower Missouri","robots":{"index":"index","follow":"follow","max-snippet":"max-snippet:-1","max-image-preview":"max-image-preview:large","max-video-preview":"max-video-preview:-1"},"canonical":"https:\/\/empowermissouri.org\/es\/say-no-to-changes-in-snap-eligibility\/","og_locale":"es_MX","og_type":"article","og_title":"Say No to Changes in SNAP Eligibility - Empower Missouri","og_description":"More Than 3.1 Million Could Lose SNAP If The Trump Administration Has Their Way Just months after Congress and the Administration debated and reauthorized the Supplemental Nutrition Assistance Program (SNAP) through the Farm Bill, the Trump Administration is now proposing to implement, through executive action, a&nbsp;second SNAP benefits cut. This is unacceptable as it would [&hellip;]","og_url":"https:\/\/empowermissouri.org\/es\/say-no-to-changes-in-snap-eligibility\/","og_site_name":"Empower Missouri","article_publisher":"https:\/\/www.facebook.com\/empowermissouri","article_published_time":"2019-08-02T11:57:51+00:00","article_modified_time":"2025-01-28T17:04:04+00:00","og_image":[{"width":940,"height":788,"url":"http:\/\/empowermissouri.org\/app\/uploads\/2019\/07\/Farm-Bill-Facebook.png","type":"image\/png"}],"author":"Empower Missouri","twitter_card":"summary_large_image","twitter_creator":"@empowermissouri","twitter_site":"@empowermissouri","twitter_misc":{"Written by":"Empower Missouri","Est. reading time":"2 minutes"},"schema":{"@context":"https:\/\/schema.org","@graph":[{"@type":"Article","@id":"https:\/\/empowermissouri.org\/say-no-to-changes-in-snap-eligibility\/#article","isPartOf":{"@id":"https:\/\/empowermissouri.org\/say-no-to-changes-in-snap-eligibility\/"},"author":{"name":"Empower Missouri","@id":"https:\/\/empowermissouri.org\/#\/schema\/person\/e951a654cbc724fec5829ff7f4d36370"},"headline":"Say No to Changes in SNAP Eligibility","datePublished":"2019-08-02T11:57:51+00:00","dateModified":"2025-01-28T17:04:04+00:00","mainEntityOfPage":{"@id":"https:\/\/empowermissouri.org\/say-no-to-changes-in-snap-eligibility\/"},"wordCount":394,"commentCount":1,"publisher":{"@id":"https:\/\/empowermissouri.org\/#organization"},"image":{"@id":"https:\/\/empowermissouri.org\/say-no-to-changes-in-snap-eligibility\/#primaryimage"},"thumbnailUrl":"https:\/\/empowermissouri.org\/app\/uploads\/2019\/07\/Farm-bill-email-header-1.png","keywords":["Cat El","hunger","Missouri","moleg","SNAP"],"articleSection":["Action Alert Archive","Newsletter"],"inLanguage":"es-MX","potentialAction":[{"@type":"CommentAction","name":"Comment","target":["https:\/\/empowermissouri.org\/say-no-to-changes-in-snap-eligibility\/#respond"]}]},{"@type":"WebPage","@id":"https:\/\/empowermissouri.org\/say-no-to-changes-in-snap-eligibility\/","url":"https:\/\/empowermissouri.org\/say-no-to-changes-in-snap-eligibility\/","name":"Say No to Changes in SNAP Eligibility - Empower Missouri","isPartOf":{"@id":"https:\/\/empowermissouri.org\/#website"},"primaryImageOfPage":{"@id":"https:\/\/empowermissouri.org\/say-no-to-changes-in-snap-eligibility\/#primaryimage"},"image":{"@id":"https:\/\/empowermissouri.org\/say-no-to-changes-in-snap-eligibility\/#primaryimage"},"thumbnailUrl":"https:\/\/empowermissouri.org\/app\/uploads\/2019\/07\/Farm-bill-email-header-1.png","datePublished":"2019-08-02T11:57:51+00:00","dateModified":"2025-01-28T17:04:04+00:00","breadcrumb":{"@id":"https:\/\/empowermissouri.org\/say-no-to-changes-in-snap-eligibility\/#breadcrumb"},"inLanguage":"es-MX","potentialAction":[{"@type":"ReadAction","target":["https:\/\/empowermissouri.org\/say-no-to-changes-in-snap-eligibility\/"]}]},{"@type":"ImageObject","inLanguage":"es-MX","@id":"https:\/\/empowermissouri.org\/say-no-to-changes-in-snap-eligibility\/#primaryimage","url":"https:\/\/empowermissouri.org\/app\/uploads\/2019\/07\/Farm-bill-email-header-1.png","contentUrl":"https:\/\/empowermissouri.org\/app\/uploads\/2019\/07\/Farm-bill-email-header-1.png","width":580,"height":200},{"@type":"BreadcrumbList","@id":"https:\/\/empowermissouri.org\/say-no-to-changes-in-snap-eligibility\/#breadcrumb","itemListElement":[{"@type":"ListItem","position":1,"name":"Home","item":"https:\/\/empowermissouri.org\/"},{"@type":"ListItem","position":2,"name":"Say No to Changes in SNAP Eligibility"}]},{"@type":"WebSite","@id":"https:\/\/empowermissouri.org\/#website","url":"https:\/\/empowermissouri.org\/","name":"Empoderar a Missouri","description":"Advocating for Justice | Empowering Change","publisher":{"@id":"https:\/\/empowermissouri.org\/#organization"},"potentialAction":[{"@type":"SearchAction","target":{"@type":"EntryPoint","urlTemplate":"https:\/\/empowermissouri.org\/?s={search_term_string}"},"query-input":{"@type":"PropertyValueSpecification","valueRequired":true,"valueName":"search_term_string"}}],"inLanguage":"es-MX"},{"@type":"Organization","@id":"https:\/\/empowermissouri.org\/#organization","name":"Empoderar a Missouri","url":"https:\/\/empowermissouri.org\/","logo":{"@type":"ImageObject","inLanguage":"es-MX","@id":"https:\/\/empowermissouri.org\/#\/schema\/logo\/image\/","url":"http:\/\/empowermissouri.org\/app\/uploads\/2018\/08\/logo_button.png","contentUrl":"http:\/\/empowermissouri.org\/app\/uploads\/2018\/08\/logo_button.png","width":579,"height":579,"caption":"Empower Missouri"},"image":{"@id":"https:\/\/empowermissouri.org\/#\/schema\/logo\/image\/"},"sameAs":["https:\/\/www.facebook.com\/empowermissouri","https:\/\/x.com\/empowermissouri","https:\/\/www.instagram.com\/empowermissouri\/","https:\/\/www.linkedin.com\/company\/empower-missouri\/"]},{"@type":"Person","@id":"https:\/\/empowermissouri.org\/#\/schema\/person\/e951a654cbc724fec5829ff7f4d36370","name":"Empoderar a Missouri","image":{"@type":"ImageObject","inLanguage":"es-MX","@id":"https:\/\/secure.gravatar.com\/avatar\/707cc62910910b381e613ab53a9c71ad8f903d58979eb1f78be3a4947f578900?s=96&d=mm&r=gb92e1d0ab19e89757b0c5f03bd735f45","url":"https:\/\/secure.gravatar.com\/avatar\/707cc62910910b381e613ab53a9c71ad8f903d58979eb1f78be3a4947f578900?s=96&d=mm&r=g","contentUrl":"https:\/\/secure.gravatar.com\/avatar\/707cc62910910b381e613ab53a9c71ad8f903d58979eb1f78be3a4947f578900?s=96&d=mm&r=g","caption":"Empower Missouri"},"url":"https:\/\/empowermissouri.org\/es\/author\/developer\/"}]}},"_links":{"self":[{"href":"https:\/\/empowermissouri.org\/es\/wp-json\/wp\/v2\/posts\/2439","targetHints":{"allow":["GET"]}}],"collection":[{"href":"https:\/\/empowermissouri.org\/es\/wp-json\/wp\/v2\/posts"}],"about":[{"href":"https:\/\/empowermissouri.org\/es\/wp-json\/wp\/v2\/types\/post"}],"author":[{"embeddable":true,"href":"https:\/\/empowermissouri.org\/es\/wp-json\/wp\/v2\/users\/1"}],"replies":[{"embeddable":true,"href":"https:\/\/empowermissouri.org\/es\/wp-json\/wp\/v2\/comments?post=2439"}],"version-history":[{"count":0,"href":"https:\/\/empowermissouri.org\/es\/wp-json\/wp\/v2\/posts\/2439\/revisions"}],"wp:featuredmedia":[{"embeddable":true,"href":"https:\/\/empowermissouri.org\/es\/wp-json\/wp\/v2\/media\/2420"}],"wp:attachment":[{"href":"https:\/\/empowermissouri.org\/es\/wp-json\/wp\/v2\/media?parent=2439"}],"wp:term":[{"taxonomy":"category","embeddable":true,"href":"https:\/\/empowermissouri.org\/es\/wp-json\/wp\/v2\/categories?post=2439"},{"taxonomy":"post_tag","embeddable":true,"href":"https:\/\/empowermissouri.org\/es\/wp-json\/wp\/v2\/tags?post=2439"},{"taxonomy":"issues","embeddable":true,"href":"https:\/\/empowermissouri.org\/es\/wp-json\/wp\/v2\/issues?post=2439"},{"taxonomy":"author","embeddable":true,"href":"https:\/\/empowermissouri.org\/es\/wp-json\/wp\/v2\/coauthors?post=2439"}],"curies":[{"name":"wp","href":"https:\/\/api.w.org\/{rel}","templated":true}]}}