{"id":2023,"date":"2019-06-28T07:00:49","date_gmt":"2019-06-28T12:00:49","guid":{"rendered":"http:\/\/empowermissouri.org\/?p=2023"},"modified":"2019-07-06T10:20:05","modified_gmt":"2019-07-06T15:20:05","slug":"hiv-justice-coalition-holds-robust-convening-molly-pearson","status":"publish","type":"post","link":"https:\/\/empowermissouri.org\/es\/hiv-justice-coalition-holds-robust-convening-molly-pearson\/","title":{"rendered":"La Coalici\u00f3n por la Justicia contra el VIH realiza una convocatoria s\u00f3lida - Molly Pearson"},"content":{"rendered":"<p>Un grupo diverso de m\u00e1s de una docena de defensores se reuni\u00f3 en St. Louis el 12 de junio.<sup>th<\/sup> para discutir estrategias, t\u00e1cticas y lo que se avecina en el camino hacia la modernizaci\u00f3n de las pol\u00edticas sobre el VIH en Missouri. La sala estaba llena de proveedores de servicios de VIH \/ SIDA, defensores de la planificaci\u00f3n familiar, organizadores de historia y cultura, trabajadores sexuales y m\u00e1s.<\/p>\n\n\n\n<p>Sin embargo, debe tenerse en cuenta que no hab\u00eda suficientes personas que vivieran con el VIH (PVVIH) en la habitaci\u00f3n. Como grupo, identificamos una prioridad clave para el pr\u00f3ximo a\u00f1o: intencionalmente, invitar activamente a m\u00e1s personas que viven con el VIH a la mesa. Estamos comprometidos no solo a invitarlos a la mesa, sino a centrar sus vidas, sus historias y sus perspectivas en nuestro trabajo.&nbsp;<\/p>\n\n\n\n<p>Esta prioridad refleja la mejor pr\u00e1ctica conocida como Participaci\u00f3n significativa de las personas que viven con el VIH \/ SIDA (o, MIPA, pronunciado MEE-puh). MIPA se estableci\u00f3 en 1983 como parte de la <a href=\"http:\/\/www.actupny.org\/documents\/denver_principles.pdf\">Principios de Denver<\/a>, que fue una convocatoria de personas que viven con el VIH con la intenci\u00f3n de afirmar el poder, la visibilidad y la expresi\u00f3n sin complejos del trabajo que debemos hacer para poner fin a la epidemia.<\/p>\n\n\n\n<p>La epidemia no termin\u00f3 en 1983. Contin\u00faa hoy, y con demasiada frecuencia de manera invisible. Como Coalici\u00f3n, reconocimos qui\u00e9n faltaba en la habitaci\u00f3n ese d\u00eda, qui\u00e9n se ha vuelto invisible. Estamos dedicados y determinados a hacer lo correcto por las personas m\u00e1s afectadas por los estatutos criminales espec\u00edficos del VIH obsoletos y da\u00f1inos de nuestro estado.&nbsp;<br>Otros aspectos destacados de la reuni\u00f3n incluyeron la incorporaci\u00f3n de nuevos miembros al compartir la historia de la coalici\u00f3n, ofrecer pensamientos iniciales sobre la estrategia legislativa para 2020 y realizar un an\u00e1lisis FODA en profundidad (fortalezas y debilidades internas y oportunidades y amenazas externas). Un agradecimiento especial a nuestros amables anfitriones de reuniones en <a href=\"http:\/\/www.stlefa.org\/\">Esfuerzo de St. Louis por el SIDA<\/a>ya todos y cada uno de los defensores que no solo se presentaron, sino que tambi\u00e9n se presentaron con la vulnerabilidad y el coraje necesarios para reconocer c\u00f3mo podemos \u2014debemos\u2014 ser mejores. <\/p>\n\n\n\n<script type=\"text\/javascript\" src=\"https:\/\/d1aqhv4sn5kxtx.cloudfront.net\/actiontag\/at.js\" crossorigin=\"anonymous\"><\/script>\n <div class=\"ngp-form\" data-form-url=\"https:\/\/actions.everyaction.com\/v1\/Forms\/BCLKPYxHeUCUjXvqnxg8Vg2\" data-fastaction-endpoint=\"https:\/\/fastaction.ngpvan.com\" data-inline-errors=\"true\" data-fastaction-nologin=\"true\" data-databag-endpoint=\"https:\/\/profile.ngpvan.com\" data-databag=\"everybody\" data-mobile-autofocus=\"false\">\n<\/div>","protected":false},"excerpt":{"rendered":"<p>Esta prioridad refleja la mejor pr\u00e1ctica conocida como Participaci\u00f3n significativa de las personas que viven con el VIH \/ SIDA (o, MIPA, pronunciado MEE-puh). MIPA se estableci\u00f3 en 1983 como parte de los Principios de Denver.<\/p>","protected":false},"author":1,"featured_media":1813,"comment_status":"open","ping_status":"open","sticky":false,"template":"","format":"standard","meta":{"_exactmetrics_skip_tracking":false,"_exactmetrics_sitenote_active":false,"_exactmetrics_sitenote_note":"","_exactmetrics_sitenote_category":0,"footnotes":""},"categories":[94,38],"tags":[64,46,62,48,63],"issues":[49],"coauthors":[],"class_list":["post-2023","post","type-post","status-publish","format-standard","has-post-thumbnail","hentry","category-blog-post","category-newsletter","tag-denver-principles","tag-hiv","tag-missouri","tag-moleg","tag-plhiv","issues-hiv"],"yoast_head":"<!-- This site is optimized with the Yoast SEO plugin v27.5 - https:\/\/yoast.com\/product\/yoast-seo-wordpress\/ -->\n<title>HIV Justice Coalition Holds Robust Convening - Molly Pearson - Empower Missouri<\/title>\n<meta name=\"robots\" content=\"index, follow, max-snippet:-1, max-image-preview:large, max-video-preview:-1\" \/>\n<link rel=\"canonical\" href=\"https:\/\/empowermissouri.org\/es\/hiv-justice-coalition-holds-robust-convening-molly-pearson\/\" \/>\n<meta property=\"og:locale\" content=\"es_MX\" \/>\n<meta property=\"og:type\" content=\"article\" \/>\n<meta property=\"og:title\" content=\"HIV Justice Coalition Holds Robust Convening - Molly Pearson - Empower Missouri\" \/>\n<meta property=\"og:description\" content=\"This priority reflects the best practice known as Meaningful Involvement of People Living with HIV\/AIDS (or, MIPA, pronounced MEE-puh). MIPA was established in 1983 as part of the Denver Principles\" \/>\n<meta property=\"og:url\" content=\"https:\/\/empowermissouri.org\/es\/hiv-justice-coalition-holds-robust-convening-molly-pearson\/\" \/>\n<meta property=\"og:site_name\" content=\"Empower Missouri\" \/>\n<meta property=\"article:publisher\" content=\"https:\/\/www.facebook.com\/empowermissouri\" \/>\n<meta property=\"article:published_time\" content=\"2019-06-28T12:00:49+00:00\" \/>\n<meta property=\"article:modified_time\" content=\"2019-07-06T15:20:05+00:00\" \/>\n<meta property=\"og:image\" content=\"https:\/\/empowermissouri.org\/app\/uploads\/2019\/05\/Copy-of-HIV-Justice-Coalition-Monthly-Call.png\" \/>\n\t<meta property=\"og:image:width\" content=\"1200\" \/>\n\t<meta property=\"og:image:height\" content=\"600\" \/>\n\t<meta property=\"og:image:type\" content=\"image\/png\" \/>\n<meta name=\"author\" content=\"Empower Missouri\" \/>\n<meta name=\"twitter:card\" content=\"summary_large_image\" \/>\n<meta name=\"twitter:creator\" content=\"@empowermissouri\" \/>\n<meta name=\"twitter:site\" content=\"@empowermissouri\" \/>\n<meta name=\"twitter:label1\" content=\"Written by\" \/>\n\t<meta name=\"twitter:data1\" content=\"Empower Missouri\" \/>\n\t<meta name=\"twitter:label2\" content=\"Est. reading time\" \/>\n\t<meta name=\"twitter:data2\" content=\"2 minutes\" \/>\n<script type=\"application\/ld+json\" class=\"yoast-schema-graph\">{\"@context\":\"https:\\\/\\\/schema.org\",\"@graph\":[{\"@type\":\"Article\",\"@id\":\"https:\\\/\\\/empowermissouri.org\\\/hiv-justice-coalition-holds-robust-convening-molly-pearson\\\/#article\",\"isPartOf\":{\"@id\":\"https:\\\/\\\/empowermissouri.org\\\/hiv-justice-coalition-holds-robust-convening-molly-pearson\\\/\"},\"author\":{\"name\":\"Empower Missouri\",\"@id\":\"https:\\\/\\\/empowermissouri.org\\\/#\\\/schema\\\/person\\\/e951a654cbc724fec5829ff7f4d36370\"},\"headline\":\"HIV Justice Coalition Holds Robust Convening &#8211; Molly Pearson\",\"datePublished\":\"2019-06-28T12:00:49+00:00\",\"dateModified\":\"2019-07-06T15:20:05+00:00\",\"mainEntityOfPage\":{\"@id\":\"https:\\\/\\\/empowermissouri.org\\\/hiv-justice-coalition-holds-robust-convening-molly-pearson\\\/\"},\"wordCount\":318,\"commentCount\":0,\"publisher\":{\"@id\":\"https:\\\/\\\/empowermissouri.org\\\/#organization\"},\"image\":{\"@id\":\"https:\\\/\\\/empowermissouri.org\\\/hiv-justice-coalition-holds-robust-convening-molly-pearson\\\/#primaryimage\"},\"thumbnailUrl\":\"https:\\\/\\\/empowermissouri.org\\\/app\\\/uploads\\\/2019\\\/05\\\/Copy-of-HIV-Justice-Coalition-Monthly-Call.png\",\"keywords\":[\"Denver Principles\",\"HIV\",\"Missouri\",\"moleg\",\"PLHIV\"],\"articleSection\":[\"Blog Post\",\"Newsletter\"],\"inLanguage\":\"es-MX\",\"potentialAction\":[{\"@type\":\"CommentAction\",\"name\":\"Comment\",\"target\":[\"https:\\\/\\\/empowermissouri.org\\\/hiv-justice-coalition-holds-robust-convening-molly-pearson\\\/#respond\"]}]},{\"@type\":\"WebPage\",\"@id\":\"https:\\\/\\\/empowermissouri.org\\\/hiv-justice-coalition-holds-robust-convening-molly-pearson\\\/\",\"url\":\"https:\\\/\\\/empowermissouri.org\\\/hiv-justice-coalition-holds-robust-convening-molly-pearson\\\/\",\"name\":\"HIV Justice Coalition Holds Robust Convening - Molly Pearson - Empower Missouri\",\"isPartOf\":{\"@id\":\"https:\\\/\\\/empowermissouri.org\\\/#website\"},\"primaryImageOfPage\":{\"@id\":\"https:\\\/\\\/empowermissouri.org\\\/hiv-justice-coalition-holds-robust-convening-molly-pearson\\\/#primaryimage\"},\"image\":{\"@id\":\"https:\\\/\\\/empowermissouri.org\\\/hiv-justice-coalition-holds-robust-convening-molly-pearson\\\/#primaryimage\"},\"thumbnailUrl\":\"https:\\\/\\\/empowermissouri.org\\\/app\\\/uploads\\\/2019\\\/05\\\/Copy-of-HIV-Justice-Coalition-Monthly-Call.png\",\"datePublished\":\"2019-06-28T12:00:49+00:00\",\"dateModified\":\"2019-07-06T15:20:05+00:00\",\"breadcrumb\":{\"@id\":\"https:\\\/\\\/empowermissouri.org\\\/hiv-justice-coalition-holds-robust-convening-molly-pearson\\\/#breadcrumb\"},\"inLanguage\":\"es-MX\",\"potentialAction\":[{\"@type\":\"ReadAction\",\"target\":[\"https:\\\/\\\/empowermissouri.org\\\/hiv-justice-coalition-holds-robust-convening-molly-pearson\\\/\"]}]},{\"@type\":\"ImageObject\",\"inLanguage\":\"es-MX\",\"@id\":\"https:\\\/\\\/empowermissouri.org\\\/hiv-justice-coalition-holds-robust-convening-molly-pearson\\\/#primaryimage\",\"url\":\"https:\\\/\\\/empowermissouri.org\\\/app\\\/uploads\\\/2019\\\/05\\\/Copy-of-HIV-Justice-Coalition-Monthly-Call.png\",\"contentUrl\":\"https:\\\/\\\/empowermissouri.org\\\/app\\\/uploads\\\/2019\\\/05\\\/Copy-of-HIV-Justice-Coalition-Monthly-Call.png\",\"width\":1200,\"height\":600,\"caption\":\"HIV Jusitce Coalition\"},{\"@type\":\"BreadcrumbList\",\"@id\":\"https:\\\/\\\/empowermissouri.org\\\/hiv-justice-coalition-holds-robust-convening-molly-pearson\\\/#breadcrumb\",\"itemListElement\":[{\"@type\":\"ListItem\",\"position\":1,\"name\":\"Home\",\"item\":\"https:\\\/\\\/empowermissouri.org\\\/\"},{\"@type\":\"ListItem\",\"position\":2,\"name\":\"HIV Justice Coalition Holds Robust Convening &#8211; Molly Pearson\"}]},{\"@type\":\"WebSite\",\"@id\":\"https:\\\/\\\/empowermissouri.org\\\/#website\",\"url\":\"https:\\\/\\\/empowermissouri.org\\\/\",\"name\":\"Empower Missouri\",\"description\":\"Advocating for Justice | Empowering Change\",\"publisher\":{\"@id\":\"https:\\\/\\\/empowermissouri.org\\\/#organization\"},\"potentialAction\":[{\"@type\":\"SearchAction\",\"target\":{\"@type\":\"EntryPoint\",\"urlTemplate\":\"https:\\\/\\\/empowermissouri.org\\\/?s={search_term_string}\"},\"query-input\":{\"@type\":\"PropertyValueSpecification\",\"valueRequired\":true,\"valueName\":\"search_term_string\"}}],\"inLanguage\":\"es-MX\"},{\"@type\":\"Organization\",\"@id\":\"https:\\\/\\\/empowermissouri.org\\\/#organization\",\"name\":\"Empower Missouri\",\"url\":\"https:\\\/\\\/empowermissouri.org\\\/\",\"logo\":{\"@type\":\"ImageObject\",\"inLanguage\":\"es-MX\",\"@id\":\"https:\\\/\\\/empowermissouri.org\\\/#\\\/schema\\\/logo\\\/image\\\/\",\"url\":\"http:\\\/\\\/empowermissouri.org\\\/app\\\/uploads\\\/2018\\\/08\\\/logo_button.png\",\"contentUrl\":\"http:\\\/\\\/empowermissouri.org\\\/app\\\/uploads\\\/2018\\\/08\\\/logo_button.png\",\"width\":579,\"height\":579,\"caption\":\"Empower Missouri\"},\"image\":{\"@id\":\"https:\\\/\\\/empowermissouri.org\\\/#\\\/schema\\\/logo\\\/image\\\/\"},\"sameAs\":[\"https:\\\/\\\/www.facebook.com\\\/empowermissouri\",\"https:\\\/\\\/x.com\\\/empowermissouri\",\"https:\\\/\\\/www.instagram.com\\\/empowermissouri\\\/\",\"https:\\\/\\\/www.linkedin.com\\\/company\\\/empower-missouri\\\/\"]},{\"@type\":\"Person\",\"@id\":\"https:\\\/\\\/empowermissouri.org\\\/#\\\/schema\\\/person\\\/e951a654cbc724fec5829ff7f4d36370\",\"name\":\"Empower Missouri\",\"image\":{\"@type\":\"ImageObject\",\"inLanguage\":\"es-MX\",\"@id\":\"https:\\\/\\\/secure.gravatar.com\\\/avatar\\\/707cc62910910b381e613ab53a9c71ad8f903d58979eb1f78be3a4947f578900?s=96&d=mm&r=gb92e1d0ab19e89757b0c5f03bd735f45\",\"url\":\"https:\\\/\\\/secure.gravatar.com\\\/avatar\\\/707cc62910910b381e613ab53a9c71ad8f903d58979eb1f78be3a4947f578900?s=96&d=mm&r=g\",\"contentUrl\":\"https:\\\/\\\/secure.gravatar.com\\\/avatar\\\/707cc62910910b381e613ab53a9c71ad8f903d58979eb1f78be3a4947f578900?s=96&d=mm&r=g\",\"caption\":\"Empower Missouri\"},\"url\":\"https:\\\/\\\/empowermissouri.org\\\/es\\\/author\\\/developer\\\/\"}]}<\/script>\n<!-- \/ Yoast SEO plugin. -->","yoast_head_json":{"title":"HIV Justice Coalition Holds Robust Convening - Molly Pearson - Empower Missouri","robots":{"index":"index","follow":"follow","max-snippet":"max-snippet:-1","max-image-preview":"max-image-preview:large","max-video-preview":"max-video-preview:-1"},"canonical":"https:\/\/empowermissouri.org\/es\/hiv-justice-coalition-holds-robust-convening-molly-pearson\/","og_locale":"es_MX","og_type":"article","og_title":"HIV Justice Coalition Holds Robust Convening - Molly Pearson - Empower Missouri","og_description":"This priority reflects the best practice known as Meaningful Involvement of People Living with HIV\/AIDS (or, MIPA, pronounced MEE-puh). MIPA was established in 1983 as part of the Denver Principles","og_url":"https:\/\/empowermissouri.org\/es\/hiv-justice-coalition-holds-robust-convening-molly-pearson\/","og_site_name":"Empower Missouri","article_publisher":"https:\/\/www.facebook.com\/empowermissouri","article_published_time":"2019-06-28T12:00:49+00:00","article_modified_time":"2019-07-06T15:20:05+00:00","og_image":[{"width":1200,"height":600,"url":"https:\/\/empowermissouri.org\/app\/uploads\/2019\/05\/Copy-of-HIV-Justice-Coalition-Monthly-Call.png","type":"image\/png"}],"author":"Empower Missouri","twitter_card":"summary_large_image","twitter_creator":"@empowermissouri","twitter_site":"@empowermissouri","twitter_misc":{"Written by":"Empower Missouri","Est. reading time":"2 minutes"},"schema":{"@context":"https:\/\/schema.org","@graph":[{"@type":"Article","@id":"https:\/\/empowermissouri.org\/hiv-justice-coalition-holds-robust-convening-molly-pearson\/#article","isPartOf":{"@id":"https:\/\/empowermissouri.org\/hiv-justice-coalition-holds-robust-convening-molly-pearson\/"},"author":{"name":"Empower Missouri","@id":"https:\/\/empowermissouri.org\/#\/schema\/person\/e951a654cbc724fec5829ff7f4d36370"},"headline":"HIV Justice Coalition Holds Robust Convening &#8211; Molly Pearson","datePublished":"2019-06-28T12:00:49+00:00","dateModified":"2019-07-06T15:20:05+00:00","mainEntityOfPage":{"@id":"https:\/\/empowermissouri.org\/hiv-justice-coalition-holds-robust-convening-molly-pearson\/"},"wordCount":318,"commentCount":0,"publisher":{"@id":"https:\/\/empowermissouri.org\/#organization"},"image":{"@id":"https:\/\/empowermissouri.org\/hiv-justice-coalition-holds-robust-convening-molly-pearson\/#primaryimage"},"thumbnailUrl":"https:\/\/empowermissouri.org\/app\/uploads\/2019\/05\/Copy-of-HIV-Justice-Coalition-Monthly-Call.png","keywords":["Denver Principles","HIV","Missouri","moleg","PLHIV"],"articleSection":["Blog Post","Newsletter"],"inLanguage":"es-MX","potentialAction":[{"@type":"CommentAction","name":"Comment","target":["https:\/\/empowermissouri.org\/hiv-justice-coalition-holds-robust-convening-molly-pearson\/#respond"]}]},{"@type":"WebPage","@id":"https:\/\/empowermissouri.org\/hiv-justice-coalition-holds-robust-convening-molly-pearson\/","url":"https:\/\/empowermissouri.org\/hiv-justice-coalition-holds-robust-convening-molly-pearson\/","name":"HIV Justice Coalition Holds Robust Convening - Molly Pearson - Empower Missouri","isPartOf":{"@id":"https:\/\/empowermissouri.org\/#website"},"primaryImageOfPage":{"@id":"https:\/\/empowermissouri.org\/hiv-justice-coalition-holds-robust-convening-molly-pearson\/#primaryimage"},"image":{"@id":"https:\/\/empowermissouri.org\/hiv-justice-coalition-holds-robust-convening-molly-pearson\/#primaryimage"},"thumbnailUrl":"https:\/\/empowermissouri.org\/app\/uploads\/2019\/05\/Copy-of-HIV-Justice-Coalition-Monthly-Call.png","datePublished":"2019-06-28T12:00:49+00:00","dateModified":"2019-07-06T15:20:05+00:00","breadcrumb":{"@id":"https:\/\/empowermissouri.org\/hiv-justice-coalition-holds-robust-convening-molly-pearson\/#breadcrumb"},"inLanguage":"es-MX","potentialAction":[{"@type":"ReadAction","target":["https:\/\/empowermissouri.org\/hiv-justice-coalition-holds-robust-convening-molly-pearson\/"]}]},{"@type":"ImageObject","inLanguage":"es-MX","@id":"https:\/\/empowermissouri.org\/hiv-justice-coalition-holds-robust-convening-molly-pearson\/#primaryimage","url":"https:\/\/empowermissouri.org\/app\/uploads\/2019\/05\/Copy-of-HIV-Justice-Coalition-Monthly-Call.png","contentUrl":"https:\/\/empowermissouri.org\/app\/uploads\/2019\/05\/Copy-of-HIV-Justice-Coalition-Monthly-Call.png","width":1200,"height":600,"caption":"HIV Jusitce Coalition"},{"@type":"BreadcrumbList","@id":"https:\/\/empowermissouri.org\/hiv-justice-coalition-holds-robust-convening-molly-pearson\/#breadcrumb","itemListElement":[{"@type":"ListItem","position":1,"name":"Home","item":"https:\/\/empowermissouri.org\/"},{"@type":"ListItem","position":2,"name":"HIV Justice Coalition Holds Robust Convening &#8211; Molly Pearson"}]},{"@type":"WebSite","@id":"https:\/\/empowermissouri.org\/#website","url":"https:\/\/empowermissouri.org\/","name":"Empoderar a Missouri","description":"Advocating for Justice | Empowering Change","publisher":{"@id":"https:\/\/empowermissouri.org\/#organization"},"potentialAction":[{"@type":"SearchAction","target":{"@type":"EntryPoint","urlTemplate":"https:\/\/empowermissouri.org\/?s={search_term_string}"},"query-input":{"@type":"PropertyValueSpecification","valueRequired":true,"valueName":"search_term_string"}}],"inLanguage":"es-MX"},{"@type":"Organization","@id":"https:\/\/empowermissouri.org\/#organization","name":"Empoderar a Missouri","url":"https:\/\/empowermissouri.org\/","logo":{"@type":"ImageObject","inLanguage":"es-MX","@id":"https:\/\/empowermissouri.org\/#\/schema\/logo\/image\/","url":"http:\/\/empowermissouri.org\/app\/uploads\/2018\/08\/logo_button.png","contentUrl":"http:\/\/empowermissouri.org\/app\/uploads\/2018\/08\/logo_button.png","width":579,"height":579,"caption":"Empower Missouri"},"image":{"@id":"https:\/\/empowermissouri.org\/#\/schema\/logo\/image\/"},"sameAs":["https:\/\/www.facebook.com\/empowermissouri","https:\/\/x.com\/empowermissouri","https:\/\/www.instagram.com\/empowermissouri\/","https:\/\/www.linkedin.com\/company\/empower-missouri\/"]},{"@type":"Person","@id":"https:\/\/empowermissouri.org\/#\/schema\/person\/e951a654cbc724fec5829ff7f4d36370","name":"Empoderar a Missouri","image":{"@type":"ImageObject","inLanguage":"es-MX","@id":"https:\/\/secure.gravatar.com\/avatar\/707cc62910910b381e613ab53a9c71ad8f903d58979eb1f78be3a4947f578900?s=96&d=mm&r=gb92e1d0ab19e89757b0c5f03bd735f45","url":"https:\/\/secure.gravatar.com\/avatar\/707cc62910910b381e613ab53a9c71ad8f903d58979eb1f78be3a4947f578900?s=96&d=mm&r=g","contentUrl":"https:\/\/secure.gravatar.com\/avatar\/707cc62910910b381e613ab53a9c71ad8f903d58979eb1f78be3a4947f578900?s=96&d=mm&r=g","caption":"Empower Missouri"},"url":"https:\/\/empowermissouri.org\/es\/author\/developer\/"}]}},"_links":{"self":[{"href":"https:\/\/empowermissouri.org\/es\/wp-json\/wp\/v2\/posts\/2023","targetHints":{"allow":["GET"]}}],"collection":[{"href":"https:\/\/empowermissouri.org\/es\/wp-json\/wp\/v2\/posts"}],"about":[{"href":"https:\/\/empowermissouri.org\/es\/wp-json\/wp\/v2\/types\/post"}],"author":[{"embeddable":true,"href":"https:\/\/empowermissouri.org\/es\/wp-json\/wp\/v2\/users\/1"}],"replies":[{"embeddable":true,"href":"https:\/\/empowermissouri.org\/es\/wp-json\/wp\/v2\/comments?post=2023"}],"version-history":[{"count":0,"href":"https:\/\/empowermissouri.org\/es\/wp-json\/wp\/v2\/posts\/2023\/revisions"}],"wp:featuredmedia":[{"embeddable":true,"href":"https:\/\/empowermissouri.org\/es\/wp-json\/wp\/v2\/media\/1813"}],"wp:attachment":[{"href":"https:\/\/empowermissouri.org\/es\/wp-json\/wp\/v2\/media?parent=2023"}],"wp:term":[{"taxonomy":"category","embeddable":true,"href":"https:\/\/empowermissouri.org\/es\/wp-json\/wp\/v2\/categories?post=2023"},{"taxonomy":"post_tag","embeddable":true,"href":"https:\/\/empowermissouri.org\/es\/wp-json\/wp\/v2\/tags?post=2023"},{"taxonomy":"issues","embeddable":true,"href":"https:\/\/empowermissouri.org\/es\/wp-json\/wp\/v2\/issues?post=2023"},{"taxonomy":"author","embeddable":true,"href":"https:\/\/empowermissouri.org\/es\/wp-json\/wp\/v2\/coauthors?post=2023"}],"curies":[{"name":"wp","href":"https:\/\/api.w.org\/{rel}","templated":true}]}}