{"id":1883,"date":"2019-06-03T16:23:47","date_gmt":"2019-06-03T21:23:47","guid":{"rendered":"http:\/\/empowermissouri.org\/?post_type=news_post&#038;p=1883"},"modified":"2019-07-01T10:26:46","modified_gmt":"2019-07-01T15:26:46","slug":"for-immediate-release-coalition-for-fair-policing-to-offer-june-3-response-to-release-of-vehicle-stops-report-by-attorney-general","status":"publish","type":"post","link":"https:\/\/empowermissouri.org\/es\/for-immediate-release-coalition-for-fair-policing-to-offer-june-3-response-to-release-of-vehicle-stops-report-by-attorney-general\/","title":{"rendered":"PARA SU PUBLICACI\u00d3N INMEDIATA: la Coalici\u00f3n para la Polic\u00eda Justa ofrecer\u00e1 una respuesta el 3 de junio a la publicaci\u00f3n del informe de paradas de veh\u00edculos del Fiscal General"},"content":{"rendered":"<p><b><i>3 de junio de 2019<\/i><\/b><\/p>\n<p>&nbsp;<\/p>\n<p><b><i>Para m\u00e1s informaci\u00f3n:<\/i><\/b><\/p>\n<p><b><i>Oxford Jeanette Mott<\/i><\/b><\/p>\n<p><b><i>Director Ejecutivo, Empower Missouri<\/i><\/b><\/p>\n<p><b><i>(314) 775-3261<\/i><\/b><\/p>\n<p>&nbsp;<\/p>\n<p><b><i>Conner Kerrigan<\/i><\/b><\/p>\n<p><b><i>Director de comunicaciones, Empower Missouri<\/i><\/b><\/p>\n<p><b><i>(815) 263-1261<\/i><\/b><\/p>\n<p><span style=\"font-weight: 400;\">El 31 de mayo de 2019, el fiscal general de Missouri, Eric Schmitt, public\u00f3 el Informe anual de paradas de veh\u00edculos de 2018 (VSR) seg\u00fan lo dispuesto por los estatutos de Missouri. Como organizaci\u00f3n que aboga por el bienestar de todos los habitantes de Misuri, Empower Missouri utiliza el conjunto de datos completo del Informe de paradas de veh\u00edculos para buscar situaciones en las que las personas de color reciben un trato desproporcionado.<\/span><\/p>\n<p><span style=\"font-weight: 400;\">El informe, que muestra datos de todas las paradas de veh\u00edculos en Missouri durante el a\u00f1o calendario 2018, saca a la luz tendencias alarmantes en la forma en que los agentes de la ley de nuestro estado interact\u00faan con los miembros de la comunidad, especialmente las personas de color.<\/span><\/p>\n<p><span style=\"font-weight: 400;\">El VSR de 2018 muestra que los residentes de Missouri negros ten\u00edan 91% m\u00e1s probabilidades de ser detenidos que sus vecinos blancos seg\u00fan sus respectivas proporciones de la poblaci\u00f3n en edad de conducir de Missouri en el censo de 2010. En 2017, eran 85% m\u00e1s probables. La carrera de un piloto no solo sigue desempe\u00f1ando un papel importante en la probabilidad de que sea detenido por un oficial de polic\u00eda en Missouri, sino que empeora cada a\u00f1o. <\/span><\/p>\n<p><span style=\"font-weight: 400;\">&quot;<\/span><span style=\"font-weight: 400;\">El Informe de paradas de veh\u00edculos muestra que las personas de color est\u00e1n siendo impactadas de manera desproporcionada y negativa por las paradas de veh\u00edculos en Missouri \u201d, dijo <\/span><span style=\"font-weight: 400;\">Jeanette Mott Oxford, directora ejecutiva de Empower Missouri. &quot;<\/span><span style=\"font-weight: 400;\">Tambi\u00e9n muestra claramente que las acciones tomadas por un oficial de polic\u00eda durante una parada se correlacionan con la carrera de una manera que es realmente alarmante &quot;.<\/span><\/p>\n<p><span style=\"font-weight: 400;\">Una vez detenido, est\u00e1 claro que es probable que la carrera de un conductor tambi\u00e9n influya en las decisiones que toma el oficial mientras realiza las tareas de la parada. Por ejemplo, los negros y los hispanos ten\u00edan 1,48 y 1,4 veces m\u00e1s probabilidades, respectivamente, de que registraran su veh\u00edculo que los blancos. Esto es a pesar del hecho de que estos grupos eran ligeramente menos propensos que los blancos a tener contrabando descubierto durante la b\u00fasqueda.<\/span><\/p>\n<p><span style=\"font-weight: 400;\">&quot;Por decimoctavo a\u00f1o consecutivo, la oficina del Fiscal General de Missouri ha publicado un informe que muestra comunidades negras y personas de color son detenidas y registradas de manera desproporcionada por las fuerzas del orden&quot;, dijo Sara Baker, directora legislativa y de pol\u00edticas de ACLU de Missouri. \u201cUn informe no es suficiente. Deben tomarse medidas &quot;.<\/span><\/p>\n<p><span style=\"font-weight: 400;\">\u201cLos datos deber\u00edan actuar como una se\u00f1al de alerta para los funcionarios encargados de hacer cumplir la ley; sin una reforma significativa, Missouri seguir\u00e1 siendo un estado donde los conductores de minor\u00edas son acosados e inseguros\u201d, continu\u00f3 Baker. &quot;Hacemos un llamado a la Legislatura de Missouri y al Gobernador Parson para que apoyen la Ley de Afirmaci\u00f3n de la Cuarta Enmienda para ir m\u00e1s all\u00e1 de la recopilaci\u00f3n de datos a las consecuencias para los oficiales que participan en la discriminaci\u00f3n racial&quot;.<\/span><\/p>\n<p><span style=\"font-weight: 400;\">Karla May, senadora estatal del cuarto distrito, dijo: \u201cLa pregunta sigue siendo: \u00bfqu\u00e9 est\u00e1 dispuesto a hacer el estado de Missouri con el informe? No podemos seguir permitiendo esta injusticia \u201d.<\/span><\/p>\n<p><span style=\"font-weight: 400;\">&quot;Si no tiene nada que ver con esa ley que proh\u00edbe los perfiles raciales, entonces no obtendr\u00e1 cumplimiento&quot;, agreg\u00f3 el representante estatal republicano Shamed Dogan. \u201cNecesitamos involucrar a los republicanos para que reconozcan que es una crisis. Tenemos datos que demuestran que esto ha estado sucediendo durante dos d\u00e9cadas \u201d.<\/span><\/p>\n<p><span style=\"font-weight: 400;\">Nimrod Chapel, Jr., presidente de la Conferencia de Missouri de NAACP, dijo: \u201c<\/span><span style=\"font-weight: 400;\">Como puede ver en el informe de paradas de veh\u00edculos de Missouri del Procurador General, a nivel estatal y local, la cantidad de paradas como porcentaje aument\u00f3 para las personas de color. Durante d\u00e9cadas, la NAACP en todo el estado ha trabajado con funcionarios locales con la esperanza de evitar que los afroamericanos sean detenidos a un ritmo desproporcionado en comparaci\u00f3n con los cauc\u00e1sicos &quot;.<\/span><\/p>\n<p><span style=\"font-weight: 400;\">\u201cLos funcionarios estatales y locales no han reducido la disparidad en las paradas entre las personas seg\u00fan el color de la piel\u201d, agreg\u00f3 Chapel. \u201cEntonces, en 2017, la Asociaci\u00f3n Nacional para el Avance de las Personas de Color apoy\u00f3 a la Conferencia Estatal de Missouri de la NAACP en la colocaci\u00f3n de un aviso de viaje para las personas de color que viajen al estado de Missouri. Los datos m\u00e1s recientes muestran que esta fue una acci\u00f3n prudente de nuestra parte &quot;.<\/span><\/p>\n<p><span style=\"font-weight: 400;\">Patsy Johnson, miembro de Empower Missouri, dijo: \u201cEl informe del Fiscal General mostr\u00f3 cifras para Jefferson City que se correlacionan en gran medida con la informaci\u00f3n que reunimos en nuestras sesiones de escucha locales. De este informe y de nuestro trabajo se desprende claramente que todav\u00eda existe la necesidad de mejorar dr\u00e1sticamente la relaci\u00f3n entre las fuerzas del orden y la comunidad &quot;. El informe muestra que los residentes negros en Jefferson City tienen 92% m\u00e1s probabilidades de ser detenidos que sus vecinos blancos. Johnson continu\u00f3 diciendo: &quot;Tambi\u00e9n sabemos que casi el 69% de los conductores detenidos en Jefferson City eran residentes de la jurisdicci\u00f3n, lo que hace que sea dif\u00edcil creer que estas cifras se vean afectadas de alguna manera por personas que vienen de fuera de la ciudad&quot;.<\/span><\/p>\n<p><span style=\"font-weight: 400;\">Empower Missouri y nuestras organizaciones asociadas esperan continuar trabajando con legisladores, departamentos de polic\u00eda y el p\u00fablico para encontrar formas de reducir las disparidades encontradas en este informe a trav\u00e9s de los siguientes m\u00e9todos:<\/span><\/p>\n<ul>\n<li style=\"font-weight: 400;\"><span style=\"font-weight: 400;\">Mayor comunicaci\u00f3n y compromiso entre nuestros oficiales de polic\u00eda y las comunidades a las que sirven, como las sesiones de escucha que tuvieron lugar en Jefferson City y fueron organizadas por Empower Missouri y a las que asistieron agentes de polic\u00eda y un grupo multirracial de residentes.<\/span><\/li>\n<li style=\"font-weight: 400;\"><span style=\"font-weight: 400;\">Legislaci\u00f3n significativa para abordar los problemas estructurales inherentes dentro de nuestro sistema de justicia penal, como el Proyecto de Ley de la C\u00e1mara 484, la Ley de Afirmaci\u00f3n de la Cuarta Enmienda de John Ashcroft, patrocinada por el Representante Dogan, y el Proyecto de Ley del Senado 493, patrocinado por el Senador May, y que proporciona los fondos adecuados para el sistema de Defensores P\u00fablicos de Missouri.<\/span><\/li>\n<li style=\"font-weight: 400;\"><span style=\"font-weight: 400;\">El desarrollo de pol\u00edticas que ayuden a derribar las barreras socioecon\u00f3micas que afectan de manera desproporcionada a las personas de color en nuestro estado, como elevar los salarios a niveles que brinden acceso a alimentos y seguridad en la vivienda e inversi\u00f3n en viviendas asequibles, seguras y accesibles.<\/span><\/li>\n<\/ul>\n<p>&nbsp;<\/p>\n<p><span style=\"font-weight: 400;\">####<\/span><\/p>","protected":false},"excerpt":{"rendered":"<p>June 3, 2019 &nbsp; For More Information: Jeanette Mott Oxford Executive Director, Empower Missouri (314) 775-3261 &nbsp; Conner Kerrigan Communications Director, Empower Missouri (815) 263-1261 On May 31st, 2019, Missouri Attorney General Eric Schmitt released the annual Vehicle Stops Report of 2018 (VSR) as mandated by Missouri statutes. As an organization that advocates for the [&hellip;]<\/p>\n","protected":false},"author":1,"featured_media":1483,"comment_status":"open","ping_status":"closed","sticky":false,"template":"","format":"standard","meta":{"_exactmetrics_skip_tracking":false,"_exactmetrics_sitenote_active":false,"_exactmetrics_sitenote_note":"","_exactmetrics_sitenote_category":0,"footnotes":""},"categories":[44],"tags":[67,62,48,71,66,82,65],"issues":[7],"coauthors":[359],"class_list":["post-1883","post","type-post","status-publish","format-standard","has-post-thumbnail","hentry","category-press-release","tag-law-enforcement","tag-missouri","tag-moleg","tag-movsr18","tag-police","tag-policing","tag-vehicle-stops-report","issues-criminal-justice"],"yoast_head":"<!-- This site is optimized with the Yoast SEO plugin v27.4 - https:\/\/yoast.com\/product\/yoast-seo-wordpress\/ -->\n<title>FOR IMMEDIATE RELEASE - Coalition for Fair Policing to Offer June 3 Response To Release of Vehicle Stops Report by Attorney General - Empower Missouri<\/title>\n<meta name=\"robots\" content=\"index, follow, max-snippet:-1, max-image-preview:large, max-video-preview:-1\" \/>\n<link rel=\"canonical\" href=\"https:\/\/empowermissouri.org\/es\/for-immediate-release-coalition-for-fair-policing-to-offer-june-3-response-to-release-of-vehicle-stops-report-by-attorney-general\/\" \/>\n<meta property=\"og:locale\" content=\"es_MX\" \/>\n<meta property=\"og:type\" content=\"article\" \/>\n<meta property=\"og:title\" content=\"FOR IMMEDIATE RELEASE - Coalition for Fair Policing to Offer June 3 Response To Release of Vehicle Stops Report by Attorney General - Empower Missouri\" \/>\n<meta property=\"og:description\" content=\"June 3, 2019 &nbsp; For More Information: Jeanette Mott Oxford Executive Director, Empower Missouri (314) 775-3261 &nbsp; Conner Kerrigan Communications Director, Empower Missouri (815) 263-1261 On May 31st, 2019, Missouri Attorney General Eric Schmitt released the annual Vehicle Stops Report of 2018 (VSR) as mandated by Missouri statutes. As an organization that advocates for the [&hellip;]\" \/>\n<meta property=\"og:url\" content=\"https:\/\/empowermissouri.org\/es\/for-immediate-release-coalition-for-fair-policing-to-offer-june-3-response-to-release-of-vehicle-stops-report-by-attorney-general\/\" \/>\n<meta property=\"og:site_name\" content=\"Empower Missouri\" \/>\n<meta property=\"article:publisher\" content=\"https:\/\/www.facebook.com\/empowermissouri\" \/>\n<meta property=\"article:published_time\" content=\"2019-06-03T21:23:47+00:00\" \/>\n<meta property=\"article:modified_time\" content=\"2019-07-01T15:26:46+00:00\" \/>\n<meta property=\"og:image\" content=\"https:\/\/empowermissouri.org\/app\/uploads\/2019\/01\/Press-Release.png\" \/>\n\t<meta property=\"og:image:width\" content=\"1200\" \/>\n\t<meta property=\"og:image:height\" content=\"628\" \/>\n\t<meta property=\"og:image:type\" content=\"image\/png\" \/>\n<meta name=\"author\" content=\"Empower Missouri\" \/>\n<meta name=\"twitter:card\" content=\"summary_large_image\" \/>\n<meta name=\"twitter:creator\" content=\"@empowermissouri\" \/>\n<meta name=\"twitter:site\" content=\"@empowermissouri\" \/>\n<meta name=\"twitter:label1\" content=\"Written by\" \/>\n\t<meta name=\"twitter:data1\" content=\"Empower Missouri\" \/>\n\t<meta name=\"twitter:label2\" content=\"Est. reading time\" \/>\n\t<meta name=\"twitter:data2\" content=\"5 minutes\" \/>\n<script type=\"application\/ld+json\" class=\"yoast-schema-graph\">{\"@context\":\"https:\\\/\\\/schema.org\",\"@graph\":[{\"@type\":\"Article\",\"@id\":\"https:\\\/\\\/empowermissouri.org\\\/for-immediate-release-coalition-for-fair-policing-to-offer-june-3-response-to-release-of-vehicle-stops-report-by-attorney-general\\\/#article\",\"isPartOf\":{\"@id\":\"https:\\\/\\\/empowermissouri.org\\\/for-immediate-release-coalition-for-fair-policing-to-offer-june-3-response-to-release-of-vehicle-stops-report-by-attorney-general\\\/\"},\"author\":{\"name\":\"Empower Missouri\",\"@id\":\"https:\\\/\\\/empowermissouri.org\\\/#\\\/schema\\\/person\\\/e951a654cbc724fec5829ff7f4d36370\"},\"headline\":\"FOR IMMEDIATE RELEASE &#8211; Coalition for Fair Policing to Offer June 3 Response To Release of Vehicle Stops Report by Attorney General\",\"datePublished\":\"2019-06-03T21:23:47+00:00\",\"dateModified\":\"2019-07-01T15:26:46+00:00\",\"mainEntityOfPage\":{\"@id\":\"https:\\\/\\\/empowermissouri.org\\\/for-immediate-release-coalition-for-fair-policing-to-offer-june-3-response-to-release-of-vehicle-stops-report-by-attorney-general\\\/\"},\"wordCount\":938,\"commentCount\":0,\"publisher\":{\"@id\":\"https:\\\/\\\/empowermissouri.org\\\/#organization\"},\"image\":{\"@id\":\"https:\\\/\\\/empowermissouri.org\\\/for-immediate-release-coalition-for-fair-policing-to-offer-june-3-response-to-release-of-vehicle-stops-report-by-attorney-general\\\/#primaryimage\"},\"thumbnailUrl\":\"https:\\\/\\\/empowermissouri.org\\\/app\\\/uploads\\\/2019\\\/01\\\/Press-Release.png\",\"keywords\":[\"Law Enforcement\",\"Missouri\",\"moleg\",\"MOVSR18\",\"Police\",\"policing\",\"Vehicle Stops Report\"],\"articleSection\":[\"Press Release\"],\"inLanguage\":\"es-MX\",\"potentialAction\":[{\"@type\":\"CommentAction\",\"name\":\"Comment\",\"target\":[\"https:\\\/\\\/empowermissouri.org\\\/for-immediate-release-coalition-for-fair-policing-to-offer-june-3-response-to-release-of-vehicle-stops-report-by-attorney-general\\\/#respond\"]}]},{\"@type\":\"WebPage\",\"@id\":\"https:\\\/\\\/empowermissouri.org\\\/for-immediate-release-coalition-for-fair-policing-to-offer-june-3-response-to-release-of-vehicle-stops-report-by-attorney-general\\\/\",\"url\":\"https:\\\/\\\/empowermissouri.org\\\/for-immediate-release-coalition-for-fair-policing-to-offer-june-3-response-to-release-of-vehicle-stops-report-by-attorney-general\\\/\",\"name\":\"FOR IMMEDIATE RELEASE - Coalition for Fair Policing to Offer June 3 Response To Release of Vehicle Stops Report by Attorney General - Empower Missouri\",\"isPartOf\":{\"@id\":\"https:\\\/\\\/empowermissouri.org\\\/#website\"},\"primaryImageOfPage\":{\"@id\":\"https:\\\/\\\/empowermissouri.org\\\/for-immediate-release-coalition-for-fair-policing-to-offer-june-3-response-to-release-of-vehicle-stops-report-by-attorney-general\\\/#primaryimage\"},\"image\":{\"@id\":\"https:\\\/\\\/empowermissouri.org\\\/for-immediate-release-coalition-for-fair-policing-to-offer-june-3-response-to-release-of-vehicle-stops-report-by-attorney-general\\\/#primaryimage\"},\"thumbnailUrl\":\"https:\\\/\\\/empowermissouri.org\\\/app\\\/uploads\\\/2019\\\/01\\\/Press-Release.png\",\"datePublished\":\"2019-06-03T21:23:47+00:00\",\"dateModified\":\"2019-07-01T15:26:46+00:00\",\"breadcrumb\":{\"@id\":\"https:\\\/\\\/empowermissouri.org\\\/for-immediate-release-coalition-for-fair-policing-to-offer-june-3-response-to-release-of-vehicle-stops-report-by-attorney-general\\\/#breadcrumb\"},\"inLanguage\":\"es-MX\",\"potentialAction\":[{\"@type\":\"ReadAction\",\"target\":[\"https:\\\/\\\/empowermissouri.org\\\/for-immediate-release-coalition-for-fair-policing-to-offer-june-3-response-to-release-of-vehicle-stops-report-by-attorney-general\\\/\"]}]},{\"@type\":\"ImageObject\",\"inLanguage\":\"es-MX\",\"@id\":\"https:\\\/\\\/empowermissouri.org\\\/for-immediate-release-coalition-for-fair-policing-to-offer-june-3-response-to-release-of-vehicle-stops-report-by-attorney-general\\\/#primaryimage\",\"url\":\"https:\\\/\\\/empowermissouri.org\\\/app\\\/uploads\\\/2019\\\/01\\\/Press-Release.png\",\"contentUrl\":\"https:\\\/\\\/empowermissouri.org\\\/app\\\/uploads\\\/2019\\\/01\\\/Press-Release.png\",\"width\":1200,\"height\":628},{\"@type\":\"BreadcrumbList\",\"@id\":\"https:\\\/\\\/empowermissouri.org\\\/for-immediate-release-coalition-for-fair-policing-to-offer-june-3-response-to-release-of-vehicle-stops-report-by-attorney-general\\\/#breadcrumb\",\"itemListElement\":[{\"@type\":\"ListItem\",\"position\":1,\"name\":\"Home\",\"item\":\"https:\\\/\\\/empowermissouri.org\\\/\"},{\"@type\":\"ListItem\",\"position\":2,\"name\":\"FOR IMMEDIATE RELEASE &#8211; Coalition for Fair Policing to Offer June 3 Response To Release of Vehicle Stops Report by Attorney General\"}]},{\"@type\":\"WebSite\",\"@id\":\"https:\\\/\\\/empowermissouri.org\\\/#website\",\"url\":\"https:\\\/\\\/empowermissouri.org\\\/\",\"name\":\"Empower Missouri\",\"description\":\"Advocating for Justice | Empowering Change\",\"publisher\":{\"@id\":\"https:\\\/\\\/empowermissouri.org\\\/#organization\"},\"potentialAction\":[{\"@type\":\"SearchAction\",\"target\":{\"@type\":\"EntryPoint\",\"urlTemplate\":\"https:\\\/\\\/empowermissouri.org\\\/?s={search_term_string}\"},\"query-input\":{\"@type\":\"PropertyValueSpecification\",\"valueRequired\":true,\"valueName\":\"search_term_string\"}}],\"inLanguage\":\"es-MX\"},{\"@type\":\"Organization\",\"@id\":\"https:\\\/\\\/empowermissouri.org\\\/#organization\",\"name\":\"Empower Missouri\",\"url\":\"https:\\\/\\\/empowermissouri.org\\\/\",\"logo\":{\"@type\":\"ImageObject\",\"inLanguage\":\"es-MX\",\"@id\":\"https:\\\/\\\/empowermissouri.org\\\/#\\\/schema\\\/logo\\\/image\\\/\",\"url\":\"http:\\\/\\\/empowermissouri.org\\\/app\\\/uploads\\\/2018\\\/08\\\/logo_button.png\",\"contentUrl\":\"http:\\\/\\\/empowermissouri.org\\\/app\\\/uploads\\\/2018\\\/08\\\/logo_button.png\",\"width\":579,\"height\":579,\"caption\":\"Empower Missouri\"},\"image\":{\"@id\":\"https:\\\/\\\/empowermissouri.org\\\/#\\\/schema\\\/logo\\\/image\\\/\"},\"sameAs\":[\"https:\\\/\\\/www.facebook.com\\\/empowermissouri\",\"https:\\\/\\\/x.com\\\/empowermissouri\",\"https:\\\/\\\/www.instagram.com\\\/empowermissouri\\\/\",\"https:\\\/\\\/www.linkedin.com\\\/company\\\/empower-missouri\\\/\"]},{\"@type\":\"Person\",\"@id\":\"https:\\\/\\\/empowermissouri.org\\\/#\\\/schema\\\/person\\\/e951a654cbc724fec5829ff7f4d36370\",\"name\":\"Empower Missouri\",\"image\":{\"@type\":\"ImageObject\",\"inLanguage\":\"es-MX\",\"@id\":\"https:\\\/\\\/secure.gravatar.com\\\/avatar\\\/707cc62910910b381e613ab53a9c71ad8f903d58979eb1f78be3a4947f578900?s=96&d=mm&r=gb92e1d0ab19e89757b0c5f03bd735f45\",\"url\":\"https:\\\/\\\/secure.gravatar.com\\\/avatar\\\/707cc62910910b381e613ab53a9c71ad8f903d58979eb1f78be3a4947f578900?s=96&d=mm&r=g\",\"contentUrl\":\"https:\\\/\\\/secure.gravatar.com\\\/avatar\\\/707cc62910910b381e613ab53a9c71ad8f903d58979eb1f78be3a4947f578900?s=96&d=mm&r=g\",\"caption\":\"Empower Missouri\"},\"url\":\"https:\\\/\\\/empowermissouri.org\\\/es\\\/author\\\/developer\\\/\"}]}<\/script>\n<!-- \/ Yoast SEO plugin. -->","yoast_head_json":{"title":"FOR IMMEDIATE RELEASE - Coalition for Fair Policing to Offer June 3 Response To Release of Vehicle Stops Report by Attorney General - Empower Missouri","robots":{"index":"index","follow":"follow","max-snippet":"max-snippet:-1","max-image-preview":"max-image-preview:large","max-video-preview":"max-video-preview:-1"},"canonical":"https:\/\/empowermissouri.org\/es\/for-immediate-release-coalition-for-fair-policing-to-offer-june-3-response-to-release-of-vehicle-stops-report-by-attorney-general\/","og_locale":"es_MX","og_type":"article","og_title":"FOR IMMEDIATE RELEASE - Coalition for Fair Policing to Offer June 3 Response To Release of Vehicle Stops Report by Attorney General - Empower Missouri","og_description":"June 3, 2019 &nbsp; For More Information: Jeanette Mott Oxford Executive Director, Empower Missouri (314) 775-3261 &nbsp; Conner Kerrigan Communications Director, Empower Missouri (815) 263-1261 On May 31st, 2019, Missouri Attorney General Eric Schmitt released the annual Vehicle Stops Report of 2018 (VSR) as mandated by Missouri statutes. As an organization that advocates for the [&hellip;]","og_url":"https:\/\/empowermissouri.org\/es\/for-immediate-release-coalition-for-fair-policing-to-offer-june-3-response-to-release-of-vehicle-stops-report-by-attorney-general\/","og_site_name":"Empower Missouri","article_publisher":"https:\/\/www.facebook.com\/empowermissouri","article_published_time":"2019-06-03T21:23:47+00:00","article_modified_time":"2019-07-01T15:26:46+00:00","og_image":[{"width":1200,"height":628,"url":"https:\/\/empowermissouri.org\/app\/uploads\/2019\/01\/Press-Release.png","type":"image\/png"}],"author":"Empower Missouri","twitter_card":"summary_large_image","twitter_creator":"@empowermissouri","twitter_site":"@empowermissouri","twitter_misc":{"Written by":"Empower Missouri","Est. reading time":"5 minutes"},"schema":{"@context":"https:\/\/schema.org","@graph":[{"@type":"Article","@id":"https:\/\/empowermissouri.org\/for-immediate-release-coalition-for-fair-policing-to-offer-june-3-response-to-release-of-vehicle-stops-report-by-attorney-general\/#article","isPartOf":{"@id":"https:\/\/empowermissouri.org\/for-immediate-release-coalition-for-fair-policing-to-offer-june-3-response-to-release-of-vehicle-stops-report-by-attorney-general\/"},"author":{"name":"Empower Missouri","@id":"https:\/\/empowermissouri.org\/#\/schema\/person\/e951a654cbc724fec5829ff7f4d36370"},"headline":"FOR IMMEDIATE RELEASE &#8211; Coalition for Fair Policing to Offer June 3 Response To Release of Vehicle Stops Report by Attorney General","datePublished":"2019-06-03T21:23:47+00:00","dateModified":"2019-07-01T15:26:46+00:00","mainEntityOfPage":{"@id":"https:\/\/empowermissouri.org\/for-immediate-release-coalition-for-fair-policing-to-offer-june-3-response-to-release-of-vehicle-stops-report-by-attorney-general\/"},"wordCount":938,"commentCount":0,"publisher":{"@id":"https:\/\/empowermissouri.org\/#organization"},"image":{"@id":"https:\/\/empowermissouri.org\/for-immediate-release-coalition-for-fair-policing-to-offer-june-3-response-to-release-of-vehicle-stops-report-by-attorney-general\/#primaryimage"},"thumbnailUrl":"https:\/\/empowermissouri.org\/app\/uploads\/2019\/01\/Press-Release.png","keywords":["Law Enforcement","Missouri","moleg","MOVSR18","Police","policing","Vehicle Stops Report"],"articleSection":["Press Release"],"inLanguage":"es-MX","potentialAction":[{"@type":"CommentAction","name":"Comment","target":["https:\/\/empowermissouri.org\/for-immediate-release-coalition-for-fair-policing-to-offer-june-3-response-to-release-of-vehicle-stops-report-by-attorney-general\/#respond"]}]},{"@type":"WebPage","@id":"https:\/\/empowermissouri.org\/for-immediate-release-coalition-for-fair-policing-to-offer-june-3-response-to-release-of-vehicle-stops-report-by-attorney-general\/","url":"https:\/\/empowermissouri.org\/for-immediate-release-coalition-for-fair-policing-to-offer-june-3-response-to-release-of-vehicle-stops-report-by-attorney-general\/","name":"FOR IMMEDIATE RELEASE - Coalition for Fair Policing to Offer June 3 Response To Release of Vehicle Stops Report by Attorney General - Empower Missouri","isPartOf":{"@id":"https:\/\/empowermissouri.org\/#website"},"primaryImageOfPage":{"@id":"https:\/\/empowermissouri.org\/for-immediate-release-coalition-for-fair-policing-to-offer-june-3-response-to-release-of-vehicle-stops-report-by-attorney-general\/#primaryimage"},"image":{"@id":"https:\/\/empowermissouri.org\/for-immediate-release-coalition-for-fair-policing-to-offer-june-3-response-to-release-of-vehicle-stops-report-by-attorney-general\/#primaryimage"},"thumbnailUrl":"https:\/\/empowermissouri.org\/app\/uploads\/2019\/01\/Press-Release.png","datePublished":"2019-06-03T21:23:47+00:00","dateModified":"2019-07-01T15:26:46+00:00","breadcrumb":{"@id":"https:\/\/empowermissouri.org\/for-immediate-release-coalition-for-fair-policing-to-offer-june-3-response-to-release-of-vehicle-stops-report-by-attorney-general\/#breadcrumb"},"inLanguage":"es-MX","potentialAction":[{"@type":"ReadAction","target":["https:\/\/empowermissouri.org\/for-immediate-release-coalition-for-fair-policing-to-offer-june-3-response-to-release-of-vehicle-stops-report-by-attorney-general\/"]}]},{"@type":"ImageObject","inLanguage":"es-MX","@id":"https:\/\/empowermissouri.org\/for-immediate-release-coalition-for-fair-policing-to-offer-june-3-response-to-release-of-vehicle-stops-report-by-attorney-general\/#primaryimage","url":"https:\/\/empowermissouri.org\/app\/uploads\/2019\/01\/Press-Release.png","contentUrl":"https:\/\/empowermissouri.org\/app\/uploads\/2019\/01\/Press-Release.png","width":1200,"height":628},{"@type":"BreadcrumbList","@id":"https:\/\/empowermissouri.org\/for-immediate-release-coalition-for-fair-policing-to-offer-june-3-response-to-release-of-vehicle-stops-report-by-attorney-general\/#breadcrumb","itemListElement":[{"@type":"ListItem","position":1,"name":"Home","item":"https:\/\/empowermissouri.org\/"},{"@type":"ListItem","position":2,"name":"FOR IMMEDIATE RELEASE &#8211; Coalition for Fair Policing to Offer June 3 Response To Release of Vehicle Stops Report by Attorney General"}]},{"@type":"WebSite","@id":"https:\/\/empowermissouri.org\/#website","url":"https:\/\/empowermissouri.org\/","name":"Empoderar a Missouri","description":"Advocating for Justice | Empowering Change","publisher":{"@id":"https:\/\/empowermissouri.org\/#organization"},"potentialAction":[{"@type":"SearchAction","target":{"@type":"EntryPoint","urlTemplate":"https:\/\/empowermissouri.org\/?s={search_term_string}"},"query-input":{"@type":"PropertyValueSpecification","valueRequired":true,"valueName":"search_term_string"}}],"inLanguage":"es-MX"},{"@type":"Organization","@id":"https:\/\/empowermissouri.org\/#organization","name":"Empoderar a Missouri","url":"https:\/\/empowermissouri.org\/","logo":{"@type":"ImageObject","inLanguage":"es-MX","@id":"https:\/\/empowermissouri.org\/#\/schema\/logo\/image\/","url":"http:\/\/empowermissouri.org\/app\/uploads\/2018\/08\/logo_button.png","contentUrl":"http:\/\/empowermissouri.org\/app\/uploads\/2018\/08\/logo_button.png","width":579,"height":579,"caption":"Empower Missouri"},"image":{"@id":"https:\/\/empowermissouri.org\/#\/schema\/logo\/image\/"},"sameAs":["https:\/\/www.facebook.com\/empowermissouri","https:\/\/x.com\/empowermissouri","https:\/\/www.instagram.com\/empowermissouri\/","https:\/\/www.linkedin.com\/company\/empower-missouri\/"]},{"@type":"Person","@id":"https:\/\/empowermissouri.org\/#\/schema\/person\/e951a654cbc724fec5829ff7f4d36370","name":"Empoderar a Missouri","image":{"@type":"ImageObject","inLanguage":"es-MX","@id":"https:\/\/secure.gravatar.com\/avatar\/707cc62910910b381e613ab53a9c71ad8f903d58979eb1f78be3a4947f578900?s=96&d=mm&r=gb92e1d0ab19e89757b0c5f03bd735f45","url":"https:\/\/secure.gravatar.com\/avatar\/707cc62910910b381e613ab53a9c71ad8f903d58979eb1f78be3a4947f578900?s=96&d=mm&r=g","contentUrl":"https:\/\/secure.gravatar.com\/avatar\/707cc62910910b381e613ab53a9c71ad8f903d58979eb1f78be3a4947f578900?s=96&d=mm&r=g","caption":"Empower Missouri"},"url":"https:\/\/empowermissouri.org\/es\/author\/developer\/"}]}},"_links":{"self":[{"href":"https:\/\/empowermissouri.org\/es\/wp-json\/wp\/v2\/posts\/1883","targetHints":{"allow":["GET"]}}],"collection":[{"href":"https:\/\/empowermissouri.org\/es\/wp-json\/wp\/v2\/posts"}],"about":[{"href":"https:\/\/empowermissouri.org\/es\/wp-json\/wp\/v2\/types\/post"}],"author":[{"embeddable":true,"href":"https:\/\/empowermissouri.org\/es\/wp-json\/wp\/v2\/users\/1"}],"replies":[{"embeddable":true,"href":"https:\/\/empowermissouri.org\/es\/wp-json\/wp\/v2\/comments?post=1883"}],"version-history":[{"count":0,"href":"https:\/\/empowermissouri.org\/es\/wp-json\/wp\/v2\/posts\/1883\/revisions"}],"wp:featuredmedia":[{"embeddable":true,"href":"https:\/\/empowermissouri.org\/es\/wp-json\/wp\/v2\/media\/1483"}],"wp:attachment":[{"href":"https:\/\/empowermissouri.org\/es\/wp-json\/wp\/v2\/media?parent=1883"}],"wp:term":[{"taxonomy":"category","embeddable":true,"href":"https:\/\/empowermissouri.org\/es\/wp-json\/wp\/v2\/categories?post=1883"},{"taxonomy":"post_tag","embeddable":true,"href":"https:\/\/empowermissouri.org\/es\/wp-json\/wp\/v2\/tags?post=1883"},{"taxonomy":"issues","embeddable":true,"href":"https:\/\/empowermissouri.org\/es\/wp-json\/wp\/v2\/issues?post=1883"},{"taxonomy":"author","embeddable":true,"href":"https:\/\/empowermissouri.org\/es\/wp-json\/wp\/v2\/coauthors?post=1883"}],"curies":[{"name":"wp","href":"https:\/\/api.w.org\/{rel}","templated":true}]}}