{"id":1613,"date":"2019-03-22T07:00:58","date_gmt":"2019-03-22T12:00:58","guid":{"rendered":"http:\/\/dev.buzz.do\/empower-missouri-site\/?post_type=news_post&#038;p=1613"},"modified":"2019-07-01T10:58:37","modified_gmt":"2019-07-01T15:58:37","slug":"weekly-perspective-mar-22nd-2019","status":"publish","type":"post","link":"https:\/\/empowermissouri.org\/es\/weekly-perspective-mar-22nd-2019\/","title":{"rendered":"CLEAN Missouri ser\u00e1 debatido despu\u00e9s de las vacaciones legislativas de primavera"},"content":{"rendered":"<p>La Asamblea General ha estado en las vacaciones legislativas de primavera esta semana, pero volver\u00e1 a la acci\u00f3n el lunes 25 de marzo. La sabidur\u00eda convencional dice que la mayor\u00eda de los proyectos de ley que no han sido aprobados por una c\u00e1mara durante la semana de vacaciones tendr\u00e1n dificultades para superar todo el proceso antes de el aplazamiento de la Sesi\u00f3n Legislativa a mediados de mayo, pero ciertamente cuando los l\u00edderes de la C\u00e1mara y el Senado est\u00e9n decididos a hacer algo, podr\u00e1n hacerlo.<\/p>\n<p>Desafortunadamente, algunos legisladores parecen decididos a revocar, en su totalidad o en parte, la Enmienda 1 (iniciativa LIMPIA) y las victorias de aumento del salario m\u00ednimo que logramos en las urnas en noviembre. Detallamos las amenazas a la Enmienda 1 en nuestro\u00a0<a href=\"http:\/\/empowermissouri.org\/es\/empowering-you-march-2019-newsletter\/\">bolet\u00edn informativo m\u00e1s reciente<\/a>. Gracias a sus esfuerzos para reunir firmas, educar a los vecinos y votar, los trabajadores de Missouri ver\u00e1n un aumento gradual del salario estatal a $12 por hora durante varios a\u00f1os. La victoria en esto, la Proposici\u00f3n B, fue decisiva: 62,3 por ciento de apoyo el 6 de noviembre.<\/p>\n<p>Sin embargo, bajo el Proyecto de Ley 858 de la C\u00e1mara de Representantes, que el representante estatal Robert Ross, republicano por Yukon, present\u00f3 el 11 de febrero, la Propuesta B ser\u00eda completamente derogada. Incluso el aumento de 75 centavos la hora que entr\u00f3 en vigor en enero ser\u00eda rescindido.<\/p>\n<p>La senadora estatal Cindy O&#039;Laughlin, republicana por Shelbina, y el representante estatal Tim Remole, republicano por Excello, han presentado proyectos de ley id\u00e9nticos que eximir\u00edan a las escuelas religiosas de seguir la Proposici\u00f3n B. En cambio, las escuelas religiosas podr\u00edan pagar a los trabajadores el antiguo $7.85-an -Horas de salario m\u00ednimo.<\/p>\n<p>El senador estatal Mike Cunningham, republicano por Rogersville, busca permitir que los empleadores paguen a los trabajadores menores de 18 a\u00f1os solo el 85 por ciento del salario m\u00ednimo estatal. Tambi\u00e9n congelar\u00eda el salario m\u00ednimo para los empleados que reciben propinas.<\/p>\n<p>\u00bfQu\u00e9 podemos hacer con estos ataques a la justicia laboral?<\/p>\n<ol>\n<li>\u00danete a nuestro\u00a0<b><i>Debajo de la c\u00fapula y al otro lado del estado<\/i><\/b>\u00a0La sesi\u00f3n informativa pide a los defensores que sepan cu\u00e1l de estos proyectos de ley se est\u00e1 moviendo y qu\u00e9 medidas de acci\u00f3n puede tomar para evitar la p\u00e9rdida del aumento del salario m\u00ednimo. La pr\u00f3xima llamada es a las 4:30 pm el jueves 28 de marzo.<\/li>\n<li>Habla con tus vecinos. Muchos de ellos desconocen que la Asamblea General est\u00e1 tratando de quitarnos la victoria que tuvimos en las urnas. Inf\u00f3rmeles de los recursos que Empower Missouri pone a su disposici\u00f3n, como nuestras listas de facturas que se est\u00e1n moviendo, con nuevas listas disponibles en cada\u00a0<b><i>Bajo la c\u00fapula<\/i><\/b>\u00a0llamada.<\/li>\n<li>Reg\u00edstrese para oportunidades de banca telef\u00f3nica y prospecci\u00f3n. Correo electr\u00f3nico\u00a0<a href=\"mailto:Jeanette@EmpowerMissouri.org\">Jeanette@EmpowerMissouri.org<\/a>\u00a0si desea recibir informaci\u00f3n sobre estas actividades.<\/li>\n<\/ol>\n<p>En solidaridad,<\/p>\n<p>&nbsp;<\/p>\n<p><img decoding=\"async\" src=\"https:\/\/nvlupin.blob.core.windows.net\/images\/van\/EA\/EA002\/1\/60431\/images\/jmo%20signature.png\" alt=\"\" \/><\/p>\n<p>Jeanette Mott Oxford,<br \/>\nDirector ejecutivo<\/p>\n<p>&nbsp;<\/p>","protected":false},"excerpt":{"rendered":"<p>The General Assembly has been on Legislative Spring Break this week, but will return to action on Monday, March 25. Conventional wisdom says that most bills that have not been passed by one chamber by break week will have difficulty making it through the entire process by adjournment of the Legislative Session in mid-May, but [&hellip;]<\/p>\n","protected":false},"author":1,"featured_media":1488,"comment_status":"open","ping_status":"closed","sticky":false,"template":"","format":"standard","meta":{"_exactmetrics_skip_tracking":false,"_exactmetrics_sitenote_active":false,"_exactmetrics_sitenote_note":"","_exactmetrics_sitenote_category":0,"footnotes":""},"categories":[43],"tags":[109,101,47,62,48,102],"issues":[],"coauthors":[359],"class_list":["post-1613","post","type-post","status-publish","format-standard","has-post-thumbnail","hentry","category-weekly-perspective","tag-clean-missouri","tag-house-of-representatives","tag-legislation","tag-missouri","tag-moleg","tag-senate"],"yoast_head":"<!-- This site is optimized with the Yoast SEO plugin v27.4 - https:\/\/yoast.com\/product\/yoast-seo-wordpress\/ -->\n<title>CLEAN Missouri will be debated after legislative spring break - Empower Missouri<\/title>\n<meta name=\"robots\" content=\"index, follow, max-snippet:-1, max-image-preview:large, max-video-preview:-1\" \/>\n<link rel=\"canonical\" href=\"https:\/\/empowermissouri.org\/es\/weekly-perspective-mar-22nd-2019\/\" \/>\n<meta property=\"og:locale\" content=\"es_MX\" \/>\n<meta property=\"og:type\" content=\"article\" \/>\n<meta property=\"og:title\" content=\"CLEAN Missouri will be debated after legislative spring break - Empower Missouri\" \/>\n<meta property=\"og:description\" content=\"The General Assembly has been on Legislative Spring Break this week, but will return to action on Monday, March 25. Conventional wisdom says that most bills that have not been passed by one chamber by break week will have difficulty making it through the entire process by adjournment of the Legislative Session in mid-May, but [&hellip;]\" \/>\n<meta property=\"og:url\" content=\"https:\/\/empowermissouri.org\/es\/weekly-perspective-mar-22nd-2019\/\" \/>\n<meta property=\"og:site_name\" content=\"Empower Missouri\" \/>\n<meta property=\"article:publisher\" content=\"https:\/\/www.facebook.com\/empowermissouri\" \/>\n<meta property=\"article:published_time\" content=\"2019-03-22T12:00:58+00:00\" \/>\n<meta property=\"article:modified_time\" content=\"2019-07-01T15:58:37+00:00\" \/>\n<meta property=\"og:image\" content=\"https:\/\/empowermissouri.org\/app\/uploads\/2019\/01\/Weekly-Perspective.png\" \/>\n\t<meta property=\"og:image:width\" content=\"1200\" \/>\n\t<meta property=\"og:image:height\" content=\"628\" \/>\n\t<meta property=\"og:image:type\" content=\"image\/png\" \/>\n<meta name=\"author\" content=\"Empower Missouri\" \/>\n<meta name=\"twitter:card\" content=\"summary_large_image\" \/>\n<meta name=\"twitter:creator\" content=\"@empowermissouri\" \/>\n<meta name=\"twitter:site\" content=\"@empowermissouri\" \/>\n<meta name=\"twitter:label1\" content=\"Written by\" \/>\n\t<meta name=\"twitter:data1\" content=\"Empower Missouri\" \/>\n\t<meta name=\"twitter:label2\" content=\"Est. reading time\" \/>\n\t<meta name=\"twitter:data2\" content=\"2 minutes\" \/>\n<script type=\"application\/ld+json\" class=\"yoast-schema-graph\">{\"@context\":\"https:\\\/\\\/schema.org\",\"@graph\":[{\"@type\":\"Article\",\"@id\":\"https:\\\/\\\/empowermissouri.org\\\/weekly-perspective-mar-22nd-2019\\\/#article\",\"isPartOf\":{\"@id\":\"https:\\\/\\\/empowermissouri.org\\\/weekly-perspective-mar-22nd-2019\\\/\"},\"author\":{\"name\":\"Empower Missouri\",\"@id\":\"https:\\\/\\\/empowermissouri.org\\\/#\\\/schema\\\/person\\\/e951a654cbc724fec5829ff7f4d36370\"},\"headline\":\"CLEAN Missouri will be debated after legislative spring break\",\"datePublished\":\"2019-03-22T12:00:58+00:00\",\"dateModified\":\"2019-07-01T15:58:37+00:00\",\"mainEntityOfPage\":{\"@id\":\"https:\\\/\\\/empowermissouri.org\\\/weekly-perspective-mar-22nd-2019\\\/\"},\"wordCount\":400,\"commentCount\":0,\"publisher\":{\"@id\":\"https:\\\/\\\/empowermissouri.org\\\/#organization\"},\"image\":{\"@id\":\"https:\\\/\\\/empowermissouri.org\\\/weekly-perspective-mar-22nd-2019\\\/#primaryimage\"},\"thumbnailUrl\":\"https:\\\/\\\/empowermissouri.org\\\/app\\\/uploads\\\/2019\\\/01\\\/Weekly-Perspective.png\",\"keywords\":[\"Clean Missouri\",\"house of representatives\",\"legislation\",\"Missouri\",\"moleg\",\"senate\"],\"articleSection\":[\"Weekly Perspective\"],\"inLanguage\":\"es-MX\",\"potentialAction\":[{\"@type\":\"CommentAction\",\"name\":\"Comment\",\"target\":[\"https:\\\/\\\/empowermissouri.org\\\/weekly-perspective-mar-22nd-2019\\\/#respond\"]}]},{\"@type\":\"WebPage\",\"@id\":\"https:\\\/\\\/empowermissouri.org\\\/weekly-perspective-mar-22nd-2019\\\/\",\"url\":\"https:\\\/\\\/empowermissouri.org\\\/weekly-perspective-mar-22nd-2019\\\/\",\"name\":\"CLEAN Missouri will be debated after legislative spring break - Empower Missouri\",\"isPartOf\":{\"@id\":\"https:\\\/\\\/empowermissouri.org\\\/#website\"},\"primaryImageOfPage\":{\"@id\":\"https:\\\/\\\/empowermissouri.org\\\/weekly-perspective-mar-22nd-2019\\\/#primaryimage\"},\"image\":{\"@id\":\"https:\\\/\\\/empowermissouri.org\\\/weekly-perspective-mar-22nd-2019\\\/#primaryimage\"},\"thumbnailUrl\":\"https:\\\/\\\/empowermissouri.org\\\/app\\\/uploads\\\/2019\\\/01\\\/Weekly-Perspective.png\",\"datePublished\":\"2019-03-22T12:00:58+00:00\",\"dateModified\":\"2019-07-01T15:58:37+00:00\",\"breadcrumb\":{\"@id\":\"https:\\\/\\\/empowermissouri.org\\\/weekly-perspective-mar-22nd-2019\\\/#breadcrumb\"},\"inLanguage\":\"es-MX\",\"potentialAction\":[{\"@type\":\"ReadAction\",\"target\":[\"https:\\\/\\\/empowermissouri.org\\\/weekly-perspective-mar-22nd-2019\\\/\"]}]},{\"@type\":\"ImageObject\",\"inLanguage\":\"es-MX\",\"@id\":\"https:\\\/\\\/empowermissouri.org\\\/weekly-perspective-mar-22nd-2019\\\/#primaryimage\",\"url\":\"https:\\\/\\\/empowermissouri.org\\\/app\\\/uploads\\\/2019\\\/01\\\/Weekly-Perspective.png\",\"contentUrl\":\"https:\\\/\\\/empowermissouri.org\\\/app\\\/uploads\\\/2019\\\/01\\\/Weekly-Perspective.png\",\"width\":1200,\"height\":628,\"caption\":\"View looking up in the dome in the capitol rotunda with the text Weekly Perspective in script overlaid in white lettering over a semi-transparent blue rectangle.\"},{\"@type\":\"BreadcrumbList\",\"@id\":\"https:\\\/\\\/empowermissouri.org\\\/weekly-perspective-mar-22nd-2019\\\/#breadcrumb\",\"itemListElement\":[{\"@type\":\"ListItem\",\"position\":1,\"name\":\"Home\",\"item\":\"https:\\\/\\\/empowermissouri.org\\\/\"},{\"@type\":\"ListItem\",\"position\":2,\"name\":\"CLEAN Missouri will be debated after legislative spring break\"}]},{\"@type\":\"WebSite\",\"@id\":\"https:\\\/\\\/empowermissouri.org\\\/#website\",\"url\":\"https:\\\/\\\/empowermissouri.org\\\/\",\"name\":\"Empower Missouri\",\"description\":\"Advocating for Justice | Empowering Change\",\"publisher\":{\"@id\":\"https:\\\/\\\/empowermissouri.org\\\/#organization\"},\"potentialAction\":[{\"@type\":\"SearchAction\",\"target\":{\"@type\":\"EntryPoint\",\"urlTemplate\":\"https:\\\/\\\/empowermissouri.org\\\/?s={search_term_string}\"},\"query-input\":{\"@type\":\"PropertyValueSpecification\",\"valueRequired\":true,\"valueName\":\"search_term_string\"}}],\"inLanguage\":\"es-MX\"},{\"@type\":\"Organization\",\"@id\":\"https:\\\/\\\/empowermissouri.org\\\/#organization\",\"name\":\"Empower Missouri\",\"url\":\"https:\\\/\\\/empowermissouri.org\\\/\",\"logo\":{\"@type\":\"ImageObject\",\"inLanguage\":\"es-MX\",\"@id\":\"https:\\\/\\\/empowermissouri.org\\\/#\\\/schema\\\/logo\\\/image\\\/\",\"url\":\"http:\\\/\\\/empowermissouri.org\\\/app\\\/uploads\\\/2018\\\/08\\\/logo_button.png\",\"contentUrl\":\"http:\\\/\\\/empowermissouri.org\\\/app\\\/uploads\\\/2018\\\/08\\\/logo_button.png\",\"width\":579,\"height\":579,\"caption\":\"Empower Missouri\"},\"image\":{\"@id\":\"https:\\\/\\\/empowermissouri.org\\\/#\\\/schema\\\/logo\\\/image\\\/\"},\"sameAs\":[\"https:\\\/\\\/www.facebook.com\\\/empowermissouri\",\"https:\\\/\\\/x.com\\\/empowermissouri\",\"https:\\\/\\\/www.instagram.com\\\/empowermissouri\\\/\",\"https:\\\/\\\/www.linkedin.com\\\/company\\\/empower-missouri\\\/\"]},{\"@type\":\"Person\",\"@id\":\"https:\\\/\\\/empowermissouri.org\\\/#\\\/schema\\\/person\\\/e951a654cbc724fec5829ff7f4d36370\",\"name\":\"Empower Missouri\",\"image\":{\"@type\":\"ImageObject\",\"inLanguage\":\"es-MX\",\"@id\":\"https:\\\/\\\/secure.gravatar.com\\\/avatar\\\/707cc62910910b381e613ab53a9c71ad8f903d58979eb1f78be3a4947f578900?s=96&d=mm&r=gb92e1d0ab19e89757b0c5f03bd735f45\",\"url\":\"https:\\\/\\\/secure.gravatar.com\\\/avatar\\\/707cc62910910b381e613ab53a9c71ad8f903d58979eb1f78be3a4947f578900?s=96&d=mm&r=g\",\"contentUrl\":\"https:\\\/\\\/secure.gravatar.com\\\/avatar\\\/707cc62910910b381e613ab53a9c71ad8f903d58979eb1f78be3a4947f578900?s=96&d=mm&r=g\",\"caption\":\"Empower Missouri\"},\"url\":\"https:\\\/\\\/empowermissouri.org\\\/es\\\/author\\\/developer\\\/\"}]}<\/script>\n<!-- \/ Yoast SEO plugin. -->","yoast_head_json":{"title":"CLEAN Missouri will be debated after legislative spring break - Empower Missouri","robots":{"index":"index","follow":"follow","max-snippet":"max-snippet:-1","max-image-preview":"max-image-preview:large","max-video-preview":"max-video-preview:-1"},"canonical":"https:\/\/empowermissouri.org\/es\/weekly-perspective-mar-22nd-2019\/","og_locale":"es_MX","og_type":"article","og_title":"CLEAN Missouri will be debated after legislative spring break - Empower Missouri","og_description":"The General Assembly has been on Legislative Spring Break this week, but will return to action on Monday, March 25. Conventional wisdom says that most bills that have not been passed by one chamber by break week will have difficulty making it through the entire process by adjournment of the Legislative Session in mid-May, but [&hellip;]","og_url":"https:\/\/empowermissouri.org\/es\/weekly-perspective-mar-22nd-2019\/","og_site_name":"Empower Missouri","article_publisher":"https:\/\/www.facebook.com\/empowermissouri","article_published_time":"2019-03-22T12:00:58+00:00","article_modified_time":"2019-07-01T15:58:37+00:00","og_image":[{"width":1200,"height":628,"url":"https:\/\/empowermissouri.org\/app\/uploads\/2019\/01\/Weekly-Perspective.png","type":"image\/png"}],"author":"Empower Missouri","twitter_card":"summary_large_image","twitter_creator":"@empowermissouri","twitter_site":"@empowermissouri","twitter_misc":{"Written by":"Empower Missouri","Est. reading time":"2 minutes"},"schema":{"@context":"https:\/\/schema.org","@graph":[{"@type":"Article","@id":"https:\/\/empowermissouri.org\/weekly-perspective-mar-22nd-2019\/#article","isPartOf":{"@id":"https:\/\/empowermissouri.org\/weekly-perspective-mar-22nd-2019\/"},"author":{"name":"Empower Missouri","@id":"https:\/\/empowermissouri.org\/#\/schema\/person\/e951a654cbc724fec5829ff7f4d36370"},"headline":"CLEAN Missouri will be debated after legislative spring break","datePublished":"2019-03-22T12:00:58+00:00","dateModified":"2019-07-01T15:58:37+00:00","mainEntityOfPage":{"@id":"https:\/\/empowermissouri.org\/weekly-perspective-mar-22nd-2019\/"},"wordCount":400,"commentCount":0,"publisher":{"@id":"https:\/\/empowermissouri.org\/#organization"},"image":{"@id":"https:\/\/empowermissouri.org\/weekly-perspective-mar-22nd-2019\/#primaryimage"},"thumbnailUrl":"https:\/\/empowermissouri.org\/app\/uploads\/2019\/01\/Weekly-Perspective.png","keywords":["Clean Missouri","house of representatives","legislation","Missouri","moleg","senate"],"articleSection":["Weekly Perspective"],"inLanguage":"es-MX","potentialAction":[{"@type":"CommentAction","name":"Comment","target":["https:\/\/empowermissouri.org\/weekly-perspective-mar-22nd-2019\/#respond"]}]},{"@type":"WebPage","@id":"https:\/\/empowermissouri.org\/weekly-perspective-mar-22nd-2019\/","url":"https:\/\/empowermissouri.org\/weekly-perspective-mar-22nd-2019\/","name":"CLEAN Missouri will be debated after legislative spring break - Empower Missouri","isPartOf":{"@id":"https:\/\/empowermissouri.org\/#website"},"primaryImageOfPage":{"@id":"https:\/\/empowermissouri.org\/weekly-perspective-mar-22nd-2019\/#primaryimage"},"image":{"@id":"https:\/\/empowermissouri.org\/weekly-perspective-mar-22nd-2019\/#primaryimage"},"thumbnailUrl":"https:\/\/empowermissouri.org\/app\/uploads\/2019\/01\/Weekly-Perspective.png","datePublished":"2019-03-22T12:00:58+00:00","dateModified":"2019-07-01T15:58:37+00:00","breadcrumb":{"@id":"https:\/\/empowermissouri.org\/weekly-perspective-mar-22nd-2019\/#breadcrumb"},"inLanguage":"es-MX","potentialAction":[{"@type":"ReadAction","target":["https:\/\/empowermissouri.org\/weekly-perspective-mar-22nd-2019\/"]}]},{"@type":"ImageObject","inLanguage":"es-MX","@id":"https:\/\/empowermissouri.org\/weekly-perspective-mar-22nd-2019\/#primaryimage","url":"https:\/\/empowermissouri.org\/app\/uploads\/2019\/01\/Weekly-Perspective.png","contentUrl":"https:\/\/empowermissouri.org\/app\/uploads\/2019\/01\/Weekly-Perspective.png","width":1200,"height":628,"caption":"View looking up in the dome in the capitol rotunda with the text Weekly Perspective in script overlaid in white lettering over a semi-transparent blue rectangle."},{"@type":"BreadcrumbList","@id":"https:\/\/empowermissouri.org\/weekly-perspective-mar-22nd-2019\/#breadcrumb","itemListElement":[{"@type":"ListItem","position":1,"name":"Home","item":"https:\/\/empowermissouri.org\/"},{"@type":"ListItem","position":2,"name":"CLEAN Missouri will be debated after legislative spring break"}]},{"@type":"WebSite","@id":"https:\/\/empowermissouri.org\/#website","url":"https:\/\/empowermissouri.org\/","name":"Empoderar a Missouri","description":"Advocating for Justice | Empowering Change","publisher":{"@id":"https:\/\/empowermissouri.org\/#organization"},"potentialAction":[{"@type":"SearchAction","target":{"@type":"EntryPoint","urlTemplate":"https:\/\/empowermissouri.org\/?s={search_term_string}"},"query-input":{"@type":"PropertyValueSpecification","valueRequired":true,"valueName":"search_term_string"}}],"inLanguage":"es-MX"},{"@type":"Organization","@id":"https:\/\/empowermissouri.org\/#organization","name":"Empoderar a Missouri","url":"https:\/\/empowermissouri.org\/","logo":{"@type":"ImageObject","inLanguage":"es-MX","@id":"https:\/\/empowermissouri.org\/#\/schema\/logo\/image\/","url":"http:\/\/empowermissouri.org\/app\/uploads\/2018\/08\/logo_button.png","contentUrl":"http:\/\/empowermissouri.org\/app\/uploads\/2018\/08\/logo_button.png","width":579,"height":579,"caption":"Empower Missouri"},"image":{"@id":"https:\/\/empowermissouri.org\/#\/schema\/logo\/image\/"},"sameAs":["https:\/\/www.facebook.com\/empowermissouri","https:\/\/x.com\/empowermissouri","https:\/\/www.instagram.com\/empowermissouri\/","https:\/\/www.linkedin.com\/company\/empower-missouri\/"]},{"@type":"Person","@id":"https:\/\/empowermissouri.org\/#\/schema\/person\/e951a654cbc724fec5829ff7f4d36370","name":"Empoderar a Missouri","image":{"@type":"ImageObject","inLanguage":"es-MX","@id":"https:\/\/secure.gravatar.com\/avatar\/707cc62910910b381e613ab53a9c71ad8f903d58979eb1f78be3a4947f578900?s=96&d=mm&r=gb92e1d0ab19e89757b0c5f03bd735f45","url":"https:\/\/secure.gravatar.com\/avatar\/707cc62910910b381e613ab53a9c71ad8f903d58979eb1f78be3a4947f578900?s=96&d=mm&r=g","contentUrl":"https:\/\/secure.gravatar.com\/avatar\/707cc62910910b381e613ab53a9c71ad8f903d58979eb1f78be3a4947f578900?s=96&d=mm&r=g","caption":"Empower Missouri"},"url":"https:\/\/empowermissouri.org\/es\/author\/developer\/"}]}},"_links":{"self":[{"href":"https:\/\/empowermissouri.org\/es\/wp-json\/wp\/v2\/posts\/1613","targetHints":{"allow":["GET"]}}],"collection":[{"href":"https:\/\/empowermissouri.org\/es\/wp-json\/wp\/v2\/posts"}],"about":[{"href":"https:\/\/empowermissouri.org\/es\/wp-json\/wp\/v2\/types\/post"}],"author":[{"embeddable":true,"href":"https:\/\/empowermissouri.org\/es\/wp-json\/wp\/v2\/users\/1"}],"replies":[{"embeddable":true,"href":"https:\/\/empowermissouri.org\/es\/wp-json\/wp\/v2\/comments?post=1613"}],"version-history":[{"count":0,"href":"https:\/\/empowermissouri.org\/es\/wp-json\/wp\/v2\/posts\/1613\/revisions"}],"wp:featuredmedia":[{"embeddable":true,"href":"https:\/\/empowermissouri.org\/es\/wp-json\/wp\/v2\/media\/1488"}],"wp:attachment":[{"href":"https:\/\/empowermissouri.org\/es\/wp-json\/wp\/v2\/media?parent=1613"}],"wp:term":[{"taxonomy":"category","embeddable":true,"href":"https:\/\/empowermissouri.org\/es\/wp-json\/wp\/v2\/categories?post=1613"},{"taxonomy":"post_tag","embeddable":true,"href":"https:\/\/empowermissouri.org\/es\/wp-json\/wp\/v2\/tags?post=1613"},{"taxonomy":"issues","embeddable":true,"href":"https:\/\/empowermissouri.org\/es\/wp-json\/wp\/v2\/issues?post=1613"},{"taxonomy":"author","embeddable":true,"href":"https:\/\/empowermissouri.org\/es\/wp-json\/wp\/v2\/coauthors?post=1613"}],"curies":[{"name":"wp","href":"https:\/\/api.w.org\/{rel}","templated":true}]}}