{"id":1486,"date":"2019-01-11T05:53:31","date_gmt":"2019-01-11T11:53:31","guid":{"rendered":"http:\/\/dev.buzz.do\/empower-missouri-site\/?post_type=news_post&#038;p=1486"},"modified":"2019-07-01T11:53:50","modified_gmt":"2019-07-01T16:53:50","slug":"weekly-perspective-1-11-19","status":"publish","type":"post","link":"https:\/\/empowermissouri.org\/es\/weekly-perspective-1-11-19\/","title":{"rendered":"Una oportunidad de hacer un cambio real en Missouri"},"content":{"rendered":"<p>11 de enero de 2019<\/p>\n<p>Estimado abogado,<\/p>\n<p><em>\u00bfQu\u00e9 se necesita para aprobar una pol\u00edtica p\u00fablica mejorada en Missouri, incluida la reforma de leyes antiguas que fueron mal concebidas y que han estado da\u00f1ando la calidad de nuestra vida en com\u00fan?<\/em>\u00a0Se parece mucho a la jardiner\u00eda. Debemos ser persistentes en investigar qu\u00e9 tipos de semillas pueden funcionar en nuestro terreno en particular, arar el campo y aplicar los tipos adecuados de fertilizantes. La \u201cnaturaleza\u201d tendr\u00e1 su camino relacionado con el agua y el sol, y tambi\u00e9n debemos responder a las condiciones de inundaci\u00f3n o sequ\u00eda cuando surjan (es decir, los caprichos de la pol\u00edtica).<\/p>\n<p><strong>Durante a\u00f1os, el Equipo de Asuntos de Justicia Criminal de Empower Missouri y la Coalici\u00f3n de Justicia contra el VIH de Missouri que nuestro personal ha estado ocupados investigando, arando y fertilizando.<\/strong><\/p>\n<p>Creemos que vimos la primera ramita verde emerger del suelo el 9 de enero, cuando el presidente de la C\u00e1mara, Elijah Haahr (R-Springfield), dijo esto durante su discurso de apertura ante los 100.<sup>th<\/sup>\u00a0Asamblea General de Missouri:<\/p>\n<blockquote><p><b><i>\u201c\u2026 Debemos brindar oportunidades a quienes se encuentran en un sistema de justicia penal quebrado. El a\u00f1o pasado, la C\u00e1mara aprob\u00f3 por unanimidad reformas a nuestras leyes de sentencia y nuevamente lideraremos estas reformas \u201d.<\/i><\/b><\/p><\/blockquote>\n<p>Tenemos una excelente oportunidad este a\u00f1o para una reforma significativa de la justicia penal. Los m\u00ednimos obligatorios es el fallido programa de \u201cdureza contra el crimen\u201d que ha disparado la poblaci\u00f3n carcelaria en todo el pa\u00eds. Est\u00e1 claro que Missouri ha estado encarcelando a demasiadas personas a un costo demasiado alto y con un retorno de la inversi\u00f3n demasiado peque\u00f1o en t\u00e9rminos de seguridad p\u00fablica o rehabilitaci\u00f3n. Ahora que nuestras c\u00e1rceles est\u00e1n llegando a un estado de hacinamiento, existe una presi\u00f3n considerable para hacer los cambios necesarios.<\/p>\n<p>Si bien el portavoz Haahr destac\u00f3 los m\u00ednimos obligatorios, estamos igualmente emocionados de ver otras dos medidas importantes reintroducidas este a\u00f1o. La libertad condicional geri\u00e1trica, el avance de las oportunidades de libertad condicional para los mayores de 65 a\u00f1os est\u00e1 nuevamente en discusi\u00f3n. Puede recordar que nuestra otra semilla brote\u00a0<a href=\"https:\/\/www.missourinet.com\/2018\/12\/03\/two-state-representatives-pre-file-bills-to-change-hiv-and-drug-treatment-policies\/\" target=\"_blank\" rel=\"noopener noreferrer\" data-saferedirecturl=\"https:\/\/www.google.com\/url?q=https:\/\/www.missourinet.com\/2018\/12\/03\/two-state-representatives-pre-file-bills-to-change-hiv-and-drug-treatment-policies\/&amp;source=gmail&amp;ust=1547268902867000&amp;usg=AFQjCNH1YkxWByt91LZ-JJ9Fw87dhX_YwQ\">a mucha fanfarria<\/a>\u00a0cuando se present\u00f3 previamente en diciembre, es un conjunto de proyectos de ley dise\u00f1ados para modernizar los obsoletos c\u00f3digos penales espec\u00edficos del VIH de Missouri.<\/p>\n<p>Ahora las malas noticias, o quiz\u00e1s m\u00e1s apropiado para la met\u00e1fora de hoy: las malas hierbas que crecen en nuestros pastos. El a\u00f1o pasado gastamos una cantidad considerable de tiempo y capital organizacional para detener las facturas de requisitos de documentaci\u00f3n del trabajo dise\u00f1adas para reducir la participaci\u00f3n en el Programa de Asistencia Nutricional Suplementaria (SNAP, com\u00fanmente conocido como cupones de alimentos). Desafortunadamente, nuevamente estaremos jugando a la defensiva para proteger ese programa para las personas y familias trabajadoras que a menudo no pueden ganar el dinero o conseguir las horas de trabajo necesarias para sacarlos de la pobreza. Tambi\u00e9n nos preocupan algunos proyectos de ley adicionales que podr\u00edan debilitar a\u00fan m\u00e1s el programa de Asistencia Temporal para Familias Necesitadas (TANF). Si es uno de nuestros defensores del hambre o simplemente un ciudadano preocupado, considere\u00a0<a href=\"https:\/\/moenvironment.org\/moenvironment.org\/index.php?option=com_content&amp;view=article&amp;layout=edit&amp;id=502\" target=\"_blank\" rel=\"noopener noreferrer\" data-saferedirecturl=\"https:\/\/www.google.com\/url?q=https:\/\/moenvironment.org\/moenvironment.org\/index.php?option%3Dcom_content%26view%3Darticle%26layout%3Dedit%26id%3D502&amp;source=gmail&amp;ust=1547268902867000&amp;usg=AFQjCNEUsuP65B7yr2_Czl2ajGXA6gEOwQ\">inscribirse en un d\u00eda de promoci\u00f3n conjunta de la coalici\u00f3n\u00a0<\/a>organizado por la Coalici\u00f3n para el Medio Ambiente de Missouri el 6 de febrero<sup>th<\/sup>.<\/p>\n<p><strong>Ahora, \u00bfayudar\u00e1s si sigues cultivando el cambio?<\/strong>\u00a0Necesitamos su participaci\u00f3n en nuestras campa\u00f1as de 2019, su labor de promoci\u00f3n \/ voluntariado y su continuo\u00a0<a href=\"https:\/\/secure.everyaction.com\/Me811YyQTUWy7VZkoP6iQQ2\" target=\"_blank\" rel=\"noopener noreferrer\" data-saferedirecturl=\"https:\/\/www.google.com\/url?q=https:\/\/secure.everyaction.com\/Me811YyQTUWy7VZkoP6iQQ2&amp;source=gmail&amp;ust=1547268902868000&amp;usg=AFQjCNF3ADMTmtfgrBmEeHCWvsm7nH3W0w\">generosidad<\/a>\u00a0regar y fertilizar semillas y brotes para que pasen de la posibilidad a la realidad. Puede hacerlo respondiendo a nuestras alertas de acci\u00f3n enviadas por correo electr\u00f3nico, asistiendo a formularios p\u00fablicos y d\u00edas de defensa, y estableciendo reuniones dentro del distrito con sus legisladores.<\/p>\n<p>En solidaridad mientras avanzamos hacia la justicia,<\/p>\n<p><img decoding=\"async\" class=\"CToWUd\" src=\"https:\/\/ci5.googleusercontent.com\/proxy\/afwkb_vYVmUwzQnXuUZAU4acNJDLFGcIdRvlxRIsrdDnEs4KyosHJSKLz2n9UEvnsG7BUaKYzlVyFKwMZM7ZHDE5muOAfoh8XCQ_o_qaHoHqULh92qfTjsw4lPFVSrKUmLpBdPoKTqgZX38IGl7o=s0-d-e1-ft#https:\/\/nvlupin.blob.core.windows.net\/images\/van\/EA\/EA002\/1\/60431\/images\/jmo%20signature.png\" alt=\"\" \/><\/p>\n<p>Jeanette Mott Oxford,<br \/>\nDirector ejecutivo<\/p>\n<p>&nbsp;<\/p>\n<p>PD - \u00danase a nosotros para nuestra primera sesi\u00f3n bajo la c\u00fapula y al otro lado del estado convocatoria informativa para defensores el jueves 24 de enero de 4: 30-6PM (CST). Marque 515-603-3103, c\u00f3digo de acceso 167856#, para escuchar a expertos en el \u00e1rea de problemas y acceder a datos sobre proyectos de ley que deber\u00edan preocupar a todos los defensores de la justicia social. En febrero y marzo, proporcionaremos dos llamadas por mes, ya que la legislatura a veces se mueve a una velocidad vertiginosa para ese momento y no queremos que se la pierda.<\/p>","protected":false},"excerpt":{"rendered":"<p>January 11, 2019 Dear Advocate, What does it take to pass improved public policy in Missouri, including reforming old laws that were ill-conceived that have been harming the quality of our common life?\u00a0It is a lot like gardening. We must be persistent in researching what kinds of seeds can work on our particular piece of [&hellip;]<\/p>\n","protected":false},"author":1,"featured_media":1488,"comment_status":"open","ping_status":"closed","sticky":false,"template":"","format":"standard","meta":{"_exactmetrics_skip_tracking":false,"_exactmetrics_sitenote_active":false,"_exactmetrics_sitenote_note":"","_exactmetrics_sitenote_category":0,"footnotes":""},"categories":[43],"tags":[128,104,62,48],"issues":[7,29,30],"coauthors":[359],"class_list":["post-1486","post","type-post","status-publish","format-standard","has-post-thumbnail","hentry","category-weekly-perspective","tag-activism","tag-advocacy","tag-missouri","tag-moleg","issues-criminal-justice","issues-economic-justice","issues-health-and-mental-health"],"yoast_head":"<!-- This site is optimized with the Yoast SEO plugin v27.4 - https:\/\/yoast.com\/product\/yoast-seo-wordpress\/ -->\n<title>A chance to make real change in Missouri - Empower Missouri<\/title>\n<meta name=\"description\" content=\"#MOLeg 2019 session starts and Speaker Haahr signals criminal justice reform.\" \/>\n<meta name=\"robots\" content=\"index, follow, max-snippet:-1, max-image-preview:large, max-video-preview:-1\" \/>\n<link rel=\"canonical\" href=\"https:\/\/empowermissouri.org\/es\/weekly-perspective-1-11-19\/\" \/>\n<meta property=\"og:locale\" content=\"es_MX\" \/>\n<meta property=\"og:type\" content=\"article\" \/>\n<meta property=\"og:title\" content=\"A chance to make real change in Missouri - Empower Missouri\" \/>\n<meta property=\"og:description\" content=\"#MOLeg 2019 session starts and Speaker Haahr signals criminal justice reform.\" \/>\n<meta property=\"og:url\" content=\"https:\/\/empowermissouri.org\/es\/weekly-perspective-1-11-19\/\" \/>\n<meta property=\"og:site_name\" content=\"Empower Missouri\" \/>\n<meta property=\"article:publisher\" content=\"https:\/\/www.facebook.com\/empowermissouri\" \/>\n<meta property=\"article:published_time\" content=\"2019-01-11T11:53:31+00:00\" \/>\n<meta property=\"article:modified_time\" content=\"2019-07-01T16:53:50+00:00\" \/>\n<meta property=\"og:image\" content=\"https:\/\/empowermissouri.org\/app\/uploads\/2019\/01\/Weekly-Perspective.png\" \/>\n\t<meta property=\"og:image:width\" content=\"1200\" \/>\n\t<meta property=\"og:image:height\" content=\"628\" \/>\n\t<meta property=\"og:image:type\" content=\"image\/png\" \/>\n<meta name=\"author\" content=\"Empower Missouri\" \/>\n<meta name=\"twitter:card\" content=\"summary_large_image\" \/>\n<meta name=\"twitter:creator\" content=\"@empowermissouri\" \/>\n<meta name=\"twitter:site\" content=\"@empowermissouri\" \/>\n<meta name=\"twitter:label1\" content=\"Written by\" \/>\n\t<meta name=\"twitter:data1\" content=\"Empower Missouri\" \/>\n\t<meta name=\"twitter:label2\" content=\"Est. reading time\" \/>\n\t<meta name=\"twitter:data2\" content=\"3 minutes\" \/>\n<script type=\"application\/ld+json\" class=\"yoast-schema-graph\">{\"@context\":\"https:\\\/\\\/schema.org\",\"@graph\":[{\"@type\":\"Article\",\"@id\":\"https:\\\/\\\/empowermissouri.org\\\/weekly-perspective-1-11-19\\\/#article\",\"isPartOf\":{\"@id\":\"https:\\\/\\\/empowermissouri.org\\\/weekly-perspective-1-11-19\\\/\"},\"author\":{\"name\":\"Empower Missouri\",\"@id\":\"https:\\\/\\\/empowermissouri.org\\\/#\\\/schema\\\/person\\\/e951a654cbc724fec5829ff7f4d36370\"},\"headline\":\"A chance to make real change in Missouri\",\"datePublished\":\"2019-01-11T11:53:31+00:00\",\"dateModified\":\"2019-07-01T16:53:50+00:00\",\"mainEntityOfPage\":{\"@id\":\"https:\\\/\\\/empowermissouri.org\\\/weekly-perspective-1-11-19\\\/\"},\"wordCount\":636,\"commentCount\":0,\"publisher\":{\"@id\":\"https:\\\/\\\/empowermissouri.org\\\/#organization\"},\"image\":{\"@id\":\"https:\\\/\\\/empowermissouri.org\\\/weekly-perspective-1-11-19\\\/#primaryimage\"},\"thumbnailUrl\":\"https:\\\/\\\/empowermissouri.org\\\/app\\\/uploads\\\/2019\\\/01\\\/Weekly-Perspective.png\",\"keywords\":[\"activism\",\"advocacy\",\"Missouri\",\"moleg\"],\"articleSection\":[\"Weekly Perspective\"],\"inLanguage\":\"es-MX\",\"potentialAction\":[{\"@type\":\"CommentAction\",\"name\":\"Comment\",\"target\":[\"https:\\\/\\\/empowermissouri.org\\\/weekly-perspective-1-11-19\\\/#respond\"]}]},{\"@type\":\"WebPage\",\"@id\":\"https:\\\/\\\/empowermissouri.org\\\/weekly-perspective-1-11-19\\\/\",\"url\":\"https:\\\/\\\/empowermissouri.org\\\/weekly-perspective-1-11-19\\\/\",\"name\":\"A chance to make real change in Missouri - Empower Missouri\",\"isPartOf\":{\"@id\":\"https:\\\/\\\/empowermissouri.org\\\/#website\"},\"primaryImageOfPage\":{\"@id\":\"https:\\\/\\\/empowermissouri.org\\\/weekly-perspective-1-11-19\\\/#primaryimage\"},\"image\":{\"@id\":\"https:\\\/\\\/empowermissouri.org\\\/weekly-perspective-1-11-19\\\/#primaryimage\"},\"thumbnailUrl\":\"https:\\\/\\\/empowermissouri.org\\\/app\\\/uploads\\\/2019\\\/01\\\/Weekly-Perspective.png\",\"datePublished\":\"2019-01-11T11:53:31+00:00\",\"dateModified\":\"2019-07-01T16:53:50+00:00\",\"description\":\"#MOLeg 2019 session starts and Speaker Haahr signals criminal justice reform.\",\"breadcrumb\":{\"@id\":\"https:\\\/\\\/empowermissouri.org\\\/weekly-perspective-1-11-19\\\/#breadcrumb\"},\"inLanguage\":\"es-MX\",\"potentialAction\":[{\"@type\":\"ReadAction\",\"target\":[\"https:\\\/\\\/empowermissouri.org\\\/weekly-perspective-1-11-19\\\/\"]}]},{\"@type\":\"ImageObject\",\"inLanguage\":\"es-MX\",\"@id\":\"https:\\\/\\\/empowermissouri.org\\\/weekly-perspective-1-11-19\\\/#primaryimage\",\"url\":\"https:\\\/\\\/empowermissouri.org\\\/app\\\/uploads\\\/2019\\\/01\\\/Weekly-Perspective.png\",\"contentUrl\":\"https:\\\/\\\/empowermissouri.org\\\/app\\\/uploads\\\/2019\\\/01\\\/Weekly-Perspective.png\",\"width\":1200,\"height\":628,\"caption\":\"View looking up in the dome in the capitol rotunda with the text Weekly Perspective in script overlaid in white lettering over a semi-transparent blue rectangle.\"},{\"@type\":\"BreadcrumbList\",\"@id\":\"https:\\\/\\\/empowermissouri.org\\\/weekly-perspective-1-11-19\\\/#breadcrumb\",\"itemListElement\":[{\"@type\":\"ListItem\",\"position\":1,\"name\":\"Home\",\"item\":\"https:\\\/\\\/empowermissouri.org\\\/\"},{\"@type\":\"ListItem\",\"position\":2,\"name\":\"A chance to make real change in Missouri\"}]},{\"@type\":\"WebSite\",\"@id\":\"https:\\\/\\\/empowermissouri.org\\\/#website\",\"url\":\"https:\\\/\\\/empowermissouri.org\\\/\",\"name\":\"Empower Missouri\",\"description\":\"Advocating for Justice | Empowering Change\",\"publisher\":{\"@id\":\"https:\\\/\\\/empowermissouri.org\\\/#organization\"},\"potentialAction\":[{\"@type\":\"SearchAction\",\"target\":{\"@type\":\"EntryPoint\",\"urlTemplate\":\"https:\\\/\\\/empowermissouri.org\\\/?s={search_term_string}\"},\"query-input\":{\"@type\":\"PropertyValueSpecification\",\"valueRequired\":true,\"valueName\":\"search_term_string\"}}],\"inLanguage\":\"es-MX\"},{\"@type\":\"Organization\",\"@id\":\"https:\\\/\\\/empowermissouri.org\\\/#organization\",\"name\":\"Empower Missouri\",\"url\":\"https:\\\/\\\/empowermissouri.org\\\/\",\"logo\":{\"@type\":\"ImageObject\",\"inLanguage\":\"es-MX\",\"@id\":\"https:\\\/\\\/empowermissouri.org\\\/#\\\/schema\\\/logo\\\/image\\\/\",\"url\":\"http:\\\/\\\/empowermissouri.org\\\/app\\\/uploads\\\/2018\\\/08\\\/logo_button.png\",\"contentUrl\":\"http:\\\/\\\/empowermissouri.org\\\/app\\\/uploads\\\/2018\\\/08\\\/logo_button.png\",\"width\":579,\"height\":579,\"caption\":\"Empower Missouri\"},\"image\":{\"@id\":\"https:\\\/\\\/empowermissouri.org\\\/#\\\/schema\\\/logo\\\/image\\\/\"},\"sameAs\":[\"https:\\\/\\\/www.facebook.com\\\/empowermissouri\",\"https:\\\/\\\/x.com\\\/empowermissouri\",\"https:\\\/\\\/www.instagram.com\\\/empowermissouri\\\/\",\"https:\\\/\\\/www.linkedin.com\\\/company\\\/empower-missouri\\\/\"]},{\"@type\":\"Person\",\"@id\":\"https:\\\/\\\/empowermissouri.org\\\/#\\\/schema\\\/person\\\/e951a654cbc724fec5829ff7f4d36370\",\"name\":\"Empower Missouri\",\"image\":{\"@type\":\"ImageObject\",\"inLanguage\":\"es-MX\",\"@id\":\"https:\\\/\\\/secure.gravatar.com\\\/avatar\\\/707cc62910910b381e613ab53a9c71ad8f903d58979eb1f78be3a4947f578900?s=96&d=mm&r=gb92e1d0ab19e89757b0c5f03bd735f45\",\"url\":\"https:\\\/\\\/secure.gravatar.com\\\/avatar\\\/707cc62910910b381e613ab53a9c71ad8f903d58979eb1f78be3a4947f578900?s=96&d=mm&r=g\",\"contentUrl\":\"https:\\\/\\\/secure.gravatar.com\\\/avatar\\\/707cc62910910b381e613ab53a9c71ad8f903d58979eb1f78be3a4947f578900?s=96&d=mm&r=g\",\"caption\":\"Empower Missouri\"},\"url\":\"https:\\\/\\\/empowermissouri.org\\\/es\\\/author\\\/developer\\\/\"}]}<\/script>\n<!-- \/ Yoast SEO plugin. -->","yoast_head_json":{"title":"A chance to make real change in Missouri - Empower Missouri","description":"#MOLeg 2019 session starts and Speaker Haahr signals criminal justice reform.","robots":{"index":"index","follow":"follow","max-snippet":"max-snippet:-1","max-image-preview":"max-image-preview:large","max-video-preview":"max-video-preview:-1"},"canonical":"https:\/\/empowermissouri.org\/es\/weekly-perspective-1-11-19\/","og_locale":"es_MX","og_type":"article","og_title":"A chance to make real change in Missouri - Empower Missouri","og_description":"#MOLeg 2019 session starts and Speaker Haahr signals criminal justice reform.","og_url":"https:\/\/empowermissouri.org\/es\/weekly-perspective-1-11-19\/","og_site_name":"Empower Missouri","article_publisher":"https:\/\/www.facebook.com\/empowermissouri","article_published_time":"2019-01-11T11:53:31+00:00","article_modified_time":"2019-07-01T16:53:50+00:00","og_image":[{"width":1200,"height":628,"url":"https:\/\/empowermissouri.org\/app\/uploads\/2019\/01\/Weekly-Perspective.png","type":"image\/png"}],"author":"Empower Missouri","twitter_card":"summary_large_image","twitter_creator":"@empowermissouri","twitter_site":"@empowermissouri","twitter_misc":{"Written by":"Empower Missouri","Est. reading time":"3 minutes"},"schema":{"@context":"https:\/\/schema.org","@graph":[{"@type":"Article","@id":"https:\/\/empowermissouri.org\/weekly-perspective-1-11-19\/#article","isPartOf":{"@id":"https:\/\/empowermissouri.org\/weekly-perspective-1-11-19\/"},"author":{"name":"Empower Missouri","@id":"https:\/\/empowermissouri.org\/#\/schema\/person\/e951a654cbc724fec5829ff7f4d36370"},"headline":"A chance to make real change in Missouri","datePublished":"2019-01-11T11:53:31+00:00","dateModified":"2019-07-01T16:53:50+00:00","mainEntityOfPage":{"@id":"https:\/\/empowermissouri.org\/weekly-perspective-1-11-19\/"},"wordCount":636,"commentCount":0,"publisher":{"@id":"https:\/\/empowermissouri.org\/#organization"},"image":{"@id":"https:\/\/empowermissouri.org\/weekly-perspective-1-11-19\/#primaryimage"},"thumbnailUrl":"https:\/\/empowermissouri.org\/app\/uploads\/2019\/01\/Weekly-Perspective.png","keywords":["activism","advocacy","Missouri","moleg"],"articleSection":["Weekly Perspective"],"inLanguage":"es-MX","potentialAction":[{"@type":"CommentAction","name":"Comment","target":["https:\/\/empowermissouri.org\/weekly-perspective-1-11-19\/#respond"]}]},{"@type":"WebPage","@id":"https:\/\/empowermissouri.org\/weekly-perspective-1-11-19\/","url":"https:\/\/empowermissouri.org\/weekly-perspective-1-11-19\/","name":"A chance to make real change in Missouri - Empower Missouri","isPartOf":{"@id":"https:\/\/empowermissouri.org\/#website"},"primaryImageOfPage":{"@id":"https:\/\/empowermissouri.org\/weekly-perspective-1-11-19\/#primaryimage"},"image":{"@id":"https:\/\/empowermissouri.org\/weekly-perspective-1-11-19\/#primaryimage"},"thumbnailUrl":"https:\/\/empowermissouri.org\/app\/uploads\/2019\/01\/Weekly-Perspective.png","datePublished":"2019-01-11T11:53:31+00:00","dateModified":"2019-07-01T16:53:50+00:00","description":"#MOLeg 2019 session starts and Speaker Haahr signals criminal justice reform.","breadcrumb":{"@id":"https:\/\/empowermissouri.org\/weekly-perspective-1-11-19\/#breadcrumb"},"inLanguage":"es-MX","potentialAction":[{"@type":"ReadAction","target":["https:\/\/empowermissouri.org\/weekly-perspective-1-11-19\/"]}]},{"@type":"ImageObject","inLanguage":"es-MX","@id":"https:\/\/empowermissouri.org\/weekly-perspective-1-11-19\/#primaryimage","url":"https:\/\/empowermissouri.org\/app\/uploads\/2019\/01\/Weekly-Perspective.png","contentUrl":"https:\/\/empowermissouri.org\/app\/uploads\/2019\/01\/Weekly-Perspective.png","width":1200,"height":628,"caption":"View looking up in the dome in the capitol rotunda with the text Weekly Perspective in script overlaid in white lettering over a semi-transparent blue rectangle."},{"@type":"BreadcrumbList","@id":"https:\/\/empowermissouri.org\/weekly-perspective-1-11-19\/#breadcrumb","itemListElement":[{"@type":"ListItem","position":1,"name":"Home","item":"https:\/\/empowermissouri.org\/"},{"@type":"ListItem","position":2,"name":"A chance to make real change in Missouri"}]},{"@type":"WebSite","@id":"https:\/\/empowermissouri.org\/#website","url":"https:\/\/empowermissouri.org\/","name":"Empoderar a Missouri","description":"Advocating for Justice | Empowering Change","publisher":{"@id":"https:\/\/empowermissouri.org\/#organization"},"potentialAction":[{"@type":"SearchAction","target":{"@type":"EntryPoint","urlTemplate":"https:\/\/empowermissouri.org\/?s={search_term_string}"},"query-input":{"@type":"PropertyValueSpecification","valueRequired":true,"valueName":"search_term_string"}}],"inLanguage":"es-MX"},{"@type":"Organization","@id":"https:\/\/empowermissouri.org\/#organization","name":"Empoderar a Missouri","url":"https:\/\/empowermissouri.org\/","logo":{"@type":"ImageObject","inLanguage":"es-MX","@id":"https:\/\/empowermissouri.org\/#\/schema\/logo\/image\/","url":"http:\/\/empowermissouri.org\/app\/uploads\/2018\/08\/logo_button.png","contentUrl":"http:\/\/empowermissouri.org\/app\/uploads\/2018\/08\/logo_button.png","width":579,"height":579,"caption":"Empower Missouri"},"image":{"@id":"https:\/\/empowermissouri.org\/#\/schema\/logo\/image\/"},"sameAs":["https:\/\/www.facebook.com\/empowermissouri","https:\/\/x.com\/empowermissouri","https:\/\/www.instagram.com\/empowermissouri\/","https:\/\/www.linkedin.com\/company\/empower-missouri\/"]},{"@type":"Person","@id":"https:\/\/empowermissouri.org\/#\/schema\/person\/e951a654cbc724fec5829ff7f4d36370","name":"Empoderar a Missouri","image":{"@type":"ImageObject","inLanguage":"es-MX","@id":"https:\/\/secure.gravatar.com\/avatar\/707cc62910910b381e613ab53a9c71ad8f903d58979eb1f78be3a4947f578900?s=96&d=mm&r=gb92e1d0ab19e89757b0c5f03bd735f45","url":"https:\/\/secure.gravatar.com\/avatar\/707cc62910910b381e613ab53a9c71ad8f903d58979eb1f78be3a4947f578900?s=96&d=mm&r=g","contentUrl":"https:\/\/secure.gravatar.com\/avatar\/707cc62910910b381e613ab53a9c71ad8f903d58979eb1f78be3a4947f578900?s=96&d=mm&r=g","caption":"Empower Missouri"},"url":"https:\/\/empowermissouri.org\/es\/author\/developer\/"}]}},"_links":{"self":[{"href":"https:\/\/empowermissouri.org\/es\/wp-json\/wp\/v2\/posts\/1486","targetHints":{"allow":["GET"]}}],"collection":[{"href":"https:\/\/empowermissouri.org\/es\/wp-json\/wp\/v2\/posts"}],"about":[{"href":"https:\/\/empowermissouri.org\/es\/wp-json\/wp\/v2\/types\/post"}],"author":[{"embeddable":true,"href":"https:\/\/empowermissouri.org\/es\/wp-json\/wp\/v2\/users\/1"}],"replies":[{"embeddable":true,"href":"https:\/\/empowermissouri.org\/es\/wp-json\/wp\/v2\/comments?post=1486"}],"version-history":[{"count":0,"href":"https:\/\/empowermissouri.org\/es\/wp-json\/wp\/v2\/posts\/1486\/revisions"}],"wp:featuredmedia":[{"embeddable":true,"href":"https:\/\/empowermissouri.org\/es\/wp-json\/wp\/v2\/media\/1488"}],"wp:attachment":[{"href":"https:\/\/empowermissouri.org\/es\/wp-json\/wp\/v2\/media?parent=1486"}],"wp:term":[{"taxonomy":"category","embeddable":true,"href":"https:\/\/empowermissouri.org\/es\/wp-json\/wp\/v2\/categories?post=1486"},{"taxonomy":"post_tag","embeddable":true,"href":"https:\/\/empowermissouri.org\/es\/wp-json\/wp\/v2\/tags?post=1486"},{"taxonomy":"issues","embeddable":true,"href":"https:\/\/empowermissouri.org\/es\/wp-json\/wp\/v2\/issues?post=1486"},{"taxonomy":"author","embeddable":true,"href":"https:\/\/empowermissouri.org\/es\/wp-json\/wp\/v2\/coauthors?post=1486"}],"curies":[{"name":"wp","href":"https:\/\/api.w.org\/{rel}","templated":true}]}}