{"id":6302,"date":"2021-01-21T17:43:18","date_gmt":"2021-01-21T23:43:18","guid":{"rendered":"http:\/\/empowermissouri.org\/?post_type=event_post&#038;p=6302"},"modified":"2021-01-26T15:10:31","modified_gmt":"2021-01-26T21:10:31","slug":"missouri-parole-system-presentation","status":"archive","type":"event_post","link":"https:\/\/empowermissouri.org\/es\/events\/missouri-parole-system-presentation\/","title":{"rendered":"Presentaci\u00f3n del sistema de libertad condicional de Missouri"},"content":{"rendered":"<p>El jueves 21 de enero, Empower Missouri llev\u00f3 a cabo un seminario web para discutir el sistema de libertad condicional de Missouri. En noviembre de 2020, un juez federal orden\u00f3 a Missouri que revisara su sistema de libertad condicional. La orden requer\u00eda que el Departamento de Correcciones del estado implementara m\u00e1s de dos docenas de reformas relacionadas con el manejo inconstitucional de los procedimientos de revocaci\u00f3n de libertad condicional por parte de la agencia.<\/p>\n<p>Empower Missouri se uni\u00f3 a <strong>Amy Breihan\u00a0<\/strong>y <strong>W. Patrick Mobley\u00a0<\/strong>del Centro de Justicia Roderick &amp; Solange MacArthur. Nuestros panelistas se centraron en los nuevos cambios en el Sistema de Libertad Condicional de Missouri y c\u00f3mo las reformas afectar\u00e1n a los reclusos de las prisiones estatales.<\/p>\n<h2>Encuentre documentos y videos importantes para el seminario web a continuaci\u00f3n:<\/h2>\n<iframe src=\"https:\/\/drive.google.com\/embeddedfolderview?id=1eIsMewNaKMSLfThTRbP0GQPt7KtMnnHc#list\" style=\"width:100%;height:300px;border:0;max-width:100%;position: relative;overflow-x: hidden;\"><\/iframe>\n<p><iframe title=\"Presentaci\u00f3n del sistema de libertad condicional de Missouri\" width=\"1150\" height=\"647\" src=\"https:\/\/www.youtube.com\/embed\/KHzjuBVSEd4?feature=oembed\" frameborder=\"0\" allow=\"accelerometer; autoplay; clipboard-write; encrypted-media; gyroscope; picture-in-picture\" allowfullscreen><\/iframe><\/p>\n<p>&nbsp;<\/p>\n<p>&nbsp;<\/p>","protected":false},"excerpt":{"rendered":"<p>On Thursday, January 21st, Empower Missouri held a webinar to discuss Missouri&#8217;s Parole System. In November 2020, a federal judge ordered Missouri to overhaul its parole system. The order required the state\u2019s Department of Corrections to implement over two dozen reforms related to the agency\u2019s unconstitutional handling of parole revocation proceedings. Empower Missouri was joined [&hellip;]<\/p>\n","protected":false},"featured_media":6152,"template":"","categories":[37,372],"issues":[217,11],"class_list":["post-6302","event_post","type-event_post","status-archive","has-post-thumbnail","hentry","category-briefing","category-empowering-you-webinars","issues-missouri","issues-affordable-housing-and-homelessness"],"yoast_head":"<!-- This site is optimized with the Yoast SEO plugin v27.4 - https:\/\/yoast.com\/product\/yoast-seo-wordpress\/ -->\n<title>Missouri Parole System Presentation - Empower Missouri<\/title>\n<meta name=\"robots\" content=\"index, follow, max-snippet:-1, max-image-preview:large, max-video-preview:-1\" \/>\n<link rel=\"canonical\" href=\"https:\/\/empowermissouri.org\/es\/events\/missouri-parole-system-presentation\/\" \/>\n<meta property=\"og:locale\" content=\"es_MX\" \/>\n<meta property=\"og:type\" content=\"article\" \/>\n<meta property=\"og:title\" content=\"Missouri Parole System Presentation - Empower Missouri\" \/>\n<meta property=\"og:description\" content=\"On Thursday, January 21st, Empower Missouri held a webinar to discuss Missouri&#8217;s Parole System. In November 2020, a federal judge ordered Missouri to overhaul its parole system. The order required the state\u2019s Department of Corrections to implement over two dozen reforms related to the agency\u2019s unconstitutional handling of parole revocation proceedings. Empower Missouri was joined [&hellip;]\" \/>\n<meta property=\"og:url\" content=\"https:\/\/empowermissouri.org\/es\/events\/missouri-parole-system-presentation\/\" \/>\n<meta property=\"og:site_name\" content=\"Empower Missouri\" \/>\n<meta property=\"article:publisher\" content=\"https:\/\/www.facebook.com\/empowermissouri\" \/>\n<meta property=\"article:modified_time\" content=\"2021-01-26T21:10:31+00:00\" \/>\n<meta property=\"og:image\" content=\"https:\/\/empowermissouri.org\/app\/uploads\/2021\/01\/Empowering-You-Webinar-10.png\" \/>\n\t<meta property=\"og:image:width\" content=\"1024\" \/>\n\t<meta property=\"og:image:height\" content=\"512\" \/>\n\t<meta property=\"og:image:type\" content=\"image\/png\" \/>\n<meta name=\"twitter:card\" content=\"summary_large_image\" \/>\n<meta name=\"twitter:site\" content=\"@empowermissouri\" \/>\n<meta name=\"twitter:label1\" content=\"Est. reading time\" \/>\n\t<meta name=\"twitter:data1\" content=\"1 minute\" \/>\n\t<meta name=\"twitter:label2\" content=\"Written by\" \/>\n\t<meta name=\"twitter:data2\" content=\"Rico Bush\" \/>\n<script type=\"application\/ld+json\" class=\"yoast-schema-graph\">{\"@context\":\"https:\\\/\\\/schema.org\",\"@graph\":[{\"@type\":\"WebPage\",\"@id\":\"https:\\\/\\\/empowermissouri.org\\\/events\\\/missouri-parole-system-presentation\\\/\",\"url\":\"https:\\\/\\\/empowermissouri.org\\\/events\\\/missouri-parole-system-presentation\\\/\",\"name\":\"Missouri Parole System Presentation - Empower Missouri\",\"isPartOf\":{\"@id\":\"https:\\\/\\\/empowermissouri.org\\\/#website\"},\"primaryImageOfPage\":{\"@id\":\"https:\\\/\\\/empowermissouri.org\\\/events\\\/missouri-parole-system-presentation\\\/#primaryimage\"},\"image\":{\"@id\":\"https:\\\/\\\/empowermissouri.org\\\/events\\\/missouri-parole-system-presentation\\\/#primaryimage\"},\"thumbnailUrl\":\"https:\\\/\\\/empowermissouri.org\\\/app\\\/uploads\\\/2021\\\/01\\\/Empowering-You-Webinar-10.png\",\"datePublished\":\"2021-01-21T23:43:18+00:00\",\"dateModified\":\"2021-01-26T21:10:31+00:00\",\"breadcrumb\":{\"@id\":\"https:\\\/\\\/empowermissouri.org\\\/events\\\/missouri-parole-system-presentation\\\/#breadcrumb\"},\"inLanguage\":\"es-MX\",\"potentialAction\":[{\"@type\":\"ReadAction\",\"target\":[\"https:\\\/\\\/empowermissouri.org\\\/events\\\/missouri-parole-system-presentation\\\/\"]}]},{\"@type\":\"ImageObject\",\"inLanguage\":\"es-MX\",\"@id\":\"https:\\\/\\\/empowermissouri.org\\\/events\\\/missouri-parole-system-presentation\\\/#primaryimage\",\"url\":\"https:\\\/\\\/empowermissouri.org\\\/app\\\/uploads\\\/2021\\\/01\\\/Empowering-You-Webinar-10.png\",\"contentUrl\":\"https:\\\/\\\/empowermissouri.org\\\/app\\\/uploads\\\/2021\\\/01\\\/Empowering-You-Webinar-10.png\",\"width\":1024,\"height\":512},{\"@type\":\"BreadcrumbList\",\"@id\":\"https:\\\/\\\/empowermissouri.org\\\/events\\\/missouri-parole-system-presentation\\\/#breadcrumb\",\"itemListElement\":[{\"@type\":\"ListItem\",\"position\":1,\"name\":\"Home\",\"item\":\"https:\\\/\\\/empowermissouri.org\\\/\"},{\"@type\":\"ListItem\",\"position\":2,\"name\":\"Events\",\"item\":\"https:\\\/\\\/empowermissouri.org\\\/es\\\/events\\\/\"},{\"@type\":\"ListItem\",\"position\":3,\"name\":\"Missouri Parole System Presentation\"}]},{\"@type\":\"WebSite\",\"@id\":\"https:\\\/\\\/empowermissouri.org\\\/#website\",\"url\":\"https:\\\/\\\/empowermissouri.org\\\/\",\"name\":\"Empower Missouri\",\"description\":\"Advocating for Justice | Empowering Change\",\"publisher\":{\"@id\":\"https:\\\/\\\/empowermissouri.org\\\/#organization\"},\"potentialAction\":[{\"@type\":\"SearchAction\",\"target\":{\"@type\":\"EntryPoint\",\"urlTemplate\":\"https:\\\/\\\/empowermissouri.org\\\/?s={search_term_string}\"},\"query-input\":{\"@type\":\"PropertyValueSpecification\",\"valueRequired\":true,\"valueName\":\"search_term_string\"}}],\"inLanguage\":\"es-MX\"},{\"@type\":\"Organization\",\"@id\":\"https:\\\/\\\/empowermissouri.org\\\/#organization\",\"name\":\"Empower Missouri\",\"url\":\"https:\\\/\\\/empowermissouri.org\\\/\",\"logo\":{\"@type\":\"ImageObject\",\"inLanguage\":\"es-MX\",\"@id\":\"https:\\\/\\\/empowermissouri.org\\\/#\\\/schema\\\/logo\\\/image\\\/\",\"url\":\"http:\\\/\\\/empowermissouri.org\\\/app\\\/uploads\\\/2018\\\/08\\\/logo_button.png\",\"contentUrl\":\"http:\\\/\\\/empowermissouri.org\\\/app\\\/uploads\\\/2018\\\/08\\\/logo_button.png\",\"width\":579,\"height\":579,\"caption\":\"Empower Missouri\"},\"image\":{\"@id\":\"https:\\\/\\\/empowermissouri.org\\\/#\\\/schema\\\/logo\\\/image\\\/\"},\"sameAs\":[\"https:\\\/\\\/www.facebook.com\\\/empowermissouri\",\"https:\\\/\\\/x.com\\\/empowermissouri\",\"https:\\\/\\\/www.instagram.com\\\/empowermissouri\\\/\",\"https:\\\/\\\/www.linkedin.com\\\/company\\\/empower-missouri\\\/\"]}]}<\/script>\n<!-- \/ Yoast SEO plugin. -->","yoast_head_json":{"title":"Missouri Parole System Presentation - Empower Missouri","robots":{"index":"index","follow":"follow","max-snippet":"max-snippet:-1","max-image-preview":"max-image-preview:large","max-video-preview":"max-video-preview:-1"},"canonical":"https:\/\/empowermissouri.org\/es\/events\/missouri-parole-system-presentation\/","og_locale":"es_MX","og_type":"article","og_title":"Missouri Parole System Presentation - Empower Missouri","og_description":"On Thursday, January 21st, Empower Missouri held a webinar to discuss Missouri&#8217;s Parole System. In November 2020, a federal judge ordered Missouri to overhaul its parole system. The order required the state\u2019s Department of Corrections to implement over two dozen reforms related to the agency\u2019s unconstitutional handling of parole revocation proceedings. Empower Missouri was joined [&hellip;]","og_url":"https:\/\/empowermissouri.org\/es\/events\/missouri-parole-system-presentation\/","og_site_name":"Empower Missouri","article_publisher":"https:\/\/www.facebook.com\/empowermissouri","article_modified_time":"2021-01-26T21:10:31+00:00","og_image":[{"width":1024,"height":512,"url":"https:\/\/empowermissouri.org\/app\/uploads\/2021\/01\/Empowering-You-Webinar-10.png","type":"image\/png"}],"twitter_card":"summary_large_image","twitter_site":"@empowermissouri","twitter_misc":{"Est. reading time":"1 minute","Written by":"Rico Bush"},"schema":{"@context":"https:\/\/schema.org","@graph":[{"@type":"WebPage","@id":"https:\/\/empowermissouri.org\/events\/missouri-parole-system-presentation\/","url":"https:\/\/empowermissouri.org\/events\/missouri-parole-system-presentation\/","name":"Missouri Parole System Presentation - Empower Missouri","isPartOf":{"@id":"https:\/\/empowermissouri.org\/#website"},"primaryImageOfPage":{"@id":"https:\/\/empowermissouri.org\/events\/missouri-parole-system-presentation\/#primaryimage"},"image":{"@id":"https:\/\/empowermissouri.org\/events\/missouri-parole-system-presentation\/#primaryimage"},"thumbnailUrl":"https:\/\/empowermissouri.org\/app\/uploads\/2021\/01\/Empowering-You-Webinar-10.png","datePublished":"2021-01-21T23:43:18+00:00","dateModified":"2021-01-26T21:10:31+00:00","breadcrumb":{"@id":"https:\/\/empowermissouri.org\/events\/missouri-parole-system-presentation\/#breadcrumb"},"inLanguage":"es-MX","potentialAction":[{"@type":"ReadAction","target":["https:\/\/empowermissouri.org\/events\/missouri-parole-system-presentation\/"]}]},{"@type":"ImageObject","inLanguage":"es-MX","@id":"https:\/\/empowermissouri.org\/events\/missouri-parole-system-presentation\/#primaryimage","url":"https:\/\/empowermissouri.org\/app\/uploads\/2021\/01\/Empowering-You-Webinar-10.png","contentUrl":"https:\/\/empowermissouri.org\/app\/uploads\/2021\/01\/Empowering-You-Webinar-10.png","width":1024,"height":512},{"@type":"BreadcrumbList","@id":"https:\/\/empowermissouri.org\/events\/missouri-parole-system-presentation\/#breadcrumb","itemListElement":[{"@type":"ListItem","position":1,"name":"Home","item":"https:\/\/empowermissouri.org\/"},{"@type":"ListItem","position":2,"name":"Events","item":"https:\/\/empowermissouri.org\/es\/events\/"},{"@type":"ListItem","position":3,"name":"Missouri Parole System Presentation"}]},{"@type":"WebSite","@id":"https:\/\/empowermissouri.org\/#website","url":"https:\/\/empowermissouri.org\/","name":"Empoderar a Missouri","description":"Advocating for Justice | Empowering Change","publisher":{"@id":"https:\/\/empowermissouri.org\/#organization"},"potentialAction":[{"@type":"SearchAction","target":{"@type":"EntryPoint","urlTemplate":"https:\/\/empowermissouri.org\/?s={search_term_string}"},"query-input":{"@type":"PropertyValueSpecification","valueRequired":true,"valueName":"search_term_string"}}],"inLanguage":"es-MX"},{"@type":"Organization","@id":"https:\/\/empowermissouri.org\/#organization","name":"Empoderar a Missouri","url":"https:\/\/empowermissouri.org\/","logo":{"@type":"ImageObject","inLanguage":"es-MX","@id":"https:\/\/empowermissouri.org\/#\/schema\/logo\/image\/","url":"http:\/\/empowermissouri.org\/app\/uploads\/2018\/08\/logo_button.png","contentUrl":"http:\/\/empowermissouri.org\/app\/uploads\/2018\/08\/logo_button.png","width":579,"height":579,"caption":"Empower Missouri"},"image":{"@id":"https:\/\/empowermissouri.org\/#\/schema\/logo\/image\/"},"sameAs":["https:\/\/www.facebook.com\/empowermissouri","https:\/\/x.com\/empowermissouri","https:\/\/www.instagram.com\/empowermissouri\/","https:\/\/www.linkedin.com\/company\/empower-missouri\/"]}]}},"_links":{"self":[{"href":"https:\/\/empowermissouri.org\/es\/wp-json\/wp\/v2\/event_post\/6302","targetHints":{"allow":["GET"]}}],"collection":[{"href":"https:\/\/empowermissouri.org\/es\/wp-json\/wp\/v2\/event_post"}],"about":[{"href":"https:\/\/empowermissouri.org\/es\/wp-json\/wp\/v2\/types\/event_post"}],"version-history":[{"count":0,"href":"https:\/\/empowermissouri.org\/es\/wp-json\/wp\/v2\/event_post\/6302\/revisions"}],"wp:featuredmedia":[{"embeddable":true,"href":"https:\/\/empowermissouri.org\/es\/wp-json\/wp\/v2\/media\/6152"}],"wp:attachment":[{"href":"https:\/\/empowermissouri.org\/es\/wp-json\/wp\/v2\/media?parent=6302"}],"wp:term":[{"taxonomy":"category","embeddable":true,"href":"https:\/\/empowermissouri.org\/es\/wp-json\/wp\/v2\/categories?post=6302"},{"taxonomy":"issues","embeddable":true,"href":"https:\/\/empowermissouri.org\/es\/wp-json\/wp\/v2\/issues?post=6302"}],"curies":[{"name":"wp","href":"https:\/\/api.w.org\/{rel}","templated":true}]}}