{"id":6147,"date":"2021-01-07T16:58:50","date_gmt":"2021-01-07T22:58:50","guid":{"rendered":"http:\/\/empowermissouri.org\/?post_type=event_post&#038;p=6147"},"modified":"2021-01-26T15:10:31","modified_gmt":"2021-01-26T21:10:31","slug":"missouris-parole-system","status":"archive","type":"event_post","link":"https:\/\/empowermissouri.org\/es\/events\/missouris-parole-system\/","title":{"rendered":"Seminario web Empowering You - Sistema de libertad condicional de Missouri"},"content":{"rendered":"<p><strong><img fetchpriority=\"high\" decoding=\"async\" class=\"alignleft size-medium wp-image-6148\" src=\"http:\/\/empowermissouri.org\/app\/uploads\/2021\/01\/Amy-Breihan.10.23.2020-225x300.jpg\" alt=\"\" width=\"225\" height=\"300\" srcset=\"https:\/\/empowermissouri.org\/app\/uploads\/2021\/01\/Amy-Breihan.10.23.2020-225x300.jpg 225w, https:\/\/empowermissouri.org\/app\/uploads\/2021\/01\/Amy-Breihan.10.23.2020-769x1024.jpg 769w, https:\/\/empowermissouri.org\/app\/uploads\/2021\/01\/Amy-Breihan.10.23.2020-768x1022.jpg 768w, https:\/\/empowermissouri.org\/app\/uploads\/2021\/01\/Amy-Breihan.10.23.2020-1154x1536.jpg 1154w, https:\/\/empowermissouri.org\/app\/uploads\/2021\/01\/Amy-Breihan.10.23.2020-1539x2048.jpg 1539w, https:\/\/empowermissouri.org\/app\/uploads\/2021\/01\/Amy-Breihan.10.23.2020-600x800.jpg 600w, https:\/\/empowermissouri.org\/app\/uploads\/2021\/01\/Amy-Breihan.10.23.2020-scaled.jpg 1923w\" sizes=\"(max-width: 225px) 100vw, 225px\" \/>Amy Breihan<\/strong> es codirectora de la oficina de Missouri del Centro de Justicia Roderick &amp; Solange MacArthur (RSMJC), un bufete de abogados de derechos civiles sin fines de lucro que lucha por la justicia racial, de g\u00e9nero, social y econ\u00f3mica a trav\u00e9s de litigios en nombre de las personas involucradas en el sistemas legales carcelarios y penales. Amy se uni\u00f3 a RSMJC como abogada de planta cuando abri\u00f3 una nueva oficina en Missouri en 2016. Antes de unirse a RSMJC, Amy fue abogada litigante en el bufete de abogados Bryan Cave Leighton Paisner, en sus oficinas de Chicago y St. Louis. Tiene una amplia experiencia en juicios, apelaciones y mediaci\u00f3n y ha priorizado el trabajo de inter\u00e9s p\u00fablico a lo largo de su carrera.<\/p>\n<p>Desde 2012, Amy ha sido parte de un equipo de defensores que ayuda a liderar los esfuerzos para buscar sentencias de segunda oportunidad para los j\u00f3venes de Missouri condenados a morir tras las rejas. Durante los \u00faltimos a\u00f1os, ha brindado representaci\u00f3n directa a esos clientes y ha trabajado por cambios en la ley para poner fin a la vida de los menores sin sentencias de libertad condicional. Ese trabajo incluy\u00f3 un litigio de habeas estatal y federal, as\u00ed como una demanda colectiva exitosa que culmin\u00f3 en una revisi\u00f3n sist\u00e9mica del proceso de libertad condicional para los menores de por vida. Bajo el proceso reformado, las audiencias de libertad condicional juvenil han pasado de una tasa de denegaci\u00f3n de 86% a una tasa de subvenci\u00f3n de 100%. Amy es la receptora de los ABA 2020 <em>Premio de Justicia Juvenil Livingston Hall<\/em> por su trabajo a favor de los menores de por vida. Adem\u00e1s, ha desempe\u00f1ado un papel fundamental en los litigios estatales relacionados, entre otras cosas, con el tratamiento inadecuado de los reclusos con hepatitis C cr\u00f3nica; el proceso de revocaci\u00f3n de la libertad condicional que afecta a miles de personas en libertad condicional de Missouri; El sistema de defensores p\u00fablicos de Missouri, que sufre una insuficiencia cr\u00f3nica de recursos y est\u00e1 sobrecargado; y la protecci\u00f3n de los derechos individuales de la Primera Enmienda, especialmente el derecho a protestar contra la violencia policial y la injusticia racial.<\/p>\n<p>Amy se gradu\u00f3 en 2010 de la Facultad de Derecho Northwestern Pritzker. Mientras estaba en la facultad de derecho, Amy se desempe\u00f1\u00f3 como abogada estudiantil en el Centro de Convicciones Injustas de la Cl\u00ednica Legal de Bluhm, donde ayud\u00f3 a representar a clientes en casos de inocencia real posteriores a la condena. Amy es una alumna orgullosa de Grinnell College, donde se gradu\u00f3 con una licenciatura en econom\u00eda en 2006. Vive en St. Louis con su pareja, tres ni\u00f1os peque\u00f1os y una colecci\u00f3n de animales.<\/p>\n<p>&nbsp;<\/p>\n<p><img decoding=\"async\" class=\"alignleft size-medium wp-image-6149\" src=\"http:\/\/empowermissouri.org\/app\/uploads\/2021\/01\/Headshot-Fall-2017-300x300.jpg\" alt=\"\" width=\"300\" height=\"300\" srcset=\"https:\/\/empowermissouri.org\/app\/uploads\/2021\/01\/Headshot-Fall-2017-300x300.jpg 300w, https:\/\/empowermissouri.org\/app\/uploads\/2021\/01\/Headshot-Fall-2017-150x150.jpg 150w, https:\/\/empowermissouri.org\/app\/uploads\/2021\/01\/Headshot-Fall-2017-768x769.jpg 768w, https:\/\/empowermissouri.org\/app\/uploads\/2021\/01\/Headshot-Fall-2017.jpg 866w\" sizes=\"(max-width: 300px) 100vw, 300px\" \/><strong>W. Patrick Mobley<\/strong> es abogado de planta en la oficina de St. Louis del Centro de Justicia Roderick &amp; Solange MacArthur.<u><\/u><u><\/u><\/p>\n<p>Antes de unirse al Centro de Justicia MacArthur en la primavera de 2020, Pat pas\u00f3 varios a\u00f1os en los Servicios Legales del Este de Missouri (LSEM). Se le otorg\u00f3 una beca Skadden en 2011 para brindar representaci\u00f3n directa a los clientes de bajos ingresos de LSEM en asuntos relacionados con la educaci\u00f3n primaria y secundaria, incluida la educaci\u00f3n especial, la disciplina escolar, las adaptaciones para discapacitados y la inscripci\u00f3n para personas sin hogar. El proyecto Skadden de Pat le permiti\u00f3 aprovechar su experiencia en la ense\u00f1anza de educaci\u00f3n especial durante dos a\u00f1os en las escuelas p\u00fablicas de St. Louis como miembro de Teach for America Corps. Despu\u00e9s de ense\u00f1ar, Pat se gradu\u00f3 con honores de la Facultad de Derecho de la Universidad de Michigan en 2010. Durante la facultad de derecho, particip\u00f3 en la Cl\u00ednica de Defensa Pedi\u00e1trica, donde trabaj\u00f3 en una asociaci\u00f3n m\u00e9dico-legal para brindar apoyo legal integral a los ni\u00f1os, y fue miembro del Michigan Journal of Race &amp; Law.<u><\/u><u><\/u><\/p>\n<p>Al finalizar su proyecto Skadden, Pat se qued\u00f3 en LSEM para crear el programa Legal Advocates for Adults with Mental Illness (LAAMI) para una representaci\u00f3n directa y hol\u00edstica de adultos de bajos ingresos con enfermedades mentales en una amplia gama de asuntos legales civiles para eliminar barreras. a la recuperaci\u00f3n y la estabilidad. El programa atiende a clientes en audiencias administrativas, tribunales estatales y federales. M\u00e1s tarde fue nombrado director de programas de LAAMI.<u><\/u><u><\/u><\/p>\n<p>Pat se gradu\u00f3 con una licenciatura y altos honores en historia y ciencias pol\u00edticas de la Universidad de Michigan en 2005.<\/p>\n<p>&nbsp;<\/p>\n<h1><strong>Reg\u00edstrese para el seminario web del 21 de enero a continuaci\u00f3n:<\/strong><\/h1>\n<div class=\"ngp-form\" data-form-url=\"https:\/\/secure.everyaction.com\/v1\/Forms\/ssOb5UWt8k-K5P2YgJ9fkw2\" data-fastaction-endpoint=\"https:\/\/fastaction.ngpvan.com\" data-inline-errors=\"true\" data-fastaction-nologin=\"true\" data-databag-endpoint=\"https:\/\/profile.ngpvan.com\" data-databag=\"everybody\" data-mobile-autofocus=\"false\"><\/div>","protected":false},"excerpt":{"rendered":"<p>Amy Breihan is a co-Director with the Missouri office of the Roderick &amp; Solange MacArthur Justice Center (RSMJC), a non-profit civil rights law firm that fights for racial, gender, social, and economic justice through litigation on behalf of people involved in the carceral and criminal legal systems. Amy joined RSMJC as a staff attorney when [&hellip;]<\/p>\n","protected":false},"featured_media":6152,"template":"","categories":[37,380],"issues":[7],"class_list":["post-6147","event_post","type-event_post","status-archive","has-post-thumbnail","hentry","category-briefing","category-upcoming-events","issues-criminal-justice"],"yoast_head":"<!-- This site is optimized with the Yoast SEO plugin v27.4 - https:\/\/yoast.com\/product\/yoast-seo-wordpress\/ -->\n<title>Empowering You Webinar - Missouri&#039;s Parole System - Empower Missouri<\/title>\n<meta name=\"robots\" content=\"index, follow, max-snippet:-1, max-image-preview:large, max-video-preview:-1\" \/>\n<link rel=\"canonical\" href=\"https:\/\/empowermissouri.org\/es\/events\/missouris-parole-system\/\" \/>\n<meta property=\"og:locale\" content=\"es_MX\" \/>\n<meta property=\"og:type\" content=\"article\" \/>\n<meta property=\"og:title\" content=\"Empowering You Webinar - Missouri&#039;s Parole System - Empower Missouri\" \/>\n<meta property=\"og:description\" content=\"Amy Breihan is a co-Director with the Missouri office of the Roderick &amp; Solange MacArthur Justice Center (RSMJC), a non-profit civil rights law firm that fights for racial, gender, social, and economic justice through litigation on behalf of people involved in the carceral and criminal legal systems. Amy joined RSMJC as a staff attorney when [&hellip;]\" \/>\n<meta property=\"og:url\" content=\"https:\/\/empowermissouri.org\/es\/events\/missouris-parole-system\/\" \/>\n<meta property=\"og:site_name\" content=\"Empower Missouri\" \/>\n<meta property=\"article:publisher\" content=\"https:\/\/www.facebook.com\/empowermissouri\" \/>\n<meta property=\"article:modified_time\" content=\"2021-01-26T21:10:31+00:00\" \/>\n<meta property=\"og:image\" content=\"https:\/\/empowermissouri.org\/app\/uploads\/2021\/01\/Empowering-You-Webinar-10.png\" \/>\n\t<meta property=\"og:image:width\" content=\"1024\" \/>\n\t<meta property=\"og:image:height\" content=\"512\" \/>\n\t<meta property=\"og:image:type\" content=\"image\/png\" \/>\n<meta name=\"twitter:card\" content=\"summary_large_image\" \/>\n<meta name=\"twitter:site\" content=\"@empowermissouri\" \/>\n<meta name=\"twitter:label1\" content=\"Est. reading time\" \/>\n\t<meta name=\"twitter:data1\" content=\"3 minutes\" \/>\n\t<meta name=\"twitter:label2\" content=\"Written by\" \/>\n\t<meta name=\"twitter:data2\" content=\"Rico Bush\" \/>\n<script type=\"application\/ld+json\" class=\"yoast-schema-graph\">{\"@context\":\"https:\\\/\\\/schema.org\",\"@graph\":[{\"@type\":\"WebPage\",\"@id\":\"https:\\\/\\\/empowermissouri.org\\\/events\\\/missouris-parole-system\\\/\",\"url\":\"https:\\\/\\\/empowermissouri.org\\\/events\\\/missouris-parole-system\\\/\",\"name\":\"Empowering You Webinar - Missouri's Parole System - Empower Missouri\",\"isPartOf\":{\"@id\":\"https:\\\/\\\/empowermissouri.org\\\/#website\"},\"primaryImageOfPage\":{\"@id\":\"https:\\\/\\\/empowermissouri.org\\\/events\\\/missouris-parole-system\\\/#primaryimage\"},\"image\":{\"@id\":\"https:\\\/\\\/empowermissouri.org\\\/events\\\/missouris-parole-system\\\/#primaryimage\"},\"thumbnailUrl\":\"https:\\\/\\\/empowermissouri.org\\\/app\\\/uploads\\\/2021\\\/01\\\/Empowering-You-Webinar-10.png\",\"datePublished\":\"2021-01-07T22:58:50+00:00\",\"dateModified\":\"2021-01-26T21:10:31+00:00\",\"breadcrumb\":{\"@id\":\"https:\\\/\\\/empowermissouri.org\\\/events\\\/missouris-parole-system\\\/#breadcrumb\"},\"inLanguage\":\"es-MX\",\"potentialAction\":[{\"@type\":\"ReadAction\",\"target\":[\"https:\\\/\\\/empowermissouri.org\\\/events\\\/missouris-parole-system\\\/\"]}]},{\"@type\":\"ImageObject\",\"inLanguage\":\"es-MX\",\"@id\":\"https:\\\/\\\/empowermissouri.org\\\/events\\\/missouris-parole-system\\\/#primaryimage\",\"url\":\"https:\\\/\\\/empowermissouri.org\\\/app\\\/uploads\\\/2021\\\/01\\\/Empowering-You-Webinar-10.png\",\"contentUrl\":\"https:\\\/\\\/empowermissouri.org\\\/app\\\/uploads\\\/2021\\\/01\\\/Empowering-You-Webinar-10.png\",\"width\":1024,\"height\":512},{\"@type\":\"BreadcrumbList\",\"@id\":\"https:\\\/\\\/empowermissouri.org\\\/events\\\/missouris-parole-system\\\/#breadcrumb\",\"itemListElement\":[{\"@type\":\"ListItem\",\"position\":1,\"name\":\"Home\",\"item\":\"https:\\\/\\\/empowermissouri.org\\\/\"},{\"@type\":\"ListItem\",\"position\":2,\"name\":\"Events\",\"item\":\"https:\\\/\\\/empowermissouri.org\\\/es\\\/events\\\/\"},{\"@type\":\"ListItem\",\"position\":3,\"name\":\"Empowering You Webinar &#8211; Missouri&#8217;s Parole System\"}]},{\"@type\":\"WebSite\",\"@id\":\"https:\\\/\\\/empowermissouri.org\\\/#website\",\"url\":\"https:\\\/\\\/empowermissouri.org\\\/\",\"name\":\"Empower Missouri\",\"description\":\"Advocating for Justice | Empowering Change\",\"publisher\":{\"@id\":\"https:\\\/\\\/empowermissouri.org\\\/#organization\"},\"potentialAction\":[{\"@type\":\"SearchAction\",\"target\":{\"@type\":\"EntryPoint\",\"urlTemplate\":\"https:\\\/\\\/empowermissouri.org\\\/?s={search_term_string}\"},\"query-input\":{\"@type\":\"PropertyValueSpecification\",\"valueRequired\":true,\"valueName\":\"search_term_string\"}}],\"inLanguage\":\"es-MX\"},{\"@type\":\"Organization\",\"@id\":\"https:\\\/\\\/empowermissouri.org\\\/#organization\",\"name\":\"Empower Missouri\",\"url\":\"https:\\\/\\\/empowermissouri.org\\\/\",\"logo\":{\"@type\":\"ImageObject\",\"inLanguage\":\"es-MX\",\"@id\":\"https:\\\/\\\/empowermissouri.org\\\/#\\\/schema\\\/logo\\\/image\\\/\",\"url\":\"http:\\\/\\\/empowermissouri.org\\\/app\\\/uploads\\\/2018\\\/08\\\/logo_button.png\",\"contentUrl\":\"http:\\\/\\\/empowermissouri.org\\\/app\\\/uploads\\\/2018\\\/08\\\/logo_button.png\",\"width\":579,\"height\":579,\"caption\":\"Empower Missouri\"},\"image\":{\"@id\":\"https:\\\/\\\/empowermissouri.org\\\/#\\\/schema\\\/logo\\\/image\\\/\"},\"sameAs\":[\"https:\\\/\\\/www.facebook.com\\\/empowermissouri\",\"https:\\\/\\\/x.com\\\/empowermissouri\",\"https:\\\/\\\/www.instagram.com\\\/empowermissouri\\\/\",\"https:\\\/\\\/www.linkedin.com\\\/company\\\/empower-missouri\\\/\"]}]}<\/script>\n<!-- \/ Yoast SEO plugin. -->","yoast_head_json":{"title":"Empowering You Webinar - Missouri's Parole System - Empower Missouri","robots":{"index":"index","follow":"follow","max-snippet":"max-snippet:-1","max-image-preview":"max-image-preview:large","max-video-preview":"max-video-preview:-1"},"canonical":"https:\/\/empowermissouri.org\/es\/events\/missouris-parole-system\/","og_locale":"es_MX","og_type":"article","og_title":"Empowering You Webinar - Missouri's Parole System - Empower Missouri","og_description":"Amy Breihan is a co-Director with the Missouri office of the Roderick &amp; Solange MacArthur Justice Center (RSMJC), a non-profit civil rights law firm that fights for racial, gender, social, and economic justice through litigation on behalf of people involved in the carceral and criminal legal systems. Amy joined RSMJC as a staff attorney when [&hellip;]","og_url":"https:\/\/empowermissouri.org\/es\/events\/missouris-parole-system\/","og_site_name":"Empower Missouri","article_publisher":"https:\/\/www.facebook.com\/empowermissouri","article_modified_time":"2021-01-26T21:10:31+00:00","og_image":[{"width":1024,"height":512,"url":"https:\/\/empowermissouri.org\/app\/uploads\/2021\/01\/Empowering-You-Webinar-10.png","type":"image\/png"}],"twitter_card":"summary_large_image","twitter_site":"@empowermissouri","twitter_misc":{"Est. reading time":"3 minutes","Written by":"Rico Bush"},"schema":{"@context":"https:\/\/schema.org","@graph":[{"@type":"WebPage","@id":"https:\/\/empowermissouri.org\/events\/missouris-parole-system\/","url":"https:\/\/empowermissouri.org\/events\/missouris-parole-system\/","name":"Empowering You Webinar - Missouri's Parole System - Empower Missouri","isPartOf":{"@id":"https:\/\/empowermissouri.org\/#website"},"primaryImageOfPage":{"@id":"https:\/\/empowermissouri.org\/events\/missouris-parole-system\/#primaryimage"},"image":{"@id":"https:\/\/empowermissouri.org\/events\/missouris-parole-system\/#primaryimage"},"thumbnailUrl":"https:\/\/empowermissouri.org\/app\/uploads\/2021\/01\/Empowering-You-Webinar-10.png","datePublished":"2021-01-07T22:58:50+00:00","dateModified":"2021-01-26T21:10:31+00:00","breadcrumb":{"@id":"https:\/\/empowermissouri.org\/events\/missouris-parole-system\/#breadcrumb"},"inLanguage":"es-MX","potentialAction":[{"@type":"ReadAction","target":["https:\/\/empowermissouri.org\/events\/missouris-parole-system\/"]}]},{"@type":"ImageObject","inLanguage":"es-MX","@id":"https:\/\/empowermissouri.org\/events\/missouris-parole-system\/#primaryimage","url":"https:\/\/empowermissouri.org\/app\/uploads\/2021\/01\/Empowering-You-Webinar-10.png","contentUrl":"https:\/\/empowermissouri.org\/app\/uploads\/2021\/01\/Empowering-You-Webinar-10.png","width":1024,"height":512},{"@type":"BreadcrumbList","@id":"https:\/\/empowermissouri.org\/events\/missouris-parole-system\/#breadcrumb","itemListElement":[{"@type":"ListItem","position":1,"name":"Home","item":"https:\/\/empowermissouri.org\/"},{"@type":"ListItem","position":2,"name":"Events","item":"https:\/\/empowermissouri.org\/es\/events\/"},{"@type":"ListItem","position":3,"name":"Empowering You Webinar &#8211; Missouri&#8217;s Parole System"}]},{"@type":"WebSite","@id":"https:\/\/empowermissouri.org\/#website","url":"https:\/\/empowermissouri.org\/","name":"Empoderar a Missouri","description":"Advocating for Justice | Empowering Change","publisher":{"@id":"https:\/\/empowermissouri.org\/#organization"},"potentialAction":[{"@type":"SearchAction","target":{"@type":"EntryPoint","urlTemplate":"https:\/\/empowermissouri.org\/?s={search_term_string}"},"query-input":{"@type":"PropertyValueSpecification","valueRequired":true,"valueName":"search_term_string"}}],"inLanguage":"es-MX"},{"@type":"Organization","@id":"https:\/\/empowermissouri.org\/#organization","name":"Empoderar a Missouri","url":"https:\/\/empowermissouri.org\/","logo":{"@type":"ImageObject","inLanguage":"es-MX","@id":"https:\/\/empowermissouri.org\/#\/schema\/logo\/image\/","url":"http:\/\/empowermissouri.org\/app\/uploads\/2018\/08\/logo_button.png","contentUrl":"http:\/\/empowermissouri.org\/app\/uploads\/2018\/08\/logo_button.png","width":579,"height":579,"caption":"Empower Missouri"},"image":{"@id":"https:\/\/empowermissouri.org\/#\/schema\/logo\/image\/"},"sameAs":["https:\/\/www.facebook.com\/empowermissouri","https:\/\/x.com\/empowermissouri","https:\/\/www.instagram.com\/empowermissouri\/","https:\/\/www.linkedin.com\/company\/empower-missouri\/"]}]}},"_links":{"self":[{"href":"https:\/\/empowermissouri.org\/es\/wp-json\/wp\/v2\/event_post\/6147","targetHints":{"allow":["GET"]}}],"collection":[{"href":"https:\/\/empowermissouri.org\/es\/wp-json\/wp\/v2\/event_post"}],"about":[{"href":"https:\/\/empowermissouri.org\/es\/wp-json\/wp\/v2\/types\/event_post"}],"version-history":[{"count":0,"href":"https:\/\/empowermissouri.org\/es\/wp-json\/wp\/v2\/event_post\/6147\/revisions"}],"wp:featuredmedia":[{"embeddable":true,"href":"https:\/\/empowermissouri.org\/es\/wp-json\/wp\/v2\/media\/6152"}],"wp:attachment":[{"href":"https:\/\/empowermissouri.org\/es\/wp-json\/wp\/v2\/media?parent=6147"}],"wp:term":[{"taxonomy":"category","embeddable":true,"href":"https:\/\/empowermissouri.org\/es\/wp-json\/wp\/v2\/categories?post=6147"},{"taxonomy":"issues","embeddable":true,"href":"https:\/\/empowermissouri.org\/es\/wp-json\/wp\/v2\/issues?post=6147"}],"curies":[{"name":"wp","href":"https:\/\/api.w.org\/{rel}","templated":true}]}}