{"id":6018,"date":"2020-12-07T10:00:03","date_gmt":"2020-12-07T16:00:03","guid":{"rendered":"http:\/\/empowermissouri.org\/?post_type=event_post&#038;p=6018"},"modified":"2021-01-08T10:47:08","modified_gmt":"2021-01-08T16:47:08","slug":"missouri-food-security-coalition-meeting-5","status":"archive","type":"event_post","link":"https:\/\/empowermissouri.org\/es\/events\/missouri-food-security-coalition-meeting-5\/","title":{"rendered":"Reuni\u00f3n de la Coalici\u00f3n de Seguridad Alimentaria de Missouri"},"content":{"rendered":"<div class=\"gs\">\n<div class=\"\">\n<div id=\":zm\" class=\"ii gt\">\n<div id=\":uh\" class=\"a3s aXjCH\">\n<div dir=\"ltr\">\n<div class=\"gmail_quote\">\n<div dir=\"ltr\">\n<div class=\"gmail_quote\">\n<div dir=\"ltr\">\n<div dir=\"ltr\">\n<p>Empower Missouri desea agradecer a todos los que pudieron asistir a las reuniones de la Coalici\u00f3n de Seguridad Alimentaria de julio, agosto, septiembre, octubre, noviembre y diciembre. Planee unirse a nuestra pr\u00f3xima reuni\u00f3n el <b>Viernes 8 de enero a las 9h.\u00a0<\/b><\/p>\n<p>Nuevamente, la pr\u00f3xima reuni\u00f3n ser\u00e1<b> Viernes 8 de enero a las 9h. <\/b>Registrarse<strong> <a href=\"https:\/\/us02web.zoom.us\/meeting\/register\/tZEsceuorjsjGdSA3gOfuPGOKrYVBGs2WNOC\">AQU\u00cd<\/a> <\/strong>para la reunion.<\/p>\n<h2>Encuentre documentos importantes para la reuni\u00f3n a continuaci\u00f3n:<\/h2>\n<iframe src=\"https:\/\/drive.google.com\/embeddedfolderview?id=1Sj57rYkF5BvZvJKSK0XlORpRLtBED2lo#list\" style=\"width:100%;height:300px;border:0;max-width:100%;position: relative;overflow-x: hidden;\"><\/iframe>\n<\/div>\n<\/div>\n<\/div>\n<\/div>\n<\/div>\n<\/div>\n<\/div>\n<\/div>\n<\/div>\n<\/div>\n<p><iframe title=\"Reuni\u00f3n de seguridad alimentaria de Missouri (8 de enero)\" width=\"1150\" height=\"647\" src=\"https:\/\/www.youtube.com\/embed\/bem4371_H1o?feature=oembed\" frameborder=\"0\" allow=\"accelerometer; autoplay; clipboard-write; encrypted-media; gyroscope; picture-in-picture\" allowfullscreen><\/iframe><\/p>","protected":false},"excerpt":{"rendered":"<p>Empower Missouri would like to thank everyone that was able to attend the July, August , September, October November and December Food Security Coalition meetings. Please plan to join our next meeting on Friday, January 8th at 9am.\u00a0 Again, the next meeting will be Friday, January 8th, at 9am. Register HERE for the meeting. Find [&hellip;]<\/p>\n","protected":false},"featured_media":4730,"template":"","categories":[317,315,380,372],"issues":[213,214,32],"class_list":["post-6018","event_post","type-event_post","status-archive","has-post-thumbnail","hentry","category-food-security-briefing","category-food-security-coalition","category-upcoming-events","category-empowering-you-webinars","issues-food-insecurity","issues-snap","issues-hunger"],"yoast_head":"<!-- This site is optimized with the Yoast SEO plugin v28.3 - https:\/\/yoast.com\/product\/yoast-seo-wordpress\/ -->\n<title>Missouri Food Security Coalition Meeting - Empower Missouri<\/title>\n<meta name=\"robots\" content=\"index, follow, max-snippet:-1, max-image-preview:large, max-video-preview:-1\" \/>\n<link rel=\"canonical\" href=\"https:\/\/empowermissouri.org\/es\/events\/missouri-food-security-coalition-meeting-5\/\" \/>\n<meta property=\"og:locale\" content=\"es_MX\" \/>\n<meta property=\"og:type\" content=\"article\" \/>\n<meta property=\"og:title\" content=\"Missouri Food Security Coalition Meeting - Empower Missouri\" \/>\n<meta property=\"og:description\" content=\"Empower Missouri would like to thank everyone that was able to attend the July, August , September, October November and December Food Security Coalition meetings. Please plan to join our next meeting on Friday, January 8th at 9am.\u00a0 Again, the next meeting will be Friday, January 8th, at 9am. Register HERE for the meeting. Find [&hellip;]\" \/>\n<meta property=\"og:url\" content=\"https:\/\/empowermissouri.org\/es\/events\/missouri-food-security-coalition-meeting-5\/\" \/>\n<meta property=\"og:site_name\" content=\"Empower Missouri\" \/>\n<meta property=\"article:publisher\" content=\"https:\/\/www.facebook.com\/empowermissouri\" \/>\n<meta property=\"article:modified_time\" content=\"2021-01-08T16:47:08+00:00\" \/>\n<meta property=\"og:image\" content=\"https:\/\/empowermissouri.org\/app\/uploads\/2020\/06\/kelly-sikkema-PMxoh8zJNb0-unsplash-scaled.jpg\" \/>\n\t<meta property=\"og:image:width\" content=\"2560\" \/>\n\t<meta property=\"og:image:height\" content=\"1696\" \/>\n\t<meta property=\"og:image:type\" content=\"image\/jpeg\" \/>\n<meta name=\"twitter:card\" content=\"summary_large_image\" \/>\n<meta name=\"twitter:site\" content=\"@empowermissouri\" \/>\n<meta name=\"twitter:label1\" content=\"Written by\" \/>\n\t<meta name=\"twitter:data1\" content=\"Rico Bush\" \/>\n<script type=\"application\/ld+json\" class=\"yoast-schema-graph\">{\"@context\":\"https:\\\/\\\/schema.org\",\"@graph\":[{\"@type\":\"WebPage\",\"@id\":\"https:\\\/\\\/empowermissouri.org\\\/events\\\/missouri-food-security-coalition-meeting-5\\\/\",\"url\":\"https:\\\/\\\/empowermissouri.org\\\/events\\\/missouri-food-security-coalition-meeting-5\\\/\",\"name\":\"Missouri Food Security Coalition Meeting - Empower Missouri\",\"isPartOf\":{\"@id\":\"https:\\\/\\\/empowermissouri.org\\\/#website\"},\"primaryImageOfPage\":{\"@id\":\"https:\\\/\\\/empowermissouri.org\\\/events\\\/missouri-food-security-coalition-meeting-5\\\/#primaryimage\"},\"image\":{\"@id\":\"https:\\\/\\\/empowermissouri.org\\\/events\\\/missouri-food-security-coalition-meeting-5\\\/#primaryimage\"},\"thumbnailUrl\":\"https:\\\/\\\/empowermissouri.org\\\/app\\\/uploads\\\/2020\\\/06\\\/kelly-sikkema-PMxoh8zJNb0-unsplash-scaled.jpg\",\"datePublished\":\"2020-12-07T16:00:03+00:00\",\"dateModified\":\"2021-01-08T16:47:08+00:00\",\"breadcrumb\":{\"@id\":\"https:\\\/\\\/empowermissouri.org\\\/events\\\/missouri-food-security-coalition-meeting-5\\\/#breadcrumb\"},\"inLanguage\":\"es-MX\",\"potentialAction\":[{\"@type\":\"ReadAction\",\"target\":[\"https:\\\/\\\/empowermissouri.org\\\/events\\\/missouri-food-security-coalition-meeting-5\\\/\"]}]},{\"@type\":\"ImageObject\",\"inLanguage\":\"es-MX\",\"@id\":\"https:\\\/\\\/empowermissouri.org\\\/events\\\/missouri-food-security-coalition-meeting-5\\\/#primaryimage\",\"url\":\"https:\\\/\\\/empowermissouri.org\\\/app\\\/uploads\\\/2020\\\/06\\\/kelly-sikkema-PMxoh8zJNb0-unsplash-scaled.jpg\",\"contentUrl\":\"https:\\\/\\\/empowermissouri.org\\\/app\\\/uploads\\\/2020\\\/06\\\/kelly-sikkema-PMxoh8zJNb0-unsplash-scaled.jpg\",\"width\":2560,\"height\":1696},{\"@type\":\"BreadcrumbList\",\"@id\":\"https:\\\/\\\/empowermissouri.org\\\/events\\\/missouri-food-security-coalition-meeting-5\\\/#breadcrumb\",\"itemListElement\":[{\"@type\":\"ListItem\",\"position\":1,\"name\":\"Home\",\"item\":\"https:\\\/\\\/empowermissouri.org\\\/\"},{\"@type\":\"ListItem\",\"position\":2,\"name\":\"Events\",\"item\":\"https:\\\/\\\/empowermissouri.org\\\/es\\\/events\\\/\"},{\"@type\":\"ListItem\",\"position\":3,\"name\":\"Missouri Food Security Coalition Meeting\"}]},{\"@type\":\"WebSite\",\"@id\":\"https:\\\/\\\/empowermissouri.org\\\/#website\",\"url\":\"https:\\\/\\\/empowermissouri.org\\\/\",\"name\":\"Empower Missouri\",\"description\":\"Advocating for Justice | Empowering Change\",\"publisher\":{\"@id\":\"https:\\\/\\\/empowermissouri.org\\\/#organization\"},\"potentialAction\":[{\"@type\":\"SearchAction\",\"target\":{\"@type\":\"EntryPoint\",\"urlTemplate\":\"https:\\\/\\\/empowermissouri.org\\\/?s={search_term_string}\"},\"query-input\":{\"@type\":\"PropertyValueSpecification\",\"valueRequired\":true,\"valueName\":\"search_term_string\"}}],\"inLanguage\":\"es-MX\"},{\"@type\":\"Organization\",\"@id\":\"https:\\\/\\\/empowermissouri.org\\\/#organization\",\"name\":\"Empower Missouri\",\"url\":\"https:\\\/\\\/empowermissouri.org\\\/\",\"logo\":{\"@type\":\"ImageObject\",\"inLanguage\":\"es-MX\",\"@id\":\"https:\\\/\\\/empowermissouri.org\\\/#\\\/schema\\\/logo\\\/image\\\/\",\"url\":\"http:\\\/\\\/empowermissouri.org\\\/app\\\/uploads\\\/2018\\\/08\\\/logo_button.png\",\"contentUrl\":\"http:\\\/\\\/empowermissouri.org\\\/app\\\/uploads\\\/2018\\\/08\\\/logo_button.png\",\"width\":579,\"height\":579,\"caption\":\"Empower Missouri\"},\"image\":{\"@id\":\"https:\\\/\\\/empowermissouri.org\\\/#\\\/schema\\\/logo\\\/image\\\/\"},\"sameAs\":[\"https:\\\/\\\/www.facebook.com\\\/empowermissouri\",\"https:\\\/\\\/x.com\\\/empowermissouri\",\"https:\\\/\\\/www.instagram.com\\\/empowermissouri\\\/\",\"https:\\\/\\\/www.linkedin.com\\\/company\\\/empower-missouri\\\/\"]}]}<\/script>\n<!-- \/ Yoast SEO plugin. -->","yoast_head_json":{"title":"Missouri Food Security Coalition Meeting - Empower Missouri","robots":{"index":"index","follow":"follow","max-snippet":"max-snippet:-1","max-image-preview":"max-image-preview:large","max-video-preview":"max-video-preview:-1"},"canonical":"https:\/\/empowermissouri.org\/es\/events\/missouri-food-security-coalition-meeting-5\/","og_locale":"es_MX","og_type":"article","og_title":"Missouri Food Security Coalition Meeting - Empower Missouri","og_description":"Empower Missouri would like to thank everyone that was able to attend the July, August , September, October November and December Food Security Coalition meetings. Please plan to join our next meeting on Friday, January 8th at 9am.\u00a0 Again, the next meeting will be Friday, January 8th, at 9am. Register HERE for the meeting. Find [&hellip;]","og_url":"https:\/\/empowermissouri.org\/es\/events\/missouri-food-security-coalition-meeting-5\/","og_site_name":"Empower Missouri","article_publisher":"https:\/\/www.facebook.com\/empowermissouri","article_modified_time":"2021-01-08T16:47:08+00:00","og_image":[{"width":2560,"height":1696,"url":"https:\/\/empowermissouri.org\/app\/uploads\/2020\/06\/kelly-sikkema-PMxoh8zJNb0-unsplash-scaled.jpg","type":"image\/jpeg"}],"twitter_card":"summary_large_image","twitter_site":"@empowermissouri","twitter_misc":{"Written by":"Rico Bush"},"schema":{"@context":"https:\/\/schema.org","@graph":[{"@type":"WebPage","@id":"https:\/\/empowermissouri.org\/events\/missouri-food-security-coalition-meeting-5\/","url":"https:\/\/empowermissouri.org\/events\/missouri-food-security-coalition-meeting-5\/","name":"Missouri Food Security Coalition Meeting - Empower Missouri","isPartOf":{"@id":"https:\/\/empowermissouri.org\/#website"},"primaryImageOfPage":{"@id":"https:\/\/empowermissouri.org\/events\/missouri-food-security-coalition-meeting-5\/#primaryimage"},"image":{"@id":"https:\/\/empowermissouri.org\/events\/missouri-food-security-coalition-meeting-5\/#primaryimage"},"thumbnailUrl":"https:\/\/empowermissouri.org\/app\/uploads\/2020\/06\/kelly-sikkema-PMxoh8zJNb0-unsplash-scaled.jpg","datePublished":"2020-12-07T16:00:03+00:00","dateModified":"2021-01-08T16:47:08+00:00","breadcrumb":{"@id":"https:\/\/empowermissouri.org\/events\/missouri-food-security-coalition-meeting-5\/#breadcrumb"},"inLanguage":"es-MX","potentialAction":[{"@type":"ReadAction","target":["https:\/\/empowermissouri.org\/events\/missouri-food-security-coalition-meeting-5\/"]}]},{"@type":"ImageObject","inLanguage":"es-MX","@id":"https:\/\/empowermissouri.org\/events\/missouri-food-security-coalition-meeting-5\/#primaryimage","url":"https:\/\/empowermissouri.org\/app\/uploads\/2020\/06\/kelly-sikkema-PMxoh8zJNb0-unsplash-scaled.jpg","contentUrl":"https:\/\/empowermissouri.org\/app\/uploads\/2020\/06\/kelly-sikkema-PMxoh8zJNb0-unsplash-scaled.jpg","width":2560,"height":1696},{"@type":"BreadcrumbList","@id":"https:\/\/empowermissouri.org\/events\/missouri-food-security-coalition-meeting-5\/#breadcrumb","itemListElement":[{"@type":"ListItem","position":1,"name":"Home","item":"https:\/\/empowermissouri.org\/"},{"@type":"ListItem","position":2,"name":"Events","item":"https:\/\/empowermissouri.org\/es\/events\/"},{"@type":"ListItem","position":3,"name":"Missouri Food Security Coalition Meeting"}]},{"@type":"WebSite","@id":"https:\/\/empowermissouri.org\/#website","url":"https:\/\/empowermissouri.org\/","name":"Empoderar a Missouri","description":"Advocating for Justice | Empowering Change","publisher":{"@id":"https:\/\/empowermissouri.org\/#organization"},"potentialAction":[{"@type":"SearchAction","target":{"@type":"EntryPoint","urlTemplate":"https:\/\/empowermissouri.org\/?s={search_term_string}"},"query-input":{"@type":"PropertyValueSpecification","valueRequired":true,"valueName":"search_term_string"}}],"inLanguage":"es-MX"},{"@type":"Organization","@id":"https:\/\/empowermissouri.org\/#organization","name":"Empoderar a Missouri","url":"https:\/\/empowermissouri.org\/","logo":{"@type":"ImageObject","inLanguage":"es-MX","@id":"https:\/\/empowermissouri.org\/#\/schema\/logo\/image\/","url":"http:\/\/empowermissouri.org\/app\/uploads\/2018\/08\/logo_button.png","contentUrl":"http:\/\/empowermissouri.org\/app\/uploads\/2018\/08\/logo_button.png","width":579,"height":579,"caption":"Empower Missouri"},"image":{"@id":"https:\/\/empowermissouri.org\/#\/schema\/logo\/image\/"},"sameAs":["https:\/\/www.facebook.com\/empowermissouri","https:\/\/x.com\/empowermissouri","https:\/\/www.instagram.com\/empowermissouri\/","https:\/\/www.linkedin.com\/company\/empower-missouri\/"]}]}},"_links":{"self":[{"href":"https:\/\/empowermissouri.org\/es\/wp-json\/wp\/v2\/event_post\/6018","targetHints":{"allow":["GET"]}}],"collection":[{"href":"https:\/\/empowermissouri.org\/es\/wp-json\/wp\/v2\/event_post"}],"about":[{"href":"https:\/\/empowermissouri.org\/es\/wp-json\/wp\/v2\/types\/event_post"}],"version-history":[{"count":0,"href":"https:\/\/empowermissouri.org\/es\/wp-json\/wp\/v2\/event_post\/6018\/revisions"}],"wp:featuredmedia":[{"embeddable":true,"href":"https:\/\/empowermissouri.org\/es\/wp-json\/wp\/v2\/media\/4730"}],"wp:attachment":[{"href":"https:\/\/empowermissouri.org\/es\/wp-json\/wp\/v2\/media?parent=6018"}],"wp:term":[{"taxonomy":"category","embeddable":true,"href":"https:\/\/empowermissouri.org\/es\/wp-json\/wp\/v2\/categories?post=6018"},{"taxonomy":"issues","embeddable":true,"href":"https:\/\/empowermissouri.org\/es\/wp-json\/wp\/v2\/issues?post=6018"}],"curies":[{"name":"wp","href":"https:\/\/api.w.org\/{rel}","templated":true}]}}