{"id":5266,"date":"2020-09-17T15:08:00","date_gmt":"2020-09-17T20:08:00","guid":{"rendered":"http:\/\/empowermissouri.org\/?post_type=event_post&#038;p=5266"},"modified":"2020-11-04T13:46:03","modified_gmt":"2020-11-04T19:46:03","slug":"social-justice-at-the-ballot-box-on-november-3-vote-no-on-3-presentation","status":"archive","type":"event_post","link":"https:\/\/empowermissouri.org\/es\/events\/social-justice-at-the-ballot-box-on-november-3-vote-no-on-3-presentation\/","title":{"rendered":"Justicia social en las urnas el 3 de noviembre: Presentaci\u00f3n de Vote No en 3"},"content":{"rendered":"<p>El jueves 17 de septiembre, Empower Missouri llev\u00f3 a cabo un seminario web para discutir las elecciones generales de 2020 y los derechos de voto. Empower Missouri se uni\u00f3 a <strong>Denise Lieberman<\/strong> del Proyecto Advancement, <strong>Kathleen Farrell <\/strong>de la Liga de Mujeres Votantes, <strong>Capilla Nimrod, Jr, <\/strong>quien es el presidente del Cap\u00edtulo de Missouri de la NAACP, <strong>Mikel Whittier<\/strong> de la campa\u00f1a Clean Missouri y <strong>Mar\u00eda Timmel <\/strong>de la Campa\u00f1a No a la Enmienda 3. Nuestros panelistas hablaron sobre las elecciones generales de 2020 y destacaron las medidas que se colocar\u00e1n en la boleta local. Los panelistas tambi\u00e9n discutieron cuestiones de supresi\u00f3n de votantes en las elecciones de 2020 y subrayaron la necesidad de votar no a la Enmienda 3, que es la iniciativa de votaci\u00f3n para anular mapas justos en Missouri.<\/p>\n<h2>Encuentre documentos y videos importantes para el seminario web a continuaci\u00f3n:<\/h2>\n<iframe src=\"https:\/\/drive.google.com\/embeddedfolderview?id=1v8moPqc55K6DaEi_wgG_Bna7i6-7KEXn#list\" style=\"width:100%;height:300px;border:0;max-width:100%;position: relative;overflow-x: hidden;\"><\/iframe>\n<p><iframe title=\"Justicia social en las urnas el 3 de noviembre \u00a1Vote No por 3!\" width=\"1150\" height=\"647\" src=\"https:\/\/www.youtube.com\/embed\/VZhbUvq-ZzU?feature=oembed\" frameborder=\"0\" allow=\"accelerometer; autoplay; clipboard-write; encrypted-media; gyroscope; picture-in-picture\" allowfullscreen><\/iframe><\/p>\n<p>&nbsp;<\/p>\n<p>&nbsp;<\/p>","protected":false},"excerpt":{"rendered":"<p>On Thursday, September 17th, Empower Missouri held a webinar to discuss the 2020 General Election and voting rights.\u00a0Empower Missouri was joined by Denise Lieberman from the Advancement Project, Kathleen Farrell from the League of Women Voters, Nimrod Chapel, Jr, who is the President of the Missouri Chapter of the NAACP, Mikel Whittier from the Clean [&hellip;]<\/p>\n","protected":false},"featured_media":5128,"template":"","categories":[37,372],"issues":[217,302,367],"class_list":["post-5266","event_post","type-event_post","status-archive","has-post-thumbnail","hentry","category-briefing","category-empowering-you-webinars","issues-missouri","issues-voting-rights","issues-amendment-3"],"yoast_head":"<!-- This site is optimized with the Yoast SEO plugin v27.4 - https:\/\/yoast.com\/product\/yoast-seo-wordpress\/ -->\n<title>Social Justice at the Ballot Box on November 3: Vote No On 3 Presentation - Empower Missouri<\/title>\n<meta name=\"robots\" content=\"index, follow, max-snippet:-1, max-image-preview:large, max-video-preview:-1\" \/>\n<link rel=\"canonical\" href=\"https:\/\/empowermissouri.org\/es\/events\/social-justice-at-the-ballot-box-on-november-3-vote-no-on-3-presentation\/\" \/>\n<meta property=\"og:locale\" content=\"es_MX\" \/>\n<meta property=\"og:type\" content=\"article\" \/>\n<meta property=\"og:title\" content=\"Social Justice at the Ballot Box on November 3: Vote No On 3 Presentation - Empower Missouri\" \/>\n<meta property=\"og:description\" content=\"On Thursday, September 17th, Empower Missouri held a webinar to discuss the 2020 General Election and voting rights.\u00a0Empower Missouri was joined by Denise Lieberman from the Advancement Project, Kathleen Farrell from the League of Women Voters, Nimrod Chapel, Jr, who is the President of the Missouri Chapter of the NAACP, Mikel Whittier from the Clean [&hellip;]\" \/>\n<meta property=\"og:url\" content=\"https:\/\/empowermissouri.org\/es\/events\/social-justice-at-the-ballot-box-on-november-3-vote-no-on-3-presentation\/\" \/>\n<meta property=\"og:site_name\" content=\"Empower Missouri\" \/>\n<meta property=\"article:publisher\" content=\"https:\/\/www.facebook.com\/empowermissouri\" \/>\n<meta property=\"article:modified_time\" content=\"2020-11-04T19:46:03+00:00\" \/>\n<meta property=\"og:image\" content=\"https:\/\/empowermissouri.org\/app\/uploads\/2020\/08\/Sept-17th.png\" \/>\n\t<meta property=\"og:image:width\" content=\"1024\" \/>\n\t<meta property=\"og:image:height\" content=\"512\" \/>\n\t<meta property=\"og:image:type\" content=\"image\/png\" \/>\n<meta name=\"twitter:card\" content=\"summary_large_image\" \/>\n<meta name=\"twitter:site\" content=\"@empowermissouri\" \/>\n<meta name=\"twitter:label1\" content=\"Est. reading time\" \/>\n\t<meta name=\"twitter:data1\" content=\"1 minute\" \/>\n\t<meta name=\"twitter:label2\" content=\"Written by\" \/>\n\t<meta name=\"twitter:data2\" content=\"Rico Bush\" \/>\n<script type=\"application\/ld+json\" class=\"yoast-schema-graph\">{\"@context\":\"https:\\\/\\\/schema.org\",\"@graph\":[{\"@type\":\"WebPage\",\"@id\":\"https:\\\/\\\/empowermissouri.org\\\/events\\\/social-justice-at-the-ballot-box-on-november-3-vote-no-on-3-presentation\\\/\",\"url\":\"https:\\\/\\\/empowermissouri.org\\\/events\\\/social-justice-at-the-ballot-box-on-november-3-vote-no-on-3-presentation\\\/\",\"name\":\"Social Justice at the Ballot Box on November 3: Vote No On 3 Presentation - Empower Missouri\",\"isPartOf\":{\"@id\":\"https:\\\/\\\/empowermissouri.org\\\/#website\"},\"primaryImageOfPage\":{\"@id\":\"https:\\\/\\\/empowermissouri.org\\\/events\\\/social-justice-at-the-ballot-box-on-november-3-vote-no-on-3-presentation\\\/#primaryimage\"},\"image\":{\"@id\":\"https:\\\/\\\/empowermissouri.org\\\/events\\\/social-justice-at-the-ballot-box-on-november-3-vote-no-on-3-presentation\\\/#primaryimage\"},\"thumbnailUrl\":\"https:\\\/\\\/empowermissouri.org\\\/app\\\/uploads\\\/2020\\\/08\\\/Sept-17th.png\",\"datePublished\":\"2020-09-17T20:08:00+00:00\",\"dateModified\":\"2020-11-04T19:46:03+00:00\",\"breadcrumb\":{\"@id\":\"https:\\\/\\\/empowermissouri.org\\\/events\\\/social-justice-at-the-ballot-box-on-november-3-vote-no-on-3-presentation\\\/#breadcrumb\"},\"inLanguage\":\"es-MX\",\"potentialAction\":[{\"@type\":\"ReadAction\",\"target\":[\"https:\\\/\\\/empowermissouri.org\\\/events\\\/social-justice-at-the-ballot-box-on-november-3-vote-no-on-3-presentation\\\/\"]}]},{\"@type\":\"ImageObject\",\"inLanguage\":\"es-MX\",\"@id\":\"https:\\\/\\\/empowermissouri.org\\\/events\\\/social-justice-at-the-ballot-box-on-november-3-vote-no-on-3-presentation\\\/#primaryimage\",\"url\":\"https:\\\/\\\/empowermissouri.org\\\/app\\\/uploads\\\/2020\\\/08\\\/Sept-17th.png\",\"contentUrl\":\"https:\\\/\\\/empowermissouri.org\\\/app\\\/uploads\\\/2020\\\/08\\\/Sept-17th.png\",\"width\":1024,\"height\":512},{\"@type\":\"BreadcrumbList\",\"@id\":\"https:\\\/\\\/empowermissouri.org\\\/events\\\/social-justice-at-the-ballot-box-on-november-3-vote-no-on-3-presentation\\\/#breadcrumb\",\"itemListElement\":[{\"@type\":\"ListItem\",\"position\":1,\"name\":\"Home\",\"item\":\"https:\\\/\\\/empowermissouri.org\\\/\"},{\"@type\":\"ListItem\",\"position\":2,\"name\":\"Events\",\"item\":\"https:\\\/\\\/empowermissouri.org\\\/es\\\/events\\\/\"},{\"@type\":\"ListItem\",\"position\":3,\"name\":\"Social Justice at the Ballot Box on November 3: Vote No On 3 Presentation\"}]},{\"@type\":\"WebSite\",\"@id\":\"https:\\\/\\\/empowermissouri.org\\\/#website\",\"url\":\"https:\\\/\\\/empowermissouri.org\\\/\",\"name\":\"Empower Missouri\",\"description\":\"Advocating for Justice | Empowering Change\",\"publisher\":{\"@id\":\"https:\\\/\\\/empowermissouri.org\\\/#organization\"},\"potentialAction\":[{\"@type\":\"SearchAction\",\"target\":{\"@type\":\"EntryPoint\",\"urlTemplate\":\"https:\\\/\\\/empowermissouri.org\\\/?s={search_term_string}\"},\"query-input\":{\"@type\":\"PropertyValueSpecification\",\"valueRequired\":true,\"valueName\":\"search_term_string\"}}],\"inLanguage\":\"es-MX\"},{\"@type\":\"Organization\",\"@id\":\"https:\\\/\\\/empowermissouri.org\\\/#organization\",\"name\":\"Empower Missouri\",\"url\":\"https:\\\/\\\/empowermissouri.org\\\/\",\"logo\":{\"@type\":\"ImageObject\",\"inLanguage\":\"es-MX\",\"@id\":\"https:\\\/\\\/empowermissouri.org\\\/#\\\/schema\\\/logo\\\/image\\\/\",\"url\":\"http:\\\/\\\/empowermissouri.org\\\/app\\\/uploads\\\/2018\\\/08\\\/logo_button.png\",\"contentUrl\":\"http:\\\/\\\/empowermissouri.org\\\/app\\\/uploads\\\/2018\\\/08\\\/logo_button.png\",\"width\":579,\"height\":579,\"caption\":\"Empower Missouri\"},\"image\":{\"@id\":\"https:\\\/\\\/empowermissouri.org\\\/#\\\/schema\\\/logo\\\/image\\\/\"},\"sameAs\":[\"https:\\\/\\\/www.facebook.com\\\/empowermissouri\",\"https:\\\/\\\/x.com\\\/empowermissouri\",\"https:\\\/\\\/www.instagram.com\\\/empowermissouri\\\/\",\"https:\\\/\\\/www.linkedin.com\\\/company\\\/empower-missouri\\\/\"]}]}<\/script>\n<!-- \/ Yoast SEO plugin. -->","yoast_head_json":{"title":"Social Justice at the Ballot Box on November 3: Vote No On 3 Presentation - Empower Missouri","robots":{"index":"index","follow":"follow","max-snippet":"max-snippet:-1","max-image-preview":"max-image-preview:large","max-video-preview":"max-video-preview:-1"},"canonical":"https:\/\/empowermissouri.org\/es\/events\/social-justice-at-the-ballot-box-on-november-3-vote-no-on-3-presentation\/","og_locale":"es_MX","og_type":"article","og_title":"Social Justice at the Ballot Box on November 3: Vote No On 3 Presentation - Empower Missouri","og_description":"On Thursday, September 17th, Empower Missouri held a webinar to discuss the 2020 General Election and voting rights.\u00a0Empower Missouri was joined by Denise Lieberman from the Advancement Project, Kathleen Farrell from the League of Women Voters, Nimrod Chapel, Jr, who is the President of the Missouri Chapter of the NAACP, Mikel Whittier from the Clean [&hellip;]","og_url":"https:\/\/empowermissouri.org\/es\/events\/social-justice-at-the-ballot-box-on-november-3-vote-no-on-3-presentation\/","og_site_name":"Empower Missouri","article_publisher":"https:\/\/www.facebook.com\/empowermissouri","article_modified_time":"2020-11-04T19:46:03+00:00","og_image":[{"width":1024,"height":512,"url":"https:\/\/empowermissouri.org\/app\/uploads\/2020\/08\/Sept-17th.png","type":"image\/png"}],"twitter_card":"summary_large_image","twitter_site":"@empowermissouri","twitter_misc":{"Est. reading time":"1 minute","Written by":"Rico Bush"},"schema":{"@context":"https:\/\/schema.org","@graph":[{"@type":"WebPage","@id":"https:\/\/empowermissouri.org\/events\/social-justice-at-the-ballot-box-on-november-3-vote-no-on-3-presentation\/","url":"https:\/\/empowermissouri.org\/events\/social-justice-at-the-ballot-box-on-november-3-vote-no-on-3-presentation\/","name":"Social Justice at the Ballot Box on November 3: Vote No On 3 Presentation - Empower Missouri","isPartOf":{"@id":"https:\/\/empowermissouri.org\/#website"},"primaryImageOfPage":{"@id":"https:\/\/empowermissouri.org\/events\/social-justice-at-the-ballot-box-on-november-3-vote-no-on-3-presentation\/#primaryimage"},"image":{"@id":"https:\/\/empowermissouri.org\/events\/social-justice-at-the-ballot-box-on-november-3-vote-no-on-3-presentation\/#primaryimage"},"thumbnailUrl":"https:\/\/empowermissouri.org\/app\/uploads\/2020\/08\/Sept-17th.png","datePublished":"2020-09-17T20:08:00+00:00","dateModified":"2020-11-04T19:46:03+00:00","breadcrumb":{"@id":"https:\/\/empowermissouri.org\/events\/social-justice-at-the-ballot-box-on-november-3-vote-no-on-3-presentation\/#breadcrumb"},"inLanguage":"es-MX","potentialAction":[{"@type":"ReadAction","target":["https:\/\/empowermissouri.org\/events\/social-justice-at-the-ballot-box-on-november-3-vote-no-on-3-presentation\/"]}]},{"@type":"ImageObject","inLanguage":"es-MX","@id":"https:\/\/empowermissouri.org\/events\/social-justice-at-the-ballot-box-on-november-3-vote-no-on-3-presentation\/#primaryimage","url":"https:\/\/empowermissouri.org\/app\/uploads\/2020\/08\/Sept-17th.png","contentUrl":"https:\/\/empowermissouri.org\/app\/uploads\/2020\/08\/Sept-17th.png","width":1024,"height":512},{"@type":"BreadcrumbList","@id":"https:\/\/empowermissouri.org\/events\/social-justice-at-the-ballot-box-on-november-3-vote-no-on-3-presentation\/#breadcrumb","itemListElement":[{"@type":"ListItem","position":1,"name":"Home","item":"https:\/\/empowermissouri.org\/"},{"@type":"ListItem","position":2,"name":"Events","item":"https:\/\/empowermissouri.org\/es\/events\/"},{"@type":"ListItem","position":3,"name":"Social Justice at the Ballot Box on November 3: Vote No On 3 Presentation"}]},{"@type":"WebSite","@id":"https:\/\/empowermissouri.org\/#website","url":"https:\/\/empowermissouri.org\/","name":"Empoderar a Missouri","description":"Advocating for Justice | Empowering Change","publisher":{"@id":"https:\/\/empowermissouri.org\/#organization"},"potentialAction":[{"@type":"SearchAction","target":{"@type":"EntryPoint","urlTemplate":"https:\/\/empowermissouri.org\/?s={search_term_string}"},"query-input":{"@type":"PropertyValueSpecification","valueRequired":true,"valueName":"search_term_string"}}],"inLanguage":"es-MX"},{"@type":"Organization","@id":"https:\/\/empowermissouri.org\/#organization","name":"Empoderar a Missouri","url":"https:\/\/empowermissouri.org\/","logo":{"@type":"ImageObject","inLanguage":"es-MX","@id":"https:\/\/empowermissouri.org\/#\/schema\/logo\/image\/","url":"http:\/\/empowermissouri.org\/app\/uploads\/2018\/08\/logo_button.png","contentUrl":"http:\/\/empowermissouri.org\/app\/uploads\/2018\/08\/logo_button.png","width":579,"height":579,"caption":"Empower Missouri"},"image":{"@id":"https:\/\/empowermissouri.org\/#\/schema\/logo\/image\/"},"sameAs":["https:\/\/www.facebook.com\/empowermissouri","https:\/\/x.com\/empowermissouri","https:\/\/www.instagram.com\/empowermissouri\/","https:\/\/www.linkedin.com\/company\/empower-missouri\/"]}]}},"_links":{"self":[{"href":"https:\/\/empowermissouri.org\/es\/wp-json\/wp\/v2\/event_post\/5266","targetHints":{"allow":["GET"]}}],"collection":[{"href":"https:\/\/empowermissouri.org\/es\/wp-json\/wp\/v2\/event_post"}],"about":[{"href":"https:\/\/empowermissouri.org\/es\/wp-json\/wp\/v2\/types\/event_post"}],"version-history":[{"count":0,"href":"https:\/\/empowermissouri.org\/es\/wp-json\/wp\/v2\/event_post\/5266\/revisions"}],"wp:featuredmedia":[{"embeddable":true,"href":"https:\/\/empowermissouri.org\/es\/wp-json\/wp\/v2\/media\/5128"}],"wp:attachment":[{"href":"https:\/\/empowermissouri.org\/es\/wp-json\/wp\/v2\/media?parent=5266"}],"wp:term":[{"taxonomy":"category","embeddable":true,"href":"https:\/\/empowermissouri.org\/es\/wp-json\/wp\/v2\/categories?post=5266"},{"taxonomy":"issues","embeddable":true,"href":"https:\/\/empowermissouri.org\/es\/wp-json\/wp\/v2\/issues?post=5266"}],"curies":[{"name":"wp","href":"https:\/\/api.w.org\/{rel}","templated":true}]}}