{"id":5209,"date":"2020-09-10T16:42:25","date_gmt":"2020-09-10T21:42:25","guid":{"rendered":"http:\/\/empowermissouri.org\/?post_type=event_post&#038;p=5209"},"modified":"2020-11-04T13:46:04","modified_gmt":"2020-11-04T19:46:04","slug":"friday-forum-re-envisioning-public-safety","status":"archive","type":"event_post","link":"https:\/\/empowermissouri.org\/es\/events\/friday-forum-re-envisioning-public-safety\/","title":{"rendered":"Foro del viernes: reinventar la seguridad p\u00fablica"},"content":{"rendered":"<p align=\"center\"><b>Empoderar a Missouri Monthly Friday\u00a0<span class=\"il\">Foro<\/span>\u00a0Serie:<\/b><\/p>\n<p align=\"center\"><b>Reinventar la seguridad p\u00fablica<\/b><\/p>\n<p align=\"center\"><b><span class=\"il\">Foro<\/span>\u00a0#1: 18 de septiembre de 2020<\/b><\/p>\n<p align=\"center\"><b>Desalojos en COVID-19: 300,000 familias de Missouri en riesgo<\/b><\/p>\n<p align=\"center\"><b>Acciones locales, estatales y federales para mantener seguras a las familias<\/b><\/p>\n<p align=\"center\"><b>Viernes 18 de septiembre de 2020 de 12 p.m. a 1:30 p.m.<\/b><\/p>\n<p><b><i><u>Panelistas:<\/u><\/i><\/b><\/p>\n<p><b>Kalila Jackson:<\/b>\u00a0<a href=\"https:\/\/click.everyaction.com\/k\/19009960\/246440689\/-1733659004?nvep=ew0KICAiVGVuYW50VXJpIjogIm5ncHZhbjovL3Zhbi9FQS9FQTAwMi8xLzYwNDMxIiwNCiAgIkRpc3RyaWJ1dGlvblVuaXF1ZUlkIjogIjZkNDhlN2NmLWRlZWUtZWExMS05OWMzLTAwMTU1ZDAzOWU3NCIsDQogICJFbWFpbEFkZHJlc3MiOiAiUmljb0BlbXBvd2VybWlzc291cmkub3JnIg0KfQ%3D%3D&amp;hmac=_mxigz9POmbNesICD5abnlm4x4Rk98CdPl_qwmCgwrA=&amp;emci=5a573256-d9ee-ea11-99c3-00155d039e74&amp;emdi=6d48e7cf-deee-ea11-99c3-00155d039e74&amp;ceid=8441448\" target=\"_blank\" rel=\"noopener noreferrer\" data-saferedirecturl=\"https:\/\/www.google.com\/url?q=https:\/\/click.everyaction.com\/k\/19009960\/246440689\/-1733659004?nvep%3Dew0KICAiVGVuYW50VXJpIjogIm5ncHZhbjovL3Zhbi9FQS9FQTAwMi8xLzYwNDMxIiwNCiAgIkRpc3RyaWJ1dGlvblVuaXF1ZUlkIjogIjZkNDhlN2NmLWRlZWUtZWExMS05OWMzLTAwMTU1ZDAzOWU3NCIsDQogICJFbWFpbEFkZHJlc3MiOiAiUmljb0BlbXBvd2VybWlzc291cmkub3JnIg0KfQ%253D%253D%26hmac%3D_mxigz9POmbNesICD5abnlm4x4Rk98CdPl_qwmCgwrA%3D%26emci%3D5a573256-d9ee-ea11-99c3-00155d039e74%26emdi%3D6d48e7cf-deee-ea11-99c3-00155d039e74%26ceid%3D8441448&amp;source=gmail&amp;ust=1599337887293000&amp;usg=AFQjCNH_zoSPzOV9QqHWJdaZOFNlySGU3A\">Consejo de Igualdad de Oportunidades y Vivienda<\/a>, San Louis<\/p>\n<p><b>Gina Chiala:\u00a0<\/b>\u00a0<a href=\"https:\/\/click.everyaction.com\/k\/19009961\/246440690\/-1436258226?nvep=ew0KICAiVGVuYW50VXJpIjogIm5ncHZhbjovL3Zhbi9FQS9FQTAwMi8xLzYwNDMxIiwNCiAgIkRpc3RyaWJ1dGlvblVuaXF1ZUlkIjogIjZkNDhlN2NmLWRlZWUtZWExMS05OWMzLTAwMTU1ZDAzOWU3NCIsDQogICJFbWFpbEFkZHJlc3MiOiAiUmljb0BlbXBvd2VybWlzc291cmkub3JnIg0KfQ%3D%3D&amp;hmac=_mxigz9POmbNesICD5abnlm4x4Rk98CdPl_qwmCgwrA=&amp;emci=5a573256-d9ee-ea11-99c3-00155d039e74&amp;emdi=6d48e7cf-deee-ea11-99c3-00155d039e74&amp;ceid=8441448\" target=\"_blank\" rel=\"noopener noreferrer\" data-saferedirecturl=\"https:\/\/www.google.com\/url?q=https:\/\/click.everyaction.com\/k\/19009961\/246440690\/-1436258226?nvep%3Dew0KICAiVGVuYW50VXJpIjogIm5ncHZhbjovL3Zhbi9FQS9FQTAwMi8xLzYwNDMxIiwNCiAgIkRpc3RyaWJ1dGlvblVuaXF1ZUlkIjogIjZkNDhlN2NmLWRlZWUtZWExMS05OWMzLTAwMTU1ZDAzOWU3NCIsDQogICJFbWFpbEFkZHJlc3MiOiAiUmljb0BlbXBvd2VybWlzc291cmkub3JnIg0KfQ%253D%253D%26hmac%3D_mxigz9POmbNesICD5abnlm4x4Rk98CdPl_qwmCgwrA%3D%26emci%3D5a573256-d9ee-ea11-99c3-00155d039e74%26emdi%3D6d48e7cf-deee-ea11-99c3-00155d039e74%26ceid%3D8441448&amp;source=gmail&amp;ust=1599337887293000&amp;usg=AFQjCNHfk3rRYnewumN3ylmJKFEULCwxiQ\">Heartland Center for Jobs and Freedom<\/a>, Ciudad de Kansas<\/p>\n<p><b>Justin Lockhart:<\/b>\u00a0<a href=\"https:\/\/click.everyaction.com\/k\/19009962\/246440691\/-444254497?nvep=ew0KICAiVGVuYW50VXJpIjogIm5ncHZhbjovL3Zhbi9FQS9FQTAwMi8xLzYwNDMxIiwNCiAgIkRpc3RyaWJ1dGlvblVuaXF1ZUlkIjogIjZkNDhlN2NmLWRlZWUtZWExMS05OWMzLTAwMTU1ZDAzOWU3NCIsDQogICJFbWFpbEFkZHJlc3MiOiAiUmljb0BlbXBvd2VybWlzc291cmkub3JnIg0KfQ%3D%3D&amp;hmac=_mxigz9POmbNesICD5abnlm4x4Rk98CdPl_qwmCgwrA=&amp;emci=5a573256-d9ee-ea11-99c3-00155d039e74&amp;emdi=6d48e7cf-deee-ea11-99c3-00155d039e74&amp;ceid=8441448\" target=\"_blank\" rel=\"noopener noreferrer\" data-saferedirecturl=\"https:\/\/www.google.com\/url?q=https:\/\/click.everyaction.com\/k\/19009962\/246440691\/-444254497?nvep%3Dew0KICAiVGVuYW50VXJpIjogIm5ncHZhbjovL3Zhbi9FQS9FQTAwMi8xLzYwNDMxIiwNCiAgIkRpc3RyaWJ1dGlvblVuaXF1ZUlkIjogIjZkNDhlN2NmLWRlZWUtZWExMS05OWMzLTAwMTU1ZDAzOWU3NCIsDQogICJFbWFpbEFkZHJlc3MiOiAiUmljb0BlbXBvd2VybWlzc291cmkub3JnIg0KfQ%253D%253D%26hmac%3D_mxigz9POmbNesICD5abnlm4x4Rk98CdPl_qwmCgwrA%3D%26emci%3D5a573256-d9ee-ea11-99c3-00155d039e74%26emdi%3D6d48e7cf-deee-ea11-99c3-00155d039e74%26ceid%3D8441448&amp;source=gmail&amp;ust=1599337887294000&amp;usg=AFQjCNFZTrpQNlpb4sNTHcgb_QNqb9nz_Q\">Asociaci\u00f3n comunitaria de los Ozarks<\/a>, Springfield<\/p>\n<p><b>Sarah Owsley:\u00a0<\/b><a href=\"https:\/\/click.everyaction.com\/k\/19009963\/246440692\/-1388345328?nvep=ew0KICAiVGVuYW50VXJpIjogIm5ncHZhbjovL3Zhbi9FQS9FQTAwMi8xLzYwNDMxIiwNCiAgIkRpc3RyaWJ1dGlvblVuaXF1ZUlkIjogIjZkNDhlN2NmLWRlZWUtZWExMS05OWMzLTAwMTU1ZDAzOWU3NCIsDQogICJFbWFpbEFkZHJlc3MiOiAiUmljb0BlbXBvd2VybWlzc291cmkub3JnIg0KfQ%3D%3D&amp;hmac=_mxigz9POmbNesICD5abnlm4x4Rk98CdPl_qwmCgwrA=&amp;emci=5a573256-d9ee-ea11-99c3-00155d039e74&amp;emdi=6d48e7cf-deee-ea11-99c3-00155d039e74&amp;ceid=8441448\" target=\"_blank\" rel=\"noopener noreferrer\" data-saferedirecturl=\"https:\/\/www.google.com\/url?q=https:\/\/click.everyaction.com\/k\/19009963\/246440692\/-1388345328?nvep%3Dew0KICAiVGVuYW50VXJpIjogIm5ncHZhbjovL3Zhbi9FQS9FQTAwMi8xLzYwNDMxIiwNCiAgIkRpc3RyaWJ1dGlvblVuaXF1ZUlkIjogIjZkNDhlN2NmLWRlZWUtZWExMS05OWMzLTAwMTU1ZDAzOWU3NCIsDQogICJFbWFpbEFkZHJlc3MiOiAiUmljb0BlbXBvd2VybWlzc291cmkub3JnIg0KfQ%253D%253D%26hmac%3D_mxigz9POmbNesICD5abnlm4x4Rk98CdPl_qwmCgwrA%3D%26emci%3D5a573256-d9ee-ea11-99c3-00155d039e74%26emdi%3D6d48e7cf-deee-ea11-99c3-00155d039e74%26ceid%3D8441448&amp;source=gmail&amp;ust=1599337887294000&amp;usg=AFQjCNFcWxCR6KRGgnzZ8iDz84TazKYbgA\">Empoderar a Missouri<\/a>, Coordinadora de la Coalici\u00f3n de Vivienda Asequible<\/p>\n<p>&nbsp;<\/p>\n<p align=\"center\"><b>Reg\u00edstrese para el\u00a0<span class=\"il\">foro<\/span>\u00a0v\u00eda\u00a0<\/b><a href=\"https:\/\/click.everyaction.com\/k\/19009964\/246440693\/887388982?nvep=ew0KICAiVGVuYW50VXJpIjogIm5ncHZhbjovL3Zhbi9FQS9FQTAwMi8xLzYwNDMxIiwNCiAgIkRpc3RyaWJ1dGlvblVuaXF1ZUlkIjogIjZkNDhlN2NmLWRlZWUtZWExMS05OWMzLTAwMTU1ZDAzOWU3NCIsDQogICJFbWFpbEFkZHJlc3MiOiAiUmljb0BlbXBvd2VybWlzc291cmkub3JnIg0KfQ%3D%3D&amp;hmac=_mxigz9POmbNesICD5abnlm4x4Rk98CdPl_qwmCgwrA=&amp;emci=5a573256-d9ee-ea11-99c3-00155d039e74&amp;emdi=6d48e7cf-deee-ea11-99c3-00155d039e74&amp;ceid=8441448\" target=\"_blank\" rel=\"noopener noreferrer\" data-saferedirecturl=\"https:\/\/www.google.com\/url?q=https:\/\/click.everyaction.com\/k\/19009964\/246440693\/887388982?nvep%3Dew0KICAiVGVuYW50VXJpIjogIm5ncHZhbjovL3Zhbi9FQS9FQTAwMi8xLzYwNDMxIiwNCiAgIkRpc3RyaWJ1dGlvblVuaXF1ZUlkIjogIjZkNDhlN2NmLWRlZWUtZWExMS05OWMzLTAwMTU1ZDAzOWU3NCIsDQogICJFbWFpbEFkZHJlc3MiOiAiUmljb0BlbXBvd2VybWlzc291cmkub3JnIg0KfQ%253D%253D%26hmac%3D_mxigz9POmbNesICD5abnlm4x4Rk98CdPl_qwmCgwrA%3D%26emci%3D5a573256-d9ee-ea11-99c3-00155d039e74%26emdi%3D6d48e7cf-deee-ea11-99c3-00155d039e74%26ceid%3D8441448&amp;source=gmail&amp;ust=1599337887294000&amp;usg=AFQjCNHZ-sbJV5AVNjYBz4G1dbcZs50N2g\"><b>ESTE ENLACE<\/b><\/a><\/p>\n<p>&nbsp;<\/p>\n<p><b>Lectura adicional:<\/b><\/p>\n<p><a href=\"https:\/\/click.everyaction.com\/k\/19009965\/246440694\/1237477617?nvep=ew0KICAiVGVuYW50VXJpIjogIm5ncHZhbjovL3Zhbi9FQS9FQTAwMi8xLzYwNDMxIiwNCiAgIkRpc3RyaWJ1dGlvblVuaXF1ZUlkIjogIjZkNDhlN2NmLWRlZWUtZWExMS05OWMzLTAwMTU1ZDAzOWU3NCIsDQogICJFbWFpbEFkZHJlc3MiOiAiUmljb0BlbXBvd2VybWlzc291cmkub3JnIg0KfQ%3D%3D&amp;hmac=_mxigz9POmbNesICD5abnlm4x4Rk98CdPl_qwmCgwrA=&amp;emci=5a573256-d9ee-ea11-99c3-00155d039e74&amp;emdi=6d48e7cf-deee-ea11-99c3-00155d039e74&amp;ceid=8441448\" target=\"_blank\" rel=\"noopener noreferrer\" data-saferedirecturl=\"https:\/\/www.google.com\/url?q=https:\/\/click.everyaction.com\/k\/19009965\/246440694\/1237477617?nvep%3Dew0KICAiVGVuYW50VXJpIjogIm5ncHZhbjovL3Zhbi9FQS9FQTAwMi8xLzYwNDMxIiwNCiAgIkRpc3RyaWJ1dGlvblVuaXF1ZUlkIjogIjZkNDhlN2NmLWRlZWUtZWExMS05OWMzLTAwMTU1ZDAzOWU3NCIsDQogICJFbWFpbEFkZHJlc3MiOiAiUmljb0BlbXBvd2VybWlzc291cmkub3JnIg0KfQ%253D%253D%26hmac%3D_mxigz9POmbNesICD5abnlm4x4Rk98CdPl_qwmCgwrA%3D%26emci%3D5a573256-d9ee-ea11-99c3-00155d039e74%26emdi%3D6d48e7cf-deee-ea11-99c3-00155d039e74%26ceid%3D8441448&amp;source=gmail&amp;ust=1599337887294000&amp;usg=AFQjCNEghAil00Gflkv4daEWj65af7c7KA\"><b>Coalici\u00f3n Nacional de Vivienda para Personas con Bajos Ingresos COVID 19 recursos<\/b><\/a><\/p>\n<p><a href=\"https:\/\/click.everyaction.com\/k\/19009966\/246440695\/-1318256012?nvep=ew0KICAiVGVuYW50VXJpIjogIm5ncHZhbjovL3Zhbi9FQS9FQTAwMi8xLzYwNDMxIiwNCiAgIkRpc3RyaWJ1dGlvblVuaXF1ZUlkIjogIjZkNDhlN2NmLWRlZWUtZWExMS05OWMzLTAwMTU1ZDAzOWU3NCIsDQogICJFbWFpbEFkZHJlc3MiOiAiUmljb0BlbXBvd2VybWlzc291cmkub3JnIg0KfQ%3D%3D&amp;hmac=_mxigz9POmbNesICD5abnlm4x4Rk98CdPl_qwmCgwrA=&amp;emci=5a573256-d9ee-ea11-99c3-00155d039e74&amp;emdi=6d48e7cf-deee-ea11-99c3-00155d039e74&amp;ceid=8441448\" target=\"_blank\" rel=\"noopener noreferrer\" data-saferedirecturl=\"https:\/\/www.google.com\/url?q=https:\/\/click.everyaction.com\/k\/19009966\/246440695\/-1318256012?nvep%3Dew0KICAiVGVuYW50VXJpIjogIm5ncHZhbjovL3Zhbi9FQS9FQTAwMi8xLzYwNDMxIiwNCiAgIkRpc3RyaWJ1dGlvblVuaXF1ZUlkIjogIjZkNDhlN2NmLWRlZWUtZWExMS05OWMzLTAwMTU1ZDAzOWU3NCIsDQogICJFbWFpbEFkZHJlc3MiOiAiUmljb0BlbXBvd2VybWlzc291cmkub3JnIg0KfQ%253D%253D%26hmac%3D_mxigz9POmbNesICD5abnlm4x4Rk98CdPl_qwmCgwrA%3D%26emci%3D5a573256-d9ee-ea11-99c3-00155d039e74%26emdi%3D6d48e7cf-deee-ea11-99c3-00155d039e74%26ceid%3D8441448&amp;source=gmail&amp;ust=1599337887294000&amp;usg=AFQjCNHn0xQVwgU5OMK18FCksPwh8R-cYw\"><b>Se anuncia la moratoria federal de desalojo<\/b><\/a><\/p>\n<p><b><a href=\"https:\/\/click.everyaction.com\/k\/19009967\/246440696\/68052247?nvep=ew0KICAiVGVuYW50VXJpIjogIm5ncHZhbjovL3Zhbi9FQS9FQTAwMi8xLzYwNDMxIiwNCiAgIkRpc3RyaWJ1dGlvblVuaXF1ZUlkIjogIjZkNDhlN2NmLWRlZWUtZWExMS05OWMzLTAwMTU1ZDAzOWU3NCIsDQogICJFbWFpbEFkZHJlc3MiOiAiUmljb0BlbXBvd2VybWlzc291cmkub3JnIg0KfQ%3D%3D&amp;hmac=_mxigz9POmbNesICD5abnlm4x4Rk98CdPl_qwmCgwrA=&amp;emci=5a573256-d9ee-ea11-99c3-00155d039e74&amp;emdi=6d48e7cf-deee-ea11-99c3-00155d039e74&amp;ceid=8441448\" target=\"_blank\" rel=\"noopener noreferrer\" data-saferedirecturl=\"https:\/\/www.google.com\/url?q=https:\/\/click.everyaction.com\/k\/19009967\/246440696\/68052247?nvep%3Dew0KICAiVGVuYW50VXJpIjogIm5ncHZhbjovL3Zhbi9FQS9FQTAwMi8xLzYwNDMxIiwNCiAgIkRpc3RyaWJ1dGlvblVuaXF1ZUlkIjogIjZkNDhlN2NmLWRlZWUtZWExMS05OWMzLTAwMTU1ZDAzOWU3NCIsDQogICJFbWFpbEFkZHJlc3MiOiAiUmljb0BlbXBvd2VybWlzc291cmkub3JnIg0KfQ%253D%253D%26hmac%3D_mxigz9POmbNesICD5abnlm4x4Rk98CdPl_qwmCgwrA%3D%26emci%3D5a573256-d9ee-ea11-99c3-00155d039e74%26emdi%3D6d48e7cf-deee-ea11-99c3-00155d039e74%26ceid%3D8441448&amp;source=gmail&amp;ust=1599337887294000&amp;usg=AFQjCNGmO8v0yJcdQmAVI2It7n8oSwRsRA\">Informe en coautor\u00eda de CHN y Empower MO sobre el impacto de COVID-19<\/a><\/b><\/p>\n<p style=\"text-align: left\" align=\"center\"><strong>Para obtener m\u00e1s informaci\u00f3n, comun\u00edquese con Christine Woody,\u00a0<a href=\"mailto:christine@empowermissouri.org\" target=\"_blank\" rel=\"noopener noreferrer\">christine@empowermissouri.org<\/a><\/strong><\/p>\n<p><iframe title=\"Desalojos en COVID 19 300,000 familias de Missouri en riesgo\" width=\"1150\" height=\"647\" src=\"https:\/\/www.youtube.com\/embed\/99RTEp_FU4A?feature=oembed\" frameborder=\"0\" allow=\"accelerometer; autoplay; clipboard-write; encrypted-media; gyroscope; picture-in-picture\" allowfullscreen><\/iframe><\/p>","protected":false},"excerpt":{"rendered":"<p>Empower Missouri Monthly Friday\u00a0Forum\u00a0Series: Re-Envisioning Public Safety Forum\u00a0#1: September 18, 2020 Evictions in COVID-19: 300,000 Missouri Families at Risk Local, State and Federal Actions to Keep Families Safe Friday September 18, 2020 from 12pm- 1:30pm Panelists: Kalila Jackson:\u00a0Equal Housing and Opportunity Council, St. Louis Gina Chiala:\u00a0\u00a0Heartland Center for Jobs and Freedom, Kansas City Justin Lockhart:\u00a0Community [&hellip;]<\/p>\n","protected":false},"featured_media":2260,"template":"","categories":[54,372],"issues":[11],"class_list":["post-5209","event_post","type-event_post","status-archive","has-post-thumbnail","hentry","category-forum","category-empowering-you-webinars","issues-affordable-housing-and-homelessness"],"yoast_head":"<!-- This site is optimized with the Yoast SEO plugin v28.3 - https:\/\/yoast.com\/product\/yoast-seo-wordpress\/ -->\n<title>Friday\u00a0Forum: Re-Envisioning Public Safety - Empower Missouri<\/title>\n<meta name=\"robots\" content=\"index, follow, max-snippet:-1, max-image-preview:large, max-video-preview:-1\" \/>\n<link rel=\"canonical\" href=\"https:\/\/empowermissouri.org\/es\/events\/friday-forum-re-envisioning-public-safety\/\" \/>\n<meta property=\"og:locale\" content=\"es_MX\" \/>\n<meta property=\"og:type\" content=\"article\" \/>\n<meta property=\"og:title\" content=\"Friday\u00a0Forum: Re-Envisioning Public Safety - Empower Missouri\" \/>\n<meta property=\"og:description\" content=\"Empower Missouri Monthly Friday\u00a0Forum\u00a0Series: Re-Envisioning Public Safety Forum\u00a0#1: September 18, 2020 Evictions in COVID-19: 300,000 Missouri Families at Risk Local, State and Federal Actions to Keep Families Safe Friday September 18, 2020 from 12pm- 1:30pm Panelists: Kalila Jackson:\u00a0Equal Housing and Opportunity Council, St. Louis Gina Chiala:\u00a0\u00a0Heartland Center for Jobs and Freedom, Kansas City Justin Lockhart:\u00a0Community [&hellip;]\" \/>\n<meta property=\"og:url\" content=\"https:\/\/empowermissouri.org\/es\/events\/friday-forum-re-envisioning-public-safety\/\" \/>\n<meta property=\"og:site_name\" content=\"Empower Missouri\" \/>\n<meta property=\"article:publisher\" content=\"https:\/\/www.facebook.com\/empowermissouri\" \/>\n<meta property=\"article:modified_time\" content=\"2020-11-04T19:46:04+00:00\" \/>\n<meta property=\"og:image\" content=\"https:\/\/empowermissouri.org\/app\/uploads\/2019\/07\/Friday-Forum-WP-Banner.png\" \/>\n\t<meta property=\"og:image:width\" content=\"820\" \/>\n\t<meta property=\"og:image:height\" content=\"312\" \/>\n\t<meta property=\"og:image:type\" content=\"image\/png\" \/>\n<meta name=\"twitter:card\" content=\"summary_large_image\" \/>\n<meta name=\"twitter:site\" content=\"@empowermissouri\" \/>\n<meta name=\"twitter:label1\" content=\"Est. reading time\" \/>\n\t<meta name=\"twitter:data1\" content=\"1 minute\" \/>\n\t<meta name=\"twitter:label2\" content=\"Written by\" \/>\n\t<meta name=\"twitter:data2\" content=\"Rico Bush\" \/>\n<script type=\"application\/ld+json\" class=\"yoast-schema-graph\">{\"@context\":\"https:\\\/\\\/schema.org\",\"@graph\":[{\"@type\":\"WebPage\",\"@id\":\"https:\\\/\\\/empowermissouri.org\\\/events\\\/friday-forum-re-envisioning-public-safety\\\/\",\"url\":\"https:\\\/\\\/empowermissouri.org\\\/events\\\/friday-forum-re-envisioning-public-safety\\\/\",\"name\":\"Friday\u00a0Forum: Re-Envisioning Public Safety - Empower Missouri\",\"isPartOf\":{\"@id\":\"https:\\\/\\\/empowermissouri.org\\\/#website\"},\"primaryImageOfPage\":{\"@id\":\"https:\\\/\\\/empowermissouri.org\\\/events\\\/friday-forum-re-envisioning-public-safety\\\/#primaryimage\"},\"image\":{\"@id\":\"https:\\\/\\\/empowermissouri.org\\\/events\\\/friday-forum-re-envisioning-public-safety\\\/#primaryimage\"},\"thumbnailUrl\":\"https:\\\/\\\/empowermissouri.org\\\/app\\\/uploads\\\/2019\\\/07\\\/Friday-Forum-WP-Banner.png\",\"datePublished\":\"2020-09-10T21:42:25+00:00\",\"dateModified\":\"2020-11-04T19:46:04+00:00\",\"breadcrumb\":{\"@id\":\"https:\\\/\\\/empowermissouri.org\\\/events\\\/friday-forum-re-envisioning-public-safety\\\/#breadcrumb\"},\"inLanguage\":\"es-MX\",\"potentialAction\":[{\"@type\":\"ReadAction\",\"target\":[\"https:\\\/\\\/empowermissouri.org\\\/events\\\/friday-forum-re-envisioning-public-safety\\\/\"]}]},{\"@type\":\"ImageObject\",\"inLanguage\":\"es-MX\",\"@id\":\"https:\\\/\\\/empowermissouri.org\\\/events\\\/friday-forum-re-envisioning-public-safety\\\/#primaryimage\",\"url\":\"https:\\\/\\\/empowermissouri.org\\\/app\\\/uploads\\\/2019\\\/07\\\/Friday-Forum-WP-Banner.png\",\"contentUrl\":\"https:\\\/\\\/empowermissouri.org\\\/app\\\/uploads\\\/2019\\\/07\\\/Friday-Forum-WP-Banner.png\",\"width\":820,\"height\":312},{\"@type\":\"BreadcrumbList\",\"@id\":\"https:\\\/\\\/empowermissouri.org\\\/events\\\/friday-forum-re-envisioning-public-safety\\\/#breadcrumb\",\"itemListElement\":[{\"@type\":\"ListItem\",\"position\":1,\"name\":\"Home\",\"item\":\"https:\\\/\\\/empowermissouri.org\\\/\"},{\"@type\":\"ListItem\",\"position\":2,\"name\":\"Events\",\"item\":\"https:\\\/\\\/empowermissouri.org\\\/es\\\/events\\\/\"},{\"@type\":\"ListItem\",\"position\":3,\"name\":\"Friday\u00a0Forum: Re-Envisioning Public Safety\"}]},{\"@type\":\"WebSite\",\"@id\":\"https:\\\/\\\/empowermissouri.org\\\/#website\",\"url\":\"https:\\\/\\\/empowermissouri.org\\\/\",\"name\":\"Empower Missouri\",\"description\":\"Advocating for Justice | Empowering Change\",\"publisher\":{\"@id\":\"https:\\\/\\\/empowermissouri.org\\\/#organization\"},\"potentialAction\":[{\"@type\":\"SearchAction\",\"target\":{\"@type\":\"EntryPoint\",\"urlTemplate\":\"https:\\\/\\\/empowermissouri.org\\\/?s={search_term_string}\"},\"query-input\":{\"@type\":\"PropertyValueSpecification\",\"valueRequired\":true,\"valueName\":\"search_term_string\"}}],\"inLanguage\":\"es-MX\"},{\"@type\":\"Organization\",\"@id\":\"https:\\\/\\\/empowermissouri.org\\\/#organization\",\"name\":\"Empower Missouri\",\"url\":\"https:\\\/\\\/empowermissouri.org\\\/\",\"logo\":{\"@type\":\"ImageObject\",\"inLanguage\":\"es-MX\",\"@id\":\"https:\\\/\\\/empowermissouri.org\\\/#\\\/schema\\\/logo\\\/image\\\/\",\"url\":\"http:\\\/\\\/empowermissouri.org\\\/app\\\/uploads\\\/2018\\\/08\\\/logo_button.png\",\"contentUrl\":\"http:\\\/\\\/empowermissouri.org\\\/app\\\/uploads\\\/2018\\\/08\\\/logo_button.png\",\"width\":579,\"height\":579,\"caption\":\"Empower Missouri\"},\"image\":{\"@id\":\"https:\\\/\\\/empowermissouri.org\\\/#\\\/schema\\\/logo\\\/image\\\/\"},\"sameAs\":[\"https:\\\/\\\/www.facebook.com\\\/empowermissouri\",\"https:\\\/\\\/x.com\\\/empowermissouri\",\"https:\\\/\\\/www.instagram.com\\\/empowermissouri\\\/\",\"https:\\\/\\\/www.linkedin.com\\\/company\\\/empower-missouri\\\/\"]}]}<\/script>\n<!-- \/ Yoast SEO plugin. -->","yoast_head_json":{"title":"Friday\u00a0Forum: Re-Envisioning Public Safety - Empower Missouri","robots":{"index":"index","follow":"follow","max-snippet":"max-snippet:-1","max-image-preview":"max-image-preview:large","max-video-preview":"max-video-preview:-1"},"canonical":"https:\/\/empowermissouri.org\/es\/events\/friday-forum-re-envisioning-public-safety\/","og_locale":"es_MX","og_type":"article","og_title":"Friday\u00a0Forum: Re-Envisioning Public Safety - Empower Missouri","og_description":"Empower Missouri Monthly Friday\u00a0Forum\u00a0Series: Re-Envisioning Public Safety Forum\u00a0#1: September 18, 2020 Evictions in COVID-19: 300,000 Missouri Families at Risk Local, State and Federal Actions to Keep Families Safe Friday September 18, 2020 from 12pm- 1:30pm Panelists: Kalila Jackson:\u00a0Equal Housing and Opportunity Council, St. Louis Gina Chiala:\u00a0\u00a0Heartland Center for Jobs and Freedom, Kansas City Justin Lockhart:\u00a0Community [&hellip;]","og_url":"https:\/\/empowermissouri.org\/es\/events\/friday-forum-re-envisioning-public-safety\/","og_site_name":"Empower Missouri","article_publisher":"https:\/\/www.facebook.com\/empowermissouri","article_modified_time":"2020-11-04T19:46:04+00:00","og_image":[{"width":820,"height":312,"url":"https:\/\/empowermissouri.org\/app\/uploads\/2019\/07\/Friday-Forum-WP-Banner.png","type":"image\/png"}],"twitter_card":"summary_large_image","twitter_site":"@empowermissouri","twitter_misc":{"Est. reading time":"1 minute","Written by":"Rico Bush"},"schema":{"@context":"https:\/\/schema.org","@graph":[{"@type":"WebPage","@id":"https:\/\/empowermissouri.org\/events\/friday-forum-re-envisioning-public-safety\/","url":"https:\/\/empowermissouri.org\/events\/friday-forum-re-envisioning-public-safety\/","name":"Friday\u00a0Forum: Re-Envisioning Public Safety - Empower Missouri","isPartOf":{"@id":"https:\/\/empowermissouri.org\/#website"},"primaryImageOfPage":{"@id":"https:\/\/empowermissouri.org\/events\/friday-forum-re-envisioning-public-safety\/#primaryimage"},"image":{"@id":"https:\/\/empowermissouri.org\/events\/friday-forum-re-envisioning-public-safety\/#primaryimage"},"thumbnailUrl":"https:\/\/empowermissouri.org\/app\/uploads\/2019\/07\/Friday-Forum-WP-Banner.png","datePublished":"2020-09-10T21:42:25+00:00","dateModified":"2020-11-04T19:46:04+00:00","breadcrumb":{"@id":"https:\/\/empowermissouri.org\/events\/friday-forum-re-envisioning-public-safety\/#breadcrumb"},"inLanguage":"es-MX","potentialAction":[{"@type":"ReadAction","target":["https:\/\/empowermissouri.org\/events\/friday-forum-re-envisioning-public-safety\/"]}]},{"@type":"ImageObject","inLanguage":"es-MX","@id":"https:\/\/empowermissouri.org\/events\/friday-forum-re-envisioning-public-safety\/#primaryimage","url":"https:\/\/empowermissouri.org\/app\/uploads\/2019\/07\/Friday-Forum-WP-Banner.png","contentUrl":"https:\/\/empowermissouri.org\/app\/uploads\/2019\/07\/Friday-Forum-WP-Banner.png","width":820,"height":312},{"@type":"BreadcrumbList","@id":"https:\/\/empowermissouri.org\/events\/friday-forum-re-envisioning-public-safety\/#breadcrumb","itemListElement":[{"@type":"ListItem","position":1,"name":"Home","item":"https:\/\/empowermissouri.org\/"},{"@type":"ListItem","position":2,"name":"Events","item":"https:\/\/empowermissouri.org\/es\/events\/"},{"@type":"ListItem","position":3,"name":"Friday\u00a0Forum: Re-Envisioning Public Safety"}]},{"@type":"WebSite","@id":"https:\/\/empowermissouri.org\/#website","url":"https:\/\/empowermissouri.org\/","name":"Empoderar a Missouri","description":"Advocating for Justice | Empowering Change","publisher":{"@id":"https:\/\/empowermissouri.org\/#organization"},"potentialAction":[{"@type":"SearchAction","target":{"@type":"EntryPoint","urlTemplate":"https:\/\/empowermissouri.org\/?s={search_term_string}"},"query-input":{"@type":"PropertyValueSpecification","valueRequired":true,"valueName":"search_term_string"}}],"inLanguage":"es-MX"},{"@type":"Organization","@id":"https:\/\/empowermissouri.org\/#organization","name":"Empoderar a Missouri","url":"https:\/\/empowermissouri.org\/","logo":{"@type":"ImageObject","inLanguage":"es-MX","@id":"https:\/\/empowermissouri.org\/#\/schema\/logo\/image\/","url":"http:\/\/empowermissouri.org\/app\/uploads\/2018\/08\/logo_button.png","contentUrl":"http:\/\/empowermissouri.org\/app\/uploads\/2018\/08\/logo_button.png","width":579,"height":579,"caption":"Empower Missouri"},"image":{"@id":"https:\/\/empowermissouri.org\/#\/schema\/logo\/image\/"},"sameAs":["https:\/\/www.facebook.com\/empowermissouri","https:\/\/x.com\/empowermissouri","https:\/\/www.instagram.com\/empowermissouri\/","https:\/\/www.linkedin.com\/company\/empower-missouri\/"]}]}},"_links":{"self":[{"href":"https:\/\/empowermissouri.org\/es\/wp-json\/wp\/v2\/event_post\/5209","targetHints":{"allow":["GET"]}}],"collection":[{"href":"https:\/\/empowermissouri.org\/es\/wp-json\/wp\/v2\/event_post"}],"about":[{"href":"https:\/\/empowermissouri.org\/es\/wp-json\/wp\/v2\/types\/event_post"}],"version-history":[{"count":0,"href":"https:\/\/empowermissouri.org\/es\/wp-json\/wp\/v2\/event_post\/5209\/revisions"}],"wp:attachment":[{"href":"https:\/\/empowermissouri.org\/es\/wp-json\/wp\/v2\/media?parent=5209"}],"wp:term":[{"taxonomy":"category","embeddable":true,"href":"https:\/\/empowermissouri.org\/es\/wp-json\/wp\/v2\/categories?post=5209"},{"taxonomy":"issues","embeddable":true,"href":"https:\/\/empowermissouri.org\/es\/wp-json\/wp\/v2\/issues?post=5209"}],"curies":[{"name":"wp","href":"https:\/\/api.w.org\/{rel}","templated":true}]}}