{"id":4468,"date":"2020-05-07T13:10:18","date_gmt":"2020-05-07T18:10:18","guid":{"rendered":"http:\/\/empowermissouri.org\/?post_type=event_post&#038;p=4468"},"modified":"2020-11-04T13:46:04","modified_gmt":"2020-11-04T19:46:04","slug":"update-on-mo-budget-and-federal-coronavirus-relief-legislation-presentation","status":"archive","type":"event_post","link":"https:\/\/empowermissouri.org\/es\/events\/update-on-mo-budget-and-federal-coronavirus-relief-legislation-presentation\/","title":{"rendered":"Actualizaci\u00f3n sobre el presupuesto de MO y la presentaci\u00f3n de la legislaci\u00f3n federal para el alivio del coronavirus"},"content":{"rendered":"<p>El 7 de mayo, Empower Missouri y Brian Colby, vicepresidente de Pol\u00edtica P\u00fablica del Proyecto Presupuestario de Missouri, realizaron un seminario web para discutir actualizaciones importantes sobre el presupuesto de Missouri y la legislaci\u00f3n de ayuda COVID-19 a nivel federal.<\/p>\n<h2>Encuentre documentos y videos importantes para el seminario web a continuaci\u00f3n:<\/h2>\n<iframe src=\"https:\/\/drive.google.com\/embeddedfolderview?id=1TCzzhyFaz6Q4bPsTtpWtSQ436iPkhZ4_#list\" style=\"width:100%;height:300px;border:0;max-width:100%;position: relative;overflow-x: hidden;\"><\/iframe>\n<p><iframe title=\"Actualizaci\u00f3n sobre el presupuesto de MO y la legislaci\u00f3n federal de alivio COVID19\" width=\"1150\" height=\"647\" src=\"https:\/\/www.youtube.com\/embed\/3HVq3noZj8I?feature=oembed\" frameborder=\"0\" allow=\"accelerometer; autoplay; clipboard-write; encrypted-media; gyroscope; picture-in-picture\" allowfullscreen><\/iframe><\/p>","protected":false},"excerpt":{"rendered":"<p>On May 7th, Empower Missouri and Brian Colby, Vice President for Public Policy at the Missouri Budget Project, held a webinar to discuss important updates surrounding Missouri&#8217;s budget and COVID-19 relief legislation at the federal level. Find important documents and video for the webinar below:<\/p>","protected":false},"featured_media":4384,"template":"","categories":[37,372],"issues":[],"class_list":["post-4468","event_post","type-event_post","status-archive","has-post-thumbnail","hentry","category-briefing","category-empowering-you-webinars"],"yoast_head":"<!-- This site is optimized with the Yoast SEO plugin v27.4 - https:\/\/yoast.com\/product\/yoast-seo-wordpress\/ -->\n<title>Update on MO Budget and Federal Coronavirus Relief Legislation Presentation - Empower Missouri<\/title>\n<meta name=\"robots\" content=\"index, follow, max-snippet:-1, max-image-preview:large, max-video-preview:-1\" \/>\n<link rel=\"canonical\" href=\"https:\/\/empowermissouri.org\/es\/events\/update-on-mo-budget-and-federal-coronavirus-relief-legislation-presentation\/\" \/>\n<meta property=\"og:locale\" content=\"es_MX\" \/>\n<meta property=\"og:type\" content=\"article\" \/>\n<meta property=\"og:title\" content=\"Update on MO Budget and Federal Coronavirus Relief Legislation Presentation - Empower Missouri\" \/>\n<meta property=\"og:description\" content=\"On May 7th, Empower Missouri and Brian Colby, Vice President for Public Policy at the Missouri Budget Project, held a webinar to discuss important updates surrounding Missouri&#8217;s budget and COVID-19 relief legislation at the federal level. Find important documents and video for the webinar below:\" \/>\n<meta property=\"og:url\" content=\"https:\/\/empowermissouri.org\/es\/events\/update-on-mo-budget-and-federal-coronavirus-relief-legislation-presentation\/\" \/>\n<meta property=\"og:site_name\" content=\"Empower Missouri\" \/>\n<meta property=\"article:publisher\" content=\"https:\/\/www.facebook.com\/empowermissouri\" \/>\n<meta property=\"article:modified_time\" content=\"2020-11-04T19:46:04+00:00\" \/>\n<meta property=\"og:image\" content=\"https:\/\/empowermissouri.org\/app\/uploads\/2020\/04\/Empowering-You-Webinar-2.png\" \/>\n\t<meta property=\"og:image:width\" content=\"1024\" \/>\n\t<meta property=\"og:image:height\" content=\"512\" \/>\n\t<meta property=\"og:image:type\" content=\"image\/png\" \/>\n<meta name=\"twitter:card\" content=\"summary_large_image\" \/>\n<meta name=\"twitter:site\" content=\"@empowermissouri\" \/>\n<meta name=\"twitter:label1\" content=\"Written by\" \/>\n\t<meta name=\"twitter:data1\" content=\"Rico Bush\" \/>\n<script type=\"application\/ld+json\" class=\"yoast-schema-graph\">{\"@context\":\"https:\\\/\\\/schema.org\",\"@graph\":[{\"@type\":\"WebPage\",\"@id\":\"https:\\\/\\\/empowermissouri.org\\\/events\\\/update-on-mo-budget-and-federal-coronavirus-relief-legislation-presentation\\\/\",\"url\":\"https:\\\/\\\/empowermissouri.org\\\/events\\\/update-on-mo-budget-and-federal-coronavirus-relief-legislation-presentation\\\/\",\"name\":\"Update on MO Budget and Federal Coronavirus Relief Legislation Presentation - Empower Missouri\",\"isPartOf\":{\"@id\":\"https:\\\/\\\/empowermissouri.org\\\/#website\"},\"primaryImageOfPage\":{\"@id\":\"https:\\\/\\\/empowermissouri.org\\\/events\\\/update-on-mo-budget-and-federal-coronavirus-relief-legislation-presentation\\\/#primaryimage\"},\"image\":{\"@id\":\"https:\\\/\\\/empowermissouri.org\\\/events\\\/update-on-mo-budget-and-federal-coronavirus-relief-legislation-presentation\\\/#primaryimage\"},\"thumbnailUrl\":\"https:\\\/\\\/empowermissouri.org\\\/app\\\/uploads\\\/2020\\\/04\\\/Empowering-You-Webinar-2.png\",\"datePublished\":\"2020-05-07T18:10:18+00:00\",\"dateModified\":\"2020-11-04T19:46:04+00:00\",\"breadcrumb\":{\"@id\":\"https:\\\/\\\/empowermissouri.org\\\/events\\\/update-on-mo-budget-and-federal-coronavirus-relief-legislation-presentation\\\/#breadcrumb\"},\"inLanguage\":\"es-MX\",\"potentialAction\":[{\"@type\":\"ReadAction\",\"target\":[\"https:\\\/\\\/empowermissouri.org\\\/events\\\/update-on-mo-budget-and-federal-coronavirus-relief-legislation-presentation\\\/\"]}]},{\"@type\":\"ImageObject\",\"inLanguage\":\"es-MX\",\"@id\":\"https:\\\/\\\/empowermissouri.org\\\/events\\\/update-on-mo-budget-and-federal-coronavirus-relief-legislation-presentation\\\/#primaryimage\",\"url\":\"https:\\\/\\\/empowermissouri.org\\\/app\\\/uploads\\\/2020\\\/04\\\/Empowering-You-Webinar-2.png\",\"contentUrl\":\"https:\\\/\\\/empowermissouri.org\\\/app\\\/uploads\\\/2020\\\/04\\\/Empowering-You-Webinar-2.png\",\"width\":1024,\"height\":512},{\"@type\":\"BreadcrumbList\",\"@id\":\"https:\\\/\\\/empowermissouri.org\\\/events\\\/update-on-mo-budget-and-federal-coronavirus-relief-legislation-presentation\\\/#breadcrumb\",\"itemListElement\":[{\"@type\":\"ListItem\",\"position\":1,\"name\":\"Home\",\"item\":\"https:\\\/\\\/empowermissouri.org\\\/\"},{\"@type\":\"ListItem\",\"position\":2,\"name\":\"Events\",\"item\":\"https:\\\/\\\/empowermissouri.org\\\/es\\\/events\\\/\"},{\"@type\":\"ListItem\",\"position\":3,\"name\":\"Update on MO Budget and Federal Coronavirus Relief Legislation Presentation\"}]},{\"@type\":\"WebSite\",\"@id\":\"https:\\\/\\\/empowermissouri.org\\\/#website\",\"url\":\"https:\\\/\\\/empowermissouri.org\\\/\",\"name\":\"Empower Missouri\",\"description\":\"Advocating for Justice | Empowering Change\",\"publisher\":{\"@id\":\"https:\\\/\\\/empowermissouri.org\\\/#organization\"},\"potentialAction\":[{\"@type\":\"SearchAction\",\"target\":{\"@type\":\"EntryPoint\",\"urlTemplate\":\"https:\\\/\\\/empowermissouri.org\\\/?s={search_term_string}\"},\"query-input\":{\"@type\":\"PropertyValueSpecification\",\"valueRequired\":true,\"valueName\":\"search_term_string\"}}],\"inLanguage\":\"es-MX\"},{\"@type\":\"Organization\",\"@id\":\"https:\\\/\\\/empowermissouri.org\\\/#organization\",\"name\":\"Empower Missouri\",\"url\":\"https:\\\/\\\/empowermissouri.org\\\/\",\"logo\":{\"@type\":\"ImageObject\",\"inLanguage\":\"es-MX\",\"@id\":\"https:\\\/\\\/empowermissouri.org\\\/#\\\/schema\\\/logo\\\/image\\\/\",\"url\":\"http:\\\/\\\/empowermissouri.org\\\/app\\\/uploads\\\/2018\\\/08\\\/logo_button.png\",\"contentUrl\":\"http:\\\/\\\/empowermissouri.org\\\/app\\\/uploads\\\/2018\\\/08\\\/logo_button.png\",\"width\":579,\"height\":579,\"caption\":\"Empower Missouri\"},\"image\":{\"@id\":\"https:\\\/\\\/empowermissouri.org\\\/#\\\/schema\\\/logo\\\/image\\\/\"},\"sameAs\":[\"https:\\\/\\\/www.facebook.com\\\/empowermissouri\",\"https:\\\/\\\/x.com\\\/empowermissouri\",\"https:\\\/\\\/www.instagram.com\\\/empowermissouri\\\/\",\"https:\\\/\\\/www.linkedin.com\\\/company\\\/empower-missouri\\\/\"]}]}<\/script>\n<!-- \/ Yoast SEO plugin. -->","yoast_head_json":{"title":"Update on MO Budget and Federal Coronavirus Relief Legislation Presentation - Empower Missouri","robots":{"index":"index","follow":"follow","max-snippet":"max-snippet:-1","max-image-preview":"max-image-preview:large","max-video-preview":"max-video-preview:-1"},"canonical":"https:\/\/empowermissouri.org\/es\/events\/update-on-mo-budget-and-federal-coronavirus-relief-legislation-presentation\/","og_locale":"es_MX","og_type":"article","og_title":"Update on MO Budget and Federal Coronavirus Relief Legislation Presentation - Empower Missouri","og_description":"On May 7th, Empower Missouri and Brian Colby, Vice President for Public Policy at the Missouri Budget Project, held a webinar to discuss important updates surrounding Missouri&#8217;s budget and COVID-19 relief legislation at the federal level. Find important documents and video for the webinar below:","og_url":"https:\/\/empowermissouri.org\/es\/events\/update-on-mo-budget-and-federal-coronavirus-relief-legislation-presentation\/","og_site_name":"Empower Missouri","article_publisher":"https:\/\/www.facebook.com\/empowermissouri","article_modified_time":"2020-11-04T19:46:04+00:00","og_image":[{"width":1024,"height":512,"url":"https:\/\/empowermissouri.org\/app\/uploads\/2020\/04\/Empowering-You-Webinar-2.png","type":"image\/png"}],"twitter_card":"summary_large_image","twitter_site":"@empowermissouri","twitter_misc":{"Written by":"Rico Bush"},"schema":{"@context":"https:\/\/schema.org","@graph":[{"@type":"WebPage","@id":"https:\/\/empowermissouri.org\/events\/update-on-mo-budget-and-federal-coronavirus-relief-legislation-presentation\/","url":"https:\/\/empowermissouri.org\/events\/update-on-mo-budget-and-federal-coronavirus-relief-legislation-presentation\/","name":"Update on MO Budget and Federal Coronavirus Relief Legislation Presentation - Empower Missouri","isPartOf":{"@id":"https:\/\/empowermissouri.org\/#website"},"primaryImageOfPage":{"@id":"https:\/\/empowermissouri.org\/events\/update-on-mo-budget-and-federal-coronavirus-relief-legislation-presentation\/#primaryimage"},"image":{"@id":"https:\/\/empowermissouri.org\/events\/update-on-mo-budget-and-federal-coronavirus-relief-legislation-presentation\/#primaryimage"},"thumbnailUrl":"https:\/\/empowermissouri.org\/app\/uploads\/2020\/04\/Empowering-You-Webinar-2.png","datePublished":"2020-05-07T18:10:18+00:00","dateModified":"2020-11-04T19:46:04+00:00","breadcrumb":{"@id":"https:\/\/empowermissouri.org\/events\/update-on-mo-budget-and-federal-coronavirus-relief-legislation-presentation\/#breadcrumb"},"inLanguage":"es-MX","potentialAction":[{"@type":"ReadAction","target":["https:\/\/empowermissouri.org\/events\/update-on-mo-budget-and-federal-coronavirus-relief-legislation-presentation\/"]}]},{"@type":"ImageObject","inLanguage":"es-MX","@id":"https:\/\/empowermissouri.org\/events\/update-on-mo-budget-and-federal-coronavirus-relief-legislation-presentation\/#primaryimage","url":"https:\/\/empowermissouri.org\/app\/uploads\/2020\/04\/Empowering-You-Webinar-2.png","contentUrl":"https:\/\/empowermissouri.org\/app\/uploads\/2020\/04\/Empowering-You-Webinar-2.png","width":1024,"height":512},{"@type":"BreadcrumbList","@id":"https:\/\/empowermissouri.org\/events\/update-on-mo-budget-and-federal-coronavirus-relief-legislation-presentation\/#breadcrumb","itemListElement":[{"@type":"ListItem","position":1,"name":"Home","item":"https:\/\/empowermissouri.org\/"},{"@type":"ListItem","position":2,"name":"Events","item":"https:\/\/empowermissouri.org\/es\/events\/"},{"@type":"ListItem","position":3,"name":"Update on MO Budget and Federal Coronavirus Relief Legislation Presentation"}]},{"@type":"WebSite","@id":"https:\/\/empowermissouri.org\/#website","url":"https:\/\/empowermissouri.org\/","name":"Empoderar a Missouri","description":"Advocating for Justice | Empowering Change","publisher":{"@id":"https:\/\/empowermissouri.org\/#organization"},"potentialAction":[{"@type":"SearchAction","target":{"@type":"EntryPoint","urlTemplate":"https:\/\/empowermissouri.org\/?s={search_term_string}"},"query-input":{"@type":"PropertyValueSpecification","valueRequired":true,"valueName":"search_term_string"}}],"inLanguage":"es-MX"},{"@type":"Organization","@id":"https:\/\/empowermissouri.org\/#organization","name":"Empoderar a Missouri","url":"https:\/\/empowermissouri.org\/","logo":{"@type":"ImageObject","inLanguage":"es-MX","@id":"https:\/\/empowermissouri.org\/#\/schema\/logo\/image\/","url":"http:\/\/empowermissouri.org\/app\/uploads\/2018\/08\/logo_button.png","contentUrl":"http:\/\/empowermissouri.org\/app\/uploads\/2018\/08\/logo_button.png","width":579,"height":579,"caption":"Empower Missouri"},"image":{"@id":"https:\/\/empowermissouri.org\/#\/schema\/logo\/image\/"},"sameAs":["https:\/\/www.facebook.com\/empowermissouri","https:\/\/x.com\/empowermissouri","https:\/\/www.instagram.com\/empowermissouri\/","https:\/\/www.linkedin.com\/company\/empower-missouri\/"]}]}},"_links":{"self":[{"href":"https:\/\/empowermissouri.org\/es\/wp-json\/wp\/v2\/event_post\/4468","targetHints":{"allow":["GET"]}}],"collection":[{"href":"https:\/\/empowermissouri.org\/es\/wp-json\/wp\/v2\/event_post"}],"about":[{"href":"https:\/\/empowermissouri.org\/es\/wp-json\/wp\/v2\/types\/event_post"}],"version-history":[{"count":0,"href":"https:\/\/empowermissouri.org\/es\/wp-json\/wp\/v2\/event_post\/4468\/revisions"}],"wp:featuredmedia":[{"embeddable":true,"href":"https:\/\/empowermissouri.org\/es\/wp-json\/wp\/v2\/media\/4384"}],"wp:attachment":[{"href":"https:\/\/empowermissouri.org\/es\/wp-json\/wp\/v2\/media?parent=4468"}],"wp:term":[{"taxonomy":"category","embeddable":true,"href":"https:\/\/empowermissouri.org\/es\/wp-json\/wp\/v2\/categories?post=4468"},{"taxonomy":"issues","embeddable":true,"href":"https:\/\/empowermissouri.org\/es\/wp-json\/wp\/v2\/issues?post=4468"}],"curies":[{"name":"wp","href":"https:\/\/api.w.org\/{rel}","templated":true}]}}