{"id":2566,"date":"2019-08-28T10:13:25","date_gmt":"2019-08-28T15:13:25","guid":{"rendered":"http:\/\/empowermissouri.org\/?post_type=event_post&#038;p=2566"},"modified":"2019-09-26T12:45:44","modified_gmt":"2019-09-26T17:45:44","slug":"udas-briefing-call-jessica-hoey","status":"archive","type":"event_post","link":"https:\/\/empowermissouri.org\/es\/events\/udas-briefing-call-jessica-hoey\/","title":{"rendered":"Llamada informativa #UDAS - Jessica Hoey"},"content":{"rendered":"<h1 style=\"text-align: center\"><a href=\"https:\/\/meet.google.com\/seo-ctid-wea\">\u00daNETE A LA V\u00cdDEO LLAMADA AQU\u00cd.<\/a><\/h1>\n<p>Nuestro programa mensual &quot;Under the Dome and Around the State&quot; (#<span class=\"il\">UDAS<\/span>)\u00a0<span class=\"il\">instrucciones<\/span> Los defensores de la llamada a la justicia cubre algunos temas y mantiene a los habitantes de Missouri interesados actualizados sobre los asuntos legislativos y estatales en los que trabaja Empower Missouri.<\/p>\n<p>Esta semana, hablaremos con <strong>Jessica <span class=\"il\">Hoey<\/span> de MO Community Action Network<\/strong> y miembro del personal de Missouri para poner fin a la pobreza.<\/p>\n<p class=\"m_8560372171745777653lead\"><strong>Jueves 26 de septiembre <\/strong><strong>10 a. M. A 11 a. M.<\/strong><\/p>\n<p>Puede acceder a esta llamada por <a href=\"http:\/\/meet.google.com\/seo-ctid-wea\">unirse al Hangout de Google<\/a> o marcando en <strong>(779)800-9066 PIN: 669 700 454#<\/strong><\/p>\n<p><em><img fetchpriority=\"high\" decoding=\"async\" class=\"size-medium wp-image-2567 alignright\" src=\"http:\/\/empowermissouri.org\/wordpress\/..\/uploads\/2019\/08\/Jess-Edit-1024x683-2-300x252.jpg\" alt=\"Jessica Hoey\" width=\"300\" height=\"252\" srcset=\"https:\/\/empowermissouri.org\/app\/uploads\/2019\/08\/Jess-Edit-1024x683-2-300x252.jpg 300w, https:\/\/empowermissouri.org\/app\/uploads\/2019\/08\/Jess-Edit-1024x683-2-768x645.jpg 768w, https:\/\/empowermissouri.org\/app\/uploads\/2019\/08\/Jess-Edit-1024x683-2.jpg 810w\" sizes=\"(max-width: 300px) 100vw, 300px\" \/>Como Directora de Asuntos P\u00fablicos y Participaci\u00f3n Comunitaria de Missouri CAN, Jessica Hoey es responsable de la supervisi\u00f3n de varias \u00e1reas clave en nombre de la Red de Acci\u00f3n Comunitaria de Missouri, incluida la promoci\u00f3n y las pol\u00edticas p\u00fablicas, el marketing y las comunicaciones, y los esfuerzos de participaci\u00f3n comunitaria, especialmente la Acci\u00f3n Comunitaria Pobreza Simulaci\u00f3n.<\/em><\/p>\n<p><em>Jess se uni\u00f3 a Missouri CAN en 2017 despu\u00e9s de trabajar en Chicago durante 14 a\u00f1os y antes de eso en el \u00c1rea de la Bah\u00eda. Originaria de Missouri, regres\u00f3 a Jefferson City despu\u00e9s de casi 20 a\u00f1os de servicio en una variedad de puestos en organizaciones de servicio directo basadas en la comunidad, FQHC y ONG internacionales. Su historial de desarrollo de estrategias de participaci\u00f3n de las partes interesadas y su compromiso demostrado para involucrar a las comunidades en apoyo de la misi\u00f3n de una organizaci\u00f3n es una combinaci\u00f3n ideal para las habilidades necesarias para avanzar en una agenda de pol\u00edticas p\u00fablicas que ayudar\u00e1 a fortalecer las comunidades de bajos ingresos de Missouri.<\/em><\/p>\n<table align=\"center\">\n<tbody>\n<tr>\n<td style=\"background-color: #213f97;padding: 10px\" align=\"center\">\n<p style=\"color: #ffffff;text-align: center\">Agrega este evento a tu calendario de Google<\/p>\n<p style=\"text-align: center\"><a href=\"https:\/\/calendar.google.com\/event?action=TEMPLATE&amp;tmeid=MjU1dTVwOTExa2xyMjU2aGw0dnIzajJvOGtfMjAxOTA5MjZUMTUwMDAwWiBlbXBvd2VybWlzc291cmkub3JnX3UyYXUzMmxzZWU5ZTNrMjBxb21scDRlMGZrQGc&amp;tmsrc=empowermissouri.org_u2au32lsee9e3k20qomlp4e0fk%40group.calendar.google.com&amp;scp=ALL\" target=\"_blank\" rel=\"noopener noreferrer\"><img decoding=\"async\" src=\"https:\/\/www.google.com\/calendar\/images\/ext\/gc_button1_en.gif\" border=\"0\" \/><\/a><\/p>\n<\/td>\n<\/tr>\n<\/tbody>\n<\/table>\n<h3>Documentos importantes:<\/h3>\n<p>Diapositivas de Jessica Hoey:<iframe src=\"https:\/\/drive.google.com\/embeddedfolderview?id=1cpg-pQz5m3lP0Zike8FRM7tC99nWJjH-#grid\" style=\"width:100%;height:300px;border:0;max-width:100%;position: relative;overflow-x: hidden;\"><\/iframe><\/p>\n<p>Empoderar diapositivas:<iframe src=\"https:\/\/drive.google.com\/embeddedfolderview?id=1LS8N4b4jjgPEYpebiaKJVa7M8D8dzH33#grid\" style=\"width:100%;height:300px;border:0;max-width:100%;position: relative;overflow-x: hidden;\"><\/iframe><\/p>","protected":false},"excerpt":{"rendered":"<p>JOIN THE VIDEO CALL HERE. Our monthly &#8220;Under the Dome and Around the State&#8221; (#UDAS)\u00a0briefing call for justice advocates covers a few topics and keeps interested Missourians updated on legislative and state-wide issues that Empower Missouri works on. This week, we&#8217;ll be talking with Jessica Hoey of MO Community Action Network and staffer for Missourians [&hellip;]<\/p>\n","protected":false},"featured_media":2352,"template":"","categories":[37],"issues":[],"class_list":["post-2566","event_post","type-event_post","status-archive","has-post-thumbnail","hentry","category-briefing"],"yoast_head":"<!-- This site is optimized with the Yoast SEO plugin v27.4 - https:\/\/yoast.com\/product\/yoast-seo-wordpress\/ -->\n<title>#UDAS Briefing Call - Jessica Hoey - Empower Missouri<\/title>\n<meta name=\"robots\" content=\"index, follow, max-snippet:-1, max-image-preview:large, max-video-preview:-1\" \/>\n<link rel=\"canonical\" href=\"https:\/\/empowermissouri.org\/es\/events\/udas-briefing-call-jessica-hoey\/\" \/>\n<meta property=\"og:locale\" content=\"es_MX\" \/>\n<meta property=\"og:type\" content=\"article\" \/>\n<meta property=\"og:title\" content=\"#UDAS Briefing Call - Jessica Hoey - Empower Missouri\" \/>\n<meta property=\"og:description\" content=\"JOIN THE VIDEO CALL HERE. Our monthly &#8220;Under the Dome and Around the State&#8221; (#UDAS)\u00a0briefing call for justice advocates covers a few topics and keeps interested Missourians updated on legislative and state-wide issues that Empower Missouri works on. This week, we&#8217;ll be talking with Jessica Hoey of MO Community Action Network and staffer for Missourians [&hellip;]\" \/>\n<meta property=\"og:url\" content=\"https:\/\/empowermissouri.org\/es\/events\/udas-briefing-call-jessica-hoey\/\" \/>\n<meta property=\"og:site_name\" content=\"Empower Missouri\" \/>\n<meta property=\"article:publisher\" content=\"https:\/\/www.facebook.com\/empowermissouri\" \/>\n<meta property=\"article:modified_time\" content=\"2019-09-26T17:45:44+00:00\" \/>\n<meta property=\"og:image\" content=\"https:\/\/empowermissouri.org\/app\/uploads\/2019\/08\/Jess-Edit-1024x683-2.jpg\" \/>\n\t<meta property=\"og:image:width\" content=\"810\" \/>\n\t<meta property=\"og:image:height\" content=\"680\" \/>\n\t<meta property=\"og:image:type\" content=\"image\/jpeg\" \/>\n<meta name=\"twitter:card\" content=\"summary_large_image\" \/>\n<meta name=\"twitter:image\" content=\"https:\/\/empowermissouri.org\/app\/uploads\/2019\/08\/Under-the-Dome-Around-the-State-TW.png\" \/>\n<meta name=\"twitter:site\" content=\"@empowermissouri\" \/>\n<meta name=\"twitter:label1\" content=\"Est. reading time\" \/>\n\t<meta name=\"twitter:data1\" content=\"1 minute\" \/>\n\t<meta name=\"twitter:label2\" content=\"Written by\" \/>\n\t<meta name=\"twitter:data2\" content=\"Empower Missouri\" \/>\n<script type=\"application\/ld+json\" class=\"yoast-schema-graph\">{\"@context\":\"https:\\\/\\\/schema.org\",\"@graph\":[{\"@type\":\"WebPage\",\"@id\":\"https:\\\/\\\/empowermissouri.org\\\/events\\\/udas-briefing-call-jessica-hoey\\\/\",\"url\":\"https:\\\/\\\/empowermissouri.org\\\/events\\\/udas-briefing-call-jessica-hoey\\\/\",\"name\":\"#UDAS Briefing Call - Jessica Hoey - Empower Missouri\",\"isPartOf\":{\"@id\":\"https:\\\/\\\/empowermissouri.org\\\/#website\"},\"primaryImageOfPage\":{\"@id\":\"https:\\\/\\\/empowermissouri.org\\\/events\\\/udas-briefing-call-jessica-hoey\\\/#primaryimage\"},\"image\":{\"@id\":\"https:\\\/\\\/empowermissouri.org\\\/events\\\/udas-briefing-call-jessica-hoey\\\/#primaryimage\"},\"thumbnailUrl\":\"https:\\\/\\\/empowermissouri.org\\\/app\\\/uploads\\\/2019\\\/07\\\/Under-the-Dome-Around-the-State.png\",\"datePublished\":\"2019-08-28T15:13:25+00:00\",\"dateModified\":\"2019-09-26T17:45:44+00:00\",\"breadcrumb\":{\"@id\":\"https:\\\/\\\/empowermissouri.org\\\/events\\\/udas-briefing-call-jessica-hoey\\\/#breadcrumb\"},\"inLanguage\":\"es-MX\",\"potentialAction\":[{\"@type\":\"ReadAction\",\"target\":[\"https:\\\/\\\/empowermissouri.org\\\/events\\\/udas-briefing-call-jessica-hoey\\\/\"]}]},{\"@type\":\"ImageObject\",\"inLanguage\":\"es-MX\",\"@id\":\"https:\\\/\\\/empowermissouri.org\\\/events\\\/udas-briefing-call-jessica-hoey\\\/#primaryimage\",\"url\":\"https:\\\/\\\/empowermissouri.org\\\/app\\\/uploads\\\/2019\\\/07\\\/Under-the-Dome-Around-the-State.png\",\"contentUrl\":\"https:\\\/\\\/empowermissouri.org\\\/app\\\/uploads\\\/2019\\\/07\\\/Under-the-Dome-Around-the-State.png\",\"width\":600,\"height\":150},{\"@type\":\"BreadcrumbList\",\"@id\":\"https:\\\/\\\/empowermissouri.org\\\/events\\\/udas-briefing-call-jessica-hoey\\\/#breadcrumb\",\"itemListElement\":[{\"@type\":\"ListItem\",\"position\":1,\"name\":\"Home\",\"item\":\"https:\\\/\\\/empowermissouri.org\\\/\"},{\"@type\":\"ListItem\",\"position\":2,\"name\":\"Events\",\"item\":\"https:\\\/\\\/empowermissouri.org\\\/es\\\/events\\\/\"},{\"@type\":\"ListItem\",\"position\":3,\"name\":\"#UDAS Briefing Call &#8211; Jessica Hoey\"}]},{\"@type\":\"WebSite\",\"@id\":\"https:\\\/\\\/empowermissouri.org\\\/#website\",\"url\":\"https:\\\/\\\/empowermissouri.org\\\/\",\"name\":\"Empower Missouri\",\"description\":\"Advocating for Justice | Empowering Change\",\"publisher\":{\"@id\":\"https:\\\/\\\/empowermissouri.org\\\/#organization\"},\"potentialAction\":[{\"@type\":\"SearchAction\",\"target\":{\"@type\":\"EntryPoint\",\"urlTemplate\":\"https:\\\/\\\/empowermissouri.org\\\/?s={search_term_string}\"},\"query-input\":{\"@type\":\"PropertyValueSpecification\",\"valueRequired\":true,\"valueName\":\"search_term_string\"}}],\"inLanguage\":\"es-MX\"},{\"@type\":\"Organization\",\"@id\":\"https:\\\/\\\/empowermissouri.org\\\/#organization\",\"name\":\"Empower Missouri\",\"url\":\"https:\\\/\\\/empowermissouri.org\\\/\",\"logo\":{\"@type\":\"ImageObject\",\"inLanguage\":\"es-MX\",\"@id\":\"https:\\\/\\\/empowermissouri.org\\\/#\\\/schema\\\/logo\\\/image\\\/\",\"url\":\"http:\\\/\\\/empowermissouri.org\\\/app\\\/uploads\\\/2018\\\/08\\\/logo_button.png\",\"contentUrl\":\"http:\\\/\\\/empowermissouri.org\\\/app\\\/uploads\\\/2018\\\/08\\\/logo_button.png\",\"width\":579,\"height\":579,\"caption\":\"Empower Missouri\"},\"image\":{\"@id\":\"https:\\\/\\\/empowermissouri.org\\\/#\\\/schema\\\/logo\\\/image\\\/\"},\"sameAs\":[\"https:\\\/\\\/www.facebook.com\\\/empowermissouri\",\"https:\\\/\\\/x.com\\\/empowermissouri\",\"https:\\\/\\\/www.instagram.com\\\/empowermissouri\\\/\",\"https:\\\/\\\/www.linkedin.com\\\/company\\\/empower-missouri\\\/\"]}]}<\/script>\n<!-- \/ Yoast SEO plugin. -->","yoast_head_json":{"title":"#UDAS Briefing Call - Jessica Hoey - Empower Missouri","robots":{"index":"index","follow":"follow","max-snippet":"max-snippet:-1","max-image-preview":"max-image-preview:large","max-video-preview":"max-video-preview:-1"},"canonical":"https:\/\/empowermissouri.org\/es\/events\/udas-briefing-call-jessica-hoey\/","og_locale":"es_MX","og_type":"article","og_title":"#UDAS Briefing Call - Jessica Hoey - Empower Missouri","og_description":"JOIN THE VIDEO CALL HERE. Our monthly &#8220;Under the Dome and Around the State&#8221; (#UDAS)\u00a0briefing call for justice advocates covers a few topics and keeps interested Missourians updated on legislative and state-wide issues that Empower Missouri works on. This week, we&#8217;ll be talking with Jessica Hoey of MO Community Action Network and staffer for Missourians [&hellip;]","og_url":"https:\/\/empowermissouri.org\/es\/events\/udas-briefing-call-jessica-hoey\/","og_site_name":"Empower Missouri","article_publisher":"https:\/\/www.facebook.com\/empowermissouri","article_modified_time":"2019-09-26T17:45:44+00:00","og_image":[{"width":810,"height":680,"url":"https:\/\/empowermissouri.org\/app\/uploads\/2019\/08\/Jess-Edit-1024x683-2.jpg","type":"image\/jpeg"}],"twitter_card":"summary_large_image","twitter_image":"https:\/\/empowermissouri.org\/app\/uploads\/2019\/08\/Under-the-Dome-Around-the-State-TW.png","twitter_site":"@empowermissouri","twitter_misc":{"Est. reading time":"1 minute","Written by":"Empower Missouri"},"schema":{"@context":"https:\/\/schema.org","@graph":[{"@type":"WebPage","@id":"https:\/\/empowermissouri.org\/events\/udas-briefing-call-jessica-hoey\/","url":"https:\/\/empowermissouri.org\/events\/udas-briefing-call-jessica-hoey\/","name":"#UDAS Briefing Call - Jessica Hoey - Empower Missouri","isPartOf":{"@id":"https:\/\/empowermissouri.org\/#website"},"primaryImageOfPage":{"@id":"https:\/\/empowermissouri.org\/events\/udas-briefing-call-jessica-hoey\/#primaryimage"},"image":{"@id":"https:\/\/empowermissouri.org\/events\/udas-briefing-call-jessica-hoey\/#primaryimage"},"thumbnailUrl":"https:\/\/empowermissouri.org\/app\/uploads\/2019\/07\/Under-the-Dome-Around-the-State.png","datePublished":"2019-08-28T15:13:25+00:00","dateModified":"2019-09-26T17:45:44+00:00","breadcrumb":{"@id":"https:\/\/empowermissouri.org\/events\/udas-briefing-call-jessica-hoey\/#breadcrumb"},"inLanguage":"es-MX","potentialAction":[{"@type":"ReadAction","target":["https:\/\/empowermissouri.org\/events\/udas-briefing-call-jessica-hoey\/"]}]},{"@type":"ImageObject","inLanguage":"es-MX","@id":"https:\/\/empowermissouri.org\/events\/udas-briefing-call-jessica-hoey\/#primaryimage","url":"https:\/\/empowermissouri.org\/app\/uploads\/2019\/07\/Under-the-Dome-Around-the-State.png","contentUrl":"https:\/\/empowermissouri.org\/app\/uploads\/2019\/07\/Under-the-Dome-Around-the-State.png","width":600,"height":150},{"@type":"BreadcrumbList","@id":"https:\/\/empowermissouri.org\/events\/udas-briefing-call-jessica-hoey\/#breadcrumb","itemListElement":[{"@type":"ListItem","position":1,"name":"Home","item":"https:\/\/empowermissouri.org\/"},{"@type":"ListItem","position":2,"name":"Events","item":"https:\/\/empowermissouri.org\/es\/events\/"},{"@type":"ListItem","position":3,"name":"#UDAS Briefing Call &#8211; Jessica Hoey"}]},{"@type":"WebSite","@id":"https:\/\/empowermissouri.org\/#website","url":"https:\/\/empowermissouri.org\/","name":"Empoderar a Missouri","description":"Advocating for Justice | Empowering Change","publisher":{"@id":"https:\/\/empowermissouri.org\/#organization"},"potentialAction":[{"@type":"SearchAction","target":{"@type":"EntryPoint","urlTemplate":"https:\/\/empowermissouri.org\/?s={search_term_string}"},"query-input":{"@type":"PropertyValueSpecification","valueRequired":true,"valueName":"search_term_string"}}],"inLanguage":"es-MX"},{"@type":"Organization","@id":"https:\/\/empowermissouri.org\/#organization","name":"Empoderar a Missouri","url":"https:\/\/empowermissouri.org\/","logo":{"@type":"ImageObject","inLanguage":"es-MX","@id":"https:\/\/empowermissouri.org\/#\/schema\/logo\/image\/","url":"http:\/\/empowermissouri.org\/app\/uploads\/2018\/08\/logo_button.png","contentUrl":"http:\/\/empowermissouri.org\/app\/uploads\/2018\/08\/logo_button.png","width":579,"height":579,"caption":"Empower Missouri"},"image":{"@id":"https:\/\/empowermissouri.org\/#\/schema\/logo\/image\/"},"sameAs":["https:\/\/www.facebook.com\/empowermissouri","https:\/\/x.com\/empowermissouri","https:\/\/www.instagram.com\/empowermissouri\/","https:\/\/www.linkedin.com\/company\/empower-missouri\/"]}]}},"_links":{"self":[{"href":"https:\/\/empowermissouri.org\/es\/wp-json\/wp\/v2\/event_post\/2566","targetHints":{"allow":["GET"]}}],"collection":[{"href":"https:\/\/empowermissouri.org\/es\/wp-json\/wp\/v2\/event_post"}],"about":[{"href":"https:\/\/empowermissouri.org\/es\/wp-json\/wp\/v2\/types\/event_post"}],"version-history":[{"count":0,"href":"https:\/\/empowermissouri.org\/es\/wp-json\/wp\/v2\/event_post\/2566\/revisions"}],"wp:featuredmedia":[{"embeddable":true,"href":"https:\/\/empowermissouri.org\/es\/wp-json\/wp\/v2\/media\/2352"}],"wp:attachment":[{"href":"https:\/\/empowermissouri.org\/es\/wp-json\/wp\/v2\/media?parent=2566"}],"wp:term":[{"taxonomy":"category","embeddable":true,"href":"https:\/\/empowermissouri.org\/es\/wp-json\/wp\/v2\/categories?post=2566"},{"taxonomy":"issues","embeddable":true,"href":"https:\/\/empowermissouri.org\/es\/wp-json\/wp\/v2\/issues?post=2566"}],"curies":[{"name":"wp","href":"https:\/\/api.w.org\/{rel}","templated":true}]}}