{"id":1708,"date":"2019-05-08T15:08:36","date_gmt":"2019-05-08T20:08:36","guid":{"rendered":"http:\/\/empowermissouri.org\/?post_type=event_post&#038;p=1708"},"modified":"2019-06-10T16:24:24","modified_gmt":"2019-06-10T21:24:24","slug":"annual-awards-brunch-in-kansas-city","status":"archive","type":"event_post","link":"https:\/\/empowermissouri.org\/es\/events\/annual-awards-brunch-in-kansas-city\/","title":{"rendered":"Brunch anual de premios en Kansas City"},"content":{"rendered":"<div class=\"ngp-form\" data-form-url=\"https:\/\/actions.everyaction.com\/v1\/Forms\/Ey3MinN9u0WUY3Lg0r-6Hw2\" data-fastaction-endpoint=\"https:\/\/fastaction.ngpvan.com\" data-inline-errors=\"true\" data-fastaction-nologin=\"true\" data-databag-endpoint=\"https:\/\/profile.ngpvan.com\" data-databag=\"everybody\"><\/div>\n<h3 style=\"text-align: center\">\u00a1\u00danase a Empower Missouri para nuestro brunch anual de premios, que tendr\u00e1 lugar el 8 de junio en Kansas City!<\/h3>\n<p>&nbsp;<\/p>\n<p><strong>Tiempo:<\/strong>\u00a0Las puertas se abrir\u00e1n a las 10:30 y el brunch se servir\u00e1 a las 11:00.<\/p>\n<p><strong>Estacionamiento:<\/strong>\u00a0El estacionamiento de la Biblioteca Central est\u00e1 ubicado directamente al oeste del edificio de la Biblioteca Central en la esquina noroeste de 10th y Baltimore. El estacionamiento es gratuito si trae su comprobante de estacionamiento para ser validado.<\/p>\n<p><strong>Orador principal:<\/strong>\u00a0Nicole Porter del Proyecto Nacional de Sentencias<\/p>\n<p><strong>Nicole D. Porter<\/strong>\u00a0administra los esfuerzos de defensa estatales y locales de The Sentencing Project sobre la reforma de las sentencias, los derechos de voto y la eliminaci\u00f3n de las disparidades raciales en el sistema de justicia penal. Su defensa ha apoyado reformas de la justicia penal en varios estados, incluidos Kentucky, Missouri y California. Porter fue nombrada \u201cNueva l\u00edder de derechos civiles\u201d por la revista Essence en noviembre de 2014 por su trabajo para eliminar el encarcelamiento masivo.<\/p>\n<p>Desde que se uni\u00f3 a The Sentencing Project en 2009, el trabajo de Porter ha sido citado en varios medios de comunicaci\u00f3n importantes, incluidos el New York Times, Washington Post y National Public Radio. Ha dado una serie de charlas sobre la pol\u00edtica estatal de sentencias, las consecuencias colaterales y la disparidad racial a varias audiencias, incluida la Liga de Mujeres Votantes, NAACP y la Asamblea de Mujeres Metodistas Unidas.<\/p>\n<p>Porter es el ex director del Proyecto de Responsabilidad de Prisiones y C\u00e1rceles (PJAP) de la ACLU de Texas. La misi\u00f3n del PJAP era monitorear las condiciones de reclusi\u00f3n en c\u00e1rceles y prisiones estatales. Porter abog\u00f3 en la legislatura de Texas para promover reformas de derechos de voto por delitos graves, eliminar la violaci\u00f3n en la prisi\u00f3n y mejorar la atenci\u00f3n m\u00e9dica en la prisi\u00f3n. Porter recibi\u00f3 su licenciatura de la Universidad Johns Hopkins y una Maestr\u00eda en Asuntos P\u00fablicos de la Universidad de Texas en Austin. Su tesis de maestr\u00eda abord\u00f3 la exploraci\u00f3n del trabajo por cuenta propia entre afroamericanos anteriormente encarcelados. Tambi\u00e9n estudi\u00f3 Pol\u00edtica Africana en la Universidad de Ghana, \u00c1frica Occidental.<\/p>","protected":false},"excerpt":{"rendered":"<p>Please join Empower Missouri for our\u00a0Annual Awards Brunch, happening June 8th in Kansas City! &nbsp; Time:\u00a0Doors will open\u00a0at\u00a010:30, and\u00a0brunch will be served\u00a0at 11:00. Parking:\u00a0The Central Library parking garage is located directly west of the Central Library building on the northwest corner of 10th &amp; Baltimore. Parking is free if you bring your parking slip in [&hellip;]<\/p>\n","protected":false},"featured_media":1700,"template":"","categories":[],"issues":[],"class_list":["post-1708","event_post","type-event_post","status-archive","has-post-thumbnail","hentry"],"yoast_head":"<!-- This site is optimized with the Yoast SEO plugin v27.4 - https:\/\/yoast.com\/product\/yoast-seo-wordpress\/ -->\n<title>Annual Awards Brunch in Kansas City - Empower Missouri<\/title>\n<meta name=\"robots\" content=\"index, follow, max-snippet:-1, max-image-preview:large, max-video-preview:-1\" \/>\n<link rel=\"canonical\" href=\"https:\/\/empowermissouri.org\/es\/events\/annual-awards-brunch-in-kansas-city\/\" \/>\n<meta property=\"og:locale\" content=\"es_MX\" \/>\n<meta property=\"og:type\" content=\"article\" \/>\n<meta property=\"og:title\" content=\"Annual Awards Brunch in Kansas City - Empower Missouri\" \/>\n<meta property=\"og:description\" content=\"Please join Empower Missouri for our\u00a0Annual Awards Brunch, happening June 8th in Kansas City! &nbsp; Time:\u00a0Doors will open\u00a0at\u00a010:30, and\u00a0brunch will be served\u00a0at 11:00. Parking:\u00a0The Central Library parking garage is located directly west of the Central Library building on the northwest corner of 10th &amp; Baltimore. Parking is free if you bring your parking slip in [&hellip;]\" \/>\n<meta property=\"og:url\" content=\"https:\/\/empowermissouri.org\/es\/events\/annual-awards-brunch-in-kansas-city\/\" \/>\n<meta property=\"og:site_name\" content=\"Empower Missouri\" \/>\n<meta property=\"article:publisher\" content=\"https:\/\/www.facebook.com\/empowermissouri\" \/>\n<meta property=\"article:modified_time\" content=\"2019-06-10T21:24:24+00:00\" \/>\n<meta property=\"og:image\" content=\"https:\/\/empowermissouri.org\/app\/uploads\/2019\/05\/Annual-Awards-Dinner-1.png\" \/>\n\t<meta property=\"og:image:width\" content=\"750\" \/>\n\t<meta property=\"og:image:height\" content=\"422\" \/>\n\t<meta property=\"og:image:type\" content=\"image\/png\" \/>\n<meta name=\"twitter:card\" content=\"summary_large_image\" \/>\n<meta name=\"twitter:site\" content=\"@empowermissouri\" \/>\n<meta name=\"twitter:label1\" content=\"Est. reading time\" \/>\n\t<meta name=\"twitter:data1\" content=\"1 minute\" \/>\n\t<meta name=\"twitter:label2\" content=\"Written by\" \/>\n\t<meta name=\"twitter:data2\" content=\"Empower Missouri\" \/>\n<script type=\"application\/ld+json\" class=\"yoast-schema-graph\">{\"@context\":\"https:\\\/\\\/schema.org\",\"@graph\":[{\"@type\":\"WebPage\",\"@id\":\"https:\\\/\\\/empowermissouri.org\\\/events\\\/annual-awards-brunch-in-kansas-city\\\/\",\"url\":\"https:\\\/\\\/empowermissouri.org\\\/events\\\/annual-awards-brunch-in-kansas-city\\\/\",\"name\":\"Annual Awards Brunch in Kansas City - Empower Missouri\",\"isPartOf\":{\"@id\":\"https:\\\/\\\/empowermissouri.org\\\/#website\"},\"primaryImageOfPage\":{\"@id\":\"https:\\\/\\\/empowermissouri.org\\\/events\\\/annual-awards-brunch-in-kansas-city\\\/#primaryimage\"},\"image\":{\"@id\":\"https:\\\/\\\/empowermissouri.org\\\/events\\\/annual-awards-brunch-in-kansas-city\\\/#primaryimage\"},\"thumbnailUrl\":\"https:\\\/\\\/empowermissouri.org\\\/app\\\/uploads\\\/2019\\\/05\\\/Annual-Awards-Dinner-1.png\",\"datePublished\":\"2019-05-08T20:08:36+00:00\",\"dateModified\":\"2019-06-10T21:24:24+00:00\",\"breadcrumb\":{\"@id\":\"https:\\\/\\\/empowermissouri.org\\\/events\\\/annual-awards-brunch-in-kansas-city\\\/#breadcrumb\"},\"inLanguage\":\"es-MX\",\"potentialAction\":[{\"@type\":\"ReadAction\",\"target\":[\"https:\\\/\\\/empowermissouri.org\\\/events\\\/annual-awards-brunch-in-kansas-city\\\/\"]}]},{\"@type\":\"ImageObject\",\"inLanguage\":\"es-MX\",\"@id\":\"https:\\\/\\\/empowermissouri.org\\\/events\\\/annual-awards-brunch-in-kansas-city\\\/#primaryimage\",\"url\":\"https:\\\/\\\/empowermissouri.org\\\/app\\\/uploads\\\/2019\\\/05\\\/Annual-Awards-Dinner-1.png\",\"contentUrl\":\"https:\\\/\\\/empowermissouri.org\\\/app\\\/uploads\\\/2019\\\/05\\\/Annual-Awards-Dinner-1.png\",\"width\":750,\"height\":422,\"caption\":\"Annual awards brunch june 8th kansas city\"},{\"@type\":\"BreadcrumbList\",\"@id\":\"https:\\\/\\\/empowermissouri.org\\\/events\\\/annual-awards-brunch-in-kansas-city\\\/#breadcrumb\",\"itemListElement\":[{\"@type\":\"ListItem\",\"position\":1,\"name\":\"Home\",\"item\":\"https:\\\/\\\/empowermissouri.org\\\/\"},{\"@type\":\"ListItem\",\"position\":2,\"name\":\"Events\",\"item\":\"https:\\\/\\\/empowermissouri.org\\\/es\\\/events\\\/\"},{\"@type\":\"ListItem\",\"position\":3,\"name\":\"Annual Awards Brunch in Kansas City\"}]},{\"@type\":\"WebSite\",\"@id\":\"https:\\\/\\\/empowermissouri.org\\\/#website\",\"url\":\"https:\\\/\\\/empowermissouri.org\\\/\",\"name\":\"Empower Missouri\",\"description\":\"Advocating for Justice | Empowering Change\",\"publisher\":{\"@id\":\"https:\\\/\\\/empowermissouri.org\\\/#organization\"},\"potentialAction\":[{\"@type\":\"SearchAction\",\"target\":{\"@type\":\"EntryPoint\",\"urlTemplate\":\"https:\\\/\\\/empowermissouri.org\\\/?s={search_term_string}\"},\"query-input\":{\"@type\":\"PropertyValueSpecification\",\"valueRequired\":true,\"valueName\":\"search_term_string\"}}],\"inLanguage\":\"es-MX\"},{\"@type\":\"Organization\",\"@id\":\"https:\\\/\\\/empowermissouri.org\\\/#organization\",\"name\":\"Empower Missouri\",\"url\":\"https:\\\/\\\/empowermissouri.org\\\/\",\"logo\":{\"@type\":\"ImageObject\",\"inLanguage\":\"es-MX\",\"@id\":\"https:\\\/\\\/empowermissouri.org\\\/#\\\/schema\\\/logo\\\/image\\\/\",\"url\":\"http:\\\/\\\/empowermissouri.org\\\/app\\\/uploads\\\/2018\\\/08\\\/logo_button.png\",\"contentUrl\":\"http:\\\/\\\/empowermissouri.org\\\/app\\\/uploads\\\/2018\\\/08\\\/logo_button.png\",\"width\":579,\"height\":579,\"caption\":\"Empower Missouri\"},\"image\":{\"@id\":\"https:\\\/\\\/empowermissouri.org\\\/#\\\/schema\\\/logo\\\/image\\\/\"},\"sameAs\":[\"https:\\\/\\\/www.facebook.com\\\/empowermissouri\",\"https:\\\/\\\/x.com\\\/empowermissouri\",\"https:\\\/\\\/www.instagram.com\\\/empowermissouri\\\/\",\"https:\\\/\\\/www.linkedin.com\\\/company\\\/empower-missouri\\\/\"]}]}<\/script>\n<!-- \/ Yoast SEO plugin. -->","yoast_head_json":{"title":"Annual Awards Brunch in Kansas City - Empower Missouri","robots":{"index":"index","follow":"follow","max-snippet":"max-snippet:-1","max-image-preview":"max-image-preview:large","max-video-preview":"max-video-preview:-1"},"canonical":"https:\/\/empowermissouri.org\/es\/events\/annual-awards-brunch-in-kansas-city\/","og_locale":"es_MX","og_type":"article","og_title":"Annual Awards Brunch in Kansas City - Empower Missouri","og_description":"Please join Empower Missouri for our\u00a0Annual Awards Brunch, happening June 8th in Kansas City! &nbsp; Time:\u00a0Doors will open\u00a0at\u00a010:30, and\u00a0brunch will be served\u00a0at 11:00. Parking:\u00a0The Central Library parking garage is located directly west of the Central Library building on the northwest corner of 10th &amp; Baltimore. Parking is free if you bring your parking slip in [&hellip;]","og_url":"https:\/\/empowermissouri.org\/es\/events\/annual-awards-brunch-in-kansas-city\/","og_site_name":"Empower Missouri","article_publisher":"https:\/\/www.facebook.com\/empowermissouri","article_modified_time":"2019-06-10T21:24:24+00:00","og_image":[{"width":750,"height":422,"url":"https:\/\/empowermissouri.org\/app\/uploads\/2019\/05\/Annual-Awards-Dinner-1.png","type":"image\/png"}],"twitter_card":"summary_large_image","twitter_site":"@empowermissouri","twitter_misc":{"Est. reading time":"1 minute","Written by":"Empower Missouri"},"schema":{"@context":"https:\/\/schema.org","@graph":[{"@type":"WebPage","@id":"https:\/\/empowermissouri.org\/events\/annual-awards-brunch-in-kansas-city\/","url":"https:\/\/empowermissouri.org\/events\/annual-awards-brunch-in-kansas-city\/","name":"Annual Awards Brunch in Kansas City - Empower Missouri","isPartOf":{"@id":"https:\/\/empowermissouri.org\/#website"},"primaryImageOfPage":{"@id":"https:\/\/empowermissouri.org\/events\/annual-awards-brunch-in-kansas-city\/#primaryimage"},"image":{"@id":"https:\/\/empowermissouri.org\/events\/annual-awards-brunch-in-kansas-city\/#primaryimage"},"thumbnailUrl":"https:\/\/empowermissouri.org\/app\/uploads\/2019\/05\/Annual-Awards-Dinner-1.png","datePublished":"2019-05-08T20:08:36+00:00","dateModified":"2019-06-10T21:24:24+00:00","breadcrumb":{"@id":"https:\/\/empowermissouri.org\/events\/annual-awards-brunch-in-kansas-city\/#breadcrumb"},"inLanguage":"es-MX","potentialAction":[{"@type":"ReadAction","target":["https:\/\/empowermissouri.org\/events\/annual-awards-brunch-in-kansas-city\/"]}]},{"@type":"ImageObject","inLanguage":"es-MX","@id":"https:\/\/empowermissouri.org\/events\/annual-awards-brunch-in-kansas-city\/#primaryimage","url":"https:\/\/empowermissouri.org\/app\/uploads\/2019\/05\/Annual-Awards-Dinner-1.png","contentUrl":"https:\/\/empowermissouri.org\/app\/uploads\/2019\/05\/Annual-Awards-Dinner-1.png","width":750,"height":422,"caption":"Annual awards brunch june 8th kansas city"},{"@type":"BreadcrumbList","@id":"https:\/\/empowermissouri.org\/events\/annual-awards-brunch-in-kansas-city\/#breadcrumb","itemListElement":[{"@type":"ListItem","position":1,"name":"Home","item":"https:\/\/empowermissouri.org\/"},{"@type":"ListItem","position":2,"name":"Events","item":"https:\/\/empowermissouri.org\/es\/events\/"},{"@type":"ListItem","position":3,"name":"Annual Awards Brunch in Kansas City"}]},{"@type":"WebSite","@id":"https:\/\/empowermissouri.org\/#website","url":"https:\/\/empowermissouri.org\/","name":"Empoderar a Missouri","description":"Advocating for Justice | Empowering Change","publisher":{"@id":"https:\/\/empowermissouri.org\/#organization"},"potentialAction":[{"@type":"SearchAction","target":{"@type":"EntryPoint","urlTemplate":"https:\/\/empowermissouri.org\/?s={search_term_string}"},"query-input":{"@type":"PropertyValueSpecification","valueRequired":true,"valueName":"search_term_string"}}],"inLanguage":"es-MX"},{"@type":"Organization","@id":"https:\/\/empowermissouri.org\/#organization","name":"Empoderar a Missouri","url":"https:\/\/empowermissouri.org\/","logo":{"@type":"ImageObject","inLanguage":"es-MX","@id":"https:\/\/empowermissouri.org\/#\/schema\/logo\/image\/","url":"http:\/\/empowermissouri.org\/app\/uploads\/2018\/08\/logo_button.png","contentUrl":"http:\/\/empowermissouri.org\/app\/uploads\/2018\/08\/logo_button.png","width":579,"height":579,"caption":"Empower Missouri"},"image":{"@id":"https:\/\/empowermissouri.org\/#\/schema\/logo\/image\/"},"sameAs":["https:\/\/www.facebook.com\/empowermissouri","https:\/\/x.com\/empowermissouri","https:\/\/www.instagram.com\/empowermissouri\/","https:\/\/www.linkedin.com\/company\/empower-missouri\/"]}]}},"_links":{"self":[{"href":"https:\/\/empowermissouri.org\/es\/wp-json\/wp\/v2\/event_post\/1708","targetHints":{"allow":["GET"]}}],"collection":[{"href":"https:\/\/empowermissouri.org\/es\/wp-json\/wp\/v2\/event_post"}],"about":[{"href":"https:\/\/empowermissouri.org\/es\/wp-json\/wp\/v2\/types\/event_post"}],"version-history":[{"count":0,"href":"https:\/\/empowermissouri.org\/es\/wp-json\/wp\/v2\/event_post\/1708\/revisions"}],"wp:featuredmedia":[{"embeddable":true,"href":"https:\/\/empowermissouri.org\/es\/wp-json\/wp\/v2\/media\/1700"}],"wp:attachment":[{"href":"https:\/\/empowermissouri.org\/es\/wp-json\/wp\/v2\/media?parent=1708"}],"wp:term":[{"taxonomy":"category","embeddable":true,"href":"https:\/\/empowermissouri.org\/es\/wp-json\/wp\/v2\/categories?post=1708"},{"taxonomy":"issues","embeddable":true,"href":"https:\/\/empowermissouri.org\/es\/wp-json\/wp\/v2\/issues?post=1708"}],"curies":[{"name":"wp","href":"https:\/\/api.w.org\/{rel}","templated":true}]}}